{"id":990,"date":"2018-01-22T19:41:42","date_gmt":"2018-01-22T18:41:42","guid":{"rendered":"https:\/\/gegenstrom.org\/?p=990"},"modified":"2020-02-03T18:53:34","modified_gmt":"2020-02-03T17:53:34","slug":"kampfsport-als-bestandteil-rechter-metapolitik","status":"publish","type":"post","link":"https:\/\/gegenstrom.org\/en\/kampfsport-als-bestandteil-rechter-metapolitik\/","title":{"rendered":"Kampfsport als Bestandteil rechter Metapolitik"},"content":{"rendered":"<p><span style=\"font-size: 14pt;\">In Zeiten des Unmutes und des drohenden europ\u00e4ischen Untergangs ist der Ruf zur Wehrhaftigkeit st\u00e4rker denn je. Fast t\u00e4glich muss die autochthone Bev\u00f6lkerung zuschauen, wie Volksangeh\u00f6rige durch kulturfremde Migranten drangsaliert werden, was sich aufgrund weiteren ungebremsten Zuzuges sog. Fl\u00fcchtlinge verst\u00e4rken d\u00fcrfte. Die Forderung nach Schutz und Wehrhaftigkeit kommt immer besonders dann zum Tragen, wenn Notst\u00e4nde grassieren. Dies war in der Geschichte Deutschlands schon h\u00e4ufig der Fall, beispielsweise bei der Besetzung Preu\u00dfens und der restdeutschen Kurf\u00fcrstenl\u00e4nder durch Napoleon. Eine Person trat dabei ganz besonders in Erscheinung, und zwar Friedrich Ludwig Jahn. Dieser gedachte sein Volk, vor allem die Jugend, mit Manneszucht, wie Fechten und Turnen, zu einem wehrhaften Volksk\u00f6rper zu formen, welcher sich gegen die napoleonischen Besatzer behaupten kann. Innerhalb dieser Turnerbewegung flammte zugleich auch der Wille zu einem geeinten Deutschland auf, womit sie zugleich metapolitisch wirkte. Eine \u00e4hnlich metapolitische Bedeutung d\u00fcrfte auch Kampfsport f\u00fcr die europ\u00e4ische Rechte beigemessen werden.<\/span><\/p>\n<h2>Kampfsport und M\u00e4nnlichkeit<\/h2>\n<p><span style=\"font-size: 14pt;\">In Zeiten der propagierten Geschlechtsneutralit\u00e4t bzw. der Gleichmacherei ist Kampfsport eins der wenigen Bindeglieder, in der der deutsche und westeurop\u00e4ische Mann sich seiner M\u00e4nnlichkeit noch bewusst sein darf. Kampfsport ist n\u00e4mlich nicht blo\u00dfer Sport, sondern auch ein Lebensgef\u00fchl. Tugenden wie Kampfgeist, Ehrhaftigkeit, Mut, Loyalit\u00e4t und Treue sind mit diesem Sport eng verkn\u00fcpft. Kampfsport erm\u00f6glicht M\u00e4nnern eben, die Anerkennung bei seinesgleichen zu erlangen.<a href=\"#_edn1\" name=\"_ednref1\">[1]<\/a> Daher ist es wenig verwunderlich, dass beim Kampfsport die Pr\u00e4senz besonders von M\u00e4nnern stark dominiert wird. Hier kann er sich noch mit anderen auf gleicher und gerechter Art messen. Auch die hierarchische Gemeinschaft l\u00e4sst an klassische M\u00e4nnerb\u00fcnde erinnern. In den meisten F\u00e4llen gibt es einen Trainer oder Meister, der f\u00fcr Disziplin und P\u00fcnktlichkeit sorgt. Seine Sch\u00fctzlinge hingegen, die von ihm Wissen vermittelt bekommen, sind ihm und den Gruppenmitgliedern treu und loyal ergeben. Eigenschaften einer Gemeinschaft, die auch \u00c4hnlichkeiten zum Soldatischen und Preu\u00dfischen aufweisen, denn auch das Milit\u00e4r f\u00fchrt selbstverst\u00e4ndlich eine Manneszucht durch. Vielleicht auch ein Grund f\u00fcr die Abschaffung der Wehrpflicht hierzulande? Sicher zum Argwohn links-gr\u00fcner Genderideologen bietet der Kampfsport daher auch einen bedeutenden metapolitischen Ersatz zur Sch\u00e4rfung der M\u00e4nnlichkeit mit all seinen Eigenschaften innerhalb der noch vorhandenen autochthonen Bev\u00f6lkerung. Schon gerade deshalb d\u00fcrfte Kampfsport, wie angedeutet, in einer links-liberalen Gesellschaft auf Ablehnung sto\u00dfen. Begriffe wie \u201eKampf\u201c und \u201egewaltbereit\u201c, sind Begriffe, die heutzutage die Gem\u00fcter in der gendernormierten Wunschgesellschaft\u00a0 erhitzen lassen,<a href=\"#_edn2\" name=\"_ednref2\">[2]<\/a> wovon auch M\u00e4nner nicht mehr ausgenommen sind. Bei der schier gewollten Verweichlichung sowie Degenerierung des Mannesbildes in der westeurop\u00e4ischen Hemisph\u00e4re<a href=\"#_edn3\" name=\"_ednref3\">[3]<\/a> kommt es also nicht von Ungef\u00e4hr, wenn der an der Berliner Humboldt-Universit\u00e4t lehrende Prof. J\u00f6rg Baberowski bez\u00fcglich der K\u00f6lner Silvestervorf\u00e4lle zu dem Urteil kommt, Deutsche M\u00e4nner k\u00f6nnten sich nicht mehr pr\u00fcgeln, wenn es um die Verteidigung ihrer Frauen geht.<a href=\"#_edn4\" name=\"_ednref4\">[4]<\/a> Um Missverst\u00e4ndnisse vorzubeugen, sei noch zum Ausdruck gebracht, dass mit der Gewaltbereitschaft keinesfalls die willk\u00fcrliche Aus\u00fcbung von Gewalt gemeint ist, sondern lediglich die Bereitschaft von Gewalt, wenn es um die Verteidigung der eigenen Unversehrtheit oder anderer Personen geht!<\/span><\/p>\n<p><span style=\"font-size: 14pt;\">Die Aus\u00fcbung von Kampfsport innerhalb der Rechten ist schon deshalb unverzichtbar, um deutsche Jugendliche nicht kriminellen Strukturen zu \u00fcberlassen, bei deren Mitgliedern es sich nicht selten auch um Personen mit Migrationshintergrund handelt und welche sich ihrer M\u00e4nnlichkeit noch bewusst sind. Gerade das ist ja die Gefahr, dass solche Gruppen, die durchaus beeindruckend auf jugendliche bzw. heranwachsende m\u00e4nnliche Deutsche wirken, mit ihrer bewahrten M\u00e4nnlichkeit ein von der Genderideologie erzeugtes Vakuum f\u00fcllen. Nicht wenige deutsche Jugendliche f\u00fchlen sich auch von sog. Gangsterrappern angezogen, weil diese eben in ihren Texten alles andere als genderkonform sind und \u201etypisch\u201c m\u00e4nnlich auftreten. Auch wenn Genderideologen sich gern der Wahrheit verschlie\u00dfen, liegt es nun einmal in der Natur des Mannes, dass er nach der Vervollkommnung seines Geschlechtes strebt, so, wie auch die Frau danach strebt, ihrer Rolle gerecht zu werden.<\/span><a href=\"#_edn5\" name=\"_ednref5\"><span style=\"font-size: 14pt;\">[5]<\/span><\/a><\/p>\n<h2>Kampfsport als Kompensation des Kriegerischen<\/h2>\n<p><span style=\"font-size: 14pt;\">Dass Kampfsport mit dem Kriegertum in Verbindung gebracht wird, kommt nicht von ungef\u00e4hr, denn immerhin hat es ja auch seine Wurzeln dort. Prankration beispielsweise, das eine sehr beliebte Technik auch bei den sog. Mixed Martial Arts ist, hat seinen Ursprung bereits bei den Kriegern des antiken Griechenlandes. Diese Techniken wurden mitunter auf den milit\u00e4rischen Feldz\u00fcgen Alexander des Gro\u00dfen und anderen antiken Schlachten eingesetzt und verbreiteten sich dadurch auch in den L\u00e4ndern Asiens. Einige Historiker vertreten gar die These, dass der eigentliche Ursprung der Kampfkunst bzw. des Kampfsportes somit in Griechenland und Europa liege und nicht etwa in Asien. Daher wird Prankration auch gern als Mutter des Kampfsports bezeichnet.<a href=\"#_edn6\" name=\"_ednref6\">[6]<\/a> Weitere Kampfsportarten, die aus einer Kriegskunst erwachsen sind, sind das traditionelle Thaiboxen und\u00a0 Ninjutsu.\u00a0 Aus all diesen Gr\u00fcnden kann Kampfsport auch als Ausgleich zum Kriegerischen betrachtet werden. Das trifft allein auch auf den Aspekt zu, dass es hier noch immer um Kampf geht, der gewonnen werden will. Es geht um das Kr\u00e4ftemessen zweier Kontrahenten. Anders, als in einer Schlacht, geht es beim Kampfsport zwar nicht um Leben und Tod, dennoch weckt Kampfsport auch den Drang und die Bereitschaft zum Kampf. Es d\u00fcrfte davon ausgegangen werden, dass die Bereitschaft dann drau\u00dfen, au\u00dferhalb der Trainingseinrichtungen, genauso geweckt ist, wenn es die Situation erfordert. Bei den momentanen desolaten Zust\u00e4nden der westlichen Hemisph\u00e4re, welche durch das Hereinstr\u00f6men tausender junger M\u00e4nner aus fremden Kulturen verursacht werden, wird die Bereitschaft zum Kampf dann mit Sicherheit noch forciert, um Heimat und Familie zu besch\u00fctzen.<\/span><a href=\"#_edn7\" name=\"_ednref7\"><span style=\"font-size: 14pt;\">[7]<\/span><\/a><\/p>\n<h2>Kampfsport als m\u00f6gliche Askese<\/h2>\n<p><span style=\"font-size: 14pt;\">Wie oben geschildert wurde, verbindet Kampfsport auch ein Lebensgef\u00fchl. Gerade bei Sportlern allgemein ist die Beobachtung sehr h\u00e4ufig, dass sie sich auch ihrer Nahrung bewusst werden und oft auf ungesundes Essen verzichten. In nicht wenigen F\u00e4llen ern\u00e4hren sich Kampfsportler sogar vegan. Es ist in diesem Zusammenhang geradezu eine sog. Straight-Edge-Bewegung daraus entstanden. Auch Sucht- und Genussmitteln, wie Alkohol und Drogen, wird entsagt. Der Kampfsportler wird sich eben seines K\u00f6rpers bewusst, in dem er wei\u00df, dass er nur dann langfristig sehr gute Leistungen erbringen kann, wenn er ihn nicht nur mit Sport fit h\u00e4lt. Wenn die Zeit reif ist, sich mit einer gleichwertigen Person zu messen, geht der Kampfsportler mit Meditation und Affirmation in sich und l\u00e4sst den Kampf vor seinen Augen ablaufen. Das haben zuvor auch schon Krieger jedweder Kultur getan, in dem sie zu den G\u00f6ttern sprachen, bevor es zur Schlacht ging. Diese asketische Lebensweise beeinflusst allerdings nicht nur die Leistungen beim Kampfsport, sondern ebenso im Alltag. So ist ein selbstbewusstes Auftreten von Kampfsportlern au\u00dferhalb des Ringes oder der Matten keine Seltenheit.<a href=\"#_edn8\" name=\"_ednref8\">[8]<\/a><\/span><\/p>\n<h2>Kampfsport als Bindungsmittel zwischen anst\u00e4ndigen Kerlen<\/h2>\n<p><span style=\"font-size: 14pt;\">Meistens hat man im Kampfsport mit Personen zu tun, die ein anst\u00e4ndiges Auftreten besitzen. Dieser Sport spricht n\u00e4mlich oft einen Personenkreis an, der gewisse Werte vertritt, auf welche bereits ansatzweise eingegangen wurde. In einer Kampfsportgemeinschaft ist der kameradschaftliche, respektvolle und hilfsbereite Umgang eine unverzichtbare Eigenschaft!<a href=\"#_edn9\" name=\"_ednref9\">[9]<\/a> So helfen leistungsstarke Sportler denjenigen, die noch einige Leistungsm\u00e4ngel aufweisen, denn die Gruppe sollte ja einen ungef\u00e4hren gleichen Leistungsstand erhalten. Ebenso motiviert der Sportskamerad den anderen, nicht aufzugeben und \u00fcber seine Leistungsgrenzen hinaus zu wachsen. Die Mitglieder der Gemeinschaft spornen sich gegenseitig eben zu mehr Leistungen an. Im Kampfsport treffen oftmals noch Kerle zusammen, die die vier Tugenden der M\u00e4nnlichkeit besitzen, und zwar Kraft, Mut, Kompetenz und Ehre.<\/span><a href=\"#_edn10\" name=\"_ednref10\"><span style=\"font-size: 14pt;\">[10]<\/span><\/a><\/p>\n<h2>Zusammenfassung<\/h2>\n<p><span style=\"font-size: 14pt;\">Nach all dem hier Geschilderten ist Kampfsport als Bestandteil der rechten Metapolitik unabdingbar. Dieser tr\u00e4gt n\u00e4mlich dazu bei, junge und alte Landsleute nach den alten Werten wie Mut, Ehre, Treue und Flei\u00df, die hierzulande einmal G\u00fcltigkeit besa\u00dfen, trotz Degenerierung und Genderideologie zu formen. Es ist nicht von der Hand zu weisen, dass sich diese Werte auf das allt\u00e4gliche Leben \u00fcbertragen. Damit wird aber zugleich ein Fundament gelegt, auf welches sich dann weiter aufbauen lie\u00dfe. Es ist auch davon auszugehen, dass Personen, die durch Kampfsport \u00fcber solche Werte bereits verf\u00fcgen, sich eher zu Parteien, Gruppen oder Organisationen hingezogen f\u00fchlen, die diese Werte ebenfalls vertreten und diese sind meistens rechts anzutreffen. Da Kampfsport auch das Selbstbewusstsein st\u00e4rkt, werden Patrioten auch drau\u00dfen, bei der politischen Auseinandersetzung, selbstbewusster auftreten. Zudem werden kampfsporterprobte Identit\u00e4re und Volkstreue viele andere junge Deutsche anziehen, denn die unter Migranten zu leidende Jugend sucht meistens einen starken Schutz bzw. eine R\u00fcckendeckung. Durch das selbstsichere Erscheinungsbild identit\u00e4rer Personen\u00a0 werden sie dann wissen, wo sie sich in Sicherheit wiegen k\u00f6nnen. Zum Gl\u00fcck hinterl\u00e4sst das links-gr\u00fcne Milieu mit seiner v\u00f6lligen Ablehnung zu Kampf, Gewaltbereitschaft und M\u00e4nnlichkeit diesbez\u00fcglich ein regelrechtes Vakuum, das eben von patriotischen bzw. volkstreuen Gruppen und Organisationen gef\u00fcllt werden kann.\u00a0\u00a0\u00a0\u00a0<\/span><\/p>\n<h2>Literaturhinweise<\/h2>\n<p style=\"text-align: left;\"><a href=\"#_ednref1\" name=\"_edn1\"><\/a><span style=\"font-size: 14pt;\">1 Vgl. T. Dieke, (30.07.2017) M\u00e4nnerkult und Gruppendynamik, in https:\/\/gegenstrom.org\/?s=M\u00e4nnerkult&amp;submit= (Abgerufen am 04.01.2018).<\/span><\/p>\n<p style=\"text-align: left;\"><span style=\"font-size: 14pt;\"><a href=\"#_ednref2\" name=\"_edn2\"><\/a>2 Vgl. Chr. Teege (08.02.2017), Box Dich durch. 3 Impulse, die der Boxsport M\u00e4nnern vermittelt, in:<a href=\"https:\/\/www.Maennlichkeit-staerken.de\/mann-sein\/boxen-ma\">https:\/\/www.Maennlichkeit-staerken.de\/mann-sein\/boxen-ma<\/a> (Abgerufdn am 09.01.2018).<\/span><\/p>\n<p style=\"text-align: left;\"><span style=\"font-size: 14pt;\"><a href=\"#_ednref3\" name=\"_edn3\"><\/a>3 Vgl. J. Trichet (15.08.2017) Der Mann als geschichtsphilosophische Gestalt, in:<a href=\"https:\/\/gegenstrom.org\/en\/2017\/08\/15\/der-mann-als-geschichtsphilosophische-gestalt\/\">https:\/\/gegenstrom.org\/2017\/08\/15\/der-mann-als-geschichtsphilosophische-gestalt\/<\/a> (Abgerufen am 04.01.2018)<\/span><\/p>\n<p style=\"text-align: left;\"><span style=\"font-size: 14pt;\"><a href=\"#_ednref4\" name=\"_edn4\"><\/a>4 Vgl. Unbekann (20.05.2016), \u201eDeutsche M\u00e4nner k\u00f6nnen sich nicht mehr pr\u00fcgeln\u201c, in:<a href=\"https:\/\/www.welt.de\/wissenschaft\/article155506306\/Deutsche-Maenner-koennen-sich-nicht-mehr-pruegeln.html\">https:\/\/www.welt.de\/wissenschaft\/article155506306\/Deutsche-Maenner-koennen-sich-nicht-mehr-pruegeln.html<\/a> (Abgerufen am 01.01.2018).<\/span><\/p>\n<p style=\"text-align: left;\"><span style=\"font-size: 14pt;\"><a href=\"#_ednref5\" name=\"_edn5\"><\/a>5 Vgl. Trichet.<\/span><\/p>\n<p style=\"text-align: left;\"><span style=\"font-size: 14pt;\"><a href=\"#_ednref6\" name=\"_edn6\"><\/a>6 Vgl. Unbekannt (01.01.2018), Pankration. Mutter und Sohn aller Kampfkuenste, in: http\/\/warriors-journey.com\/pankration\/<\/span><\/p>\n<p style=\"text-align: left;\"><span style=\"font-size: 14pt;\"><a href=\"#_ednref7\" name=\"_edn7\"><\/a>7 Vgl. Trichet.<\/span><\/p>\n<p style=\"text-align: left;\"><span style=\"font-size: 14pt;\"><a href=\"#_ednref8\" name=\"_edn8\"><\/a>8 Vgl. Teege.<\/span><\/p>\n<p style=\"text-align: left;\"><span style=\"font-size: 14pt;\"><a href=\"#_ednref9\" name=\"_edn9\"><\/a>9 Vgl. ebd.<\/span><\/p>\n<p style=\"text-align: left;\"><span style=\"font-size: 14pt;\"><a href=\"#_ednref10\" name=\"_edn10\"><\/a>10 Vgl. Dieke<\/span><\/p>","protected":false},"excerpt":{"rendered":"<p>In Zeiten des Unmutes und des drohenden europ\u00e4ischen Untergangs ist der Ruf zur Wehrhaftigkeit st\u00e4rker denn je. Fast t\u00e4glich muss die autochthone Bev\u00f6lkerung zuschauen, wie Volksangeh\u00f6rige durch kulturfremde Migranten drangsaliert werden, was sich aufgrund weiteren ungebremsten Zuzuges sog. Fl\u00fcchtlinge verst\u00e4rken d\u00fcrfte. Die Forderung nach Schutz und Wehrhaftigkeit kommt immer besonders dann zum Tragen, wenn Notst\u00e4nde [&hellip;]<\/p>","protected":false},"author":20,"featured_media":991,"comment_status":"open","ping_status":"open","sticky":false,"template":"","format":"standard","meta":{"_et_pb_use_builder":"","_et_pb_old_content":"","_et_gb_content_width":"","_jetpack_memberships_contains_paid_content":false,"footnotes":""},"categories":[11],"tags":[246,164,173,201,139],"class_list":["post-990","post","type-post","status-publish","format-standard","has-post-thumbnail","hentry","category-philosophie-theorie","tag-kampfsport","tag-maennlichkeit","tag-patriotischer-widerstand","tag-rechte-metapolitik","tag-tugenden"],"yoast_head":"<!-- This site is optimized with the Yoast SEO plugin v26.2 - https:\/\/yoast.com\/wordpress\/plugins\/seo\/ -->\n<title>Kampfsport als Bestandteil rechter Metapolitik - Gegenstrom<\/title>\n<meta name=\"robots\" content=\"index, follow, max-snippet:-1, max-image-preview:large, max-video-preview:-1\" \/>\n<link rel=\"canonical\" href=\"https:\/\/gegenstrom.org\/en\/kampfsport-als-bestandteil-rechter-metapolitik\/\" \/>\n<meta property=\"og:locale\" content=\"en_US\" \/>\n<meta property=\"og:type\" content=\"article\" \/>\n<meta property=\"og:title\" content=\"Kampfsport als Bestandteil rechter Metapolitik - Gegenstrom\" \/>\n<meta property=\"og:description\" content=\"In Zeiten des Unmutes und des drohenden europ\u00e4ischen Untergangs ist der Ruf zur Wehrhaftigkeit st\u00e4rker denn je. Fast t\u00e4glich muss die autochthone Bev\u00f6lkerung zuschauen, wie Volksangeh\u00f6rige durch kulturfremde Migranten drangsaliert werden, was sich aufgrund weiteren ungebremsten Zuzuges sog. Fl\u00fcchtlinge verst\u00e4rken d\u00fcrfte. Die Forderung nach Schutz und Wehrhaftigkeit kommt immer besonders dann zum Tragen, wenn Notst\u00e4nde [&hellip;]\" \/>\n<meta property=\"og:url\" content=\"https:\/\/gegenstrom.org\/en\/kampfsport-als-bestandteil-rechter-metapolitik\/\" \/>\n<meta property=\"og:site_name\" content=\"Gegenstrom\" \/>\n<meta property=\"article:publisher\" content=\"https:\/\/de-de.facebook.com\/rechteMetapolitik\/\" \/>\n<meta property=\"article:published_time\" content=\"2018-01-22T18:41:42+00:00\" \/>\n<meta property=\"article:modified_time\" content=\"2020-02-03T17:53:34+00:00\" \/>\n<meta property=\"og:image\" content=\"https:\/\/gegenstrom.org\/wp-content\/uploads\/2018\/01\/Kampfkultur-Kopie-2.jpg\" \/>\n\t<meta property=\"og:image:width\" content=\"715\" \/>\n\t<meta property=\"og:image:height\" content=\"300\" \/>\n\t<meta property=\"og:image:type\" content=\"image\/jpeg\" \/>\n<meta name=\"author\" content=\"Rolf Gradmann\" \/>\n<meta name=\"twitter:card\" content=\"summary_large_image\" \/>\n<meta name=\"twitter:label1\" content=\"Written by\" \/>\n\t<meta name=\"twitter:data1\" content=\"Rolf Gradmann\" \/>\n\t<meta name=\"twitter:label2\" content=\"Est. reading time\" \/>\n\t<meta name=\"twitter:data2\" content=\"8 minutes\" \/>\n<script type=\"application\/ld+json\" class=\"yoast-schema-graph\">{\"@context\":\"https:\/\/schema.org\",\"@graph\":[{\"@type\":\"Article\",\"@id\":\"https:\/\/gegenstrom.org\/kampfsport-als-bestandteil-rechter-metapolitik\/#article\",\"isPartOf\":{\"@id\":\"https:\/\/gegenstrom.org\/kampfsport-als-bestandteil-rechter-metapolitik\/\"},\"author\":{\"name\":\"Rolf Gradmann\",\"@id\":\"https:\/\/gegenstrom.org\/#\/schema\/person\/a51dd6cfc2234a8deb4b8374c3c1ad71\"},\"headline\":\"Kampfsport als Bestandteil rechter Metapolitik\",\"datePublished\":\"2018-01-22T18:41:42+00:00\",\"dateModified\":\"2020-02-03T17:53:34+00:00\",\"mainEntityOfPage\":{\"@id\":\"https:\/\/gegenstrom.org\/kampfsport-als-bestandteil-rechter-metapolitik\/\"},\"wordCount\":1582,\"commentCount\":1,\"publisher\":{\"@id\":\"https:\/\/gegenstrom.org\/#organization\"},\"image\":{\"@id\":\"https:\/\/gegenstrom.org\/kampfsport-als-bestandteil-rechter-metapolitik\/#primaryimage\"},\"thumbnailUrl\":\"https:\/\/gegenstrom.org\/wp-content\/uploads\/2018\/01\/Kampfkultur-Kopie-2.jpg\",\"keywords\":[\"Kampfsport\",\"M\u00e4nnlichkeit\",\"Patriotischer Widerstand\",\"rechte Metapolitik\",\"Tugenden\"],\"articleSection\":[\"Philosophie &amp; Theorie\"],\"inLanguage\":\"en-US\"},{\"@type\":\"WebPage\",\"@id\":\"https:\/\/gegenstrom.org\/kampfsport-als-bestandteil-rechter-metapolitik\/\",\"url\":\"https:\/\/gegenstrom.org\/kampfsport-als-bestandteil-rechter-metapolitik\/\",\"name\":\"Kampfsport als Bestandteil rechter Metapolitik - Gegenstrom\",\"isPartOf\":{\"@id\":\"https:\/\/gegenstrom.org\/#website\"},\"primaryImageOfPage\":{\"@id\":\"https:\/\/gegenstrom.org\/kampfsport-als-bestandteil-rechter-metapolitik\/#primaryimage\"},\"image\":{\"@id\":\"https:\/\/gegenstrom.org\/kampfsport-als-bestandteil-rechter-metapolitik\/#primaryimage\"},\"thumbnailUrl\":\"https:\/\/gegenstrom.org\/wp-content\/uploads\/2018\/01\/Kampfkultur-Kopie-2.jpg\",\"datePublished\":\"2018-01-22T18:41:42+00:00\",\"dateModified\":\"2020-02-03T17:53:34+00:00\",\"breadcrumb\":{\"@id\":\"https:\/\/gegenstrom.org\/kampfsport-als-bestandteil-rechter-metapolitik\/#breadcrumb\"},\"inLanguage\":\"en-US\",\"potentialAction\":[{\"@type\":\"ReadAction\",\"target\":[\"https:\/\/gegenstrom.org\/kampfsport-als-bestandteil-rechter-metapolitik\/\"]}]},{\"@type\":\"ImageObject\",\"inLanguage\":\"en-US\",\"@id\":\"https:\/\/gegenstrom.org\/kampfsport-als-bestandteil-rechter-metapolitik\/#primaryimage\",\"url\":\"https:\/\/gegenstrom.org\/wp-content\/uploads\/2018\/01\/Kampfkultur-Kopie-2.jpg\",\"contentUrl\":\"https:\/\/gegenstrom.org\/wp-content\/uploads\/2018\/01\/Kampfkultur-Kopie-2.jpg\",\"width\":715,\"height\":300},{\"@type\":\"BreadcrumbList\",\"@id\":\"https:\/\/gegenstrom.org\/kampfsport-als-bestandteil-rechter-metapolitik\/#breadcrumb\",\"itemListElement\":[{\"@type\":\"ListItem\",\"position\":1,\"name\":\"Startseite\",\"item\":\"https:\/\/gegenstrom.org\/\"},{\"@type\":\"ListItem\",\"position\":2,\"name\":\"Kampfsport als Bestandteil rechter Metapolitik\"}]},{\"@type\":\"WebSite\",\"@id\":\"https:\/\/gegenstrom.org\/#website\",\"url\":\"https:\/\/gegenstrom.org\/\",\"name\":\"Gegenstrom\",\"description\":\"Plattform f\u00fcr rechte Metapolitik\",\"publisher\":{\"@id\":\"https:\/\/gegenstrom.org\/#organization\"},\"potentialAction\":[{\"@type\":\"SearchAction\",\"target\":{\"@type\":\"EntryPoint\",\"urlTemplate\":\"https:\/\/gegenstrom.org\/?s={search_term_string}\"},\"query-input\":{\"@type\":\"PropertyValueSpecification\",\"valueRequired\":true,\"valueName\":\"search_term_string\"}}],\"inLanguage\":\"en-US\"},{\"@type\":\"Organization\",\"@id\":\"https:\/\/gegenstrom.org\/#organization\",\"name\":\"Metapol Verlag & Medien\",\"url\":\"https:\/\/gegenstrom.org\/\",\"logo\":{\"@type\":\"ImageObject\",\"inLanguage\":\"en-US\",\"@id\":\"https:\/\/gegenstrom.org\/#\/schema\/logo\/image\/\",\"url\":\"https:\/\/gegenstrom.org\/wp-content\/uploads\/2019\/11\/WMB_Senkrecht_Farbe_M-e1574681161133.png\",\"contentUrl\":\"https:\/\/gegenstrom.org\/wp-content\/uploads\/2019\/11\/WMB_Senkrecht_Farbe_M-e1574681161133.png\",\"width\":300,\"height\":219,\"caption\":\"Metapol Verlag & Medien\"},\"image\":{\"@id\":\"https:\/\/gegenstrom.org\/#\/schema\/logo\/image\/\"},\"sameAs\":[\"https:\/\/de-de.facebook.com\/rechteMetapolitik\/\",\"https:\/\/www.youtube.com\/channel\/UCvQizs-yQ8YapMiyuD6wDrw\"]},{\"@type\":\"Person\",\"@id\":\"https:\/\/gegenstrom.org\/#\/schema\/person\/a51dd6cfc2234a8deb4b8374c3c1ad71\",\"name\":\"Rolf Gradmann\",\"url\":\"https:\/\/gegenstrom.org\/en\/author\/rolf-gradmann\/\"}]}<\/script>\n<!-- \/ Yoast SEO plugin. -->","yoast_head_json":{"title":"Kampfsport als Bestandteil rechter Metapolitik - Gegenstrom","robots":{"index":"index","follow":"follow","max-snippet":"max-snippet:-1","max-image-preview":"max-image-preview:large","max-video-preview":"max-video-preview:-1"},"canonical":"https:\/\/gegenstrom.org\/en\/kampfsport-als-bestandteil-rechter-metapolitik\/","og_locale":"en_US","og_type":"article","og_title":"Kampfsport als Bestandteil rechter Metapolitik - Gegenstrom","og_description":"In Zeiten des Unmutes und des drohenden europ\u00e4ischen Untergangs ist der Ruf zur Wehrhaftigkeit st\u00e4rker denn je. Fast t\u00e4glich muss die autochthone Bev\u00f6lkerung zuschauen, wie Volksangeh\u00f6rige durch kulturfremde Migranten drangsaliert werden, was sich aufgrund weiteren ungebremsten Zuzuges sog. Fl\u00fcchtlinge verst\u00e4rken d\u00fcrfte. Die Forderung nach Schutz und Wehrhaftigkeit kommt immer besonders dann zum Tragen, wenn Notst\u00e4nde [&hellip;]","og_url":"https:\/\/gegenstrom.org\/en\/kampfsport-als-bestandteil-rechter-metapolitik\/","og_site_name":"Gegenstrom","article_publisher":"https:\/\/de-de.facebook.com\/rechteMetapolitik\/","article_published_time":"2018-01-22T18:41:42+00:00","article_modified_time":"2020-02-03T17:53:34+00:00","og_image":[{"width":715,"height":300,"url":"https:\/\/gegenstrom.org\/wp-content\/uploads\/2018\/01\/Kampfkultur-Kopie-2.jpg","type":"image\/jpeg"}],"author":"Rolf Gradmann","twitter_card":"summary_large_image","twitter_misc":{"Written by":"Rolf Gradmann","Est. reading time":"8 minutes"},"schema":{"@context":"https:\/\/schema.org","@graph":[{"@type":"Article","@id":"https:\/\/gegenstrom.org\/kampfsport-als-bestandteil-rechter-metapolitik\/#article","isPartOf":{"@id":"https:\/\/gegenstrom.org\/kampfsport-als-bestandteil-rechter-metapolitik\/"},"author":{"name":"Rolf Gradmann","@id":"https:\/\/gegenstrom.org\/#\/schema\/person\/a51dd6cfc2234a8deb4b8374c3c1ad71"},"headline":"Kampfsport als Bestandteil rechter Metapolitik","datePublished":"2018-01-22T18:41:42+00:00","dateModified":"2020-02-03T17:53:34+00:00","mainEntityOfPage":{"@id":"https:\/\/gegenstrom.org\/kampfsport-als-bestandteil-rechter-metapolitik\/"},"wordCount":1582,"commentCount":1,"publisher":{"@id":"https:\/\/gegenstrom.org\/#organization"},"image":{"@id":"https:\/\/gegenstrom.org\/kampfsport-als-bestandteil-rechter-metapolitik\/#primaryimage"},"thumbnailUrl":"https:\/\/gegenstrom.org\/wp-content\/uploads\/2018\/01\/Kampfkultur-Kopie-2.jpg","keywords":["Kampfsport","M\u00e4nnlichkeit","Patriotischer Widerstand","rechte Metapolitik","Tugenden"],"articleSection":["Philosophie &amp; Theorie"],"inLanguage":"en-US"},{"@type":"WebPage","@id":"https:\/\/gegenstrom.org\/kampfsport-als-bestandteil-rechter-metapolitik\/","url":"https:\/\/gegenstrom.org\/kampfsport-als-bestandteil-rechter-metapolitik\/","name":"Kampfsport als Bestandteil rechter Metapolitik - Gegenstrom","isPartOf":{"@id":"https:\/\/gegenstrom.org\/#website"},"primaryImageOfPage":{"@id":"https:\/\/gegenstrom.org\/kampfsport-als-bestandteil-rechter-metapolitik\/#primaryimage"},"image":{"@id":"https:\/\/gegenstrom.org\/kampfsport-als-bestandteil-rechter-metapolitik\/#primaryimage"},"thumbnailUrl":"https:\/\/gegenstrom.org\/wp-content\/uploads\/2018\/01\/Kampfkultur-Kopie-2.jpg","datePublished":"2018-01-22T18:41:42+00:00","dateModified":"2020-02-03T17:53:34+00:00","breadcrumb":{"@id":"https:\/\/gegenstrom.org\/kampfsport-als-bestandteil-rechter-metapolitik\/#breadcrumb"},"inLanguage":"en-US","potentialAction":[{"@type":"ReadAction","target":["https:\/\/gegenstrom.org\/kampfsport-als-bestandteil-rechter-metapolitik\/"]}]},{"@type":"ImageObject","inLanguage":"en-US","@id":"https:\/\/gegenstrom.org\/kampfsport-als-bestandteil-rechter-metapolitik\/#primaryimage","url":"https:\/\/gegenstrom.org\/wp-content\/uploads\/2018\/01\/Kampfkultur-Kopie-2.jpg","contentUrl":"https:\/\/gegenstrom.org\/wp-content\/uploads\/2018\/01\/Kampfkultur-Kopie-2.jpg","width":715,"height":300},{"@type":"BreadcrumbList","@id":"https:\/\/gegenstrom.org\/kampfsport-als-bestandteil-rechter-metapolitik\/#breadcrumb","itemListElement":[{"@type":"ListItem","position":1,"name":"Startseite","item":"https:\/\/gegenstrom.org\/"},{"@type":"ListItem","position":2,"name":"Kampfsport als Bestandteil rechter Metapolitik"}]},{"@type":"WebSite","@id":"https:\/\/gegenstrom.org\/#website","url":"https:\/\/gegenstrom.org\/","name":"Gegenstrom","description":"Plattform f\u00fcr rechte Metapolitik","publisher":{"@id":"https:\/\/gegenstrom.org\/#organization"},"potentialAction":[{"@type":"SearchAction","target":{"@type":"EntryPoint","urlTemplate":"https:\/\/gegenstrom.org\/?s={search_term_string}"},"query-input":{"@type":"PropertyValueSpecification","valueRequired":true,"valueName":"search_term_string"}}],"inLanguage":"en-US"},{"@type":"Organization","@id":"https:\/\/gegenstrom.org\/#organization","name":"Metapol Verlag & Medien","url":"https:\/\/gegenstrom.org\/","logo":{"@type":"ImageObject","inLanguage":"en-US","@id":"https:\/\/gegenstrom.org\/#\/schema\/logo\/image\/","url":"https:\/\/gegenstrom.org\/wp-content\/uploads\/2019\/11\/WMB_Senkrecht_Farbe_M-e1574681161133.png","contentUrl":"https:\/\/gegenstrom.org\/wp-content\/uploads\/2019\/11\/WMB_Senkrecht_Farbe_M-e1574681161133.png","width":300,"height":219,"caption":"Metapol Verlag & Medien"},"image":{"@id":"https:\/\/gegenstrom.org\/#\/schema\/logo\/image\/"},"sameAs":["https:\/\/de-de.facebook.com\/rechteMetapolitik\/","https:\/\/www.youtube.com\/channel\/UCvQizs-yQ8YapMiyuD6wDrw"]},{"@type":"Person","@id":"https:\/\/gegenstrom.org\/#\/schema\/person\/a51dd6cfc2234a8deb4b8374c3c1ad71","name":"Rolf Gradmann","url":"https:\/\/gegenstrom.org\/en\/author\/rolf-gradmann\/"}]}},"jetpack_featured_media_url":"https:\/\/gegenstrom.org\/wp-content\/uploads\/2018\/01\/Kampfkultur-Kopie-2.jpg","jetpack_sharing_enabled":true,"_links":{"self":[{"href":"https:\/\/gegenstrom.org\/en\/wp-json\/wp\/v2\/posts\/990","targetHints":{"allow":["GET"]}}],"collection":[{"href":"https:\/\/gegenstrom.org\/en\/wp-json\/wp\/v2\/posts"}],"about":[{"href":"https:\/\/gegenstrom.org\/en\/wp-json\/wp\/v2\/types\/post"}],"author":[{"embeddable":true,"href":"https:\/\/gegenstrom.org\/en\/wp-json\/wp\/v2\/users\/20"}],"replies":[{"embeddable":true,"href":"https:\/\/gegenstrom.org\/en\/wp-json\/wp\/v2\/comments?post=990"}],"version-history":[{"count":0,"href":"https:\/\/gegenstrom.org\/en\/wp-json\/wp\/v2\/posts\/990\/revisions"}],"wp:featuredmedia":[{"embeddable":true,"href":"https:\/\/gegenstrom.org\/en\/wp-json\/wp\/v2\/media\/991"}],"wp:attachment":[{"href":"https:\/\/gegenstrom.org\/en\/wp-json\/wp\/v2\/media?parent=990"}],"wp:term":[{"taxonomy":"category","embeddable":true,"href":"https:\/\/gegenstrom.org\/en\/wp-json\/wp\/v2\/categories?post=990"},{"taxonomy":"post_tag","embeddable":true,"href":"https:\/\/gegenstrom.org\/en\/wp-json\/wp\/v2\/tags?post=990"}],"curies":[{"name":"wp","href":"https:\/\/api.w.org\/{rel}","templated":true}]}}