{"id":8871,"date":"2022-08-26T07:12:27","date_gmt":"2022-08-26T05:12:27","guid":{"rendered":"https:\/\/gegenstrom.org\/?p=8871"},"modified":"2022-08-26T07:12:27","modified_gmt":"2022-08-26T05:12:27","slug":"das-radikale-subjekt-als-katechon","status":"publish","type":"post","link":"https:\/\/gegenstrom.org\/en\/das-radikale-subjekt-als-katechon\/","title":{"rendered":"Das Radikale Subjekt als Katechon"},"content":{"rendered":"<p>Unser Kommentator <strong>Peter T\u00f6pfer<\/strong> befasst sich mit dem Gegensatz zwischen Objektorientierter und Subjektorientierter Onotologie nach Alexander Dugin und st\u00f6\u00dft damit eine Diskussion an. Die Redaktion<\/p>\n<h1><strong>Sind Russland, Alexander Dugin und dessen Radikales Subjekt der Katechon unserer Epoche? F\u00fcr eine Kampfgemeinschaft Ultralinker und Ultrarechter gegen die drohende Weltherrschaft der Totalobjektivierung!<\/strong><\/h1>\n<p>Mein Vorwort zu Alexander Dugins gerade (Sommer 2022) erschienenem Buch &#8222;Eurasische Mission&#8220; (1) nenne ich &#8222;Das Radikale Subjekt als Katechon&#8220;. Was meine ich damit? Ich schreibe dort: &#8222;Damit [mit Dugins Erhebung des Subjekts bzw. des Heideggerschen Daseins zu zentralen Inhalten und Begriffen seiner Vierten Politischen Theorie] ist der Weg nicht nur zur Erl\u00f6sung im Makrobereich (das kollektive Subjekt) ge\u00f6ffnet, sondern auch im Mikrobereich (das individuelle Subjekt), denn das vollst\u00e4ndige Dasein beendet die Entfremdung und bedeutet das hergestellte Selbstsein der Subjekte und die Aneignung bzw. die Ausf\u00fcllung der Person \u2013 und damit die St\u00e4rkung und Souver\u00e4nisierung der Einzelnen und ihrer Kollektive gegen die <em>globale Oligarchie<\/em>. Dugins <em>Radikales Subjekt <\/em>wird dann zum Katechon.&#8220;<\/p>\n<p>Ich setze in diesem Vorwort Dugins &#8222;Radikales Subjekt&#8220; bzw. seine &#8222;tiefe Identit\u00e4t&#8220; mit Max Stirners &#8222;Eigner&#8220; quasi gleich. Ist dies statthaft?<\/p>\n<p>Radio Jerewan w\u00fcrde wie \u00fcblich auf diese Frage mit &#8222;im Prinzip ja&#8220; antworten, das &#8222;aber&#8220; ist nur ein Detail \u2013 das es wiederum in sich hat.<\/p>\n<p>Dugin bek\u00e4mpft die &#8222;objekt-orientierte Ontologie&#8220;. Das kann nur hei\u00dfen: radikale Subjekt-Orientierung! Der einzige Unterschied, den es jetzt noch zu Stirner gibt, ist, dass Dugin die Subjekt-Orientierung im Rahmen einer Ontologie betreibt, w\u00e4hrenddessen Stirner in post-philosophischer Manier die Ontologie zugunsten des \u00d3n (des Daseins) zu unterwinden beginnt: mit seinen ber\u00fchmten &#8222;Ruck&#8220;, der &#8222;mir die Dienste des sorglichsten Denkens tut&#8220;, mit seinem &#8222;Recken der Glieder&#8220;, das &#8222;die Qual der Gedanken absch\u00fcttelt&#8220; und mit seinem &#8222;aufjauchzenden Juchhe&#8220;, das &#8222;jahrelange Lasten abwirft&#8220;.<\/p>\n<p>Das Dasein wird also trans-intellektuell erreicht. Und dies aus einem sehr leicht nachvollziehbarem Grunde: Weil das Dasein im wesentlichen aus Nicht-Intellektuellem besteht. Hieran ist Heidegger gescheitert, der gegen die &#8222;Daseinsvergessenheit&#8220; \u2013 weiter sorglichst andachte und sorglichst anschrieb.<\/p>\n<p>K\u00f6nnen Radikales Subjekt und Eigner in Individualit\u00e4t und Kollektivit\u00e4t tats\u00e4chlich das Absolute B\u00f6se der liberalistischen Unipolarit\u00e4t aufhalten? Ich denke: ja. Ich frage sogar: <em>M\u00fcssen<\/em> nicht die Radikalen Subjekte und die Eigner zu Katechonten werden?<\/p>\n<p>Wie das? \u2013 Weil wir schon zu sehr korrupt sind. Auf einer Veranstaltung zu den Themen &#8222;K\u00fcnstliche Intelligenz&#8220;, &#8222;Singularit\u00e4t&#8220; usw. fragte Martin Sellner in das wohlgemerkt systemgegnerische Publikum hinein, wer sich gegen Gebrechen chippen lassen w\u00fcrde. Eine erstaunlich gro\u00dfe Anzahl von Teilnehmern war so ehrlich und hob den Arm. Wenn wir noch ehrlicher sind, haben wir gar keine andere Wahl, als Radikale Subjekte zu werden, um den endg\u00fcltigen \u00dcbergang vom Analogen ins Digitale zu verhindern.<\/p>\n<p>Dies kann nur ein Zwischenbericht sein. In andeutender Beantwortung der gestellten Fragen sollen folgende Zitate von Bernd A. Laska aus dessen Buch &gt;&#8220;Katechon&#8220; und &#8222;Anarch&#8220;. Carl Schmitts und Ernst J\u00fcngers Reaktionen auf Max Stirner&lt; (N\u00fcrnberg 1997, LSR-Verlag) dienen:<\/p>\n<p>&#8222;Carl Schmitt wu\u00dfte, da\u00df Max Stirner \u2013 wie er selbst \u2013 entschiedener Gegner des liberalistischen Individualismus war (&#8230;), wu\u00dfte, da\u00df Max Stirner, der ideale Typ des Widersachers, zugleich der sch\u00e4rfste Gegner der widersacherischen Ideologien der Moderne war \u2013 wie er selbst (&#8230;), wu\u00dfte, da\u00df Max Stirner die von Paulus genannten komplement\u00e4ren Wesensmerkmale des Widersachers nicht tr\u00e4gt: Stirner setzt sich nicht an die Stelle Gottes, und er versteckt sich nicht hinter einer t\u00e4uschenden Fassade. (&#8230;)<\/p>\n<p>Carl Schmitt w\u00e4hlte sich in seinem (verkappten) Anti-Stirner &#8218;Der Wert des Staates und die Bedeutung des Einzelnen&#8216; (1914) allerdings nicht Stirner als Gegner, den er nicht einmal erw\u00e4hnt, sondern den modernen Individualismus \u2013 allein Stirner vertritt keine individualistische Auffassung. (&#8230;) Als Katechon konnte er zwar vielen Gestalten des Widersachers begegnen, nie jedoch der stirner&#8217;schen Gestalt des Eigners.<\/p>\n<p>Wer ist heute der Katechon? (&#8230;) K\u00f6nnte nicht der Katechon auch einmal weder eine weltliche noch eine geistliche, sondern eine geistige Macht, ein einzelner Denker sein? Schmitt bezeichnete sich 1946 als &#8218;der letzte bewu\u00dfte Vertreter des <em>jus publicum Europaeum, <\/em>sein letzter Lehrer und Forscher in einem existenziellen Sinne&#8216;; er hat seine Position, bei allen situationsbedingten Wandlungen, von Beginn an stets als die eines einsamen Einzelk\u00e4mpfers (gelegentlich mit dubiosen Verb\u00fcndeten) gegen gro\u00dfe, \u00fcberm\u00e4chtige Epochentendenzen gesehen. Sah er also vielleicht insgeheim sich selbst als den Katechon seiner Epoche? (&#8230;)<\/p>\n<p>&#8218;In diesem Augenblick&#8216;, schreibt Schmitt im April 1947, am Tiefpunkt seines Lebens, &#8218;ist Max der Einzige, der mich in meiner Zelle besucht.&#8216; Schmitt gesteht Stirner auf einmal Au\u00dferordentliches zu. Er verdanke ihm seine souver\u00e4ne Haltung gegen\u00fcber geistesgeschichtlichen Ereignissen, die ihn &#8217;sonst vielleicht \u00fcberrascht&#8216;, sprich: \u00fcberw\u00e4ltigt h\u00e4tten. Er spricht, mit der unter dem Eindruck von Hiroshima wohl st\u00e4rksten Metapher, von &#8218;gewissen Uran-Bergwerken der Geistesgeschichte&#8216; und nennt namentlich nur eins: Stirner, allerdings wiederum mit etwas bem\u00fchter Ironie als &#8218;armen Max&#8216;. Der Wortzauberer Schmitt wird nahezu sprachlos, wenn er versucht, diese einzigartige Wertsch\u00e4tzung inhaltlich zu begr\u00fcnden: &#8218;Max wei\u00df etwas sehr Wichtiges. Er wei\u00df, da\u00df das Ich kein Denkobjekt ist [nur subjekt-orientiert \u00f3n sein kann, PT]. So hat er den sch\u00f6nsten, jedenfalls deutschesten Buchtitel der ganzen deutschen Literatur gefunden.&#8216; Die Vermutung liegt nahe, da\u00df es in Wahrheit nicht der Buchtitel ist, dessentwegen Schmitt Stirner mit einem Superlativ belegen will.&#8220;<\/p>\n<p>&#8222;Der Feind ist unsere eigene Frage als Gestalt.&#8220; (Carl Schmitt) \u2013 Ist unsere eigene Frage nicht etwa nicht nur der Feind, sondern eher und sogar der Katechon?<\/p>\n<h2>Weiterf\u00fchrende Verweise:<\/h2>\n<p>&#8211; Video-Reihe &#8222;Rekonstitution und Radikalisierung des nihilisierten Subjekts. Das Entstehen von Zugeh\u00f6rigkeit \u2013 die Entdeckung der Heimat. Zu Alexander Dugin: &#8222;Eurasische Mission&#8220;):<\/p>\n<div class=\"BorlabsCookie _brlbs-cb-youtube\">\n<div class=\"_brlbs-content-blocker\">\n<div class=\"_brlbs-embed _brlbs-video-youtube\"> <img decoding=\"async\" class=\"_brlbs-thumbnail\" src=\"https:\/\/gegenstrom.org\/wp-content\/plugins\/borlabs-cookie\/assets\/images\/cb-no-thumbnail.png\" alt=\"YouTube\"> <\/p>\n<div class=\"_brlbs-caption\">\n<p>Mit dem Laden des Videos akzeptieren Sie die Datenschutzerkl\u00e4rung von YouTube.<br \/><a href=\"https:\/\/policies.google.com\/privacy\" target=\"_blank\" rel=\"nofollow noopener noreferrer\">Mehr erfahren<\/a><\/p>\n<p><a class=\"_brlbs-btn _brlbs-icon-play-white\" href=\"#\" data-borlabs-cookie-unblock role=\"button\">Video laden<\/a><\/p>\n<p><label><input type=\"checkbox\" name=\"unblockAll\" value=\"1\" checked> <small>YouTube immer entsperren<\/small><\/label><\/p>\n<\/p><\/div>\n<\/p><\/div>\n<\/p><\/div>\n<div class=\"borlabs-hide\" data-borlabs-cookie-type=\"content-blocker\" data-borlabs-cookie-id=\"youtube\"><script type=\"text\/template\">PGlmcmFtZSB0aXRsZT0iRHVnaW4gSGVpbWF0IiB3aWR0aD0iMTA4MCIgaGVpZ2h0PSI2MDgiIHNyYz0iaHR0cHM6Ly93d3cueW91dHViZS1ub2Nvb2tpZS5jb20vZW1iZWQvdmlkZW9zZXJpZXM\/bGlzdD1QTHZuUE5sU3dqT09uMmdVY3dqOHAwWHE3c2V1STkwUU1iIiAgYWxsb3c9ImFjY2VsZXJvbWV0ZXI7IGF1dG9wbGF5OyBjbGlwYm9hcmQtd3JpdGU7IGVuY3J5cHRlZC1tZWRpYTsgZ3lyb3Njb3BlOyBwaWN0dXJlLWluLXBpY3R1cmUiIGFsbG93ZnVsbHNjcmVlbj48L2lmcmFtZT4=<\/script><\/div>\n<\/div>\n<p>&#8211; Die Text-Fassungen der Reihe samt Kommentare und Vorreden:<\/p>\n<div class=\"BorlabsCookie _brlbs-cb-default\">\n<div class=\"_brlbs-content-blocker\">\n<div class=\"_brlbs-default\">\n<p>Klicken Sie auf den unteren Button, um den Inhalt von tiefenwahrheit.de zu laden.<\/p>\n<p><a class=\"_brlbs-btn\" href=\"#\" data-borlabs-cookie-unblock role=\"button\">Inhalt laden<\/a><\/p>\n<\/p><\/div>\n<\/p><\/div>\n<div class=\"borlabs-hide\" data-borlabs-cookie-type=\"content-blocker\" data-borlabs-cookie-id=\"default\"><script type=\"text\/template\">PGJsb2NrcXVvdGUgY2xhc3M9IndwLWVtYmVkZGVkLWNvbnRlbnQiIGRhdGEtc2VjcmV0PSI3R3BESDhjZ3lZIj48YSBocmVmPSJodHRwOi8vdGllZmVud2FocmhlaXQuZGUvd2VpdGVyZS10ZXh0ZS90ZXh0LWZhc3N1bmdlbi1kdWdpbi1oZWltYXQvIj5UZXh0LUZhc3N1bmdlbiAmIzgyMjA7RHVnaW4gSGVpbWF0JiM4MjIxOzwvYT48L2Jsb2NrcXVvdGU+PGlmcmFtZSBjbGFzcz0id3AtZW1iZWRkZWQtY29udGVudCIgc2FuZGJveD0iYWxsb3ctc2NyaXB0cyIgc2VjdXJpdHk9InJlc3RyaWN0ZWQiIHN0eWxlPSJwb3NpdGlvbjogYWJzb2x1dGU7IGNsaXA6IHJlY3QoMXB4LCAxcHgsIDFweCwgMXB4KTsiIHRpdGxlPSImIzgyMjI7VGV4dC1GYXNzdW5nZW4gJiM4MjIwO0R1Z2luIEhlaW1hdCYjODIyMTsmIzgyMjA7ICYjODIxMjsgSW5zdGl0dXQgZsO8ciBUaWVmZW53YWhyaGVpdCIgc3JjPSJodHRwOi8vdGllZmVud2FocmhlaXQuZGUvd2VpdGVyZS10ZXh0ZS90ZXh0LWZhc3N1bmdlbi1kdWdpbi1oZWltYXQvZW1iZWQvIz9zZWNyZXQ9ZTRtWmhxcnFyZiM\/c2VjcmV0PTdHcERIOGNneVkiIGRhdGEtc2VjcmV0PSI3R3BESDhjZ3lZIiB3aWR0aD0iNjAwIiBoZWlnaHQ9IjMzOCIgZnJhbWVib3JkZXI9IjAiIG1hcmdpbndpZHRoPSIwIiBtYXJnaW5oZWlnaHQ9IjAiIHNjcm9sbGluZz0ibm8iPjwvaWZyYW1lPg==<\/script><\/div>\n<\/div>\n<p>&#8211; &#8222;Der Katechon als Selbstbremse&#8220; (<em>Sleipnir <\/em>5\/1999):<\/p>\n<p>http:\/\/nationale-anarchie.nationalanarchismus.de\/Auseinander-_und_Zusammensetzu\/Mit_Reaktionaren\/Laska\/laska.html<\/p>\n<p>(1) Bestellung: https:\/\/www.compact-shop.de\/shop\/buecher\/alexander-dugin-eurasische-mission\/<\/p>\n<h3>Video-Version:<\/h3>\n<p>Die Endl\u00f6sung der Frage der objekt-orientierten Ontologie: post-philosophische Radikalisierung des Subjekts, Unterwindung der Logie zugunsten des \u00d3n.<\/p>\n<p><a href=\"https:\/\/youtu.be\/hpebk5iGLu0\">https:\/\/youtu.be\/hpebk5iGLu0<\/a><\/p>\n<h3>Video-Reihe<\/h3>\n<p>&#8222;Rekonstitution und Radikalisierung des nihilisierten Subjekts.<\/p>\n<p>Das Entstehen von Zugeh\u00f6rigkeit \u2013 die Entdeckung der Heimat<\/p>\n<p>Zu Alexander Dugin: &#8218;Eurasische Mission&#8216; (Arktos London 2022). Mit einem Vorwort &#8218;Das Radikale Subjekt als Katechon&#8216; von Peter T\u00f6pfer&#8220;<\/p>\n<p>.Kurztitel dieser Video-Reihe: &#8222;Dugin Heimat&#8220;<\/p>\n<p>.Ganzer Titel des Videos: Der Chor der Hertha-Fans. Ein Durchdringen in neun Anl\u00e4ufen und ein R\u00e9sum\u00e9 (mit einem Video-Vorwort und einem Video-Nachwort)<\/p>\n<p>.Schriftliches Vorwort zur Gesamt-Video-Reihe &#8222;Dugin Heimat&#8220;:<\/p>\n<div class=\"BorlabsCookie _brlbs-cb-default\">\n<div class=\"_brlbs-content-blocker\">\n<div class=\"_brlbs-default\">\n<p>Klicken Sie auf den unteren Button, um den Inhalt von tiefenwahrheit.de zu laden.<\/p>\n<p><a class=\"_brlbs-btn\" href=\"#\" data-borlabs-cookie-unblock role=\"button\">Inhalt laden<\/a><\/p>\n<\/p><\/div>\n<\/p><\/div>\n<div class=\"borlabs-hide\" data-borlabs-cookie-type=\"content-blocker\" data-borlabs-cookie-id=\"default\"><script type=\"text\/template\">PGJsb2NrcXVvdGUgY2xhc3M9IndwLWVtYmVkZGVkLWNvbnRlbnQiIGRhdGEtc2VjcmV0PSJMWHZPWUY3QWh6Ij48YSBocmVmPSJodHRwOi8vdGllZmVud2FocmhlaXQuZGUvd2VpdGVyZS10ZXh0ZS90ZXh0LWZhc3N1bmdlbi1kdWdpbi1oZWltYXQvdGV4dC12b3J3b3J0LXp1ci12aWRlby1yZWloZS1kdWdpbi1oZWltYXQvIj5UZXh0LVZvcndvcnQgenVyIFZpZGVvLVJlaWhlIOKAnER1Z2luIEhlaW1hdOKAnTwvYT48L2Jsb2NrcXVvdGU+PGlmcmFtZSBjbGFzcz0id3AtZW1iZWRkZWQtY29udGVudCIgc2FuZGJveD0iYWxsb3ctc2NyaXB0cyIgc2VjdXJpdHk9InJlc3RyaWN0ZWQiIHN0eWxlPSJwb3NpdGlvbjogYWJzb2x1dGU7IGNsaXA6IHJlY3QoMXB4LCAxcHgsIDFweCwgMXB4KTsiIHRpdGxlPSImIzgyMjI7VGV4dC1Wb3J3b3J0IHp1ciBWaWRlby1SZWloZSDigJxEdWdpbiBIZWltYXTigJ0mIzgyMjA7ICYjODIxMjsgSW5zdGl0dXQgZsO8ciBUaWVmZW53YWhyaGVpdCIgc3JjPSJodHRwOi8vdGllZmVud2FocmhlaXQuZGUvd2VpdGVyZS10ZXh0ZS90ZXh0LWZhc3N1bmdlbi1kdWdpbi1oZWltYXQvdGV4dC12b3J3b3J0LXp1ci12aWRlby1yZWloZS1kdWdpbi1oZWltYXQvZW1iZWQvIz9zZWNyZXQ9UUlYbEp6amxmQyM\/c2VjcmV0PUxYdk9ZRjdBaHoiIGRhdGEtc2VjcmV0PSJMWHZPWUY3QWh6IiB3aWR0aD0iNjAwIiBoZWlnaHQ9IjMzOCIgZnJhbWVib3JkZXI9IjAiIG1hcmdpbndpZHRoPSIwIiBtYXJnaW5oZWlnaHQ9IjAiIHNjcm9sbGluZz0ibm8iPjwvaWZyYW1lPg==<\/script><\/div>\n<\/div>\n<p>.<\/p>\n<p>M\u00fcndliches bzw. Video-Vorwort zur Gesamt-Video-Reihe &#8222;Dugin Heimat&#8220; im 1. Teil der Reihe:<\/p>\n<div class=\"BorlabsCookie _brlbs-cb-youtube\">\n<div class=\"_brlbs-content-blocker\">\n<div class=\"_brlbs-embed _brlbs-video-youtube\"> <img decoding=\"async\" class=\"_brlbs-thumbnail\" src=\"https:\/\/gegenstrom.org\/wp-content\/plugins\/borlabs-cookie\/assets\/images\/cb-no-thumbnail.png\" alt=\"YouTube\"> <\/p>\n<div class=\"_brlbs-caption\">\n<p>Mit dem Laden des Videos akzeptieren Sie die Datenschutzerkl\u00e4rung von YouTube.<br \/><a href=\"https:\/\/policies.google.com\/privacy\" target=\"_blank\" rel=\"nofollow noopener noreferrer\">Mehr erfahren<\/a><\/p>\n<p><a class=\"_brlbs-btn _brlbs-icon-play-white\" href=\"#\" data-borlabs-cookie-unblock role=\"button\">Video laden<\/a><\/p>\n<p><label><input type=\"checkbox\" name=\"unblockAll\" value=\"1\" checked> <small>YouTube immer entsperren<\/small><\/label><\/p>\n<\/p><\/div>\n<\/p><\/div>\n<\/p><\/div>\n<div class=\"borlabs-hide\" data-borlabs-cookie-type=\"content-blocker\" data-borlabs-cookie-id=\"youtube\"><script type=\"text\/template\">PGlmcmFtZSB0aXRsZT0iUmVpaGUgJnF1b3Q7RHVnaW4gSGVpbWF0JnF1b3Q7IDEuIFRlaWw6IEFubsOkaGVydW5nIGFucyBEb3JmIChzdWJ0aXRsZXMsIHNvdXMtdGl0cmVzLCDRgSDRgtC10LrRgdGC0L7QvCwgc290dG90aXRvbGkpIiB3aWR0aD0iMTA4MCIgaGVpZ2h0PSI2MDgiIHNyYz0iaHR0cHM6Ly93d3cueW91dHViZS1ub2Nvb2tpZS5jb20vZW1iZWQvMlI3OV8tR0hOYnc\/ZmVhdHVyZT1vZW1iZWQiICBhbGxvdz0iYWNjZWxlcm9tZXRlcjsgYXV0b3BsYXk7IGNsaXBib2FyZC13cml0ZTsgZW5jcnlwdGVkLW1lZGlhOyBneXJvc2NvcGU7IHBpY3R1cmUtaW4tcGljdHVyZSIgYWxsb3dmdWxsc2NyZWVuIHRpdGxlPSJSZWloZSAiRHVnaW4gSGVpbWF0IiAxLiBUZWlsOiBBbm7DpGhlcnVuZyBhbnMgRG9yZiAoc3VidGl0bGVzLCBzb3VzLXRpdHJlcywg0YEg0YLQtdC60YHRgtC+0LwsIHNvdHRvdGl0b2xpKSI+PC9pZnJhbWU+<\/script><\/div>\n<\/div>\n<p>.<\/p>\n<p>Das Buch Alexander Dugins &#8222;Eurasische Mission&#8220; mit Peter T\u00f6pfers Vorwort &#8222;Das Radikale Subjekt als Katechon&#8220; kann hier bestellt werden:<\/p>\n<div class=\"BorlabsCookie _brlbs-cb-default\">\n<div class=\"_brlbs-content-blocker\">\n<div class=\"_brlbs-default\">\n<p>Klicken Sie auf den unteren Button, um den Inhalt von www.compact-shop.de zu laden.<\/p>\n<p><a class=\"_brlbs-btn\" href=\"#\" data-borlabs-cookie-unblock role=\"button\">Inhalt laden<\/a><\/p>\n<\/p><\/div>\n<\/p><\/div>\n<div class=\"borlabs-hide\" data-borlabs-cookie-type=\"content-blocker\" data-borlabs-cookie-id=\"default\"><script type=\"text\/template\">PGJsb2NrcXVvdGUgY2xhc3M9IndwLWVtYmVkZGVkLWNvbnRlbnQiIGRhdGEtc2VjcmV0PSJQWG5NUE5yajNSIj48YSBocmVmPSJodHRwczovL3d3dy5jb21wYWN0LXNob3AuZGUvc2hvcC9idWVjaGVyL2FsZXhhbmRlci1kdWdpbi1ldXJhc2lzY2hlLW1pc3Npb24vIj5BbGV4YW5kZXIgRHVnaW46IEV1cmFzaXNjaGUgTWlzc2lvbjwvYT48L2Jsb2NrcXVvdGU+PGlmcmFtZSBjbGFzcz0id3AtZW1iZWRkZWQtY29udGVudCIgc2FuZGJveD0iYWxsb3ctc2NyaXB0cyIgc2VjdXJpdHk9InJlc3RyaWN0ZWQiIHN0eWxlPSJwb3NpdGlvbjogYWJzb2x1dGU7IGNsaXA6IHJlY3QoMXB4LCAxcHgsIDFweCwgMXB4KTsiIHRpdGxlPSImIzgyMjI7QWxleGFuZGVyIER1Z2luOiBFdXJhc2lzY2hlIE1pc3Npb24mIzgyMjA7ICYjODIxMjsgQ09NUEFDVC1NYWdhemluIC0gRGVyIFNob3AiIHNyYz0iaHR0cHM6Ly93d3cuY29tcGFjdC1zaG9wLmRlL3Nob3AvYnVlY2hlci9hbGV4YW5kZXItZHVnaW4tZXVyYXNpc2NoZS1taXNzaW9uL2VtYmVkLyM\/c2VjcmV0PXBtYnpzV0lPNUwjP3NlY3JldD1QWG5NUE5yajNSIiBkYXRhLXNlY3JldD0iUFhuTVBOcmozUiIgd2lkdGg9IjYwMCIgaGVpZ2h0PSIzMzgiIGZyYW1lYm9yZGVyPSIwIiBtYXJnaW53aWR0aD0iMCIgbWFyZ2luaGVpZ2h0PSIwIiBzY3JvbGxpbmc9Im5vIj48L2lmcmFtZT4=<\/script><\/div>\n<\/div>\n<p>.<\/p>\n<p>Das Buch Peter T\u00f6pfers &#8222;Die Wahrheit \u2013 sie sagen und in ihr leben&#8220;, 319 S., br., Berlin 2006, 19,90 \u20ac, kann hier bestellt werden:<\/p>\n<div class=\"BorlabsCookie _brlbs-cb-default\">\n<div class=\"_brlbs-content-blocker\">\n<div class=\"_brlbs-default\">\n<p>Klicken Sie auf den unteren Button, um den Inhalt von faultierfarm.net zu laden.<\/p>\n<p><a class=\"_brlbs-btn\" href=\"#\" data-borlabs-cookie-unblock role=\"button\">Inhalt laden<\/a><\/p>\n<\/p><\/div>\n<\/p><\/div>\n<div class=\"borlabs-hide\" data-borlabs-cookie-type=\"content-blocker\" data-borlabs-cookie-id=\"default\"><script type=\"text\/template\">PGJsb2NrcXVvdGUgY2xhc3M9IndwLWVtYmVkZGVkLWNvbnRlbnQiIGRhdGEtc2VjcmV0PSJkT2JDQUVucm8xIj48YSBocmVmPSJodHRwOi8vZmF1bHRpZXJmYXJtLm5ldC9wcm9kdWt0L3dhaHJoZWl0LyI+V2FocmhlaXQ8L2E+PC9ibG9ja3F1b3RlPjxpZnJhbWUgY2xhc3M9IndwLWVtYmVkZGVkLWNvbnRlbnQiIHNhbmRib3g9ImFsbG93LXNjcmlwdHMiIHNlY3VyaXR5PSJyZXN0cmljdGVkIiBzdHlsZT0icG9zaXRpb246IGFic29sdXRlOyBjbGlwOiByZWN0KDFweCwgMXB4LCAxcHgsIDFweCk7IiB0aXRsZT0iJiM4MjIyO1dhaHJoZWl0JiM4MjIwOyAmIzgyMTI7IEZhdWx0aWVyZmFybS1SZWNvcmRzIiBzcmM9Imh0dHA6Ly9mYXVsdGllcmZhcm0ubmV0L3Byb2R1a3Qvd2FocmhlaXQvZW1iZWQvIz9zZWNyZXQ9YmtWZjVhbkNGTSM\/c2VjcmV0PWRPYkNBRW5ybzEiIGRhdGEtc2VjcmV0PSJkT2JDQUVucm8xIiB3aWR0aD0iNjAwIiBoZWlnaHQ9IjMzOCIgZnJhbWVib3JkZXI9IjAiIG1hcmdpbndpZHRoPSIwIiBtYXJnaW5oZWlnaHQ9IjAiIHNjcm9sbGluZz0ibm8iPjwvaWZyYW1lPg==<\/script><\/div>\n<\/div>\n<p>Text-Version dieses 2. Teils der Video-Reihe \u201cDugin Heimat\u201d (&#8222;Der Chor der Hertha-Fans&#8220;):<\/p>\n<div class=\"BorlabsCookie _brlbs-cb-default\">\n<div class=\"_brlbs-content-blocker\">\n<div class=\"_brlbs-default\">\n<p>Klicken Sie auf den unteren Button, um den Inhalt von tiefenwahrheit.de zu laden.<\/p>\n<p><a class=\"_brlbs-btn\" href=\"#\" data-borlabs-cookie-unblock role=\"button\">Inhalt laden<\/a><\/p>\n<\/p><\/div>\n<\/p><\/div>\n<div class=\"borlabs-hide\" data-borlabs-cookie-type=\"content-blocker\" data-borlabs-cookie-id=\"default\"><script type=\"text\/template\">PGJsb2NrcXVvdGUgY2xhc3M9IndwLWVtYmVkZGVkLWNvbnRlbnQiIGRhdGEtc2VjcmV0PSJVczQ4eGg3dkt4Ij48YSBocmVmPSJodHRwczovL3RpZWZlbndhaHJoZWl0LmRlL3dlaXRlcmUtdGV4dGUvdGV4dC1mYXNzdW5nZW4tZHVnaW4taGVpbWF0L3RleHQtdmlkZW8tcmVpaGUtZHVnaW4taGVpbWF0LTItdGVpbC1jaG9yLWRlci1oZXJ0aGEtZmFucy8iPlRleHQgVmlkZW8tUmVpaGUg4oCcRHVnaW4gSGVpbWF04oCdIDIuIFRlaWwg4oCTIENob3IgZGVyIEhlcnRoYS1GYW5zPC9hPjwvYmxvY2txdW90ZT48aWZyYW1lIGNsYXNzPSJ3cC1lbWJlZGRlZC1jb250ZW50IiBzYW5kYm94PSJhbGxvdy1zY3JpcHRzIiBzZWN1cml0eT0icmVzdHJpY3RlZCIgc3R5bGU9InBvc2l0aW9uOiBhYnNvbHV0ZTsgY2xpcDogcmVjdCgxcHgsIDFweCwgMXB4LCAxcHgpOyIgdGl0bGU9IiYjODIyMjtUZXh0IFZpZGVvLVJlaWhlIOKAnER1Z2luIEhlaW1hdOKAnSAyLiBUZWlsIOKAkyBDaG9yIGRlciBIZXJ0aGEtRmFucyYjODIyMDsgJiM4MjEyOyBJbnN0aXR1dCBmw7xyIFRpZWZlbndhaHJoZWl0IiBzcmM9Imh0dHBzOi8vdGllZmVud2FocmhlaXQuZGUvd2VpdGVyZS10ZXh0ZS90ZXh0LWZhc3N1bmdlbi1kdWdpbi1oZWltYXQvdGV4dC12aWRlby1yZWloZS1kdWdpbi1oZWltYXQtMi10ZWlsLWNob3ItZGVyLWhlcnRoYS1mYW5zL2VtYmVkLyM\/c2VjcmV0PW1uYXkxaU11MGYjP3NlY3JldD1VczQ4eGg3dkt4IiBkYXRhLXNlY3JldD0iVXM0OHhoN3ZLeCIgd2lkdGg9IjYwMCIgaGVpZ2h0PSIzMzgiIGZyYW1lYm9yZGVyPSIwIiBtYXJnaW53aWR0aD0iMCIgbWFyZ2luaGVpZ2h0PSIwIiBzY3JvbGxpbmc9Im5vIj48L2lmcmFtZT4=<\/script><\/div>\n<\/div>\n<p>Eine scheinbar unbedeutende Werbung f\u00fcr den Fu\u00dfballklub Hertha BSC, nachts zuf\u00e4llig im Radio vernommen, l\u00f6st unversehens betr\u00e4chtliche Gef\u00fchle aus. Tags darauf, in einer Stunde der Tiefenwahrheit, stellen sich genauerer Inhalt und Bedeutung heraus.<\/p>\n<p>&nbsp;<\/p>\n<p>Es ergibt sich eine Erz\u00e4hlung von der Erlangung von Zugeh\u00f6rigkeit: Ein herantastendes und nach und nach vertiefendes Ann\u00e4hern in mehreren Anl\u00e4ufen an die Frage der Anbindung an eine lebendige Menschengruppe.<\/p>\n<p>&nbsp;<\/p>\n<p>Es wird die Geschichte eines schwierigen Herausr\u00fcckens mit der Sprache erz\u00e4hlt. Schwierig, weil mit der Sprache Gef\u00fchle kommen, das Subjekt aber gegen Gef\u00fchle, die zu schmerzlich sind, gepanzert ist. Die Geschichte eines langsamen Durchbruchs oder besser gesagt Durchdringens einer Mauer aus Abwertung, Geringsch\u00e4tzung und Schweigen. Was durchdringt, ist Gef\u00fchl, Tiefenwahrheit, Existenz, Dasein \u2013 Etwas anstatt Nichts.<\/p>\n<p>&nbsp;<\/p>\n<p>&#8222;Durchbruch&#8220; ist insofern falsch, als keinerlei Gewalt angewendet wird, sondern sich nur ge\u00f6ffnet und losgelassen wird (Unterwindung statt \u00dcberwindung); angesichts der Mauer liegt gleichwohl ein gewisses Aufbrechen vor, das dann Wut- und Schmerzschreie verursacht.<\/p>\n<p>&nbsp;<\/p>\n<p>Das Subjekt geht der Frage nach, warum es sich selbst verhindert \u2013 warum es sich daran hindert, das wahre Leben zu leben und seinen Platz in der Gemeinschaft einzunehmen.<\/p>\n<p>&nbsp;<\/p>\n<p>Die Geschichte der Aufl\u00f6sung einer Mauer, mit der sich das Subjekt in ein Nichts und in den Tod einsperrt, die Geschichte einer z\u00f6gerlichen \u00d6ffnung aus schamhafter und peinlicher Verklemmung. Aus Peinlichkeit wird Pein, und das flie\u00dfende Gef\u00fchl \u2013 die Verschmerzung \u2013 l\u00f6st die Mauer auf und gibt den Weg frei sowohl zum individuellen als auch zum kollektiven Dasein.<\/p>\n<p>&nbsp;<\/p>\n<p>Das Ziel ist das restlose Sich-gehen-lassen im Individuellen, das gleichzeitig das Aufgehen im Kollektiven bedeutet (\u00e4hnlich der sexuellen Vereinigung). Ent-Grenzung (totale Ausdrucksfreiheit) steht nicht nur in keinem Widerspruch zur Be-Grenzung (konkrete, bestimmte Gruppe), sondern geht mit dieser einher; beide geschehen und entstehen erst miteinander. Frei-sein und Dazugeh\u00f6ren bedingen sich gegenseitig (Zoon politikon). Das Sich-gehen-lassen ist \u2013 wenn auch zun\u00e4chst reiner Selbstzweck \u2013 ein Sich-gehen-lassen-zu-etwas.<\/p>\n<p>&nbsp;<\/p>\n<p>Die Geschichte wird in sechs statische und dynamische Zust\u00e4nde bzw. Vorg\u00e4nge (im Video farbig gekennzeichnet) geordnet:<\/p>\n<ol>\n<li>Ausgangs- bzw. Ist-Zustand (Unzufriedenheit) (braun)<\/li>\n<li>Vision, \u00c4nderungs-Wunsch und -Ziel, Intuition des Soll-Zustandes, (blau)<\/li>\n<li>Weg zum Ziel: \u00d6ffnung (gr\u00fcn)<\/li>\n<li>Hindernisse beim Erreichen der Ziele (rot)<\/li>\n<li>Verschmerzung (Ver\u00e4nderungsvorgang) (dunkelgr\u00fcn)<\/li>\n<li>Ergebnis (Fortschritte auf dem Weg zum Ziel).<\/li>\n<\/ol>\n<p>&nbsp;<\/p>\n<p>Der dritte Zustand\/Vorgang (\u00d6ffnung) beinhaltet als besonderen und entscheidenden Unterzustand den der Tiefen Gef\u00fchle (Traurigkeit, Schmerz), weswegen im Video hierf\u00fcr ein dunkleres Gr\u00fcn verwendet wird \u2013 als Vorstufe des noch dunkleren Gr\u00fcns f\u00fcr den Vorgang der Verschmerzung (Auftauen der Mauer).<\/p>\n<p>&nbsp;<\/p>\n<p>Im einzelnen ordnen sich Zust\u00e4nde, Unterzust\u00e4nde und Abl\u00e4ufe, die sich in neun Anl\u00e4ufen spiralisch vertiefend wiederholen bzw. erreicht werden \u2013 vom Er\u00f6rtern zur Verortung \u2013, wie folgt:<\/p>\n<ol>\n<li>Ausgangs- bzw. Ist-Zustand (Unzufriedenheit)<\/li>\n<\/ol>\n<p>1.1. isoliert, zur\u00fcckgezogen, kein Anschluss, keine Zugeh\u00f6rigkeit<\/p>\n<p>1.2. gef\u00fchllos, eklig, \u00f6de, tot<\/p>\n<ol start=\"2\">\n<li>Vision, \u00c4nderungs-Wunsch, \u00c4nderungsziel, Intuition des Soll-Zustandes<\/li>\n<\/ol>\n<p>2.1. Lebendigkeit<\/p>\n<p>2.3. Echt-Sein, Da-Sein<\/p>\n<p>2.3. Dazugeh\u00f6ren<\/p>\n<p>2.4. Erl\u00f6sung<\/p>\n<ol start=\"3\">\n<li>Wege zum Ziel: \u00d6ffnung<\/li>\n<\/ol>\n<p>3.1. Er\u00f6rterung: problematisieren, reflektieren, theoretisieren, erz\u00e4hlen, Selbstrechtfertigung, Ehrlichkeit, Feststellung<\/p>\n<p>3.2. Entscheidung zur Sprachherausr\u00fcckung<\/p>\n<p>3.3. Zulassen und Ausdruck von damit einhergehenden Gef\u00fchlen:<\/p>\n<p>3.3.1. Eigenmotivation, Anfeuerung:<\/p>\n<p>3.3.1.1. Frustration<\/p>\n<p>3.3.1.2. Frust-Wut<\/p>\n<p>3.3.1.3. Bestehen auf<\/p>\n<p>3.3.1.4. Wut<\/p>\n<p>3.3.1.5. Hass (Abwehr der aufsteigenden Liebe)<\/p>\n<p>3.3.2. Spontane, unabsichtliche Gef\u00fchle<\/p>\n<p>3.3.2.1. Heul-Wut<\/p>\n<p>3.3.2.2. Schmerz-Wut<\/p>\n<p>3.3.2.3. Angst-Wut<\/p>\n<p>3.3.2.4. Weinerlichkeit<\/p>\n<p>3.3.2.5. Oberfl\u00e4chliche Freude: Kichern, Lachen<\/p>\n<p>3.3.3. Tiefe Gef\u00fchle (\u00dcbergang zur Verschmerzung)<\/p>\n<p>3.3.3.1. Traurigkeit, Weinen<\/p>\n<p>3.3.3.2. Schmerz, heftigeres Weinen<\/p>\n<p>3.3.3.3. Urschmerz, Weinschreie<\/p>\n<p>3.3.3.4. Tiefere Freude, Weinlachen<\/p>\n<p>3.4. Einholung von Hilfe (positive soziale Anpassung)<\/p>\n<ol start=\"4\">\n<li>Hindernisse beim Erreichen der Ziele<\/li>\n<\/ol>\n<p>4.1. Schwere, Schw\u00e4che, Sterben, Tod<\/p>\n<p>4.2. Bewusstlosigkeit<\/p>\n<p>4.3. Spaltung, Verwirrung<\/p>\n<p>4.4. Innere fremde, destruktive Stimme<\/p>\n<p>4.4. Hoffnungslosigkeit, Mauer, Graben<\/p>\n<p>4.8. Steifheit, Verklemmtheit, Panzer<\/p>\n<p>4.5. Arroganz, Verachtung<\/p>\n<p>4.6. Angst, Todesangst<\/p>\n<p>4.7. Peinlichkeit, Scham<\/p>\n<p>4.8. Gef\u00fchls\u00fcberlastung (zu schmerzlich)<\/p>\n<p>4.9. Verdr\u00e4ngung, Abwehr<\/p>\n<p>4.10. Selbstzerst\u00f6rung: Geringsch\u00e4tzung, Selbstentwertung, Selbstvernichtung<\/p>\n<p>4.11. Allein-Sein (negative soziale Anpassung)<\/p>\n<ol start=\"5\">\n<li>Verschmerzung (Ver\u00e4nderungsvorgang)<\/li>\n<\/ol>\n<p>5.1. vollst\u00e4ndiges, ersch\u00f6pfendes Abflie\u00dfen-lassen des Gef\u00fchls und restlose Ausatmung<\/p>\n<p>5.2. Segen<\/p>\n<ol start=\"6\">\n<li>Ergebnis (Fortschritte auf dem Weg zum Ziel)<\/li>\n<\/ol>\n<p>6.1. Bewusstsein<\/p>\n<p>6.2. Wiederverbindung, Verortung<\/p>\n<p>6.2.1 Aufhebung der Isolierung<\/p>\n<p>6.2.2. Anschluss ans und Ankommen im Kollektiv<\/p>\n<p>6.2.3. Erlangung von Zugeh\u00f6rigkeit<\/p>\n<p>6.3. Vertiefung von Gef\u00fchlen:<\/p>\n<p>6.3.1. Liebe<\/p>\n<p>6.3.2. Empfinden von Sch\u00f6nheit<\/p>\n<p>6.3.3. allgemeine Lebendigkeit<\/p>\n<p>6.4. Identifikation mit dem Normalen<\/p>","protected":false},"excerpt":{"rendered":"<p>Unser Kommentator Peter T\u00f6pfer befasst sich mit dem Gegensatz zwischen Objektorientierter und Subjektorientierter Onotologie nach Alexander Dugin und st\u00f6\u00dft damit eine Diskussion an. Die Redaktion Sind Russland, Alexander Dugin und dessen Radikales Subjekt der Katechon unserer Epoche? F\u00fcr eine Kampfgemeinschaft Ultralinker und Ultrarechter gegen die drohende Weltherrschaft der Totalobjektivierung! Mein Vorwort zu Alexander Dugins gerade [&hellip;]<\/p>","protected":false},"author":34,"featured_media":4921,"comment_status":"closed","ping_status":"open","sticky":false,"template":"","format":"standard","meta":{"_et_pb_use_builder":"","_et_pb_old_content":"","_et_gb_content_width":"","_jetpack_memberships_contains_paid_content":false,"footnotes":""},"categories":[7],"tags":[165,214,66],"class_list":["post-8871","post","type-post","status-publish","format-standard","has-post-thumbnail","hentry","category-debatte","tag-alexander-dugin","tag-eurasien","tag-neue-rechte"],"yoast_head":"<!-- This site is optimized with the Yoast SEO plugin v26.2 - https:\/\/yoast.com\/wordpress\/plugins\/seo\/ -->\n<title>Das Radikale Subjekt als Katechon - Gegenstrom<\/title>\n<meta name=\"robots\" content=\"index, follow, max-snippet:-1, max-image-preview:large, max-video-preview:-1\" \/>\n<link rel=\"canonical\" href=\"https:\/\/gegenstrom.org\/en\/das-radikale-subjekt-als-katechon\/\" \/>\n<meta property=\"og:locale\" content=\"en_US\" \/>\n<meta property=\"og:type\" content=\"article\" \/>\n<meta property=\"og:title\" content=\"Das Radikale Subjekt als Katechon - Gegenstrom\" \/>\n<meta property=\"og:description\" content=\"Unser Kommentator Peter T\u00f6pfer befasst sich mit dem Gegensatz zwischen Objektorientierter und Subjektorientierter Onotologie nach Alexander Dugin und st\u00f6\u00dft damit eine Diskussion an. Die Redaktion Sind Russland, Alexander Dugin und dessen Radikales Subjekt der Katechon unserer Epoche? F\u00fcr eine Kampfgemeinschaft Ultralinker und Ultrarechter gegen die drohende Weltherrschaft der Totalobjektivierung! Mein Vorwort zu Alexander Dugins gerade [&hellip;]\" \/>\n<meta property=\"og:url\" content=\"https:\/\/gegenstrom.org\/en\/das-radikale-subjekt-als-katechon\/\" \/>\n<meta property=\"og:site_name\" content=\"Gegenstrom\" \/>\n<meta property=\"article:publisher\" content=\"https:\/\/de-de.facebook.com\/rechteMetapolitik\/\" \/>\n<meta property=\"article:published_time\" content=\"2022-08-26T05:12:27+00:00\" \/>\n<meta property=\"og:image\" content=\"https:\/\/gegenstrom.org\/wp-content\/uploads\/2020\/01\/Dugin.jpg\" \/>\n\t<meta property=\"og:image:width\" content=\"1333\" \/>\n\t<meta property=\"og:image:height\" content=\"500\" \/>\n\t<meta property=\"og:image:type\" content=\"image\/jpeg\" \/>\n<meta name=\"author\" content=\"Peter T\u00f6pfer\" \/>\n<meta name=\"twitter:card\" content=\"summary_large_image\" \/>\n<meta name=\"twitter:label1\" content=\"Written by\" \/>\n\t<meta name=\"twitter:data1\" content=\"Peter T\u00f6pfer\" \/>\n\t<meta name=\"twitter:label2\" content=\"Est. reading time\" \/>\n\t<meta name=\"twitter:data2\" content=\"10 minutes\" \/>\n<script type=\"application\/ld+json\" class=\"yoast-schema-graph\">{\"@context\":\"https:\/\/schema.org\",\"@graph\":[{\"@type\":\"Article\",\"@id\":\"https:\/\/gegenstrom.org\/das-radikale-subjekt-als-katechon\/#article\",\"isPartOf\":{\"@id\":\"https:\/\/gegenstrom.org\/das-radikale-subjekt-als-katechon\/\"},\"author\":{\"name\":\"Peter T\u00f6pfer\",\"@id\":\"https:\/\/gegenstrom.org\/#\/schema\/person\/c236a8b44114cfea21816dec70919329\"},\"headline\":\"Das Radikale Subjekt als Katechon\",\"datePublished\":\"2022-08-26T05:12:27+00:00\",\"mainEntityOfPage\":{\"@id\":\"https:\/\/gegenstrom.org\/das-radikale-subjekt-als-katechon\/\"},\"wordCount\":1830,\"publisher\":{\"@id\":\"https:\/\/gegenstrom.org\/#organization\"},\"image\":{\"@id\":\"https:\/\/gegenstrom.org\/das-radikale-subjekt-als-katechon\/#primaryimage\"},\"thumbnailUrl\":\"https:\/\/gegenstrom.org\/wp-content\/uploads\/2020\/01\/Dugin.jpg\",\"keywords\":[\"Alexander Dugin\",\"Eurasien\",\"Neue Rechte\"],\"articleSection\":[\"Debatte\"],\"inLanguage\":\"en-US\"},{\"@type\":\"WebPage\",\"@id\":\"https:\/\/gegenstrom.org\/das-radikale-subjekt-als-katechon\/\",\"url\":\"https:\/\/gegenstrom.org\/das-radikale-subjekt-als-katechon\/\",\"name\":\"Das Radikale Subjekt als Katechon - Gegenstrom\",\"isPartOf\":{\"@id\":\"https:\/\/gegenstrom.org\/#website\"},\"primaryImageOfPage\":{\"@id\":\"https:\/\/gegenstrom.org\/das-radikale-subjekt-als-katechon\/#primaryimage\"},\"image\":{\"@id\":\"https:\/\/gegenstrom.org\/das-radikale-subjekt-als-katechon\/#primaryimage\"},\"thumbnailUrl\":\"https:\/\/gegenstrom.org\/wp-content\/uploads\/2020\/01\/Dugin.jpg\",\"datePublished\":\"2022-08-26T05:12:27+00:00\",\"breadcrumb\":{\"@id\":\"https:\/\/gegenstrom.org\/das-radikale-subjekt-als-katechon\/#breadcrumb\"},\"inLanguage\":\"en-US\",\"potentialAction\":[{\"@type\":\"ReadAction\",\"target\":[\"https:\/\/gegenstrom.org\/das-radikale-subjekt-als-katechon\/\"]}]},{\"@type\":\"ImageObject\",\"inLanguage\":\"en-US\",\"@id\":\"https:\/\/gegenstrom.org\/das-radikale-subjekt-als-katechon\/#primaryimage\",\"url\":\"https:\/\/gegenstrom.org\/wp-content\/uploads\/2020\/01\/Dugin.jpg\",\"contentUrl\":\"https:\/\/gegenstrom.org\/wp-content\/uploads\/2020\/01\/Dugin.jpg\",\"width\":1333,\"height\":500},{\"@type\":\"BreadcrumbList\",\"@id\":\"https:\/\/gegenstrom.org\/das-radikale-subjekt-als-katechon\/#breadcrumb\",\"itemListElement\":[{\"@type\":\"ListItem\",\"position\":1,\"name\":\"Startseite\",\"item\":\"https:\/\/gegenstrom.org\/\"},{\"@type\":\"ListItem\",\"position\":2,\"name\":\"Das Radikale Subjekt als Katechon\"}]},{\"@type\":\"WebSite\",\"@id\":\"https:\/\/gegenstrom.org\/#website\",\"url\":\"https:\/\/gegenstrom.org\/\",\"name\":\"Gegenstrom\",\"description\":\"Plattform f\u00fcr rechte Metapolitik\",\"publisher\":{\"@id\":\"https:\/\/gegenstrom.org\/#organization\"},\"potentialAction\":[{\"@type\":\"SearchAction\",\"target\":{\"@type\":\"EntryPoint\",\"urlTemplate\":\"https:\/\/gegenstrom.org\/?s={search_term_string}\"},\"query-input\":{\"@type\":\"PropertyValueSpecification\",\"valueRequired\":true,\"valueName\":\"search_term_string\"}}],\"inLanguage\":\"en-US\"},{\"@type\":\"Organization\",\"@id\":\"https:\/\/gegenstrom.org\/#organization\",\"name\":\"Metapol Verlag & Medien\",\"url\":\"https:\/\/gegenstrom.org\/\",\"logo\":{\"@type\":\"ImageObject\",\"inLanguage\":\"en-US\",\"@id\":\"https:\/\/gegenstrom.org\/#\/schema\/logo\/image\/\",\"url\":\"https:\/\/gegenstrom.org\/wp-content\/uploads\/2019\/11\/WMB_Senkrecht_Farbe_M-e1574681161133.png\",\"contentUrl\":\"https:\/\/gegenstrom.org\/wp-content\/uploads\/2019\/11\/WMB_Senkrecht_Farbe_M-e1574681161133.png\",\"width\":300,\"height\":219,\"caption\":\"Metapol Verlag & Medien\"},\"image\":{\"@id\":\"https:\/\/gegenstrom.org\/#\/schema\/logo\/image\/\"},\"sameAs\":[\"https:\/\/de-de.facebook.com\/rechteMetapolitik\/\",\"https:\/\/www.youtube.com\/channel\/UCvQizs-yQ8YapMiyuD6wDrw\"]},{\"@type\":\"Person\",\"@id\":\"https:\/\/gegenstrom.org\/#\/schema\/person\/c236a8b44114cfea21816dec70919329\",\"name\":\"Peter T\u00f6pfer\",\"url\":\"https:\/\/gegenstrom.org\/en\/author\/peter-toepfer\/\"}]}<\/script>\n<!-- \/ Yoast SEO plugin. -->","yoast_head_json":{"title":"Das Radikale Subjekt als Katechon - Gegenstrom","robots":{"index":"index","follow":"follow","max-snippet":"max-snippet:-1","max-image-preview":"max-image-preview:large","max-video-preview":"max-video-preview:-1"},"canonical":"https:\/\/gegenstrom.org\/en\/das-radikale-subjekt-als-katechon\/","og_locale":"en_US","og_type":"article","og_title":"Das Radikale Subjekt als Katechon - Gegenstrom","og_description":"Unser Kommentator Peter T\u00f6pfer befasst sich mit dem Gegensatz zwischen Objektorientierter und Subjektorientierter Onotologie nach Alexander Dugin und st\u00f6\u00dft damit eine Diskussion an. Die Redaktion Sind Russland, Alexander Dugin und dessen Radikales Subjekt der Katechon unserer Epoche? F\u00fcr eine Kampfgemeinschaft Ultralinker und Ultrarechter gegen die drohende Weltherrschaft der Totalobjektivierung! Mein Vorwort zu Alexander Dugins gerade [&hellip;]","og_url":"https:\/\/gegenstrom.org\/en\/das-radikale-subjekt-als-katechon\/","og_site_name":"Gegenstrom","article_publisher":"https:\/\/de-de.facebook.com\/rechteMetapolitik\/","article_published_time":"2022-08-26T05:12:27+00:00","og_image":[{"width":1333,"height":500,"url":"https:\/\/gegenstrom.org\/wp-content\/uploads\/2020\/01\/Dugin.jpg","type":"image\/jpeg"}],"author":"Peter T\u00f6pfer","twitter_card":"summary_large_image","twitter_misc":{"Written by":"Peter T\u00f6pfer","Est. reading time":"10 minutes"},"schema":{"@context":"https:\/\/schema.org","@graph":[{"@type":"Article","@id":"https:\/\/gegenstrom.org\/das-radikale-subjekt-als-katechon\/#article","isPartOf":{"@id":"https:\/\/gegenstrom.org\/das-radikale-subjekt-als-katechon\/"},"author":{"name":"Peter T\u00f6pfer","@id":"https:\/\/gegenstrom.org\/#\/schema\/person\/c236a8b44114cfea21816dec70919329"},"headline":"Das Radikale Subjekt als Katechon","datePublished":"2022-08-26T05:12:27+00:00","mainEntityOfPage":{"@id":"https:\/\/gegenstrom.org\/das-radikale-subjekt-als-katechon\/"},"wordCount":1830,"publisher":{"@id":"https:\/\/gegenstrom.org\/#organization"},"image":{"@id":"https:\/\/gegenstrom.org\/das-radikale-subjekt-als-katechon\/#primaryimage"},"thumbnailUrl":"https:\/\/gegenstrom.org\/wp-content\/uploads\/2020\/01\/Dugin.jpg","keywords":["Alexander Dugin","Eurasien","Neue Rechte"],"articleSection":["Debatte"],"inLanguage":"en-US"},{"@type":"WebPage","@id":"https:\/\/gegenstrom.org\/das-radikale-subjekt-als-katechon\/","url":"https:\/\/gegenstrom.org\/das-radikale-subjekt-als-katechon\/","name":"Das Radikale Subjekt als Katechon - Gegenstrom","isPartOf":{"@id":"https:\/\/gegenstrom.org\/#website"},"primaryImageOfPage":{"@id":"https:\/\/gegenstrom.org\/das-radikale-subjekt-als-katechon\/#primaryimage"},"image":{"@id":"https:\/\/gegenstrom.org\/das-radikale-subjekt-als-katechon\/#primaryimage"},"thumbnailUrl":"https:\/\/gegenstrom.org\/wp-content\/uploads\/2020\/01\/Dugin.jpg","datePublished":"2022-08-26T05:12:27+00:00","breadcrumb":{"@id":"https:\/\/gegenstrom.org\/das-radikale-subjekt-als-katechon\/#breadcrumb"},"inLanguage":"en-US","potentialAction":[{"@type":"ReadAction","target":["https:\/\/gegenstrom.org\/das-radikale-subjekt-als-katechon\/"]}]},{"@type":"ImageObject","inLanguage":"en-US","@id":"https:\/\/gegenstrom.org\/das-radikale-subjekt-als-katechon\/#primaryimage","url":"https:\/\/gegenstrom.org\/wp-content\/uploads\/2020\/01\/Dugin.jpg","contentUrl":"https:\/\/gegenstrom.org\/wp-content\/uploads\/2020\/01\/Dugin.jpg","width":1333,"height":500},{"@type":"BreadcrumbList","@id":"https:\/\/gegenstrom.org\/das-radikale-subjekt-als-katechon\/#breadcrumb","itemListElement":[{"@type":"ListItem","position":1,"name":"Startseite","item":"https:\/\/gegenstrom.org\/"},{"@type":"ListItem","position":2,"name":"Das Radikale Subjekt als Katechon"}]},{"@type":"WebSite","@id":"https:\/\/gegenstrom.org\/#website","url":"https:\/\/gegenstrom.org\/","name":"Gegenstrom","description":"Plattform f\u00fcr rechte Metapolitik","publisher":{"@id":"https:\/\/gegenstrom.org\/#organization"},"potentialAction":[{"@type":"SearchAction","target":{"@type":"EntryPoint","urlTemplate":"https:\/\/gegenstrom.org\/?s={search_term_string}"},"query-input":{"@type":"PropertyValueSpecification","valueRequired":true,"valueName":"search_term_string"}}],"inLanguage":"en-US"},{"@type":"Organization","@id":"https:\/\/gegenstrom.org\/#organization","name":"Metapol Verlag & Medien","url":"https:\/\/gegenstrom.org\/","logo":{"@type":"ImageObject","inLanguage":"en-US","@id":"https:\/\/gegenstrom.org\/#\/schema\/logo\/image\/","url":"https:\/\/gegenstrom.org\/wp-content\/uploads\/2019\/11\/WMB_Senkrecht_Farbe_M-e1574681161133.png","contentUrl":"https:\/\/gegenstrom.org\/wp-content\/uploads\/2019\/11\/WMB_Senkrecht_Farbe_M-e1574681161133.png","width":300,"height":219,"caption":"Metapol Verlag & Medien"},"image":{"@id":"https:\/\/gegenstrom.org\/#\/schema\/logo\/image\/"},"sameAs":["https:\/\/de-de.facebook.com\/rechteMetapolitik\/","https:\/\/www.youtube.com\/channel\/UCvQizs-yQ8YapMiyuD6wDrw"]},{"@type":"Person","@id":"https:\/\/gegenstrom.org\/#\/schema\/person\/c236a8b44114cfea21816dec70919329","name":"Peter T\u00f6pfer","url":"https:\/\/gegenstrom.org\/en\/author\/peter-toepfer\/"}]}},"jetpack_featured_media_url":"https:\/\/gegenstrom.org\/wp-content\/uploads\/2020\/01\/Dugin.jpg","jetpack_sharing_enabled":true,"_links":{"self":[{"href":"https:\/\/gegenstrom.org\/en\/wp-json\/wp\/v2\/posts\/8871","targetHints":{"allow":["GET"]}}],"collection":[{"href":"https:\/\/gegenstrom.org\/en\/wp-json\/wp\/v2\/posts"}],"about":[{"href":"https:\/\/gegenstrom.org\/en\/wp-json\/wp\/v2\/types\/post"}],"author":[{"embeddable":true,"href":"https:\/\/gegenstrom.org\/en\/wp-json\/wp\/v2\/users\/34"}],"replies":[{"embeddable":true,"href":"https:\/\/gegenstrom.org\/en\/wp-json\/wp\/v2\/comments?post=8871"}],"version-history":[{"count":3,"href":"https:\/\/gegenstrom.org\/en\/wp-json\/wp\/v2\/posts\/8871\/revisions"}],"predecessor-version":[{"id":8874,"href":"https:\/\/gegenstrom.org\/en\/wp-json\/wp\/v2\/posts\/8871\/revisions\/8874"}],"wp:featuredmedia":[{"embeddable":true,"href":"https:\/\/gegenstrom.org\/en\/wp-json\/wp\/v2\/media\/4921"}],"wp:attachment":[{"href":"https:\/\/gegenstrom.org\/en\/wp-json\/wp\/v2\/media?parent=8871"}],"wp:term":[{"taxonomy":"category","embeddable":true,"href":"https:\/\/gegenstrom.org\/en\/wp-json\/wp\/v2\/categories?post=8871"},{"taxonomy":"post_tag","embeddable":true,"href":"https:\/\/gegenstrom.org\/en\/wp-json\/wp\/v2\/tags?post=8871"}],"curies":[{"name":"wp","href":"https:\/\/api.w.org\/{rel}","templated":true}]}}