{"id":855,"date":"2017-10-18T20:08:09","date_gmt":"2017-10-18T19:08:09","guid":{"rendered":"https:\/\/gegenstrom.org\/?p=855"},"modified":"2020-02-03T18:32:45","modified_gmt":"2020-02-03T17:32:45","slug":"demo-fuer-freie-impfentscheidung-gegen-zwangsmassnahmen","status":"publish","type":"post","link":"https:\/\/gegenstrom.org\/en\/demo-fuer-freie-impfentscheidung-gegen-zwangsmassnahmen\/","title":{"rendered":"Demo: F\u00fcr freie Impfentscheidung \u2013 gegen Zwangsma\u00dfnahmen"},"content":{"rendered":"<p><span style=\"font-size: 14pt;\"><em>Der folgende Erlebnisbericht wurde uns von einer jungen, identit\u00e4r ausgerichteten Mutter zugeschickt, die sich zunehmend mit dem Thema \u201eImpfen\u201c besch\u00e4ftigt. Durch die Erziehung ihrer Kinder ist sie stark mit Fragen zu den Folgen von Impfungen konfrontiert worden. Wir ver\u00f6ffentlichen ihn an dieser Stelle, weil es sich dabei um ein wichtiges Thema handelt, mit dem sich besch\u00e4ftigt werden sollte. Die Meinung der Autorin spiegelt dabei nicht automatisch die Meinung der Redaktion wider. Die Forschung auf diesem Gebiet halten wir dennoch f\u00fcr essentiell und notwendig. Der Text wurde von Karolina Bergmann verfasst. Die Redaktionsleitung\u00a0<\/em><\/span><\/p>\n<h2>Venedig-Berlin-Aosta. Ein Datum, drei\u00a0 St\u00e4dte, drei Demonstrationen.<\/h2>\n<p style=\"text-align: justify;\"><span style=\"font-size: 14pt;\">Als ich im August die Nachricht von einer geplanten Impfdemonstration bekam, war ich sofort interessiert. Der Anlass war die in Teilen Europas bereits eingef\u00fchrte Impfpflicht. \u00a0Am 16.09.2017 lie\u00df ich die Kinder frohen Mutes beim Papa. Einmal etwas ganz ohne Kinder unternehmen &#8211; wie sch\u00f6n. <\/span><span style=\"font-size: 14pt;\">Zu dritt fuhren wir zum Treffpunkt nach Berlin, direkt vor den Toren\u00a0 des\u00a0 Bayer-Konzerns. <\/span><span style=\"font-size: 14pt;\">P\u00fcnktlich angekommen mussten wir doch etwas schlucken. Etwa 250 Menschen f\u00fcr eine deutschlandweit beworbene Demo in Berlin. OHA. Nach und nach f\u00fcllte sich der Treffpunkt aber doch, sodass die Veranstalter die Teilnehmerzahl auf etwa 1.000 Teilnehmer sch\u00e4tzten. <\/span><span style=\"font-size: 14pt;\">Das klingt doch gleich besser. Es war ein buntes Menschengewimmel; \u00c4ltere,\u00a0 viele junge Familien mit Kindern, aber auch\u00a0 einige\u00a0 G\u00e4ste aus Belgien, Polen, Frankreich, Italien und der Schweiz.<\/span><\/p>\n<p style=\"text-align: justify;\"><span style=\"font-size: 14pt;\">Nur \u00fcber die AfD und \u00e4hnliche Themen wollten wir nicht zu laut reden. Die meisten waren dann doch eher links. Ganz fasziniert war ich von kleinen Kindern mit Ohrsch\u00fctzern und Watte in den Ohren. Auf sowas w\u00e4re ich gar nicht gekommen. Das waren wohl schon Demo-erprobte Frauen und Kinder. <\/span><span style=\"font-size: 14pt;\">Am Treffpunkt wurden Luftballons mit eindeutiger Aufschrift, sowie einige wirklich sehr leichte Plakate verteilt. Nat\u00fcrlich haben wir auch eins \u00fcbernommen.<\/span><\/p>\n<p style=\"text-align: justify;\"><span style=\"font-size: 14pt;\">Um elf Uhr begannen die ersten kleinen Redebeitr\u00e4ge, die auch w\u00e4hrend des Spazierganges wiederholt gebracht wurden. Die Zuschauer sollten ja schlie\u00dflich auch etwas zum Nachdenken bekommen. In erster Linie ging es um die freie Wahl der Impfentscheidung. Die Impfbef\u00fcrworter wurden nicht beschimpft oder verteufelt. Aber es wurde klar das Recht auf Selbstentscheidung gefordert. Untermauert hat man das z.B. mit der Aufz\u00e4hlung all der sch\u00e4dlichen, teils hochgiftigen Inhaltsstoffe der Seren. Zus\u00e4tzlich gab es Livemusik. Der S\u00e4nger von Bandbreite hatte einige Lieder im Repertoire. Textlich teils ziemlich gut. Nur leider war die Rap-Musik nicht so ganz unser Geschmack.<\/span><\/p>\n<p style=\"text-align: justify;\"><span style=\"font-size: 14pt;\"> Wir gingen durch unbelebte und sehr belebte Stra\u00dfen. Die zuf\u00e4lligen Zuschauer h\u00f6rten teilweise interessiert zu, viele zeigten aber auch den Vogel\u00a0 oder \u00e4hnliche abwertende Gesten. Aber gut, damit war ja zu rechnen. Nach einigen Stunden\u00a0 langsamen Laufens kamen wir am Zielort an. <\/span><span style=\"font-size: 14pt;\">Dort wurden noch einige Lieder gespielt und Redebeitr\u00e4ge unterschiedlicher Personen gehalten. \u00c4rzte, impfkritisch Engagierte, Doktoren. Eine gute Mischung, einige haben sich schon seit 20 Jahren mit der Materie besch\u00e4ftigt. Unter anderem wurde der\u00a0 Zusammenhang zwischen Impfungen und Sch\u00fctteltraumasymptomen dargestellt (und den damit gerichtlichen Folgen und dem Auseinanderrei\u00dfen der Familien) und der sich deshalb gegr\u00fcndete Verein INES vorgestellt.<\/span><\/p>\n<p style=\"text-align: justify;\"><span style=\"font-size: 14pt;\">Es wurde aufgezeigt, dass z.B. die Keuchhustenausbr\u00fcche seit Impfbeginn vermehrt auftreten und die Masernsterblichkeit\u00a0 zwischen 1900 und 1973 bereits um 99,8% zur\u00fcckgegangen\u00a0 war, bevor die\u00a0\u00a0 Impfung gegen Masern\u00a0 1973 in West-Deutschland eingef\u00fchrt wurde.<\/span> <span style=\"font-size: 14pt;\">Auch der Film VAXXED\u00a0 wurde vorgestellt (u.a. <a href=\"https:\/\/www.kopp-verlag.de\/Vaxxed-Special-Edition.htm?websale8=kopp-verlag&amp;pi=125566&amp;ws_tp1=kw&amp;ref=prod_ad415&amp;subref=\/&amp;ref=PLA&amp;subref=125566&amp;gclid=Cj0KCQjw1JbPBRCrARIsAOKj2Pl11Czp8MDfKDwwzL9eIpQtoSsdGMf7I7rhV3k15fpBe1YB9LxIkeoaArevEALw_wcB\">submitted<\/a> erh\u00e4ltlich). Insgesamt eine recht gro\u00dfe und interessante Themenbandbreite, die zum weiteren Nachdenken und Selbstinformieren anregen soll. Am rege besuchten\u00a0 Infotisch neben der B\u00fchne gab es auch verschiedene Fachliteratur und Filme zum Thema.\u00a0Das haben wir\u00a0 nat\u00fcrlich ausgenutzt.<\/span><\/p>\n<p style=\"text-align: justify;\"><span style=\"font-size: 14pt;\">Denn eines kann man zu dem Thema mit Sicherheit sagen: Egal, wie man sich entscheidet, man sollte im Interesse der Kinder und kommender Generationen die Verantwortung \u00fcber das Thema nicht einfach abgeben, sondern sich selbst Gedanken machen und\u00a0 mit den neuesten Fakten auseinandersetzen.<\/span><\/p>\n<p style=\"text-align: justify;\"><span style=\"font-size: 14pt;\"> Und so gingen wir am Abend ersch\u00f6pft, nachdenklich und mit Muskelkater vom langen Laufen nach Hause. \u00a0<\/span><\/p>\n<p>&nbsp;<\/p>\n<p>&nbsp;<\/p>","protected":false},"excerpt":{"rendered":"<p>Der folgende Erlebnisbericht wurde uns von einer jungen, identit\u00e4r ausgerichteten Mutter zugeschickt, die sich zunehmend mit dem Thema \u201eImpfen\u201c besch\u00e4ftigt. Durch die Erziehung ihrer Kinder ist sie stark mit Fragen zu den Folgen von Impfungen konfrontiert worden. Wir ver\u00f6ffentlichen ihn an dieser Stelle, weil es sich dabei um ein wichtiges Thema handelt, mit dem sich [&hellip;]<\/p>","protected":false},"author":28,"featured_media":856,"comment_status":"open","ping_status":"open","sticky":false,"template":"","format":"standard","meta":{"_et_pb_use_builder":"","_et_pb_old_content":"","_et_gb_content_width":"","_jetpack_memberships_contains_paid_content":false,"footnotes":""},"categories":[4],"tags":[79,243,242,244],"class_list":["post-855","post","type-post","status-publish","format-standard","has-post-thumbnail","hentry","category-deutschland-und-die-welt","tag-demonstration","tag-erlebnisbericht","tag-impfen","tag-impfkritik"],"yoast_head":"<!-- This site is optimized with the Yoast SEO plugin v26.2 - https:\/\/yoast.com\/wordpress\/plugins\/seo\/ -->\n<title>Demo: F\u00fcr freie Impfentscheidung \u2013 gegen Zwangsma\u00dfnahmen - Gegenstrom<\/title>\n<meta name=\"robots\" content=\"index, follow, max-snippet:-1, max-image-preview:large, max-video-preview:-1\" \/>\n<link rel=\"canonical\" href=\"https:\/\/gegenstrom.org\/en\/demo-fuer-freie-impfentscheidung-gegen-zwangsmassnahmen\/\" \/>\n<meta property=\"og:locale\" content=\"en_US\" \/>\n<meta property=\"og:type\" content=\"article\" \/>\n<meta property=\"og:title\" content=\"Demo: F\u00fcr freie Impfentscheidung \u2013 gegen Zwangsma\u00dfnahmen - Gegenstrom\" \/>\n<meta property=\"og:description\" content=\"Der folgende Erlebnisbericht wurde uns von einer jungen, identit\u00e4r ausgerichteten Mutter zugeschickt, die sich zunehmend mit dem Thema \u201eImpfen\u201c besch\u00e4ftigt. Durch die Erziehung ihrer Kinder ist sie stark mit Fragen zu den Folgen von Impfungen konfrontiert worden. Wir ver\u00f6ffentlichen ihn an dieser Stelle, weil es sich dabei um ein wichtiges Thema handelt, mit dem sich [&hellip;]\" \/>\n<meta property=\"og:url\" content=\"https:\/\/gegenstrom.org\/en\/demo-fuer-freie-impfentscheidung-gegen-zwangsmassnahmen\/\" \/>\n<meta property=\"og:site_name\" content=\"Gegenstrom\" \/>\n<meta property=\"article:publisher\" content=\"https:\/\/de-de.facebook.com\/rechteMetapolitik\/\" \/>\n<meta property=\"article:published_time\" content=\"2017-10-18T19:08:09+00:00\" \/>\n<meta property=\"article:modified_time\" content=\"2020-02-03T17:32:45+00:00\" \/>\n<meta property=\"og:image\" content=\"https:\/\/gegenstrom.org\/wp-content\/uploads\/2017\/10\/Impfen.jpg\" \/>\n\t<meta property=\"og:image:width\" content=\"715\" \/>\n\t<meta property=\"og:image:height\" content=\"300\" \/>\n\t<meta property=\"og:image:type\" content=\"image\/jpeg\" \/>\n<meta name=\"author\" content=\"Redaktion\" \/>\n<meta name=\"twitter:card\" content=\"summary_large_image\" \/>\n<meta name=\"twitter:label1\" content=\"Written by\" \/>\n\t<meta name=\"twitter:data1\" content=\"Redaktion\" \/>\n\t<meta name=\"twitter:label2\" content=\"Est. reading time\" \/>\n\t<meta name=\"twitter:data2\" content=\"3 minutes\" \/>\n<script type=\"application\/ld+json\" class=\"yoast-schema-graph\">{\"@context\":\"https:\/\/schema.org\",\"@graph\":[{\"@type\":\"Article\",\"@id\":\"https:\/\/gegenstrom.org\/demo-fuer-freie-impfentscheidung-gegen-zwangsmassnahmen\/#article\",\"isPartOf\":{\"@id\":\"https:\/\/gegenstrom.org\/demo-fuer-freie-impfentscheidung-gegen-zwangsmassnahmen\/\"},\"author\":{\"name\":\"Redaktion\",\"@id\":\"https:\/\/gegenstrom.org\/#\/schema\/person\/9adb4188754722c1352b5f101655cd2d\"},\"headline\":\"Demo: F\u00fcr freie Impfentscheidung \u2013 gegen Zwangsma\u00dfnahmen\",\"datePublished\":\"2017-10-18T19:08:09+00:00\",\"dateModified\":\"2020-02-03T17:32:45+00:00\",\"mainEntityOfPage\":{\"@id\":\"https:\/\/gegenstrom.org\/demo-fuer-freie-impfentscheidung-gegen-zwangsmassnahmen\/\"},\"wordCount\":668,\"commentCount\":5,\"publisher\":{\"@id\":\"https:\/\/gegenstrom.org\/#organization\"},\"image\":{\"@id\":\"https:\/\/gegenstrom.org\/demo-fuer-freie-impfentscheidung-gegen-zwangsmassnahmen\/#primaryimage\"},\"thumbnailUrl\":\"https:\/\/gegenstrom.org\/wp-content\/uploads\/2017\/10\/Impfen.jpg\",\"keywords\":[\"Demonstration\",\"Erlebnisbericht\",\"Impfen\",\"Impfkritik\"],\"articleSection\":[\"Deutschland und die Welt\"],\"inLanguage\":\"en-US\"},{\"@type\":\"WebPage\",\"@id\":\"https:\/\/gegenstrom.org\/demo-fuer-freie-impfentscheidung-gegen-zwangsmassnahmen\/\",\"url\":\"https:\/\/gegenstrom.org\/demo-fuer-freie-impfentscheidung-gegen-zwangsmassnahmen\/\",\"name\":\"Demo: F\u00fcr freie Impfentscheidung \u2013 gegen Zwangsma\u00dfnahmen - Gegenstrom\",\"isPartOf\":{\"@id\":\"https:\/\/gegenstrom.org\/#website\"},\"primaryImageOfPage\":{\"@id\":\"https:\/\/gegenstrom.org\/demo-fuer-freie-impfentscheidung-gegen-zwangsmassnahmen\/#primaryimage\"},\"image\":{\"@id\":\"https:\/\/gegenstrom.org\/demo-fuer-freie-impfentscheidung-gegen-zwangsmassnahmen\/#primaryimage\"},\"thumbnailUrl\":\"https:\/\/gegenstrom.org\/wp-content\/uploads\/2017\/10\/Impfen.jpg\",\"datePublished\":\"2017-10-18T19:08:09+00:00\",\"dateModified\":\"2020-02-03T17:32:45+00:00\",\"breadcrumb\":{\"@id\":\"https:\/\/gegenstrom.org\/demo-fuer-freie-impfentscheidung-gegen-zwangsmassnahmen\/#breadcrumb\"},\"inLanguage\":\"en-US\",\"potentialAction\":[{\"@type\":\"ReadAction\",\"target\":[\"https:\/\/gegenstrom.org\/demo-fuer-freie-impfentscheidung-gegen-zwangsmassnahmen\/\"]}]},{\"@type\":\"ImageObject\",\"inLanguage\":\"en-US\",\"@id\":\"https:\/\/gegenstrom.org\/demo-fuer-freie-impfentscheidung-gegen-zwangsmassnahmen\/#primaryimage\",\"url\":\"https:\/\/gegenstrom.org\/wp-content\/uploads\/2017\/10\/Impfen.jpg\",\"contentUrl\":\"https:\/\/gegenstrom.org\/wp-content\/uploads\/2017\/10\/Impfen.jpg\",\"width\":715,\"height\":300,\"caption\":\"Impfen\"},{\"@type\":\"BreadcrumbList\",\"@id\":\"https:\/\/gegenstrom.org\/demo-fuer-freie-impfentscheidung-gegen-zwangsmassnahmen\/#breadcrumb\",\"itemListElement\":[{\"@type\":\"ListItem\",\"position\":1,\"name\":\"Startseite\",\"item\":\"https:\/\/gegenstrom.org\/\"},{\"@type\":\"ListItem\",\"position\":2,\"name\":\"Demo: F\u00fcr freie Impfentscheidung \u2013 gegen Zwangsma\u00dfnahmen\"}]},{\"@type\":\"WebSite\",\"@id\":\"https:\/\/gegenstrom.org\/#website\",\"url\":\"https:\/\/gegenstrom.org\/\",\"name\":\"Gegenstrom\",\"description\":\"Plattform f\u00fcr rechte Metapolitik\",\"publisher\":{\"@id\":\"https:\/\/gegenstrom.org\/#organization\"},\"potentialAction\":[{\"@type\":\"SearchAction\",\"target\":{\"@type\":\"EntryPoint\",\"urlTemplate\":\"https:\/\/gegenstrom.org\/?s={search_term_string}\"},\"query-input\":{\"@type\":\"PropertyValueSpecification\",\"valueRequired\":true,\"valueName\":\"search_term_string\"}}],\"inLanguage\":\"en-US\"},{\"@type\":\"Organization\",\"@id\":\"https:\/\/gegenstrom.org\/#organization\",\"name\":\"Metapol Verlag & Medien\",\"url\":\"https:\/\/gegenstrom.org\/\",\"logo\":{\"@type\":\"ImageObject\",\"inLanguage\":\"en-US\",\"@id\":\"https:\/\/gegenstrom.org\/#\/schema\/logo\/image\/\",\"url\":\"https:\/\/gegenstrom.org\/wp-content\/uploads\/2019\/11\/WMB_Senkrecht_Farbe_M-e1574681161133.png\",\"contentUrl\":\"https:\/\/gegenstrom.org\/wp-content\/uploads\/2019\/11\/WMB_Senkrecht_Farbe_M-e1574681161133.png\",\"width\":300,\"height\":219,\"caption\":\"Metapol Verlag & Medien\"},\"image\":{\"@id\":\"https:\/\/gegenstrom.org\/#\/schema\/logo\/image\/\"},\"sameAs\":[\"https:\/\/de-de.facebook.com\/rechteMetapolitik\/\",\"https:\/\/www.youtube.com\/channel\/UCvQizs-yQ8YapMiyuD6wDrw\"]},{\"@type\":\"Person\",\"@id\":\"https:\/\/gegenstrom.org\/#\/schema\/person\/9adb4188754722c1352b5f101655cd2d\",\"name\":\"Redaktion\",\"url\":\"https:\/\/gegenstrom.org\/en\/author\/redaktion\/\"}]}<\/script>\n<!-- \/ Yoast SEO plugin. -->","yoast_head_json":{"title":"Demo: F\u00fcr freie Impfentscheidung \u2013 gegen Zwangsma\u00dfnahmen - Gegenstrom","robots":{"index":"index","follow":"follow","max-snippet":"max-snippet:-1","max-image-preview":"max-image-preview:large","max-video-preview":"max-video-preview:-1"},"canonical":"https:\/\/gegenstrom.org\/en\/demo-fuer-freie-impfentscheidung-gegen-zwangsmassnahmen\/","og_locale":"en_US","og_type":"article","og_title":"Demo: F\u00fcr freie Impfentscheidung \u2013 gegen Zwangsma\u00dfnahmen - Gegenstrom","og_description":"Der folgende Erlebnisbericht wurde uns von einer jungen, identit\u00e4r ausgerichteten Mutter zugeschickt, die sich zunehmend mit dem Thema \u201eImpfen\u201c besch\u00e4ftigt. Durch die Erziehung ihrer Kinder ist sie stark mit Fragen zu den Folgen von Impfungen konfrontiert worden. Wir ver\u00f6ffentlichen ihn an dieser Stelle, weil es sich dabei um ein wichtiges Thema handelt, mit dem sich [&hellip;]","og_url":"https:\/\/gegenstrom.org\/en\/demo-fuer-freie-impfentscheidung-gegen-zwangsmassnahmen\/","og_site_name":"Gegenstrom","article_publisher":"https:\/\/de-de.facebook.com\/rechteMetapolitik\/","article_published_time":"2017-10-18T19:08:09+00:00","article_modified_time":"2020-02-03T17:32:45+00:00","og_image":[{"width":715,"height":300,"url":"https:\/\/gegenstrom.org\/wp-content\/uploads\/2017\/10\/Impfen.jpg","type":"image\/jpeg"}],"author":"Redaktion","twitter_card":"summary_large_image","twitter_misc":{"Written by":"Redaktion","Est. reading time":"3 minutes"},"schema":{"@context":"https:\/\/schema.org","@graph":[{"@type":"Article","@id":"https:\/\/gegenstrom.org\/demo-fuer-freie-impfentscheidung-gegen-zwangsmassnahmen\/#article","isPartOf":{"@id":"https:\/\/gegenstrom.org\/demo-fuer-freie-impfentscheidung-gegen-zwangsmassnahmen\/"},"author":{"name":"Redaktion","@id":"https:\/\/gegenstrom.org\/#\/schema\/person\/9adb4188754722c1352b5f101655cd2d"},"headline":"Demo: F\u00fcr freie Impfentscheidung \u2013 gegen Zwangsma\u00dfnahmen","datePublished":"2017-10-18T19:08:09+00:00","dateModified":"2020-02-03T17:32:45+00:00","mainEntityOfPage":{"@id":"https:\/\/gegenstrom.org\/demo-fuer-freie-impfentscheidung-gegen-zwangsmassnahmen\/"},"wordCount":668,"commentCount":5,"publisher":{"@id":"https:\/\/gegenstrom.org\/#organization"},"image":{"@id":"https:\/\/gegenstrom.org\/demo-fuer-freie-impfentscheidung-gegen-zwangsmassnahmen\/#primaryimage"},"thumbnailUrl":"https:\/\/gegenstrom.org\/wp-content\/uploads\/2017\/10\/Impfen.jpg","keywords":["Demonstration","Erlebnisbericht","Impfen","Impfkritik"],"articleSection":["Deutschland und die Welt"],"inLanguage":"en-US"},{"@type":"WebPage","@id":"https:\/\/gegenstrom.org\/demo-fuer-freie-impfentscheidung-gegen-zwangsmassnahmen\/","url":"https:\/\/gegenstrom.org\/demo-fuer-freie-impfentscheidung-gegen-zwangsmassnahmen\/","name":"Demo: F\u00fcr freie Impfentscheidung \u2013 gegen Zwangsma\u00dfnahmen - Gegenstrom","isPartOf":{"@id":"https:\/\/gegenstrom.org\/#website"},"primaryImageOfPage":{"@id":"https:\/\/gegenstrom.org\/demo-fuer-freie-impfentscheidung-gegen-zwangsmassnahmen\/#primaryimage"},"image":{"@id":"https:\/\/gegenstrom.org\/demo-fuer-freie-impfentscheidung-gegen-zwangsmassnahmen\/#primaryimage"},"thumbnailUrl":"https:\/\/gegenstrom.org\/wp-content\/uploads\/2017\/10\/Impfen.jpg","datePublished":"2017-10-18T19:08:09+00:00","dateModified":"2020-02-03T17:32:45+00:00","breadcrumb":{"@id":"https:\/\/gegenstrom.org\/demo-fuer-freie-impfentscheidung-gegen-zwangsmassnahmen\/#breadcrumb"},"inLanguage":"en-US","potentialAction":[{"@type":"ReadAction","target":["https:\/\/gegenstrom.org\/demo-fuer-freie-impfentscheidung-gegen-zwangsmassnahmen\/"]}]},{"@type":"ImageObject","inLanguage":"en-US","@id":"https:\/\/gegenstrom.org\/demo-fuer-freie-impfentscheidung-gegen-zwangsmassnahmen\/#primaryimage","url":"https:\/\/gegenstrom.org\/wp-content\/uploads\/2017\/10\/Impfen.jpg","contentUrl":"https:\/\/gegenstrom.org\/wp-content\/uploads\/2017\/10\/Impfen.jpg","width":715,"height":300,"caption":"Impfen"},{"@type":"BreadcrumbList","@id":"https:\/\/gegenstrom.org\/demo-fuer-freie-impfentscheidung-gegen-zwangsmassnahmen\/#breadcrumb","itemListElement":[{"@type":"ListItem","position":1,"name":"Startseite","item":"https:\/\/gegenstrom.org\/"},{"@type":"ListItem","position":2,"name":"Demo: F\u00fcr freie Impfentscheidung \u2013 gegen Zwangsma\u00dfnahmen"}]},{"@type":"WebSite","@id":"https:\/\/gegenstrom.org\/#website","url":"https:\/\/gegenstrom.org\/","name":"Gegenstrom","description":"Plattform f\u00fcr rechte Metapolitik","publisher":{"@id":"https:\/\/gegenstrom.org\/#organization"},"potentialAction":[{"@type":"SearchAction","target":{"@type":"EntryPoint","urlTemplate":"https:\/\/gegenstrom.org\/?s={search_term_string}"},"query-input":{"@type":"PropertyValueSpecification","valueRequired":true,"valueName":"search_term_string"}}],"inLanguage":"en-US"},{"@type":"Organization","@id":"https:\/\/gegenstrom.org\/#organization","name":"Metapol Verlag & Medien","url":"https:\/\/gegenstrom.org\/","logo":{"@type":"ImageObject","inLanguage":"en-US","@id":"https:\/\/gegenstrom.org\/#\/schema\/logo\/image\/","url":"https:\/\/gegenstrom.org\/wp-content\/uploads\/2019\/11\/WMB_Senkrecht_Farbe_M-e1574681161133.png","contentUrl":"https:\/\/gegenstrom.org\/wp-content\/uploads\/2019\/11\/WMB_Senkrecht_Farbe_M-e1574681161133.png","width":300,"height":219,"caption":"Metapol Verlag & Medien"},"image":{"@id":"https:\/\/gegenstrom.org\/#\/schema\/logo\/image\/"},"sameAs":["https:\/\/de-de.facebook.com\/rechteMetapolitik\/","https:\/\/www.youtube.com\/channel\/UCvQizs-yQ8YapMiyuD6wDrw"]},{"@type":"Person","@id":"https:\/\/gegenstrom.org\/#\/schema\/person\/9adb4188754722c1352b5f101655cd2d","name":"Redaktion","url":"https:\/\/gegenstrom.org\/en\/author\/redaktion\/"}]}},"jetpack_featured_media_url":"https:\/\/gegenstrom.org\/wp-content\/uploads\/2017\/10\/Impfen.jpg","jetpack_sharing_enabled":true,"_links":{"self":[{"href":"https:\/\/gegenstrom.org\/en\/wp-json\/wp\/v2\/posts\/855","targetHints":{"allow":["GET"]}}],"collection":[{"href":"https:\/\/gegenstrom.org\/en\/wp-json\/wp\/v2\/posts"}],"about":[{"href":"https:\/\/gegenstrom.org\/en\/wp-json\/wp\/v2\/types\/post"}],"author":[{"embeddable":true,"href":"https:\/\/gegenstrom.org\/en\/wp-json\/wp\/v2\/users\/28"}],"replies":[{"embeddable":true,"href":"https:\/\/gegenstrom.org\/en\/wp-json\/wp\/v2\/comments?post=855"}],"version-history":[{"count":0,"href":"https:\/\/gegenstrom.org\/en\/wp-json\/wp\/v2\/posts\/855\/revisions"}],"wp:featuredmedia":[{"embeddable":true,"href":"https:\/\/gegenstrom.org\/en\/wp-json\/wp\/v2\/media\/856"}],"wp:attachment":[{"href":"https:\/\/gegenstrom.org\/en\/wp-json\/wp\/v2\/media?parent=855"}],"wp:term":[{"taxonomy":"category","embeddable":true,"href":"https:\/\/gegenstrom.org\/en\/wp-json\/wp\/v2\/categories?post=855"},{"taxonomy":"post_tag","embeddable":true,"href":"https:\/\/gegenstrom.org\/en\/wp-json\/wp\/v2\/tags?post=855"}],"curies":[{"name":"wp","href":"https:\/\/api.w.org\/{rel}","templated":true}]}}