{"id":8426,"date":"2022-01-04T13:17:19","date_gmt":"2022-01-04T12:17:19","guid":{"rendered":"https:\/\/gegenstrom.org\/?p=8426"},"modified":"2022-01-04T13:17:19","modified_gmt":"2022-01-04T12:17:19","slug":"im-gespraech-mit-frank-kraemer-und-christian-illner-rechte-facetten-warum-die-rechte-sterben-muss-um-zu-leben","status":"publish","type":"post","link":"https:\/\/gegenstrom.org\/en\/im-gespraech-mit-frank-kraemer-und-christian-illner-rechte-facetten-warum-die-rechte-sterben-muss-um-zu-leben\/","title":{"rendered":"Im Gespr\u00e4ch mit Frank Kr\u00e4mer und Christian Illner: Rechte Facetten &#038; Warum die Rechte sterben muss, um zu leben"},"content":{"rendered":"<p>Im Rahmen des zweiten Mitstreitertreffens des Formats &#8222;Der dritte Blickwinkel&#8220;, referierten Frank Kr\u00e4mer und Christian Illner \u00fcber<\/p>\n<p><a href=\"https:\/\/www.youtube.com\/watch?v=0BiptFm9HOA\">&#8222;Chancen der Echten Rechten&#8220;<\/a> sowie \u00fcber die These,\u00a0 <a href=\"https:\/\/www.youtube.com\/watch?v=pbWBmQdAsSo\">&#8222;Warum die Rechte sterben muss, um zu leben&#8220;<\/a>.<\/p>\n<p>Anschlie\u00dfend moderiert Peter Steinborn vom MetaPol Verlag in gewohnt angenehmer und ausgeglichener Weise, eine <a href=\"https:\/\/www.youtube.com\/watch?v=AboXWd2Hn0Y\">Diskussion<\/a> zwischen beiden Referenten in der es um rechte Facetten, Technikkritik und Begriffseinordnungen geht.<\/p>\n<p>Wer das Projekt von Kraemer verst\u00e4rkt unterst\u00fctzen m\u00f6chte, sei auf die <a href=\"https:\/\/www.derdritteblickwinkel.com\/unterstuetzung\"><em>Mitstreiterschaft<\/em><\/a> bei &#8222;Der dritte Blickwinkel&#8220; verwiesen.<\/p>","protected":false},"excerpt":{"rendered":"<p>Im Rahmen des zweiten Mitstreitertreffens des Formats &#8222;Der dritte Blickwinkel&#8220;, referierten Frank Kr\u00e4mer und Christian Illner \u00fcber &#8222;Chancen der Echten Rechten&#8220; sowie \u00fcber die These,\u00a0 &#8222;Warum die Rechte sterben muss, um zu leben&#8220;. Anschlie\u00dfend moderiert Peter Steinborn vom MetaPol Verlag in gewohnt angenehmer und ausgeglichener Weise, eine Diskussion zwischen beiden Referenten in der es um [&hellip;]<\/p>","protected":false},"author":28,"featured_media":8436,"comment_status":"open","ping_status":"open","sticky":false,"template":"","format":"standard","meta":{"_et_pb_use_builder":"","_et_pb_old_content":"","_et_gb_content_width":"","_jetpack_memberships_contains_paid_content":false,"footnotes":""},"categories":[7,4],"tags":[1394,1437,302,1440,1438,1439,18],"class_list":["post-8426","post","type-post","status-publish","format-standard","has-post-thumbnail","hentry","category-debatte","category-deutschland-und-die-welt","tag-debatte","tag-der-dritte-blickwinkel","tag-echte-rechte","tag-facetten","tag-illner","tag-kraemer","tag-metapolitik"],"yoast_head":"<!-- This site is optimized with the Yoast SEO plugin v26.2 - https:\/\/yoast.com\/wordpress\/plugins\/seo\/ -->\n<title>Im Gespr\u00e4ch mit Frank Kr\u00e4mer und Christian Illner: Rechte Facetten &amp; Warum die Rechte sterben muss, um zu leben - Gegenstrom<\/title>\n<meta name=\"robots\" content=\"index, follow, max-snippet:-1, max-image-preview:large, max-video-preview:-1\" \/>\n<link rel=\"canonical\" href=\"https:\/\/gegenstrom.org\/en\/im-gespraech-mit-frank-kraemer-und-christian-illner-rechte-facetten-warum-die-rechte-sterben-muss-um-zu-leben\/\" \/>\n<meta property=\"og:locale\" content=\"en_US\" \/>\n<meta property=\"og:type\" content=\"article\" \/>\n<meta property=\"og:title\" content=\"Im Gespr\u00e4ch mit Frank Kr\u00e4mer und Christian Illner: Rechte Facetten &amp; Warum die Rechte sterben muss, um zu leben - Gegenstrom\" \/>\n<meta property=\"og:description\" content=\"Im Rahmen des zweiten Mitstreitertreffens des Formats &#8222;Der dritte Blickwinkel&#8220;, referierten Frank Kr\u00e4mer und Christian Illner \u00fcber &#8222;Chancen der Echten Rechten&#8220; sowie \u00fcber die These,\u00a0 &#8222;Warum die Rechte sterben muss, um zu leben&#8220;. Anschlie\u00dfend moderiert Peter Steinborn vom MetaPol Verlag in gewohnt angenehmer und ausgeglichener Weise, eine Diskussion zwischen beiden Referenten in der es um [&hellip;]\" \/>\n<meta property=\"og:url\" content=\"https:\/\/gegenstrom.org\/en\/im-gespraech-mit-frank-kraemer-und-christian-illner-rechte-facetten-warum-die-rechte-sterben-muss-um-zu-leben\/\" \/>\n<meta property=\"og:site_name\" content=\"Gegenstrom\" \/>\n<meta property=\"article:publisher\" content=\"https:\/\/de-de.facebook.com\/rechteMetapolitik\/\" \/>\n<meta property=\"article:published_time\" content=\"2022-01-04T12:17:19+00:00\" \/>\n<meta property=\"og:image\" content=\"https:\/\/gegenstrom.org\/wp-content\/uploads\/2022\/01\/signal-2022-01-04-130548.jpeg\" \/>\n\t<meta property=\"og:image:width\" content=\"924\" \/>\n\t<meta property=\"og:image:height\" content=\"520\" \/>\n\t<meta property=\"og:image:type\" content=\"image\/jpeg\" \/>\n<meta name=\"author\" content=\"Redaktion\" \/>\n<meta name=\"twitter:card\" content=\"summary_large_image\" \/>\n<meta name=\"twitter:label1\" content=\"Written by\" \/>\n\t<meta name=\"twitter:data1\" content=\"Redaktion\" \/>\n\t<meta name=\"twitter:label2\" content=\"Est. reading time\" \/>\n\t<meta name=\"twitter:data2\" content=\"1 minute\" \/>\n<script type=\"application\/ld+json\" class=\"yoast-schema-graph\">{\"@context\":\"https:\/\/schema.org\",\"@graph\":[{\"@type\":\"Article\",\"@id\":\"https:\/\/gegenstrom.org\/im-gespraech-mit-frank-kraemer-und-christian-illner-rechte-facetten-warum-die-rechte-sterben-muss-um-zu-leben\/#article\",\"isPartOf\":{\"@id\":\"https:\/\/gegenstrom.org\/im-gespraech-mit-frank-kraemer-und-christian-illner-rechte-facetten-warum-die-rechte-sterben-muss-um-zu-leben\/\"},\"author\":{\"name\":\"Redaktion\",\"@id\":\"https:\/\/gegenstrom.org\/#\/schema\/person\/9adb4188754722c1352b5f101655cd2d\"},\"headline\":\"Im Gespr\u00e4ch mit Frank Kr\u00e4mer und Christian Illner: Rechte Facetten &#038; Warum die Rechte sterben muss, um zu leben\",\"datePublished\":\"2022-01-04T12:17:19+00:00\",\"mainEntityOfPage\":{\"@id\":\"https:\/\/gegenstrom.org\/im-gespraech-mit-frank-kraemer-und-christian-illner-rechte-facetten-warum-die-rechte-sterben-muss-um-zu-leben\/\"},\"wordCount\":103,\"commentCount\":0,\"publisher\":{\"@id\":\"https:\/\/gegenstrom.org\/#organization\"},\"image\":{\"@id\":\"https:\/\/gegenstrom.org\/im-gespraech-mit-frank-kraemer-und-christian-illner-rechte-facetten-warum-die-rechte-sterben-muss-um-zu-leben\/#primaryimage\"},\"thumbnailUrl\":\"https:\/\/gegenstrom.org\/wp-content\/uploads\/2022\/01\/signal-2022-01-04-130548.jpeg\",\"keywords\":[\"#debatte\",\"der dritte blickwinkel\",\"Echte Rechte\",\"Facetten\",\"Illner\",\"Kraemer\",\"Metapolitik\"],\"articleSection\":[\"Debatte\",\"Deutschland und die Welt\"],\"inLanguage\":\"en-US\"},{\"@type\":\"WebPage\",\"@id\":\"https:\/\/gegenstrom.org\/im-gespraech-mit-frank-kraemer-und-christian-illner-rechte-facetten-warum-die-rechte-sterben-muss-um-zu-leben\/\",\"url\":\"https:\/\/gegenstrom.org\/im-gespraech-mit-frank-kraemer-und-christian-illner-rechte-facetten-warum-die-rechte-sterben-muss-um-zu-leben\/\",\"name\":\"Im Gespr\u00e4ch mit Frank Kr\u00e4mer und Christian Illner: Rechte Facetten & Warum die Rechte sterben muss, um zu leben - Gegenstrom\",\"isPartOf\":{\"@id\":\"https:\/\/gegenstrom.org\/#website\"},\"primaryImageOfPage\":{\"@id\":\"https:\/\/gegenstrom.org\/im-gespraech-mit-frank-kraemer-und-christian-illner-rechte-facetten-warum-die-rechte-sterben-muss-um-zu-leben\/#primaryimage\"},\"image\":{\"@id\":\"https:\/\/gegenstrom.org\/im-gespraech-mit-frank-kraemer-und-christian-illner-rechte-facetten-warum-die-rechte-sterben-muss-um-zu-leben\/#primaryimage\"},\"thumbnailUrl\":\"https:\/\/gegenstrom.org\/wp-content\/uploads\/2022\/01\/signal-2022-01-04-130548.jpeg\",\"datePublished\":\"2022-01-04T12:17:19+00:00\",\"breadcrumb\":{\"@id\":\"https:\/\/gegenstrom.org\/im-gespraech-mit-frank-kraemer-und-christian-illner-rechte-facetten-warum-die-rechte-sterben-muss-um-zu-leben\/#breadcrumb\"},\"inLanguage\":\"en-US\",\"potentialAction\":[{\"@type\":\"ReadAction\",\"target\":[\"https:\/\/gegenstrom.org\/im-gespraech-mit-frank-kraemer-und-christian-illner-rechte-facetten-warum-die-rechte-sterben-muss-um-zu-leben\/\"]}]},{\"@type\":\"ImageObject\",\"inLanguage\":\"en-US\",\"@id\":\"https:\/\/gegenstrom.org\/im-gespraech-mit-frank-kraemer-und-christian-illner-rechte-facetten-warum-die-rechte-sterben-muss-um-zu-leben\/#primaryimage\",\"url\":\"https:\/\/gegenstrom.org\/wp-content\/uploads\/2022\/01\/signal-2022-01-04-130548.jpeg\",\"contentUrl\":\"https:\/\/gegenstrom.org\/wp-content\/uploads\/2022\/01\/signal-2022-01-04-130548.jpeg\",\"width\":924,\"height\":520},{\"@type\":\"BreadcrumbList\",\"@id\":\"https:\/\/gegenstrom.org\/im-gespraech-mit-frank-kraemer-und-christian-illner-rechte-facetten-warum-die-rechte-sterben-muss-um-zu-leben\/#breadcrumb\",\"itemListElement\":[{\"@type\":\"ListItem\",\"position\":1,\"name\":\"Startseite\",\"item\":\"https:\/\/gegenstrom.org\/\"},{\"@type\":\"ListItem\",\"position\":2,\"name\":\"Im Gespr\u00e4ch mit Frank Kr\u00e4mer und Christian Illner: Rechte Facetten &#038; Warum die Rechte sterben muss, um zu leben\"}]},{\"@type\":\"WebSite\",\"@id\":\"https:\/\/gegenstrom.org\/#website\",\"url\":\"https:\/\/gegenstrom.org\/\",\"name\":\"Gegenstrom\",\"description\":\"Plattform f\u00fcr rechte Metapolitik\",\"publisher\":{\"@id\":\"https:\/\/gegenstrom.org\/#organization\"},\"potentialAction\":[{\"@type\":\"SearchAction\",\"target\":{\"@type\":\"EntryPoint\",\"urlTemplate\":\"https:\/\/gegenstrom.org\/?s={search_term_string}\"},\"query-input\":{\"@type\":\"PropertyValueSpecification\",\"valueRequired\":true,\"valueName\":\"search_term_string\"}}],\"inLanguage\":\"en-US\"},{\"@type\":\"Organization\",\"@id\":\"https:\/\/gegenstrom.org\/#organization\",\"name\":\"Metapol Verlag & Medien\",\"url\":\"https:\/\/gegenstrom.org\/\",\"logo\":{\"@type\":\"ImageObject\",\"inLanguage\":\"en-US\",\"@id\":\"https:\/\/gegenstrom.org\/#\/schema\/logo\/image\/\",\"url\":\"https:\/\/gegenstrom.org\/wp-content\/uploads\/2019\/11\/WMB_Senkrecht_Farbe_M-e1574681161133.png\",\"contentUrl\":\"https:\/\/gegenstrom.org\/wp-content\/uploads\/2019\/11\/WMB_Senkrecht_Farbe_M-e1574681161133.png\",\"width\":300,\"height\":219,\"caption\":\"Metapol Verlag & Medien\"},\"image\":{\"@id\":\"https:\/\/gegenstrom.org\/#\/schema\/logo\/image\/\"},\"sameAs\":[\"https:\/\/de-de.facebook.com\/rechteMetapolitik\/\",\"https:\/\/www.youtube.com\/channel\/UCvQizs-yQ8YapMiyuD6wDrw\"]},{\"@type\":\"Person\",\"@id\":\"https:\/\/gegenstrom.org\/#\/schema\/person\/9adb4188754722c1352b5f101655cd2d\",\"name\":\"Redaktion\",\"url\":\"https:\/\/gegenstrom.org\/en\/author\/redaktion\/\"}]}<\/script>\n<!-- \/ Yoast SEO plugin. -->","yoast_head_json":{"title":"Im Gespr\u00e4ch mit Frank Kr\u00e4mer und Christian Illner: Rechte Facetten & Warum die Rechte sterben muss, um zu leben - Gegenstrom","robots":{"index":"index","follow":"follow","max-snippet":"max-snippet:-1","max-image-preview":"max-image-preview:large","max-video-preview":"max-video-preview:-1"},"canonical":"https:\/\/gegenstrom.org\/en\/im-gespraech-mit-frank-kraemer-und-christian-illner-rechte-facetten-warum-die-rechte-sterben-muss-um-zu-leben\/","og_locale":"en_US","og_type":"article","og_title":"Im Gespr\u00e4ch mit Frank Kr\u00e4mer und Christian Illner: Rechte Facetten & Warum die Rechte sterben muss, um zu leben - Gegenstrom","og_description":"Im Rahmen des zweiten Mitstreitertreffens des Formats &#8222;Der dritte Blickwinkel&#8220;, referierten Frank Kr\u00e4mer und Christian Illner \u00fcber &#8222;Chancen der Echten Rechten&#8220; sowie \u00fcber die These,\u00a0 &#8222;Warum die Rechte sterben muss, um zu leben&#8220;. Anschlie\u00dfend moderiert Peter Steinborn vom MetaPol Verlag in gewohnt angenehmer und ausgeglichener Weise, eine Diskussion zwischen beiden Referenten in der es um [&hellip;]","og_url":"https:\/\/gegenstrom.org\/en\/im-gespraech-mit-frank-kraemer-und-christian-illner-rechte-facetten-warum-die-rechte-sterben-muss-um-zu-leben\/","og_site_name":"Gegenstrom","article_publisher":"https:\/\/de-de.facebook.com\/rechteMetapolitik\/","article_published_time":"2022-01-04T12:17:19+00:00","og_image":[{"width":924,"height":520,"url":"https:\/\/gegenstrom.org\/wp-content\/uploads\/2022\/01\/signal-2022-01-04-130548.jpeg","type":"image\/jpeg"}],"author":"Redaktion","twitter_card":"summary_large_image","twitter_misc":{"Written by":"Redaktion","Est. reading time":"1 minute"},"schema":{"@context":"https:\/\/schema.org","@graph":[{"@type":"Article","@id":"https:\/\/gegenstrom.org\/im-gespraech-mit-frank-kraemer-und-christian-illner-rechte-facetten-warum-die-rechte-sterben-muss-um-zu-leben\/#article","isPartOf":{"@id":"https:\/\/gegenstrom.org\/im-gespraech-mit-frank-kraemer-und-christian-illner-rechte-facetten-warum-die-rechte-sterben-muss-um-zu-leben\/"},"author":{"name":"Redaktion","@id":"https:\/\/gegenstrom.org\/#\/schema\/person\/9adb4188754722c1352b5f101655cd2d"},"headline":"Im Gespr\u00e4ch mit Frank Kr\u00e4mer und Christian Illner: Rechte Facetten &#038; Warum die Rechte sterben muss, um zu leben","datePublished":"2022-01-04T12:17:19+00:00","mainEntityOfPage":{"@id":"https:\/\/gegenstrom.org\/im-gespraech-mit-frank-kraemer-und-christian-illner-rechte-facetten-warum-die-rechte-sterben-muss-um-zu-leben\/"},"wordCount":103,"commentCount":0,"publisher":{"@id":"https:\/\/gegenstrom.org\/#organization"},"image":{"@id":"https:\/\/gegenstrom.org\/im-gespraech-mit-frank-kraemer-und-christian-illner-rechte-facetten-warum-die-rechte-sterben-muss-um-zu-leben\/#primaryimage"},"thumbnailUrl":"https:\/\/gegenstrom.org\/wp-content\/uploads\/2022\/01\/signal-2022-01-04-130548.jpeg","keywords":["#debatte","der dritte blickwinkel","Echte Rechte","Facetten","Illner","Kraemer","Metapolitik"],"articleSection":["Debatte","Deutschland und die Welt"],"inLanguage":"en-US"},{"@type":"WebPage","@id":"https:\/\/gegenstrom.org\/im-gespraech-mit-frank-kraemer-und-christian-illner-rechte-facetten-warum-die-rechte-sterben-muss-um-zu-leben\/","url":"https:\/\/gegenstrom.org\/im-gespraech-mit-frank-kraemer-und-christian-illner-rechte-facetten-warum-die-rechte-sterben-muss-um-zu-leben\/","name":"Im Gespr\u00e4ch mit Frank Kr\u00e4mer und Christian Illner: Rechte Facetten & Warum die Rechte sterben muss, um zu leben - Gegenstrom","isPartOf":{"@id":"https:\/\/gegenstrom.org\/#website"},"primaryImageOfPage":{"@id":"https:\/\/gegenstrom.org\/im-gespraech-mit-frank-kraemer-und-christian-illner-rechte-facetten-warum-die-rechte-sterben-muss-um-zu-leben\/#primaryimage"},"image":{"@id":"https:\/\/gegenstrom.org\/im-gespraech-mit-frank-kraemer-und-christian-illner-rechte-facetten-warum-die-rechte-sterben-muss-um-zu-leben\/#primaryimage"},"thumbnailUrl":"https:\/\/gegenstrom.org\/wp-content\/uploads\/2022\/01\/signal-2022-01-04-130548.jpeg","datePublished":"2022-01-04T12:17:19+00:00","breadcrumb":{"@id":"https:\/\/gegenstrom.org\/im-gespraech-mit-frank-kraemer-und-christian-illner-rechte-facetten-warum-die-rechte-sterben-muss-um-zu-leben\/#breadcrumb"},"inLanguage":"en-US","potentialAction":[{"@type":"ReadAction","target":["https:\/\/gegenstrom.org\/im-gespraech-mit-frank-kraemer-und-christian-illner-rechte-facetten-warum-die-rechte-sterben-muss-um-zu-leben\/"]}]},{"@type":"ImageObject","inLanguage":"en-US","@id":"https:\/\/gegenstrom.org\/im-gespraech-mit-frank-kraemer-und-christian-illner-rechte-facetten-warum-die-rechte-sterben-muss-um-zu-leben\/#primaryimage","url":"https:\/\/gegenstrom.org\/wp-content\/uploads\/2022\/01\/signal-2022-01-04-130548.jpeg","contentUrl":"https:\/\/gegenstrom.org\/wp-content\/uploads\/2022\/01\/signal-2022-01-04-130548.jpeg","width":924,"height":520},{"@type":"BreadcrumbList","@id":"https:\/\/gegenstrom.org\/im-gespraech-mit-frank-kraemer-und-christian-illner-rechte-facetten-warum-die-rechte-sterben-muss-um-zu-leben\/#breadcrumb","itemListElement":[{"@type":"ListItem","position":1,"name":"Startseite","item":"https:\/\/gegenstrom.org\/"},{"@type":"ListItem","position":2,"name":"Im Gespr\u00e4ch mit Frank Kr\u00e4mer und Christian Illner: Rechte Facetten &#038; Warum die Rechte sterben muss, um zu leben"}]},{"@type":"WebSite","@id":"https:\/\/gegenstrom.org\/#website","url":"https:\/\/gegenstrom.org\/","name":"Gegenstrom","description":"Plattform f\u00fcr rechte Metapolitik","publisher":{"@id":"https:\/\/gegenstrom.org\/#organization"},"potentialAction":[{"@type":"SearchAction","target":{"@type":"EntryPoint","urlTemplate":"https:\/\/gegenstrom.org\/?s={search_term_string}"},"query-input":{"@type":"PropertyValueSpecification","valueRequired":true,"valueName":"search_term_string"}}],"inLanguage":"en-US"},{"@type":"Organization","@id":"https:\/\/gegenstrom.org\/#organization","name":"Metapol Verlag & Medien","url":"https:\/\/gegenstrom.org\/","logo":{"@type":"ImageObject","inLanguage":"en-US","@id":"https:\/\/gegenstrom.org\/#\/schema\/logo\/image\/","url":"https:\/\/gegenstrom.org\/wp-content\/uploads\/2019\/11\/WMB_Senkrecht_Farbe_M-e1574681161133.png","contentUrl":"https:\/\/gegenstrom.org\/wp-content\/uploads\/2019\/11\/WMB_Senkrecht_Farbe_M-e1574681161133.png","width":300,"height":219,"caption":"Metapol Verlag & Medien"},"image":{"@id":"https:\/\/gegenstrom.org\/#\/schema\/logo\/image\/"},"sameAs":["https:\/\/de-de.facebook.com\/rechteMetapolitik\/","https:\/\/www.youtube.com\/channel\/UCvQizs-yQ8YapMiyuD6wDrw"]},{"@type":"Person","@id":"https:\/\/gegenstrom.org\/#\/schema\/person\/9adb4188754722c1352b5f101655cd2d","name":"Redaktion","url":"https:\/\/gegenstrom.org\/en\/author\/redaktion\/"}]}},"jetpack_featured_media_url":"https:\/\/gegenstrom.org\/wp-content\/uploads\/2022\/01\/signal-2022-01-04-130548.jpeg","jetpack_sharing_enabled":true,"_links":{"self":[{"href":"https:\/\/gegenstrom.org\/en\/wp-json\/wp\/v2\/posts\/8426","targetHints":{"allow":["GET"]}}],"collection":[{"href":"https:\/\/gegenstrom.org\/en\/wp-json\/wp\/v2\/posts"}],"about":[{"href":"https:\/\/gegenstrom.org\/en\/wp-json\/wp\/v2\/types\/post"}],"author":[{"embeddable":true,"href":"https:\/\/gegenstrom.org\/en\/wp-json\/wp\/v2\/users\/28"}],"replies":[{"embeddable":true,"href":"https:\/\/gegenstrom.org\/en\/wp-json\/wp\/v2\/comments?post=8426"}],"version-history":[{"count":7,"href":"https:\/\/gegenstrom.org\/en\/wp-json\/wp\/v2\/posts\/8426\/revisions"}],"predecessor-version":[{"id":8437,"href":"https:\/\/gegenstrom.org\/en\/wp-json\/wp\/v2\/posts\/8426\/revisions\/8437"}],"wp:featuredmedia":[{"embeddable":true,"href":"https:\/\/gegenstrom.org\/en\/wp-json\/wp\/v2\/media\/8436"}],"wp:attachment":[{"href":"https:\/\/gegenstrom.org\/en\/wp-json\/wp\/v2\/media?parent=8426"}],"wp:term":[{"taxonomy":"category","embeddable":true,"href":"https:\/\/gegenstrom.org\/en\/wp-json\/wp\/v2\/categories?post=8426"},{"taxonomy":"post_tag","embeddable":true,"href":"https:\/\/gegenstrom.org\/en\/wp-json\/wp\/v2\/tags?post=8426"}],"curies":[{"name":"wp","href":"https:\/\/api.w.org\/{rel}","templated":true}]}}