{"id":833,"date":"2017-09-23T08:31:15","date_gmt":"2017-09-23T07:31:15","guid":{"rendered":"https:\/\/gegenstrom.org\/?p=833"},"modified":"2020-02-03T18:35:50","modified_gmt":"2020-02-03T17:35:50","slug":"spreeruf-verweist-auf-rechtsintellektuelles-blogprojekt","status":"publish","type":"post","link":"https:\/\/gegenstrom.org\/en\/spreeruf-verweist-auf-rechtsintellektuelles-blogprojekt\/","title":{"rendered":"Spreeruf verweist auf rechtsintellektuelles Blogprojekt"},"content":{"rendered":"<p><span style=\"font-size: 14pt;\"><em>Das rechtspopulistische Blogprojekt <a href=\"https:\/\/spreeruf.com\/2017\/09\/10\/rechte-intellektuelle-finden-weg-ins-internet-neuer-blog-gegenstrom-seit-2017-online\/\">www.spreeruf.com<\/a> hat unseren Blog lobend in einem Artikel erw\u00e4hnt. Das m\u00f6chten wir hier gerne ver\u00f6ffentlichen. Das Internet stellt nicht nur ein Sammelsurium von sog. &#8222;FakeNews&#8220; dar, sondern erm\u00f6glicht vor allem die Erweiterung des Resonanzraums der politischen Meinungen. Die Redaktion <\/em><\/span><\/p>\n<h1 class=\"entry-title\">Rechte Intellektuelle finden Weg ins Internet: Neuer Blog \u201eGegenstrom\u201c seit 2017\u00a0online<\/h1>\n<p><span style=\"font-size: 14pt;\">Die immer gr\u00f6\u00dfer werdende Zahl von Oppositionellen, Dissidenten und Insurgenten gegen das medial-politische Establishment hat dazu gef\u00fchrt, dass sich ein gesamtgesellschaftlicher Paradigmenwechsel anbahnt. Wir erleben mittlerweile selbst unter den Etablierten immer \u00f6fter Menschen, die mit kritischer Stimme in Zeitungen, Magazinen oder auf der politischen B\u00fchne auf sich aufmerksam machen. Selbst im Mutterland des Kapitalismus Nordamerika hat sich eine breite Bewegung, die sich f\u00fcr die Rechte der europ\u00e4isch st\u00e4mmigen Bev\u00f6lkerung einsetzt, etablieren k\u00f6nnen. Das f\u00fchrte zum Erstarken patriotischer sowie auch nationalistischer Gruppierungen, die sich nicht selten auch in eher rechtspopulistischer Rhetorik ergie\u00dfen. Dies ist angesichts der Tatsache, dass wir in einer Massengesellschaft leben, deren haupts\u00e4chliche Charakteristik auf einer eher oberfl\u00e4chlichen Betrachtung der Dinge ist, auch nachvollziehbar. Daher kann es als begr\u00fc\u00dfenswert betrachtet werden, wenn sich in dieser Zeit dar\u00fcber hinaus gerade auch intellektuelle Projekte, deren Bestreben in der tiefsinnigen Beleuchtung wichtiger theoretischer Fragen besteht, herauskristallisieren.<\/span><\/p>\n<p><span style=\"font-size: 14pt;\">Neben dem wohl bekanntesten Netztagebuch rechter Intellektueller, <a href=\"https:\/\/sezession.de\/\" target=\"_blank\" rel=\"noopener noreferrer\">\u201eSezession im Netz\u201c<\/a>, gibt es seit dem 1. Januar 2017 den Internetblog <a href=\"https:\/\/gegenstrom.org\/en\/\" target=\"_blank\" rel=\"noopener noreferrer\">\u201eGegenstrom \u2013 Plattform f\u00fcr rechte Metapolitik\u201c<\/a>. Wie der Beiname bereits erahnen l\u00e4sst, ist das Hauptaugenmerk der Autoren auf metapolitische theoretische Arbeit gerichtet. Unter der auf der Seite zu findenden Rubrik \u201eSelbstverst\u00e4ndnis\u201c, beschreiben die Initiatoren den Blog als eine Plattform, mit dessen Hilfe \u201edurch intellektuelle, theoretische und philosophische Auseinandersetzungen mit der Rechten\u201c dem Fehlen einer gesamten Strategie begegnet werden soll. Die Seite ist in drei Rubriken aufgeteilt, die jeweils mit regelm\u00e4\u00dfigen teilweise sehr aufwendigen, wissenschaftlich erarbeiteten Aufs\u00e4tzen, Abhandlungen und Traktaten gepflegt werden. In der Rubrik \u201eDeutschland und die Welt\u201c wird \u00fcber haupts\u00e4chlich aktuell-politische Ereignisse berichtet. Hier wird jedoch nicht nur \u00fcber die nationale Situation unterrichtet, sondern die Autoren verfassen zunehmend auch Artikel, die die geopolitische Sph\u00e4re ber\u00fccksichtigen. Des Weiteren werden auch einmal monatlich Pers\u00f6nlichkeiten aus Deutschland und Europa beleuchtet. Zu den regelm\u00e4\u00dfigen Erscheinungen geh\u00f6ren auch Buchbesprechungen, die sich mit wirtschaftswissenschaftlichen, geschichtlichen, ideengeschichtlichen und kulturphilosophischen Themen besch\u00e4ftigen. In der Rubrik \u201ePhilosophie &amp; Theorie\u201c sind bisher in erster Linie metapolitische Aspekte ber\u00fccksichtigt worden. Hier handelt es sich zumeist um sehr wissenschaftlich-fundierte Artikel, die auch einen differenzierten Blick auf die behandelten Probleme zulassen. Die meisten Aufs\u00e4tze in dieser Rubrik lesen sich wie Studienpapiere und Schulungsschriften eines Consultingunternehmens. In der dritten Rubrik \u201eDebatte\u201c werden zumeist kontroverse Themen angesprochen, die offensichtlich zur Debatte und Diskussion einladen sollen. So haben bereits einige rechte Gruppierungen die Funktion, eigene Artikel einzureichen, genutzt und an dieser Stelle miteinander debattiert.<\/span><\/p>\n<p><span style=\"font-size: 14pt;\">Der Internetblog \u201eGegenstrom \u2013 Plattform f\u00fcr rechte Metapolitik\u201c kann demnach als ein im Netz sich auswirkender Zusammenschluss diverser rechter Intellektueller verstanden werden, die den Versuch unternehmen, die Rechten theoretisch wie philosophisch n\u00e4her zueinander r\u00fccken zu lassen. Bleibt abzuwarten, ob die Initiatoren mit diesem Vorhaben Erfolg haben werden. Was man jedoch bereits jetzt sagen kann, ist, dass sie ein breites und auch sehr interessantes Angebot f\u00fcr haupts\u00e4chlich rechtsintellektuelle Leser kostenlos zur Verf\u00fcgung stellen. Wer sich am gro\u00dfen Diskurs unserer Tage beteiligen m\u00f6chte, kann es hier tun. (sst)<\/span><\/p>","protected":false},"excerpt":{"rendered":"<p>Das rechtspopulistische Blogprojekt www.spreeruf.com hat unseren Blog lobend in einem Artikel erw\u00e4hnt. Das m\u00f6chten wir hier gerne ver\u00f6ffentlichen. Das Internet stellt nicht nur ein Sammelsurium von sog. &#8222;FakeNews&#8220; dar, sondern erm\u00f6glicht vor allem die Erweiterung des Resonanzraums der politischen Meinungen. Die Redaktion Rechte Intellektuelle finden Weg ins Internet: Neuer Blog \u201eGegenstrom\u201c seit 2017\u00a0online Die immer [&hellip;]<\/p>","protected":false},"author":28,"featured_media":834,"comment_status":"open","ping_status":"open","sticky":false,"template":"","format":"standard","meta":{"_et_pb_use_builder":"","_et_pb_old_content":"","_et_gb_content_width":"","_jetpack_memberships_contains_paid_content":false,"footnotes":""},"categories":[4],"tags":[200,18,201,199,202,57],"class_list":["post-833","post","type-post","status-publish","format-standard","has-post-thumbnail","hentry","category-deutschland-und-die-welt","tag-gegenstrom","tag-metapolitik","tag-rechte-metapolitik","tag-rechtsintellektuelle","tag-sezession-im-netz","tag-spreeruf"],"yoast_head":"<!-- This site is optimized with the Yoast SEO plugin v26.2 - https:\/\/yoast.com\/wordpress\/plugins\/seo\/ -->\n<title>Spreeruf verweist auf rechtsintellektuelles Blogprojekt - Gegenstrom<\/title>\n<meta name=\"robots\" content=\"index, follow, max-snippet:-1, max-image-preview:large, max-video-preview:-1\" \/>\n<link rel=\"canonical\" href=\"https:\/\/gegenstrom.org\/en\/spreeruf-verweist-auf-rechtsintellektuelles-blogprojekt\/\" \/>\n<meta property=\"og:locale\" content=\"en_US\" \/>\n<meta property=\"og:type\" content=\"article\" \/>\n<meta property=\"og:title\" content=\"Spreeruf verweist auf rechtsintellektuelles Blogprojekt - Gegenstrom\" \/>\n<meta property=\"og:description\" content=\"Das rechtspopulistische Blogprojekt www.spreeruf.com hat unseren Blog lobend in einem Artikel erw\u00e4hnt. Das m\u00f6chten wir hier gerne ver\u00f6ffentlichen. Das Internet stellt nicht nur ein Sammelsurium von sog. &#8222;FakeNews&#8220; dar, sondern erm\u00f6glicht vor allem die Erweiterung des Resonanzraums der politischen Meinungen. Die Redaktion Rechte Intellektuelle finden Weg ins Internet: Neuer Blog \u201eGegenstrom\u201c seit 2017\u00a0online Die immer [&hellip;]\" \/>\n<meta property=\"og:url\" content=\"https:\/\/gegenstrom.org\/en\/spreeruf-verweist-auf-rechtsintellektuelles-blogprojekt\/\" \/>\n<meta property=\"og:site_name\" content=\"Gegenstrom\" \/>\n<meta property=\"article:publisher\" content=\"https:\/\/de-de.facebook.com\/rechteMetapolitik\/\" \/>\n<meta property=\"article:published_time\" content=\"2017-09-23T07:31:15+00:00\" \/>\n<meta property=\"article:modified_time\" content=\"2020-02-03T17:35:50+00:00\" \/>\n<meta property=\"og:image\" content=\"https:\/\/gegenstrom.org\/wp-content\/uploads\/2017\/09\/Quadriga.jpg\" \/>\n\t<meta property=\"og:image:width\" content=\"715\" \/>\n\t<meta property=\"og:image:height\" content=\"300\" \/>\n\t<meta property=\"og:image:type\" content=\"image\/jpeg\" \/>\n<meta name=\"author\" content=\"Redaktion\" \/>\n<meta name=\"twitter:card\" content=\"summary_large_image\" \/>\n<meta name=\"twitter:label1\" content=\"Written by\" \/>\n\t<meta name=\"twitter:data1\" content=\"Redaktion\" \/>\n\t<meta name=\"twitter:label2\" content=\"Est. reading time\" \/>\n\t<meta name=\"twitter:data2\" content=\"3 minutes\" \/>\n<script type=\"application\/ld+json\" class=\"yoast-schema-graph\">{\"@context\":\"https:\/\/schema.org\",\"@graph\":[{\"@type\":\"Article\",\"@id\":\"https:\/\/gegenstrom.org\/spreeruf-verweist-auf-rechtsintellektuelles-blogprojekt\/#article\",\"isPartOf\":{\"@id\":\"https:\/\/gegenstrom.org\/spreeruf-verweist-auf-rechtsintellektuelles-blogprojekt\/\"},\"author\":{\"name\":\"Redaktion\",\"@id\":\"https:\/\/gegenstrom.org\/#\/schema\/person\/9adb4188754722c1352b5f101655cd2d\"},\"headline\":\"Spreeruf verweist auf rechtsintellektuelles Blogprojekt\",\"datePublished\":\"2017-09-23T07:31:15+00:00\",\"dateModified\":\"2020-02-03T17:35:50+00:00\",\"mainEntityOfPage\":{\"@id\":\"https:\/\/gegenstrom.org\/spreeruf-verweist-auf-rechtsintellektuelles-blogprojekt\/\"},\"wordCount\":574,\"commentCount\":0,\"publisher\":{\"@id\":\"https:\/\/gegenstrom.org\/#organization\"},\"image\":{\"@id\":\"https:\/\/gegenstrom.org\/spreeruf-verweist-auf-rechtsintellektuelles-blogprojekt\/#primaryimage\"},\"thumbnailUrl\":\"https:\/\/gegenstrom.org\/wp-content\/uploads\/2017\/09\/Quadriga.jpg\",\"keywords\":[\"Gegenstrom\",\"Metapolitik\",\"rechte Metapolitik\",\"Rechtsintellektuelle\",\"Sezession im Netz\",\"Spreeruf\"],\"articleSection\":[\"Deutschland und die Welt\"],\"inLanguage\":\"en-US\"},{\"@type\":\"WebPage\",\"@id\":\"https:\/\/gegenstrom.org\/spreeruf-verweist-auf-rechtsintellektuelles-blogprojekt\/\",\"url\":\"https:\/\/gegenstrom.org\/spreeruf-verweist-auf-rechtsintellektuelles-blogprojekt\/\",\"name\":\"Spreeruf verweist auf rechtsintellektuelles Blogprojekt - Gegenstrom\",\"isPartOf\":{\"@id\":\"https:\/\/gegenstrom.org\/#website\"},\"primaryImageOfPage\":{\"@id\":\"https:\/\/gegenstrom.org\/spreeruf-verweist-auf-rechtsintellektuelles-blogprojekt\/#primaryimage\"},\"image\":{\"@id\":\"https:\/\/gegenstrom.org\/spreeruf-verweist-auf-rechtsintellektuelles-blogprojekt\/#primaryimage\"},\"thumbnailUrl\":\"https:\/\/gegenstrom.org\/wp-content\/uploads\/2017\/09\/Quadriga.jpg\",\"datePublished\":\"2017-09-23T07:31:15+00:00\",\"dateModified\":\"2020-02-03T17:35:50+00:00\",\"breadcrumb\":{\"@id\":\"https:\/\/gegenstrom.org\/spreeruf-verweist-auf-rechtsintellektuelles-blogprojekt\/#breadcrumb\"},\"inLanguage\":\"en-US\",\"potentialAction\":[{\"@type\":\"ReadAction\",\"target\":[\"https:\/\/gegenstrom.org\/spreeruf-verweist-auf-rechtsintellektuelles-blogprojekt\/\"]}]},{\"@type\":\"ImageObject\",\"inLanguage\":\"en-US\",\"@id\":\"https:\/\/gegenstrom.org\/spreeruf-verweist-auf-rechtsintellektuelles-blogprojekt\/#primaryimage\",\"url\":\"https:\/\/gegenstrom.org\/wp-content\/uploads\/2017\/09\/Quadriga.jpg\",\"contentUrl\":\"https:\/\/gegenstrom.org\/wp-content\/uploads\/2017\/09\/Quadriga.jpg\",\"width\":715,\"height\":300,\"caption\":\"Quadriga\"},{\"@type\":\"BreadcrumbList\",\"@id\":\"https:\/\/gegenstrom.org\/spreeruf-verweist-auf-rechtsintellektuelles-blogprojekt\/#breadcrumb\",\"itemListElement\":[{\"@type\":\"ListItem\",\"position\":1,\"name\":\"Startseite\",\"item\":\"https:\/\/gegenstrom.org\/\"},{\"@type\":\"ListItem\",\"position\":2,\"name\":\"Spreeruf verweist auf rechtsintellektuelles Blogprojekt\"}]},{\"@type\":\"WebSite\",\"@id\":\"https:\/\/gegenstrom.org\/#website\",\"url\":\"https:\/\/gegenstrom.org\/\",\"name\":\"Gegenstrom\",\"description\":\"Plattform f\u00fcr rechte Metapolitik\",\"publisher\":{\"@id\":\"https:\/\/gegenstrom.org\/#organization\"},\"potentialAction\":[{\"@type\":\"SearchAction\",\"target\":{\"@type\":\"EntryPoint\",\"urlTemplate\":\"https:\/\/gegenstrom.org\/?s={search_term_string}\"},\"query-input\":{\"@type\":\"PropertyValueSpecification\",\"valueRequired\":true,\"valueName\":\"search_term_string\"}}],\"inLanguage\":\"en-US\"},{\"@type\":\"Organization\",\"@id\":\"https:\/\/gegenstrom.org\/#organization\",\"name\":\"Metapol Verlag & Medien\",\"url\":\"https:\/\/gegenstrom.org\/\",\"logo\":{\"@type\":\"ImageObject\",\"inLanguage\":\"en-US\",\"@id\":\"https:\/\/gegenstrom.org\/#\/schema\/logo\/image\/\",\"url\":\"https:\/\/gegenstrom.org\/wp-content\/uploads\/2019\/11\/WMB_Senkrecht_Farbe_M-e1574681161133.png\",\"contentUrl\":\"https:\/\/gegenstrom.org\/wp-content\/uploads\/2019\/11\/WMB_Senkrecht_Farbe_M-e1574681161133.png\",\"width\":300,\"height\":219,\"caption\":\"Metapol Verlag & Medien\"},\"image\":{\"@id\":\"https:\/\/gegenstrom.org\/#\/schema\/logo\/image\/\"},\"sameAs\":[\"https:\/\/de-de.facebook.com\/rechteMetapolitik\/\",\"https:\/\/www.youtube.com\/channel\/UCvQizs-yQ8YapMiyuD6wDrw\"]},{\"@type\":\"Person\",\"@id\":\"https:\/\/gegenstrom.org\/#\/schema\/person\/9adb4188754722c1352b5f101655cd2d\",\"name\":\"Redaktion\",\"url\":\"https:\/\/gegenstrom.org\/en\/author\/redaktion\/\"}]}<\/script>\n<!-- \/ Yoast SEO plugin. -->","yoast_head_json":{"title":"Spreeruf verweist auf rechtsintellektuelles Blogprojekt - Gegenstrom","robots":{"index":"index","follow":"follow","max-snippet":"max-snippet:-1","max-image-preview":"max-image-preview:large","max-video-preview":"max-video-preview:-1"},"canonical":"https:\/\/gegenstrom.org\/en\/spreeruf-verweist-auf-rechtsintellektuelles-blogprojekt\/","og_locale":"en_US","og_type":"article","og_title":"Spreeruf verweist auf rechtsintellektuelles Blogprojekt - Gegenstrom","og_description":"Das rechtspopulistische Blogprojekt www.spreeruf.com hat unseren Blog lobend in einem Artikel erw\u00e4hnt. Das m\u00f6chten wir hier gerne ver\u00f6ffentlichen. Das Internet stellt nicht nur ein Sammelsurium von sog. &#8222;FakeNews&#8220; dar, sondern erm\u00f6glicht vor allem die Erweiterung des Resonanzraums der politischen Meinungen. Die Redaktion Rechte Intellektuelle finden Weg ins Internet: Neuer Blog \u201eGegenstrom\u201c seit 2017\u00a0online Die immer [&hellip;]","og_url":"https:\/\/gegenstrom.org\/en\/spreeruf-verweist-auf-rechtsintellektuelles-blogprojekt\/","og_site_name":"Gegenstrom","article_publisher":"https:\/\/de-de.facebook.com\/rechteMetapolitik\/","article_published_time":"2017-09-23T07:31:15+00:00","article_modified_time":"2020-02-03T17:35:50+00:00","og_image":[{"width":715,"height":300,"url":"https:\/\/gegenstrom.org\/wp-content\/uploads\/2017\/09\/Quadriga.jpg","type":"image\/jpeg"}],"author":"Redaktion","twitter_card":"summary_large_image","twitter_misc":{"Written by":"Redaktion","Est. reading time":"3 minutes"},"schema":{"@context":"https:\/\/schema.org","@graph":[{"@type":"Article","@id":"https:\/\/gegenstrom.org\/spreeruf-verweist-auf-rechtsintellektuelles-blogprojekt\/#article","isPartOf":{"@id":"https:\/\/gegenstrom.org\/spreeruf-verweist-auf-rechtsintellektuelles-blogprojekt\/"},"author":{"name":"Redaktion","@id":"https:\/\/gegenstrom.org\/#\/schema\/person\/9adb4188754722c1352b5f101655cd2d"},"headline":"Spreeruf verweist auf rechtsintellektuelles Blogprojekt","datePublished":"2017-09-23T07:31:15+00:00","dateModified":"2020-02-03T17:35:50+00:00","mainEntityOfPage":{"@id":"https:\/\/gegenstrom.org\/spreeruf-verweist-auf-rechtsintellektuelles-blogprojekt\/"},"wordCount":574,"commentCount":0,"publisher":{"@id":"https:\/\/gegenstrom.org\/#organization"},"image":{"@id":"https:\/\/gegenstrom.org\/spreeruf-verweist-auf-rechtsintellektuelles-blogprojekt\/#primaryimage"},"thumbnailUrl":"https:\/\/gegenstrom.org\/wp-content\/uploads\/2017\/09\/Quadriga.jpg","keywords":["Gegenstrom","Metapolitik","rechte Metapolitik","Rechtsintellektuelle","Sezession im Netz","Spreeruf"],"articleSection":["Deutschland und die Welt"],"inLanguage":"en-US"},{"@type":"WebPage","@id":"https:\/\/gegenstrom.org\/spreeruf-verweist-auf-rechtsintellektuelles-blogprojekt\/","url":"https:\/\/gegenstrom.org\/spreeruf-verweist-auf-rechtsintellektuelles-blogprojekt\/","name":"Spreeruf verweist auf rechtsintellektuelles Blogprojekt - Gegenstrom","isPartOf":{"@id":"https:\/\/gegenstrom.org\/#website"},"primaryImageOfPage":{"@id":"https:\/\/gegenstrom.org\/spreeruf-verweist-auf-rechtsintellektuelles-blogprojekt\/#primaryimage"},"image":{"@id":"https:\/\/gegenstrom.org\/spreeruf-verweist-auf-rechtsintellektuelles-blogprojekt\/#primaryimage"},"thumbnailUrl":"https:\/\/gegenstrom.org\/wp-content\/uploads\/2017\/09\/Quadriga.jpg","datePublished":"2017-09-23T07:31:15+00:00","dateModified":"2020-02-03T17:35:50+00:00","breadcrumb":{"@id":"https:\/\/gegenstrom.org\/spreeruf-verweist-auf-rechtsintellektuelles-blogprojekt\/#breadcrumb"},"inLanguage":"en-US","potentialAction":[{"@type":"ReadAction","target":["https:\/\/gegenstrom.org\/spreeruf-verweist-auf-rechtsintellektuelles-blogprojekt\/"]}]},{"@type":"ImageObject","inLanguage":"en-US","@id":"https:\/\/gegenstrom.org\/spreeruf-verweist-auf-rechtsintellektuelles-blogprojekt\/#primaryimage","url":"https:\/\/gegenstrom.org\/wp-content\/uploads\/2017\/09\/Quadriga.jpg","contentUrl":"https:\/\/gegenstrom.org\/wp-content\/uploads\/2017\/09\/Quadriga.jpg","width":715,"height":300,"caption":"Quadriga"},{"@type":"BreadcrumbList","@id":"https:\/\/gegenstrom.org\/spreeruf-verweist-auf-rechtsintellektuelles-blogprojekt\/#breadcrumb","itemListElement":[{"@type":"ListItem","position":1,"name":"Startseite","item":"https:\/\/gegenstrom.org\/"},{"@type":"ListItem","position":2,"name":"Spreeruf verweist auf rechtsintellektuelles Blogprojekt"}]},{"@type":"WebSite","@id":"https:\/\/gegenstrom.org\/#website","url":"https:\/\/gegenstrom.org\/","name":"Gegenstrom","description":"Plattform f\u00fcr rechte Metapolitik","publisher":{"@id":"https:\/\/gegenstrom.org\/#organization"},"potentialAction":[{"@type":"SearchAction","target":{"@type":"EntryPoint","urlTemplate":"https:\/\/gegenstrom.org\/?s={search_term_string}"},"query-input":{"@type":"PropertyValueSpecification","valueRequired":true,"valueName":"search_term_string"}}],"inLanguage":"en-US"},{"@type":"Organization","@id":"https:\/\/gegenstrom.org\/#organization","name":"Metapol Verlag & Medien","url":"https:\/\/gegenstrom.org\/","logo":{"@type":"ImageObject","inLanguage":"en-US","@id":"https:\/\/gegenstrom.org\/#\/schema\/logo\/image\/","url":"https:\/\/gegenstrom.org\/wp-content\/uploads\/2019\/11\/WMB_Senkrecht_Farbe_M-e1574681161133.png","contentUrl":"https:\/\/gegenstrom.org\/wp-content\/uploads\/2019\/11\/WMB_Senkrecht_Farbe_M-e1574681161133.png","width":300,"height":219,"caption":"Metapol Verlag & Medien"},"image":{"@id":"https:\/\/gegenstrom.org\/#\/schema\/logo\/image\/"},"sameAs":["https:\/\/de-de.facebook.com\/rechteMetapolitik\/","https:\/\/www.youtube.com\/channel\/UCvQizs-yQ8YapMiyuD6wDrw"]},{"@type":"Person","@id":"https:\/\/gegenstrom.org\/#\/schema\/person\/9adb4188754722c1352b5f101655cd2d","name":"Redaktion","url":"https:\/\/gegenstrom.org\/en\/author\/redaktion\/"}]}},"jetpack_featured_media_url":"https:\/\/gegenstrom.org\/wp-content\/uploads\/2017\/09\/Quadriga.jpg","jetpack_sharing_enabled":true,"_links":{"self":[{"href":"https:\/\/gegenstrom.org\/en\/wp-json\/wp\/v2\/posts\/833","targetHints":{"allow":["GET"]}}],"collection":[{"href":"https:\/\/gegenstrom.org\/en\/wp-json\/wp\/v2\/posts"}],"about":[{"href":"https:\/\/gegenstrom.org\/en\/wp-json\/wp\/v2\/types\/post"}],"author":[{"embeddable":true,"href":"https:\/\/gegenstrom.org\/en\/wp-json\/wp\/v2\/users\/28"}],"replies":[{"embeddable":true,"href":"https:\/\/gegenstrom.org\/en\/wp-json\/wp\/v2\/comments?post=833"}],"version-history":[{"count":0,"href":"https:\/\/gegenstrom.org\/en\/wp-json\/wp\/v2\/posts\/833\/revisions"}],"wp:featuredmedia":[{"embeddable":true,"href":"https:\/\/gegenstrom.org\/en\/wp-json\/wp\/v2\/media\/834"}],"wp:attachment":[{"href":"https:\/\/gegenstrom.org\/en\/wp-json\/wp\/v2\/media?parent=833"}],"wp:term":[{"taxonomy":"category","embeddable":true,"href":"https:\/\/gegenstrom.org\/en\/wp-json\/wp\/v2\/categories?post=833"},{"taxonomy":"post_tag","embeddable":true,"href":"https:\/\/gegenstrom.org\/en\/wp-json\/wp\/v2\/tags?post=833"}],"curies":[{"name":"wp","href":"https:\/\/api.w.org\/{rel}","templated":true}]}}