{"id":821,"date":"2017-09-17T19:55:08","date_gmt":"2017-09-17T18:55:08","guid":{"rendered":"https:\/\/gegenstrom.org\/?p=821"},"modified":"2020-02-03T18:36:54","modified_gmt":"2020-02-03T17:36:54","slug":"merkel-auf-die-finger-schauen-am-24-september-wahlbeobachter-werden","status":"publish","type":"post","link":"https:\/\/gegenstrom.org\/en\/merkel-auf-die-finger-schauen-am-24-september-wahlbeobachter-werden\/","title":{"rendered":"Merkel auf die Finger schauen! \u2013 Am 24. September Wahlbeobachter werden!"},"content":{"rendered":"<p><span style=\"font-size: 14pt;\">Wird 2017 ein \u201eWendejahr\u201c? Wer mich kennt, wei\u00df, dass ich alles andere als ein gro\u00dfer Verfechter von Demokratie und westlichem Parlamentarismus bin. Doch m\u00f6chte ich heute das Lied der Demokratie singen, weil ich wei\u00df, dass wir unseren Feinden am 24. September 2017 gewaltig eins auswischen k\u00f6nnen.<\/span><\/p>\n<p><span style=\"font-size: 14pt;\">\u201eWenn Wahlen etwas \u00e4ndern k\u00f6nnten, dann w\u00e4ren sie verboten.\u201c Dieses h\u00e4ufig f\u00e4lschlicherweise Kurt Tucholsky zugewiesene Zitat habe ich insbesondere in den letzten Jahren immer \u00f6fter von Rechten gesagt bekommen. Ich m\u00f6chte nicht allen diesen Leuten Def\u00e4tismus unterstellen, doch erlaube ich mir, sie des Fatalismus zu bezichtigen. Wenn Wahlen nichts \u00e4ndern k\u00f6nnten, dann frage ich mich, was wir im Jahr 1969 mit dem Sieg Willy Brandts erlebten. Hat sich diese Republik \u2013 insbesondere in seiner au\u00dfenpolitischen Haltung zum Osten \u2013 dadurch etwa nicht grundlegend ver\u00e4ndert? Der Siegeszug der vermeintlich \u201egr\u00fcnen\u201c Sozialisten durch die Institutionen und durch die Parteiengremien w\u00e4re ohne diese Wahl nicht denkbar gewesen. Ich sehe ein, dass es mit dem Verstreichen der Zeit immer geringere Unterschiede zwischen den meisten zur Wahl stehenden Parteien sowie ihren Kanzlerkandidaten gibt. Das heutige f\u00fcr die Massen vorgespielte Schauspiel zwischen dem Gottkanzler Martin und der negativ-physiognomischen \u201eb\u00f6sen Frau aus Berlin\u201c mag daf\u00fcr bestes Beispiel ablegen. Dennoch haben wir in diesem Jahr das erste Mal eine patriotische Partei auf dem Wahlzettel stehen, die mit sehr hoher Wahrscheinlichkeit den Weg in den Bundestag finden wird. Dies gleicht einem politischen Erdbeben. Nur damit ich nicht falsch verstanden werde: Ich bin kein fanatischer Anh\u00e4nger der blauen Patrioten und glaube auch nicht, dass sich alles \u00e4ndern w\u00fcrde, wenn die Alternative f\u00fcr Deutschland mit satten 20 Prozent in den Bundestag einzieht. Dennoch halte ich es f\u00fcr sehr wahrscheinlich, dass dadurch der mittlerweile nicht mehr aufzuhaltende gesellschaftliche Paradigmenwechsel gen RECHTS um ein gewaltiges St\u00fcck vorangeschoben wird \u2013 was zudem auch Konkurrenzparteien wie der NPD zugutekommen d\u00fcrfte. Jeder, der noch Heimatliebe im Herzen tr\u00e4gt, sich f\u00fcr die Belange des eigenen Volkes interessiert oder gar bef\u00fcrchtet in seinem eigenen Land als Deutscher zumindest auf geistig-intellektueller Ebene bereits einer Minderheit anzugeh\u00f6ren, wird dadurch moralisch gest\u00e4rkt. Ein Sieg, gleich welcher zumindest von den Medien als rechts deklarierten Partei, bedeutet die moralische St\u00e4rkung des Widerstandes.<\/span><\/p>\n<p><span style=\"font-size: 14pt;\">Da, wie das <a href=\"https:\/\/einprozent.de\/\">B\u00fcrgernetzwerk Einprozent<\/a> richtig feststellte, in der Vergangenheit viel Schindluder w\u00e4hrend der Stimmenausz\u00e4hlungen in so manchem Wahllokal getrieben wurde, ist es sinnvoll am 24. September Wahlbeobachter zu werden, um Wahlbetrug unm\u00f6glich zu machen. Das patriotische B\u00fcrgernetzwerk bietet dazu auch Unterst\u00fctzung an. So kann sich auf der Internetseite <a href=\"http:\/\/www.wahlbeobachtung.de\">www.wahlbeobachtung.de<\/a> ein Leitfaden heruntergeladen werden, in dem \u201eEinsteiger\u201c wichtige Hinweise zur T\u00e4tigkeit als Wahlbeobachter bekommen. Des Weiteren koordiniert Einprozent (das im \u00dcbrigen bereits in der Vergangenheit mit seiner Wahlbeobachter-Arbeit einige F\u00e4lle von Wahlbetrug\u00a0 aufdecken konnte, die auch signifikante Platzverteilungs\u00e4nderungen in den Parlamenten zur Folge hatten) die Wahlbeobachtungen in der gesamten Bundesrepublik. Das Netzwerk ist daher bestens organisiert und erfahren im Umgang mit Wahlvorst\u00e4nden und Wahllokalen.<\/span><\/p>\n<p><span style=\"font-size: 14pt;\">In diesem Sinne m\u00f6chte auch ich dazu aufrufen, sich bis zum 24. September bei Einprozent oder direkt unter der Adresse <a href=\"http:\/\/www.wahlbeobachtung.de\">www.wahlbeobachtung.de<\/a> zu melden und sich den bundesweiten Augen anzuschlie\u00dfen, die Merkel ganz genau auf die Finger schauen werden.<\/span><\/p>\n<p><span style=\"font-size: 14pt;\">\u201eAus der Krise eine Wende zu machen, setzt voraus, dass Betrug und F\u00e4lschung nicht m\u00f6glich sind.\u201c G\u00f6tz Kubitschek<\/span><\/p>","protected":false},"excerpt":{"rendered":"<p>Wird 2017 ein \u201eWendejahr\u201c? Wer mich kennt, wei\u00df, dass ich alles andere als ein gro\u00dfer Verfechter von Demokratie und westlichem Parlamentarismus bin. Doch m\u00f6chte ich heute das Lied der Demokratie singen, weil ich wei\u00df, dass wir unseren Feinden am 24. September 2017 gewaltig eins auswischen k\u00f6nnen. \u201eWenn Wahlen etwas \u00e4ndern k\u00f6nnten, dann w\u00e4ren sie verboten.\u201c [&hellip;]<\/p>","protected":false},"author":22,"featured_media":822,"comment_status":"open","ping_status":"open","sticky":false,"template":"","format":"standard","meta":{"_et_pb_use_builder":"","_et_pb_old_content":"","_et_gb_content_width":"","_jetpack_memberships_contains_paid_content":false,"footnotes":""},"categories":[4],"tags":[194,196,193,195],"class_list":["post-821","post","type-post","status-publish","format-standard","has-post-thumbnail","hentry","category-deutschland-und-die-welt","tag-einprozent","tag-parteien","tag-wahlbeobachter","tag-wahlen"],"yoast_head":"<!-- This site is optimized with the Yoast SEO plugin v26.2 - https:\/\/yoast.com\/wordpress\/plugins\/seo\/ -->\n<title>Merkel auf die Finger schauen! \u2013 Am 24. September Wahlbeobachter werden! - Gegenstrom<\/title>\n<meta name=\"robots\" content=\"index, follow, max-snippet:-1, max-image-preview:large, max-video-preview:-1\" \/>\n<link rel=\"canonical\" href=\"https:\/\/gegenstrom.org\/en\/merkel-auf-die-finger-schauen-am-24-september-wahlbeobachter-werden\/\" \/>\n<meta property=\"og:locale\" content=\"en_US\" \/>\n<meta property=\"og:type\" content=\"article\" \/>\n<meta property=\"og:title\" content=\"Merkel auf die Finger schauen! \u2013 Am 24. September Wahlbeobachter werden! - Gegenstrom\" \/>\n<meta property=\"og:description\" content=\"Wird 2017 ein \u201eWendejahr\u201c? Wer mich kennt, wei\u00df, dass ich alles andere als ein gro\u00dfer Verfechter von Demokratie und westlichem Parlamentarismus bin. Doch m\u00f6chte ich heute das Lied der Demokratie singen, weil ich wei\u00df, dass wir unseren Feinden am 24. September 2017 gewaltig eins auswischen k\u00f6nnen. \u201eWenn Wahlen etwas \u00e4ndern k\u00f6nnten, dann w\u00e4ren sie verboten.\u201c [&hellip;]\" \/>\n<meta property=\"og:url\" content=\"https:\/\/gegenstrom.org\/en\/merkel-auf-die-finger-schauen-am-24-september-wahlbeobachter-werden\/\" \/>\n<meta property=\"og:site_name\" content=\"Gegenstrom\" \/>\n<meta property=\"article:publisher\" content=\"https:\/\/de-de.facebook.com\/rechteMetapolitik\/\" \/>\n<meta property=\"article:published_time\" content=\"2017-09-17T18:55:08+00:00\" \/>\n<meta property=\"article:modified_time\" content=\"2020-02-03T17:36:54+00:00\" \/>\n<meta property=\"og:image\" content=\"https:\/\/gegenstrom.org\/wp-content\/uploads\/2017\/09\/Wahlbeobachtung.jpg\" \/>\n\t<meta property=\"og:image:width\" content=\"715\" \/>\n\t<meta property=\"og:image:height\" content=\"300\" \/>\n\t<meta property=\"og:image:type\" content=\"image\/jpeg\" \/>\n<meta name=\"author\" content=\"Peter Steinborn\" \/>\n<meta name=\"twitter:card\" content=\"summary_large_image\" \/>\n<meta name=\"twitter:label1\" content=\"Written by\" \/>\n\t<meta name=\"twitter:data1\" content=\"Peter Steinborn\" \/>\n\t<meta name=\"twitter:label2\" content=\"Est. reading time\" \/>\n\t<meta name=\"twitter:data2\" content=\"3 minutes\" \/>\n<script type=\"application\/ld+json\" class=\"yoast-schema-graph\">{\"@context\":\"https:\/\/schema.org\",\"@graph\":[{\"@type\":\"Article\",\"@id\":\"https:\/\/gegenstrom.org\/merkel-auf-die-finger-schauen-am-24-september-wahlbeobachter-werden\/#article\",\"isPartOf\":{\"@id\":\"https:\/\/gegenstrom.org\/merkel-auf-die-finger-schauen-am-24-september-wahlbeobachter-werden\/\"},\"author\":{\"name\":\"Peter Steinborn\",\"@id\":\"https:\/\/gegenstrom.org\/#\/schema\/person\/40de2267a7d15eb30009c962eca594a1\"},\"headline\":\"Merkel auf die Finger schauen! \u2013 Am 24. September Wahlbeobachter werden!\",\"datePublished\":\"2017-09-17T18:55:08+00:00\",\"dateModified\":\"2020-02-03T17:36:54+00:00\",\"mainEntityOfPage\":{\"@id\":\"https:\/\/gegenstrom.org\/merkel-auf-die-finger-schauen-am-24-september-wahlbeobachter-werden\/\"},\"wordCount\":572,\"commentCount\":0,\"publisher\":{\"@id\":\"https:\/\/gegenstrom.org\/#organization\"},\"image\":{\"@id\":\"https:\/\/gegenstrom.org\/merkel-auf-die-finger-schauen-am-24-september-wahlbeobachter-werden\/#primaryimage\"},\"thumbnailUrl\":\"https:\/\/gegenstrom.org\/wp-content\/uploads\/2017\/09\/Wahlbeobachtung.jpg\",\"keywords\":[\"Einprozent\",\"Parteien\",\"Wahlbeobachter\",\"Wahlen\"],\"articleSection\":[\"Deutschland und die Welt\"],\"inLanguage\":\"en-US\"},{\"@type\":\"WebPage\",\"@id\":\"https:\/\/gegenstrom.org\/merkel-auf-die-finger-schauen-am-24-september-wahlbeobachter-werden\/\",\"url\":\"https:\/\/gegenstrom.org\/merkel-auf-die-finger-schauen-am-24-september-wahlbeobachter-werden\/\",\"name\":\"Merkel auf die Finger schauen! \u2013 Am 24. September Wahlbeobachter werden! - Gegenstrom\",\"isPartOf\":{\"@id\":\"https:\/\/gegenstrom.org\/#website\"},\"primaryImageOfPage\":{\"@id\":\"https:\/\/gegenstrom.org\/merkel-auf-die-finger-schauen-am-24-september-wahlbeobachter-werden\/#primaryimage\"},\"image\":{\"@id\":\"https:\/\/gegenstrom.org\/merkel-auf-die-finger-schauen-am-24-september-wahlbeobachter-werden\/#primaryimage\"},\"thumbnailUrl\":\"https:\/\/gegenstrom.org\/wp-content\/uploads\/2017\/09\/Wahlbeobachtung.jpg\",\"datePublished\":\"2017-09-17T18:55:08+00:00\",\"dateModified\":\"2020-02-03T17:36:54+00:00\",\"breadcrumb\":{\"@id\":\"https:\/\/gegenstrom.org\/merkel-auf-die-finger-schauen-am-24-september-wahlbeobachter-werden\/#breadcrumb\"},\"inLanguage\":\"en-US\",\"potentialAction\":[{\"@type\":\"ReadAction\",\"target\":[\"https:\/\/gegenstrom.org\/merkel-auf-die-finger-schauen-am-24-september-wahlbeobachter-werden\/\"]}]},{\"@type\":\"ImageObject\",\"inLanguage\":\"en-US\",\"@id\":\"https:\/\/gegenstrom.org\/merkel-auf-die-finger-schauen-am-24-september-wahlbeobachter-werden\/#primaryimage\",\"url\":\"https:\/\/gegenstrom.org\/wp-content\/uploads\/2017\/09\/Wahlbeobachtung.jpg\",\"contentUrl\":\"https:\/\/gegenstrom.org\/wp-content\/uploads\/2017\/09\/Wahlbeobachtung.jpg\",\"width\":715,\"height\":300,\"caption\":\"Wahlbeobachtung\"},{\"@type\":\"BreadcrumbList\",\"@id\":\"https:\/\/gegenstrom.org\/merkel-auf-die-finger-schauen-am-24-september-wahlbeobachter-werden\/#breadcrumb\",\"itemListElement\":[{\"@type\":\"ListItem\",\"position\":1,\"name\":\"Startseite\",\"item\":\"https:\/\/gegenstrom.org\/\"},{\"@type\":\"ListItem\",\"position\":2,\"name\":\"Merkel auf die Finger schauen! \u2013 Am 24. September Wahlbeobachter werden!\"}]},{\"@type\":\"WebSite\",\"@id\":\"https:\/\/gegenstrom.org\/#website\",\"url\":\"https:\/\/gegenstrom.org\/\",\"name\":\"Gegenstrom\",\"description\":\"Plattform f\u00fcr rechte Metapolitik\",\"publisher\":{\"@id\":\"https:\/\/gegenstrom.org\/#organization\"},\"potentialAction\":[{\"@type\":\"SearchAction\",\"target\":{\"@type\":\"EntryPoint\",\"urlTemplate\":\"https:\/\/gegenstrom.org\/?s={search_term_string}\"},\"query-input\":{\"@type\":\"PropertyValueSpecification\",\"valueRequired\":true,\"valueName\":\"search_term_string\"}}],\"inLanguage\":\"en-US\"},{\"@type\":\"Organization\",\"@id\":\"https:\/\/gegenstrom.org\/#organization\",\"name\":\"Metapol Verlag & Medien\",\"url\":\"https:\/\/gegenstrom.org\/\",\"logo\":{\"@type\":\"ImageObject\",\"inLanguage\":\"en-US\",\"@id\":\"https:\/\/gegenstrom.org\/#\/schema\/logo\/image\/\",\"url\":\"https:\/\/gegenstrom.org\/wp-content\/uploads\/2019\/11\/WMB_Senkrecht_Farbe_M-e1574681161133.png\",\"contentUrl\":\"https:\/\/gegenstrom.org\/wp-content\/uploads\/2019\/11\/WMB_Senkrecht_Farbe_M-e1574681161133.png\",\"width\":300,\"height\":219,\"caption\":\"Metapol Verlag & Medien\"},\"image\":{\"@id\":\"https:\/\/gegenstrom.org\/#\/schema\/logo\/image\/\"},\"sameAs\":[\"https:\/\/de-de.facebook.com\/rechteMetapolitik\/\",\"https:\/\/www.youtube.com\/channel\/UCvQizs-yQ8YapMiyuD6wDrw\"]},{\"@type\":\"Person\",\"@id\":\"https:\/\/gegenstrom.org\/#\/schema\/person\/40de2267a7d15eb30009c962eca594a1\",\"name\":\"Peter Steinborn\",\"url\":\"https:\/\/gegenstrom.org\/en\/author\/peter-steinborn\/\"}]}<\/script>\n<!-- \/ Yoast SEO plugin. -->","yoast_head_json":{"title":"Merkel auf die Finger schauen! \u2013 Am 24. September Wahlbeobachter werden! - Gegenstrom","robots":{"index":"index","follow":"follow","max-snippet":"max-snippet:-1","max-image-preview":"max-image-preview:large","max-video-preview":"max-video-preview:-1"},"canonical":"https:\/\/gegenstrom.org\/en\/merkel-auf-die-finger-schauen-am-24-september-wahlbeobachter-werden\/","og_locale":"en_US","og_type":"article","og_title":"Merkel auf die Finger schauen! \u2013 Am 24. September Wahlbeobachter werden! - Gegenstrom","og_description":"Wird 2017 ein \u201eWendejahr\u201c? Wer mich kennt, wei\u00df, dass ich alles andere als ein gro\u00dfer Verfechter von Demokratie und westlichem Parlamentarismus bin. Doch m\u00f6chte ich heute das Lied der Demokratie singen, weil ich wei\u00df, dass wir unseren Feinden am 24. September 2017 gewaltig eins auswischen k\u00f6nnen. \u201eWenn Wahlen etwas \u00e4ndern k\u00f6nnten, dann w\u00e4ren sie verboten.\u201c [&hellip;]","og_url":"https:\/\/gegenstrom.org\/en\/merkel-auf-die-finger-schauen-am-24-september-wahlbeobachter-werden\/","og_site_name":"Gegenstrom","article_publisher":"https:\/\/de-de.facebook.com\/rechteMetapolitik\/","article_published_time":"2017-09-17T18:55:08+00:00","article_modified_time":"2020-02-03T17:36:54+00:00","og_image":[{"width":715,"height":300,"url":"https:\/\/gegenstrom.org\/wp-content\/uploads\/2017\/09\/Wahlbeobachtung.jpg","type":"image\/jpeg"}],"author":"Peter Steinborn","twitter_card":"summary_large_image","twitter_misc":{"Written by":"Peter Steinborn","Est. reading time":"3 minutes"},"schema":{"@context":"https:\/\/schema.org","@graph":[{"@type":"Article","@id":"https:\/\/gegenstrom.org\/merkel-auf-die-finger-schauen-am-24-september-wahlbeobachter-werden\/#article","isPartOf":{"@id":"https:\/\/gegenstrom.org\/merkel-auf-die-finger-schauen-am-24-september-wahlbeobachter-werden\/"},"author":{"name":"Peter Steinborn","@id":"https:\/\/gegenstrom.org\/#\/schema\/person\/40de2267a7d15eb30009c962eca594a1"},"headline":"Merkel auf die Finger schauen! \u2013 Am 24. September Wahlbeobachter werden!","datePublished":"2017-09-17T18:55:08+00:00","dateModified":"2020-02-03T17:36:54+00:00","mainEntityOfPage":{"@id":"https:\/\/gegenstrom.org\/merkel-auf-die-finger-schauen-am-24-september-wahlbeobachter-werden\/"},"wordCount":572,"commentCount":0,"publisher":{"@id":"https:\/\/gegenstrom.org\/#organization"},"image":{"@id":"https:\/\/gegenstrom.org\/merkel-auf-die-finger-schauen-am-24-september-wahlbeobachter-werden\/#primaryimage"},"thumbnailUrl":"https:\/\/gegenstrom.org\/wp-content\/uploads\/2017\/09\/Wahlbeobachtung.jpg","keywords":["Einprozent","Parteien","Wahlbeobachter","Wahlen"],"articleSection":["Deutschland und die Welt"],"inLanguage":"en-US"},{"@type":"WebPage","@id":"https:\/\/gegenstrom.org\/merkel-auf-die-finger-schauen-am-24-september-wahlbeobachter-werden\/","url":"https:\/\/gegenstrom.org\/merkel-auf-die-finger-schauen-am-24-september-wahlbeobachter-werden\/","name":"Merkel auf die Finger schauen! \u2013 Am 24. September Wahlbeobachter werden! - Gegenstrom","isPartOf":{"@id":"https:\/\/gegenstrom.org\/#website"},"primaryImageOfPage":{"@id":"https:\/\/gegenstrom.org\/merkel-auf-die-finger-schauen-am-24-september-wahlbeobachter-werden\/#primaryimage"},"image":{"@id":"https:\/\/gegenstrom.org\/merkel-auf-die-finger-schauen-am-24-september-wahlbeobachter-werden\/#primaryimage"},"thumbnailUrl":"https:\/\/gegenstrom.org\/wp-content\/uploads\/2017\/09\/Wahlbeobachtung.jpg","datePublished":"2017-09-17T18:55:08+00:00","dateModified":"2020-02-03T17:36:54+00:00","breadcrumb":{"@id":"https:\/\/gegenstrom.org\/merkel-auf-die-finger-schauen-am-24-september-wahlbeobachter-werden\/#breadcrumb"},"inLanguage":"en-US","potentialAction":[{"@type":"ReadAction","target":["https:\/\/gegenstrom.org\/merkel-auf-die-finger-schauen-am-24-september-wahlbeobachter-werden\/"]}]},{"@type":"ImageObject","inLanguage":"en-US","@id":"https:\/\/gegenstrom.org\/merkel-auf-die-finger-schauen-am-24-september-wahlbeobachter-werden\/#primaryimage","url":"https:\/\/gegenstrom.org\/wp-content\/uploads\/2017\/09\/Wahlbeobachtung.jpg","contentUrl":"https:\/\/gegenstrom.org\/wp-content\/uploads\/2017\/09\/Wahlbeobachtung.jpg","width":715,"height":300,"caption":"Wahlbeobachtung"},{"@type":"BreadcrumbList","@id":"https:\/\/gegenstrom.org\/merkel-auf-die-finger-schauen-am-24-september-wahlbeobachter-werden\/#breadcrumb","itemListElement":[{"@type":"ListItem","position":1,"name":"Startseite","item":"https:\/\/gegenstrom.org\/"},{"@type":"ListItem","position":2,"name":"Merkel auf die Finger schauen! \u2013 Am 24. September Wahlbeobachter werden!"}]},{"@type":"WebSite","@id":"https:\/\/gegenstrom.org\/#website","url":"https:\/\/gegenstrom.org\/","name":"Gegenstrom","description":"Plattform f\u00fcr rechte Metapolitik","publisher":{"@id":"https:\/\/gegenstrom.org\/#organization"},"potentialAction":[{"@type":"SearchAction","target":{"@type":"EntryPoint","urlTemplate":"https:\/\/gegenstrom.org\/?s={search_term_string}"},"query-input":{"@type":"PropertyValueSpecification","valueRequired":true,"valueName":"search_term_string"}}],"inLanguage":"en-US"},{"@type":"Organization","@id":"https:\/\/gegenstrom.org\/#organization","name":"Metapol Verlag & Medien","url":"https:\/\/gegenstrom.org\/","logo":{"@type":"ImageObject","inLanguage":"en-US","@id":"https:\/\/gegenstrom.org\/#\/schema\/logo\/image\/","url":"https:\/\/gegenstrom.org\/wp-content\/uploads\/2019\/11\/WMB_Senkrecht_Farbe_M-e1574681161133.png","contentUrl":"https:\/\/gegenstrom.org\/wp-content\/uploads\/2019\/11\/WMB_Senkrecht_Farbe_M-e1574681161133.png","width":300,"height":219,"caption":"Metapol Verlag & Medien"},"image":{"@id":"https:\/\/gegenstrom.org\/#\/schema\/logo\/image\/"},"sameAs":["https:\/\/de-de.facebook.com\/rechteMetapolitik\/","https:\/\/www.youtube.com\/channel\/UCvQizs-yQ8YapMiyuD6wDrw"]},{"@type":"Person","@id":"https:\/\/gegenstrom.org\/#\/schema\/person\/40de2267a7d15eb30009c962eca594a1","name":"Peter Steinborn","url":"https:\/\/gegenstrom.org\/en\/author\/peter-steinborn\/"}]}},"jetpack_featured_media_url":"https:\/\/gegenstrom.org\/wp-content\/uploads\/2017\/09\/Wahlbeobachtung.jpg","jetpack_sharing_enabled":true,"_links":{"self":[{"href":"https:\/\/gegenstrom.org\/en\/wp-json\/wp\/v2\/posts\/821","targetHints":{"allow":["GET"]}}],"collection":[{"href":"https:\/\/gegenstrom.org\/en\/wp-json\/wp\/v2\/posts"}],"about":[{"href":"https:\/\/gegenstrom.org\/en\/wp-json\/wp\/v2\/types\/post"}],"author":[{"embeddable":true,"href":"https:\/\/gegenstrom.org\/en\/wp-json\/wp\/v2\/users\/22"}],"replies":[{"embeddable":true,"href":"https:\/\/gegenstrom.org\/en\/wp-json\/wp\/v2\/comments?post=821"}],"version-history":[{"count":0,"href":"https:\/\/gegenstrom.org\/en\/wp-json\/wp\/v2\/posts\/821\/revisions"}],"wp:featuredmedia":[{"embeddable":true,"href":"https:\/\/gegenstrom.org\/en\/wp-json\/wp\/v2\/media\/822"}],"wp:attachment":[{"href":"https:\/\/gegenstrom.org\/en\/wp-json\/wp\/v2\/media?parent=821"}],"wp:term":[{"taxonomy":"category","embeddable":true,"href":"https:\/\/gegenstrom.org\/en\/wp-json\/wp\/v2\/categories?post=821"},{"taxonomy":"post_tag","embeddable":true,"href":"https:\/\/gegenstrom.org\/en\/wp-json\/wp\/v2\/tags?post=821"}],"curies":[{"name":"wp","href":"https:\/\/api.w.org\/{rel}","templated":true}]}}