{"id":8145,"date":"2021-09-23T10:42:56","date_gmt":"2021-09-23T08:42:56","guid":{"rendered":"https:\/\/gegenstrom.org\/?p=8145"},"modified":"2021-09-23T10:42:56","modified_gmt":"2021-09-23T08:42:56","slug":"zukunft-deutsch","status":"publish","type":"post","link":"https:\/\/gegenstrom.org\/en\/zukunft-deutsch\/","title":{"rendered":"Zukunft Deutsch?"},"content":{"rendered":"<p><em>Bei dem nachfolgenden Text handelt es sich um eine Zusendung unseres Lesers <strong>Joachim Kapp<\/strong>.<br \/>\nDie Redaktion<\/em><\/p>\n<p><a href=\"https:\/\/www.nsheute.com\/2021\/07\/15\/neues-buch-von-juergen-schwab-zukunft-deutsch-moeglichkeiten-nationaler-politik-im-21-jahrhundert\/\"><img loading=\"lazy\" decoding=\"async\" class=\"alignleft wp-image-8149\" src=\"https:\/\/gegenstrom.org\/wp-content\/uploads\/2021\/09\/4917_0-211x300.jpg\" alt=\"\" width=\"180\" height=\"256\" \/><\/a>\u201eZukunft Deutsch\u201c, mit diesem germanistisch nicht sonderlich gl\u00fccklich gew\u00e4hlten Titel meldet sich der nationale Publizist J\u00fcrgen Schwab zur\u00fcck. In den letzten Jahren war es um Schwab sehr ruhig geworden. So f\u00fchrt der von ihm betriebene Blog <em><a href=\"https:\/\/sachedesvolkes.wordpress.com\">Sache des Volkes<\/a><\/em>\u00a0beispielsweise ein Schattendasein, dessen letzten Eintr\u00e4ge bereits zwei Jahre alt sind. Die Neuerscheinung beim <a href=\"https:\/\/www.nsheute.com\"><em>Sturmzeichen-Verlag<\/em><\/a>\u00a0d\u00fcrfte daher f\u00fcr viele \u00fcberraschend gekommen sein. Angek\u00fcndigt werden Behandlungen der Fragen der Digitalisierung, zukunftsweisende Visionen und Antworten darauf, wie nationale Politik zu verwirklichen ist.<\/p>\n<p>Ank\u00fcndigungen, die durchaus neugierig machen, sind doch theoretische Texte und Behandlungen der aktuellen Fragen durch den organisierten Nationalismus selten geworden. Umso entt\u00e4uschender f\u00e4llt das Endergebnis aus. Gro\u00dfe Teile des Buches finden sich bereits so oder so \u00e4hnlich in fr\u00fcheren B\u00fcchern Schwabs wieder, einige Referenzpunkte wie Carl Schmitts Interventionsverbot f\u00fcr raumfremde M\u00e4chte finden sich in nahezu jedem seiner Werke, so dass nur wenig Neues in den 280 Seiten zu finden ist. Treu ist sich Schwab neben den immer gleichen Referenzpunkten (leider) auch in drei anderen Punkten geblieben.<\/p>\n<p>Zum einem der Verweise auf \u201eWikipedia\u201c oder schlicht auf eine Internetseite, auf der sich der geneigte Leser dann die Quelle selbstst\u00e4ndig raussuchen soll. Solche Formen des \u201ewissenschaftlichen\u201c Arbeitens wirken umso befremdlicher, als dass der Akademiker Schwab die Grundlagen wissenschaftlichen Arbeitens kennen sollte. Weiterhin teilt der Autor polemisch gegen andere Vertreter des Nationalismus aus, worunter sich durchaus zu recht kritisierbare Positionen finden, aber auch haltlose Kritikpunkte. Immerhin bleibt er dabei noch auf einer mehr oder weniger sachlichen Ebene und verfasst nicht, wie in der Vergangenheit immer wieder, beleidigende Pamphlete. Zuletzt sieht sich Schwab zusammen mit seiner \u201eSache des Volkes\u201c als Vertreter und Sprecher des nationalrevolution\u00e4ren Spektrums, was sowohl inhaltlich als auch vor allem organisatorisch durchaus bezweifelt werden darf und den allgemeinen Eindruck unterst\u00fctzt, die reale politische Landschaft nicht mehr im Blick zu haben. Doch auch abseits dessen entt\u00e4uscht das Buch inhaltlich, Zukunftsvisionen und Modelle finden sich nur in Fragen einer Europ\u00e4ischen Eidgenossenschaft ansatzweise, in den restlichen Punkten bleibt es leider bei Oberfl\u00e4chlichkeiten.<\/p>\n<p>Genauso wird auch bei dem angeschnittenen Punkt der Digitalisierung nur an der Oberfl\u00e4che gekratzt, es fehlt nicht nur jeder Tiefgang, sondern auch jeder Verweis auf die Standardlekt\u00fcre zu dieser Thematik. \u00dcberraschend ist dabei, dass selbst das einzige nationalistische Buch zur Frage der Digitalisierung \u2013 Nationalismus &amp; Digitalisierung \u2013 dem Autoren unbekannt zu sein scheint, es findet zumindest weder in einer Fu\u00dfnote noch inhaltlich Erw\u00e4hnung.<\/p>\n<p>Bei der Behandlung der verschiedenen Lager der deutschen \u201eRechten\u201c geht Schwab weiterhin extrem holzschnittartig vor und scheint viele Entwicklungen nicht mitbekommen zu haben. Selbst bei seinem \u201eLeibthema\u201c, dem des Sozialismus, bleibt er bei oberfl\u00e4chlichen Betrachtungen, garniert mit einzelnen marxschen Formeln und Referenzpunkten. Genauso holzschnittartig betrachtet er das historische Konzept der Volksgemeinschaft im Dritten Reich, auch wenn er durchaus zu Recht betont, dass eine Gemeinschaft mit heutigen internationalen Konzernen (im Gegensatz zu den damals in Deutschland verwurzelten Unternehmern wie Krupp) nicht mehr m\u00f6glich ist. Positiv zu erw\u00e4hnen ist weiterhin, dass er konsequent die Verantwortung des Kapitalismus f\u00fcr die Masseneinwanderung benennt und bek\u00e4mpft. Eine \u201eneue, notwendige Debatte\u201c wird das Buch jedoch, entgegen dem Text auf dessen R\u00fcckseite, aller Voraussicht nach nicht ansto\u00dfen, weil schlicht Substanz f\u00fcr eine Diskussion fehlt. Ansonsten hinterl\u00e4sst der Inhalt denselben Eindruck wie der des Umschlags, n\u00e4mlich dass die Zeit f\u00fcr den Autoren vor 20 Jahren stehen geblieben ist.<\/p>","protected":false},"excerpt":{"rendered":"<p>Bei dem nachfolgenden Text handelt es sich um eine Zusendung unseres Lesers Joachim Kapp. Die Redaktion \u201eZukunft Deutsch\u201c, mit diesem germanistisch nicht sonderlich gl\u00fccklich gew\u00e4hlten Titel meldet sich der nationale Publizist J\u00fcrgen Schwab zur\u00fcck. In den letzten Jahren war es um Schwab sehr ruhig geworden. So f\u00fchrt der von ihm betriebene Blog Sache des Volkes\u00a0beispielsweise [&hellip;]<\/p>","protected":false},"author":75,"featured_media":8146,"comment_status":"open","ping_status":"open","sticky":false,"template":"","format":"standard","meta":{"_et_pb_use_builder":"","_et_pb_old_content":"","_et_gb_content_width":"","_jetpack_memberships_contains_paid_content":false,"footnotes":""},"categories":[7],"tags":[],"class_list":["post-8145","post","type-post","status-publish","format-standard","has-post-thumbnail","hentry","category-debatte"],"yoast_head":"<!-- This site is optimized with the Yoast SEO plugin v26.2 - https:\/\/yoast.com\/wordpress\/plugins\/seo\/ -->\n<title>Zukunft Deutsch? - Gegenstrom<\/title>\n<meta name=\"robots\" content=\"index, follow, max-snippet:-1, max-image-preview:large, max-video-preview:-1\" \/>\n<link rel=\"canonical\" href=\"https:\/\/gegenstrom.org\/en\/zukunft-deutsch\/\" \/>\n<meta property=\"og:locale\" content=\"en_US\" \/>\n<meta property=\"og:type\" content=\"article\" \/>\n<meta property=\"og:title\" content=\"Zukunft Deutsch? - Gegenstrom\" \/>\n<meta property=\"og:description\" content=\"Bei dem nachfolgenden Text handelt es sich um eine Zusendung unseres Lesers Joachim Kapp. Die Redaktion \u201eZukunft Deutsch\u201c, mit diesem germanistisch nicht sonderlich gl\u00fccklich gew\u00e4hlten Titel meldet sich der nationale Publizist J\u00fcrgen Schwab zur\u00fcck. In den letzten Jahren war es um Schwab sehr ruhig geworden. So f\u00fchrt der von ihm betriebene Blog Sache des Volkes\u00a0beispielsweise [&hellip;]\" \/>\n<meta property=\"og:url\" content=\"https:\/\/gegenstrom.org\/en\/zukunft-deutsch\/\" \/>\n<meta property=\"og:site_name\" content=\"Gegenstrom\" \/>\n<meta property=\"article:publisher\" content=\"https:\/\/de-de.facebook.com\/rechteMetapolitik\/\" \/>\n<meta property=\"article:published_time\" content=\"2021-09-23T08:42:56+00:00\" \/>\n<meta property=\"og:image\" content=\"https:\/\/gegenstrom.org\/wp-content\/uploads\/2021\/09\/Header-Kapp-scaled.jpg\" \/>\n\t<meta property=\"og:image:width\" content=\"2560\" \/>\n\t<meta property=\"og:image:height\" content=\"1074\" \/>\n\t<meta property=\"og:image:type\" content=\"image\/jpeg\" \/>\n<meta name=\"author\" content=\"Joachim Kapp\" \/>\n<meta name=\"twitter:card\" content=\"summary_large_image\" \/>\n<meta name=\"twitter:label1\" content=\"Written by\" \/>\n\t<meta name=\"twitter:data1\" content=\"Joachim Kapp\" \/>\n\t<meta name=\"twitter:label2\" content=\"Est. reading time\" \/>\n\t<meta name=\"twitter:data2\" content=\"3 minutes\" \/>\n<script type=\"application\/ld+json\" class=\"yoast-schema-graph\">{\"@context\":\"https:\/\/schema.org\",\"@graph\":[{\"@type\":\"Article\",\"@id\":\"https:\/\/gegenstrom.org\/zukunft-deutsch\/#article\",\"isPartOf\":{\"@id\":\"https:\/\/gegenstrom.org\/zukunft-deutsch\/\"},\"author\":{\"name\":\"Joachim Kapp\",\"@id\":\"https:\/\/gegenstrom.org\/#\/schema\/person\/84eb487bbf13191520255fd1f7ab220e\"},\"headline\":\"Zukunft Deutsch?\",\"datePublished\":\"2021-09-23T08:42:56+00:00\",\"mainEntityOfPage\":{\"@id\":\"https:\/\/gegenstrom.org\/zukunft-deutsch\/\"},\"wordCount\":592,\"commentCount\":3,\"publisher\":{\"@id\":\"https:\/\/gegenstrom.org\/#organization\"},\"image\":{\"@id\":\"https:\/\/gegenstrom.org\/zukunft-deutsch\/#primaryimage\"},\"thumbnailUrl\":\"https:\/\/gegenstrom.org\/wp-content\/uploads\/2021\/09\/Header-Kapp-scaled.jpg\",\"articleSection\":[\"Debatte\"],\"inLanguage\":\"en-US\"},{\"@type\":\"WebPage\",\"@id\":\"https:\/\/gegenstrom.org\/zukunft-deutsch\/\",\"url\":\"https:\/\/gegenstrom.org\/zukunft-deutsch\/\",\"name\":\"Zukunft Deutsch? - Gegenstrom\",\"isPartOf\":{\"@id\":\"https:\/\/gegenstrom.org\/#website\"},\"primaryImageOfPage\":{\"@id\":\"https:\/\/gegenstrom.org\/zukunft-deutsch\/#primaryimage\"},\"image\":{\"@id\":\"https:\/\/gegenstrom.org\/zukunft-deutsch\/#primaryimage\"},\"thumbnailUrl\":\"https:\/\/gegenstrom.org\/wp-content\/uploads\/2021\/09\/Header-Kapp-scaled.jpg\",\"datePublished\":\"2021-09-23T08:42:56+00:00\",\"breadcrumb\":{\"@id\":\"https:\/\/gegenstrom.org\/zukunft-deutsch\/#breadcrumb\"},\"inLanguage\":\"en-US\",\"potentialAction\":[{\"@type\":\"ReadAction\",\"target\":[\"https:\/\/gegenstrom.org\/zukunft-deutsch\/\"]}]},{\"@type\":\"ImageObject\",\"inLanguage\":\"en-US\",\"@id\":\"https:\/\/gegenstrom.org\/zukunft-deutsch\/#primaryimage\",\"url\":\"https:\/\/gegenstrom.org\/wp-content\/uploads\/2021\/09\/Header-Kapp-scaled.jpg\",\"contentUrl\":\"https:\/\/gegenstrom.org\/wp-content\/uploads\/2021\/09\/Header-Kapp-scaled.jpg\",\"width\":2560,\"height\":1074},{\"@type\":\"BreadcrumbList\",\"@id\":\"https:\/\/gegenstrom.org\/zukunft-deutsch\/#breadcrumb\",\"itemListElement\":[{\"@type\":\"ListItem\",\"position\":1,\"name\":\"Startseite\",\"item\":\"https:\/\/gegenstrom.org\/\"},{\"@type\":\"ListItem\",\"position\":2,\"name\":\"Zukunft Deutsch?\"}]},{\"@type\":\"WebSite\",\"@id\":\"https:\/\/gegenstrom.org\/#website\",\"url\":\"https:\/\/gegenstrom.org\/\",\"name\":\"Gegenstrom\",\"description\":\"Plattform f\u00fcr rechte Metapolitik\",\"publisher\":{\"@id\":\"https:\/\/gegenstrom.org\/#organization\"},\"potentialAction\":[{\"@type\":\"SearchAction\",\"target\":{\"@type\":\"EntryPoint\",\"urlTemplate\":\"https:\/\/gegenstrom.org\/?s={search_term_string}\"},\"query-input\":{\"@type\":\"PropertyValueSpecification\",\"valueRequired\":true,\"valueName\":\"search_term_string\"}}],\"inLanguage\":\"en-US\"},{\"@type\":\"Organization\",\"@id\":\"https:\/\/gegenstrom.org\/#organization\",\"name\":\"Metapol Verlag & Medien\",\"url\":\"https:\/\/gegenstrom.org\/\",\"logo\":{\"@type\":\"ImageObject\",\"inLanguage\":\"en-US\",\"@id\":\"https:\/\/gegenstrom.org\/#\/schema\/logo\/image\/\",\"url\":\"https:\/\/gegenstrom.org\/wp-content\/uploads\/2019\/11\/WMB_Senkrecht_Farbe_M-e1574681161133.png\",\"contentUrl\":\"https:\/\/gegenstrom.org\/wp-content\/uploads\/2019\/11\/WMB_Senkrecht_Farbe_M-e1574681161133.png\",\"width\":300,\"height\":219,\"caption\":\"Metapol Verlag & Medien\"},\"image\":{\"@id\":\"https:\/\/gegenstrom.org\/#\/schema\/logo\/image\/\"},\"sameAs\":[\"https:\/\/de-de.facebook.com\/rechteMetapolitik\/\",\"https:\/\/www.youtube.com\/channel\/UCvQizs-yQ8YapMiyuD6wDrw\"]},{\"@type\":\"Person\",\"@id\":\"https:\/\/gegenstrom.org\/#\/schema\/person\/84eb487bbf13191520255fd1f7ab220e\",\"name\":\"Joachim Kapp\",\"url\":\"https:\/\/gegenstrom.org\/en\/author\/joachim-kapp\/\"}]}<\/script>\n<!-- \/ Yoast SEO plugin. -->","yoast_head_json":{"title":"Zukunft Deutsch? - Gegenstrom","robots":{"index":"index","follow":"follow","max-snippet":"max-snippet:-1","max-image-preview":"max-image-preview:large","max-video-preview":"max-video-preview:-1"},"canonical":"https:\/\/gegenstrom.org\/en\/zukunft-deutsch\/","og_locale":"en_US","og_type":"article","og_title":"Zukunft Deutsch? - Gegenstrom","og_description":"Bei dem nachfolgenden Text handelt es sich um eine Zusendung unseres Lesers Joachim Kapp. Die Redaktion \u201eZukunft Deutsch\u201c, mit diesem germanistisch nicht sonderlich gl\u00fccklich gew\u00e4hlten Titel meldet sich der nationale Publizist J\u00fcrgen Schwab zur\u00fcck. In den letzten Jahren war es um Schwab sehr ruhig geworden. So f\u00fchrt der von ihm betriebene Blog Sache des Volkes\u00a0beispielsweise [&hellip;]","og_url":"https:\/\/gegenstrom.org\/en\/zukunft-deutsch\/","og_site_name":"Gegenstrom","article_publisher":"https:\/\/de-de.facebook.com\/rechteMetapolitik\/","article_published_time":"2021-09-23T08:42:56+00:00","og_image":[{"width":2560,"height":1074,"url":"https:\/\/gegenstrom.org\/wp-content\/uploads\/2021\/09\/Header-Kapp-scaled.jpg","type":"image\/jpeg"}],"author":"Joachim Kapp","twitter_card":"summary_large_image","twitter_misc":{"Written by":"Joachim Kapp","Est. reading time":"3 minutes"},"schema":{"@context":"https:\/\/schema.org","@graph":[{"@type":"Article","@id":"https:\/\/gegenstrom.org\/zukunft-deutsch\/#article","isPartOf":{"@id":"https:\/\/gegenstrom.org\/zukunft-deutsch\/"},"author":{"name":"Joachim Kapp","@id":"https:\/\/gegenstrom.org\/#\/schema\/person\/84eb487bbf13191520255fd1f7ab220e"},"headline":"Zukunft Deutsch?","datePublished":"2021-09-23T08:42:56+00:00","mainEntityOfPage":{"@id":"https:\/\/gegenstrom.org\/zukunft-deutsch\/"},"wordCount":592,"commentCount":3,"publisher":{"@id":"https:\/\/gegenstrom.org\/#organization"},"image":{"@id":"https:\/\/gegenstrom.org\/zukunft-deutsch\/#primaryimage"},"thumbnailUrl":"https:\/\/gegenstrom.org\/wp-content\/uploads\/2021\/09\/Header-Kapp-scaled.jpg","articleSection":["Debatte"],"inLanguage":"en-US"},{"@type":"WebPage","@id":"https:\/\/gegenstrom.org\/zukunft-deutsch\/","url":"https:\/\/gegenstrom.org\/zukunft-deutsch\/","name":"Zukunft Deutsch? - Gegenstrom","isPartOf":{"@id":"https:\/\/gegenstrom.org\/#website"},"primaryImageOfPage":{"@id":"https:\/\/gegenstrom.org\/zukunft-deutsch\/#primaryimage"},"image":{"@id":"https:\/\/gegenstrom.org\/zukunft-deutsch\/#primaryimage"},"thumbnailUrl":"https:\/\/gegenstrom.org\/wp-content\/uploads\/2021\/09\/Header-Kapp-scaled.jpg","datePublished":"2021-09-23T08:42:56+00:00","breadcrumb":{"@id":"https:\/\/gegenstrom.org\/zukunft-deutsch\/#breadcrumb"},"inLanguage":"en-US","potentialAction":[{"@type":"ReadAction","target":["https:\/\/gegenstrom.org\/zukunft-deutsch\/"]}]},{"@type":"ImageObject","inLanguage":"en-US","@id":"https:\/\/gegenstrom.org\/zukunft-deutsch\/#primaryimage","url":"https:\/\/gegenstrom.org\/wp-content\/uploads\/2021\/09\/Header-Kapp-scaled.jpg","contentUrl":"https:\/\/gegenstrom.org\/wp-content\/uploads\/2021\/09\/Header-Kapp-scaled.jpg","width":2560,"height":1074},{"@type":"BreadcrumbList","@id":"https:\/\/gegenstrom.org\/zukunft-deutsch\/#breadcrumb","itemListElement":[{"@type":"ListItem","position":1,"name":"Startseite","item":"https:\/\/gegenstrom.org\/"},{"@type":"ListItem","position":2,"name":"Zukunft Deutsch?"}]},{"@type":"WebSite","@id":"https:\/\/gegenstrom.org\/#website","url":"https:\/\/gegenstrom.org\/","name":"Gegenstrom","description":"Plattform f\u00fcr rechte Metapolitik","publisher":{"@id":"https:\/\/gegenstrom.org\/#organization"},"potentialAction":[{"@type":"SearchAction","target":{"@type":"EntryPoint","urlTemplate":"https:\/\/gegenstrom.org\/?s={search_term_string}"},"query-input":{"@type":"PropertyValueSpecification","valueRequired":true,"valueName":"search_term_string"}}],"inLanguage":"en-US"},{"@type":"Organization","@id":"https:\/\/gegenstrom.org\/#organization","name":"Metapol Verlag & Medien","url":"https:\/\/gegenstrom.org\/","logo":{"@type":"ImageObject","inLanguage":"en-US","@id":"https:\/\/gegenstrom.org\/#\/schema\/logo\/image\/","url":"https:\/\/gegenstrom.org\/wp-content\/uploads\/2019\/11\/WMB_Senkrecht_Farbe_M-e1574681161133.png","contentUrl":"https:\/\/gegenstrom.org\/wp-content\/uploads\/2019\/11\/WMB_Senkrecht_Farbe_M-e1574681161133.png","width":300,"height":219,"caption":"Metapol Verlag & Medien"},"image":{"@id":"https:\/\/gegenstrom.org\/#\/schema\/logo\/image\/"},"sameAs":["https:\/\/de-de.facebook.com\/rechteMetapolitik\/","https:\/\/www.youtube.com\/channel\/UCvQizs-yQ8YapMiyuD6wDrw"]},{"@type":"Person","@id":"https:\/\/gegenstrom.org\/#\/schema\/person\/84eb487bbf13191520255fd1f7ab220e","name":"Joachim Kapp","url":"https:\/\/gegenstrom.org\/en\/author\/joachim-kapp\/"}]}},"jetpack_featured_media_url":"https:\/\/gegenstrom.org\/wp-content\/uploads\/2021\/09\/Header-Kapp-scaled.jpg","jetpack_sharing_enabled":true,"_links":{"self":[{"href":"https:\/\/gegenstrom.org\/en\/wp-json\/wp\/v2\/posts\/8145","targetHints":{"allow":["GET"]}}],"collection":[{"href":"https:\/\/gegenstrom.org\/en\/wp-json\/wp\/v2\/posts"}],"about":[{"href":"https:\/\/gegenstrom.org\/en\/wp-json\/wp\/v2\/types\/post"}],"author":[{"embeddable":true,"href":"https:\/\/gegenstrom.org\/en\/wp-json\/wp\/v2\/users\/75"}],"replies":[{"embeddable":true,"href":"https:\/\/gegenstrom.org\/en\/wp-json\/wp\/v2\/comments?post=8145"}],"version-history":[{"count":4,"href":"https:\/\/gegenstrom.org\/en\/wp-json\/wp\/v2\/posts\/8145\/revisions"}],"predecessor-version":[{"id":8148,"href":"https:\/\/gegenstrom.org\/en\/wp-json\/wp\/v2\/posts\/8145\/revisions\/8148"}],"wp:featuredmedia":[{"embeddable":true,"href":"https:\/\/gegenstrom.org\/en\/wp-json\/wp\/v2\/media\/8146"}],"wp:attachment":[{"href":"https:\/\/gegenstrom.org\/en\/wp-json\/wp\/v2\/media?parent=8145"}],"wp:term":[{"taxonomy":"category","embeddable":true,"href":"https:\/\/gegenstrom.org\/en\/wp-json\/wp\/v2\/categories?post=8145"},{"taxonomy":"post_tag","embeddable":true,"href":"https:\/\/gegenstrom.org\/en\/wp-json\/wp\/v2\/tags?post=8145"}],"curies":[{"name":"wp","href":"https:\/\/api.w.org\/{rel}","templated":true}]}}