{"id":8080,"date":"2021-09-01T07:26:29","date_gmt":"2021-09-01T05:26:29","guid":{"rendered":"https:\/\/gegenstrom.org\/?p=8080"},"modified":"2021-09-01T07:26:29","modified_gmt":"2021-09-01T05:26:29","slug":"klima-und-katastrophe","status":"publish","type":"post","link":"https:\/\/gegenstrom.org\/en\/klima-und-katastrophe\/","title":{"rendered":"Klima und Katastrophe?"},"content":{"rendered":"<p>Die sogenannte Energie- und Klimapolitik muss vor dem Hintergrund eines Grundwiderspruchs verstanden werden: Zum einen meinen die Leute realisiert zu haben, dass isoliert wahrgenommene dramatische Klimaph\u00e4nomene von der Lebensweise des Menschen verursacht sind, zum anderen werden sie nicht bereit sein, ihr eigenes Leben so prinzipiell zu \u00e4ndern, wie es notwendig w\u00e4re, stimmten die d\u00fcsteren Prognosen.<\/p>\n<p>Ob diese stimmen, bleibt gleichfalls fraglich, insofern es sich hier \u2013 \u00e4hnlich wie beim Corona-Problem \u2013 umso klassisch selbsterf\u00fcllende Prophezeiungen wie um einen sich eigendynamisch verst\u00e4rkenden medialen Prozess handelt.<\/p>\n<p>K\u00fcrzlich schrieb dazu die WELT:<\/p>\n<p><em>\u201eKommunikationsforschung hat gezeigt, dass Medien vorzugsweise \u00fcber die pessimistischsten Extremszenarien aus dem UNO-Klimareport berichten. So d\u00fcrfte sich ein extremes Bild des Klimawandels verfestigen, das nicht dem Stand der Wissenschaft entspricht, beispielsweise eine allzu extreme Erw\u00e4rmung und ein unrealistischer Anstieg des Meeresspiegels. Das Problem wird dadurch versch\u00e4rft, dass der IPCC eine kritische Analyse seiner neuen Klimamodelle vermeidet. Positivistischer Umgang mit den immanent unsicheren Klimarechnungen hat Tradition, auch beim Weltklimarat.\u201c<\/em><\/p>\n<p>Es wird manches fokussiert und isoliert belichtet wahrgenommen, von anderem aber abgesehen. Man meint, eine Erkenntnis gewonnen zu haben, die viabel erscheint, \u00fcbersieht genau deswegen aber eine Komplexit\u00e4t, die man nicht vollst\u00e4ndig \u00fcberblicken kann.<\/p>\n<p>Stattdessen verbleibt man in der Lichtung, die einem gerade etwas \u00dcbersicht verschafft, eben bis dort, wo sich das Dunkel dehnt, von dem man noch nichts oder nie etwas wissen kann. Selbst metaphysische R\u00e4ume m\u00f6gen dazugeh\u00f6ren. Zudem wissen wir alle nie, wie es weitergeht. Was wir hingegen zu wissen meinen, dessen Ventilation wird forciert.<\/p>\n<p>Wo einst das Sakrale waltete, waltete jetzt allein die zum Absoluten verkl\u00e4rte Wissenschaft. In Deutschland etwa haben Robert-Koch-Institut und Leopoldina die Rolle inne, die einst der \u201eallein seligmachenden Kirche\u201c zukam.<\/p>\n<p>Die Politik suggeriert, alle anthropogen verursachten Probleme, so diese \u00fcberhaupt so und nur so bestehen, k\u00f6nnten durch technische Innovationen bew\u00e4ltigt werden. Schwer vorstellbar indessen, dass unsere Erde mit ihrer sensiblen Biosph\u00e4re und Atmosph\u00e4re \u00fcber elf, zw\u00f6lf Millionen Menschen ertragen k\u00f6nnte, was durch technische Systeme \u00fcberall zu gew\u00e4hrleisten w\u00e4re.<\/p>\n<p>Von der naturreligi\u00f6sen W\u00fcrdigung der Erde sind wir alle ebenso weit entfernt wie von der l\u00e4ngst verlorenen Tugend der Demut. Unsere Erde ist seit Jahrhunderten zur Rohstoffquelle versachlicht, zu deren Verbrauch wir uns mehr denn je befugt sehen. Was der Planet zu bieten hat, findet sich durchgerastert und wird in Containereinheiten verdatet. Daran wird sich nie etwas \u00e4ndern, denn darin besteht unser inneres Betriebssystem: Verbrauch, Steigerung, Mehrverbrauch.<\/p>\n<p>Wenn man der Logik der wissenschaftlichen Prognosen folgt, so ist die Existenz des Menschen selbst per se \u201eklimasch\u00e4dlich\u201c, weil er als einziges Wesen nun mal einer zweiten, einer technisch geschaffenen k\u00fcnstlichen Natur bedarf, die der ersten, gewisserma\u00dfen der Sch\u00f6pfung, zuwiderl\u00e4uft. Der Mensch ist nicht nachhaltig, er ist, im Gegenteil, der End-Verbraucher.<\/p>\n<p>Bislang ging die zweite, die k\u00fcnstliche Lebenswelt des Menschen zu Lasten der ersten: der urspr\u00fcnglichen Natur. Dies wird durch \u201eInnovationen\u201c im Prinzip nicht zu \u00e4ndern sein. Es bliebe nur ein Weg, der allerdings weder f\u00fcr den individuellen Menschen selbst noch f\u00fcr die Wirtschaft oder Kultur je erwogen wird, weil dies unserer technisch bestimmten Natur zuwiderl\u00e4uft.<\/p>\n<p>Der Mensch m\u00fcsste aus vern\u00fcnftigen Gr\u00fcnden seine Bed\u00fcrfnisse reduzieren, also seine Haltung zu sich selbst und gegen\u00fcber den nat\u00fcrlichen Ressourcen entscheidend \u00e4ndern. Er m\u00fcsste in quasi religi\u00f6ser Weise zu einer Umkehr bereit sein, wird diesen Wandel aber nicht gew\u00e4hrleisten k\u00f6nnen, ja er will ihn \u00fcberhaupt nicht. Selbst dann nicht, wenn er meinte, ihn zu wollen.<\/p>\n<p>In den reichen Teilen der Welt werden zu viele Rohstoffe verbraucht, in den armen leben zu viele Menschen im Mangel. Der Demografie-Experte Reiner Klingholz spricht daher von &#8222;doppelter \u00dcberbev\u00f6lkerung&#8220; und von einem &#8222;Trilemma&#8220;, das in der Steigerung von Bev\u00f6lkerungswachstum, Energieverbrauch und Umweltzerst\u00f6rung besteht. Ein Ausweg daraus ist nicht ansatzweise erkennbar.<\/p>\n<p>Denn nach wie vor verst\u00e4rkt sich die \u201eveloziferische\u201c<a href=\"#_ftn1\" name=\"_ftnref1\">[1]<\/a> Beschleunigung, wachsen die Bed\u00fcrfnisse und wird ein Recht auf alles beansprucht. Jeder Supermarkt hat best\u00e4ndig das Gesamtsortiment bereitzuhalten, all das, was jeder erwartet. Man kann nicht einerseits f\u00fcr die Weltrettung eintreten, andererseits aber beklagen, dass fossile Brennstoffe sich um ein Vielfaches verteuern. Wer das eine wollte, m\u00fcsste eben das andere m\u00f6gen. Dies wird nicht eintreten. Jeder Migrant will hierzulande nicht zuerst freier B\u00fcrger in Genuss und Vollzug seiner \u201edemokratischen Grundrechte\u201c sein, sondern vor allem eines werden: <em>big shopper<\/em>. Im Gegensatz zu den Illusionen linker Anthropologie hat sich der Mensch in seiner Geschichte nie in seinem Wesen gewandelt. Treten dramatische Umst\u00e4nde ein, wird er dramatisch reagieren und sich als der erweisen, der er immer war. Der M\u00f6nch des Mittelalters, der Landsknecht des Drei\u00dfigj\u00e4hrigen Krieges, der ausgebeutete Proletarier und der Sklave, der Kapitalist, der Kommunist, der Faschist, das Opfer des Bombenterrors und das wohlstandsverwahrloste Kind sind nicht die ganz anderen, sondern sind wir selbst (geblieben), je nachdem wie die Umst\u00e4nde sind, in denen wir stehen.<\/p>\n<p><a href=\"#_ftnref1\" name=\"_ftn1\">[1]<\/a> Das <em>Veloziferische<\/em> ist ein Neologismus, der von Goethe stammen soll. Dieser schrieb 1825 an seinen Gro\u00dfneffen Nicolovius, dass das \u201eVeloziferische das gr\u00f6\u00dfte Unheil unserer Zeit (sei), die nichts reif werden lie\u00df (\u2026) und so immer von der Hand in den Mund lebt.\u201c Der Begriff setzt sich aus <em>Velocitas<\/em>, das f\u00fcr \u201eEile\u201c steht und Luzifer, der sowohl mit \u201eLichtbringer, als auch den Teufel \u00fcbersetzt werden kann. In diesem Zusammenhang d\u00fcrfte Goethe allerdings den Teufel gemeint haben. Demnach kann der Begriff des <em>Veloziferischen<\/em> mit teuflischer eile \u00fcbersetzt werden.<\/p>","protected":false},"excerpt":{"rendered":"<p>Die sogenannte Energie- und Klimapolitik muss vor dem Hintergrund eines Grundwiderspruchs verstanden werden: Zum einen meinen die Leute realisiert zu haben, dass isoliert wahrgenommene dramatische Klimaph\u00e4nomene von der Lebensweise des Menschen verursacht sind, zum anderen werden sie nicht bereit sein, ihr eigenes Leben so prinzipiell zu \u00e4ndern, wie es notwendig w\u00e4re, stimmten die d\u00fcsteren Prognosen. [&hellip;]<\/p>","protected":false},"author":71,"featured_media":2608,"comment_status":"open","ping_status":"open","sticky":false,"template":"","format":"standard","meta":{"_et_pb_use_builder":"","_et_pb_old_content":"","_et_gb_content_width":"","_jetpack_memberships_contains_paid_content":false,"footnotes":""},"categories":[7],"tags":[1384,794],"class_list":["post-8080","post","type-post","status-publish","format-standard","has-post-thumbnail","hentry","category-debatte","tag-demographie","tag-klimawandel"],"yoast_head":"<!-- This site is optimized with the Yoast SEO plugin v26.2 - https:\/\/yoast.com\/wordpress\/plugins\/seo\/ -->\n<title>Klima und Katastrophe? - Gegenstrom<\/title>\n<meta name=\"robots\" content=\"index, follow, max-snippet:-1, max-image-preview:large, max-video-preview:-1\" \/>\n<link rel=\"canonical\" href=\"https:\/\/gegenstrom.org\/en\/klima-und-katastrophe\/\" \/>\n<meta property=\"og:locale\" content=\"en_US\" \/>\n<meta property=\"og:type\" content=\"article\" \/>\n<meta property=\"og:title\" content=\"Klima und Katastrophe? - Gegenstrom\" \/>\n<meta property=\"og:description\" content=\"Die sogenannte Energie- und Klimapolitik muss vor dem Hintergrund eines Grundwiderspruchs verstanden werden: Zum einen meinen die Leute realisiert zu haben, dass isoliert wahrgenommene dramatische Klimaph\u00e4nomene von der Lebensweise des Menschen verursacht sind, zum anderen werden sie nicht bereit sein, ihr eigenes Leben so prinzipiell zu \u00e4ndern, wie es notwendig w\u00e4re, stimmten die d\u00fcsteren Prognosen. [&hellip;]\" \/>\n<meta property=\"og:url\" content=\"https:\/\/gegenstrom.org\/en\/klima-und-katastrophe\/\" \/>\n<meta property=\"og:site_name\" content=\"Gegenstrom\" \/>\n<meta property=\"article:publisher\" content=\"https:\/\/de-de.facebook.com\/rechteMetapolitik\/\" \/>\n<meta property=\"article:published_time\" content=\"2021-09-01T05:26:29+00:00\" \/>\n<meta property=\"og:image\" content=\"https:\/\/gegenstrom.org\/wp-content\/uploads\/2019\/04\/Der-\u00d6kologische-Komplex.jpg\" \/>\n\t<meta property=\"og:image:width\" content=\"800\" \/>\n\t<meta property=\"og:image:height\" content=\"300\" \/>\n\t<meta property=\"og:image:type\" content=\"image\/jpeg\" \/>\n<meta name=\"author\" content=\"Heino Bosselmann\" \/>\n<meta name=\"twitter:card\" content=\"summary_large_image\" \/>\n<meta name=\"twitter:label1\" content=\"Written by\" \/>\n\t<meta name=\"twitter:data1\" content=\"Heino Bosselmann\" \/>\n\t<meta name=\"twitter:label2\" content=\"Est. reading time\" \/>\n\t<meta name=\"twitter:data2\" content=\"4 minutes\" \/>\n<script type=\"application\/ld+json\" class=\"yoast-schema-graph\">{\"@context\":\"https:\/\/schema.org\",\"@graph\":[{\"@type\":\"Article\",\"@id\":\"https:\/\/gegenstrom.org\/klima-und-katastrophe\/#article\",\"isPartOf\":{\"@id\":\"https:\/\/gegenstrom.org\/klima-und-katastrophe\/\"},\"author\":{\"name\":\"Heino Bosselmann\",\"@id\":\"https:\/\/gegenstrom.org\/#\/schema\/person\/ddbcb7b26d6c6f112c1a5b363cd1f888\"},\"headline\":\"Klima und Katastrophe?\",\"datePublished\":\"2021-09-01T05:26:29+00:00\",\"mainEntityOfPage\":{\"@id\":\"https:\/\/gegenstrom.org\/klima-und-katastrophe\/\"},\"wordCount\":921,\"commentCount\":0,\"publisher\":{\"@id\":\"https:\/\/gegenstrom.org\/#organization\"},\"image\":{\"@id\":\"https:\/\/gegenstrom.org\/klima-und-katastrophe\/#primaryimage\"},\"thumbnailUrl\":\"https:\/\/gegenstrom.org\/wp-content\/uploads\/2019\/04\/Der-\u00d6kologische-Komplex.jpg\",\"keywords\":[\"Demographie\",\"Klimawandel\"],\"articleSection\":[\"Debatte\"],\"inLanguage\":\"en-US\"},{\"@type\":\"WebPage\",\"@id\":\"https:\/\/gegenstrom.org\/klima-und-katastrophe\/\",\"url\":\"https:\/\/gegenstrom.org\/klima-und-katastrophe\/\",\"name\":\"Klima und Katastrophe? - Gegenstrom\",\"isPartOf\":{\"@id\":\"https:\/\/gegenstrom.org\/#website\"},\"primaryImageOfPage\":{\"@id\":\"https:\/\/gegenstrom.org\/klima-und-katastrophe\/#primaryimage\"},\"image\":{\"@id\":\"https:\/\/gegenstrom.org\/klima-und-katastrophe\/#primaryimage\"},\"thumbnailUrl\":\"https:\/\/gegenstrom.org\/wp-content\/uploads\/2019\/04\/Der-\u00d6kologische-Komplex.jpg\",\"datePublished\":\"2021-09-01T05:26:29+00:00\",\"breadcrumb\":{\"@id\":\"https:\/\/gegenstrom.org\/klima-und-katastrophe\/#breadcrumb\"},\"inLanguage\":\"en-US\",\"potentialAction\":[{\"@type\":\"ReadAction\",\"target\":[\"https:\/\/gegenstrom.org\/klima-und-katastrophe\/\"]}]},{\"@type\":\"ImageObject\",\"inLanguage\":\"en-US\",\"@id\":\"https:\/\/gegenstrom.org\/klima-und-katastrophe\/#primaryimage\",\"url\":\"https:\/\/gegenstrom.org\/wp-content\/uploads\/2019\/04\/Der-\u00d6kologische-Komplex.jpg\",\"contentUrl\":\"https:\/\/gegenstrom.org\/wp-content\/uploads\/2019\/04\/Der-\u00d6kologische-Komplex.jpg\",\"width\":800,\"height\":300,\"caption\":\"Der \u00d6kologische Komplex\"},{\"@type\":\"BreadcrumbList\",\"@id\":\"https:\/\/gegenstrom.org\/klima-und-katastrophe\/#breadcrumb\",\"itemListElement\":[{\"@type\":\"ListItem\",\"position\":1,\"name\":\"Startseite\",\"item\":\"https:\/\/gegenstrom.org\/\"},{\"@type\":\"ListItem\",\"position\":2,\"name\":\"Klima und Katastrophe?\"}]},{\"@type\":\"WebSite\",\"@id\":\"https:\/\/gegenstrom.org\/#website\",\"url\":\"https:\/\/gegenstrom.org\/\",\"name\":\"Gegenstrom\",\"description\":\"Plattform f\u00fcr rechte Metapolitik\",\"publisher\":{\"@id\":\"https:\/\/gegenstrom.org\/#organization\"},\"potentialAction\":[{\"@type\":\"SearchAction\",\"target\":{\"@type\":\"EntryPoint\",\"urlTemplate\":\"https:\/\/gegenstrom.org\/?s={search_term_string}\"},\"query-input\":{\"@type\":\"PropertyValueSpecification\",\"valueRequired\":true,\"valueName\":\"search_term_string\"}}],\"inLanguage\":\"en-US\"},{\"@type\":\"Organization\",\"@id\":\"https:\/\/gegenstrom.org\/#organization\",\"name\":\"Metapol Verlag & Medien\",\"url\":\"https:\/\/gegenstrom.org\/\",\"logo\":{\"@type\":\"ImageObject\",\"inLanguage\":\"en-US\",\"@id\":\"https:\/\/gegenstrom.org\/#\/schema\/logo\/image\/\",\"url\":\"https:\/\/gegenstrom.org\/wp-content\/uploads\/2019\/11\/WMB_Senkrecht_Farbe_M-e1574681161133.png\",\"contentUrl\":\"https:\/\/gegenstrom.org\/wp-content\/uploads\/2019\/11\/WMB_Senkrecht_Farbe_M-e1574681161133.png\",\"width\":300,\"height\":219,\"caption\":\"Metapol Verlag & Medien\"},\"image\":{\"@id\":\"https:\/\/gegenstrom.org\/#\/schema\/logo\/image\/\"},\"sameAs\":[\"https:\/\/de-de.facebook.com\/rechteMetapolitik\/\",\"https:\/\/www.youtube.com\/channel\/UCvQizs-yQ8YapMiyuD6wDrw\"]},{\"@type\":\"Person\",\"@id\":\"https:\/\/gegenstrom.org\/#\/schema\/person\/ddbcb7b26d6c6f112c1a5b363cd1f888\",\"name\":\"Heino Bosselmann\",\"url\":\"https:\/\/gegenstrom.org\/en\/author\/heino-bosselmann\/\"}]}<\/script>\n<!-- \/ Yoast SEO plugin. -->","yoast_head_json":{"title":"Klima und Katastrophe? - Gegenstrom","robots":{"index":"index","follow":"follow","max-snippet":"max-snippet:-1","max-image-preview":"max-image-preview:large","max-video-preview":"max-video-preview:-1"},"canonical":"https:\/\/gegenstrom.org\/en\/klima-und-katastrophe\/","og_locale":"en_US","og_type":"article","og_title":"Klima und Katastrophe? - Gegenstrom","og_description":"Die sogenannte Energie- und Klimapolitik muss vor dem Hintergrund eines Grundwiderspruchs verstanden werden: Zum einen meinen die Leute realisiert zu haben, dass isoliert wahrgenommene dramatische Klimaph\u00e4nomene von der Lebensweise des Menschen verursacht sind, zum anderen werden sie nicht bereit sein, ihr eigenes Leben so prinzipiell zu \u00e4ndern, wie es notwendig w\u00e4re, stimmten die d\u00fcsteren Prognosen. [&hellip;]","og_url":"https:\/\/gegenstrom.org\/en\/klima-und-katastrophe\/","og_site_name":"Gegenstrom","article_publisher":"https:\/\/de-de.facebook.com\/rechteMetapolitik\/","article_published_time":"2021-09-01T05:26:29+00:00","og_image":[{"width":800,"height":300,"url":"https:\/\/gegenstrom.org\/wp-content\/uploads\/2019\/04\/Der-\u00d6kologische-Komplex.jpg","type":"image\/jpeg"}],"author":"Heino Bosselmann","twitter_card":"summary_large_image","twitter_misc":{"Written by":"Heino Bosselmann","Est. reading time":"4 minutes"},"schema":{"@context":"https:\/\/schema.org","@graph":[{"@type":"Article","@id":"https:\/\/gegenstrom.org\/klima-und-katastrophe\/#article","isPartOf":{"@id":"https:\/\/gegenstrom.org\/klima-und-katastrophe\/"},"author":{"name":"Heino Bosselmann","@id":"https:\/\/gegenstrom.org\/#\/schema\/person\/ddbcb7b26d6c6f112c1a5b363cd1f888"},"headline":"Klima und Katastrophe?","datePublished":"2021-09-01T05:26:29+00:00","mainEntityOfPage":{"@id":"https:\/\/gegenstrom.org\/klima-und-katastrophe\/"},"wordCount":921,"commentCount":0,"publisher":{"@id":"https:\/\/gegenstrom.org\/#organization"},"image":{"@id":"https:\/\/gegenstrom.org\/klima-und-katastrophe\/#primaryimage"},"thumbnailUrl":"https:\/\/gegenstrom.org\/wp-content\/uploads\/2019\/04\/Der-\u00d6kologische-Komplex.jpg","keywords":["Demographie","Klimawandel"],"articleSection":["Debatte"],"inLanguage":"en-US"},{"@type":"WebPage","@id":"https:\/\/gegenstrom.org\/klima-und-katastrophe\/","url":"https:\/\/gegenstrom.org\/klima-und-katastrophe\/","name":"Klima und Katastrophe? - Gegenstrom","isPartOf":{"@id":"https:\/\/gegenstrom.org\/#website"},"primaryImageOfPage":{"@id":"https:\/\/gegenstrom.org\/klima-und-katastrophe\/#primaryimage"},"image":{"@id":"https:\/\/gegenstrom.org\/klima-und-katastrophe\/#primaryimage"},"thumbnailUrl":"https:\/\/gegenstrom.org\/wp-content\/uploads\/2019\/04\/Der-\u00d6kologische-Komplex.jpg","datePublished":"2021-09-01T05:26:29+00:00","breadcrumb":{"@id":"https:\/\/gegenstrom.org\/klima-und-katastrophe\/#breadcrumb"},"inLanguage":"en-US","potentialAction":[{"@type":"ReadAction","target":["https:\/\/gegenstrom.org\/klima-und-katastrophe\/"]}]},{"@type":"ImageObject","inLanguage":"en-US","@id":"https:\/\/gegenstrom.org\/klima-und-katastrophe\/#primaryimage","url":"https:\/\/gegenstrom.org\/wp-content\/uploads\/2019\/04\/Der-\u00d6kologische-Komplex.jpg","contentUrl":"https:\/\/gegenstrom.org\/wp-content\/uploads\/2019\/04\/Der-\u00d6kologische-Komplex.jpg","width":800,"height":300,"caption":"Der \u00d6kologische Komplex"},{"@type":"BreadcrumbList","@id":"https:\/\/gegenstrom.org\/klima-und-katastrophe\/#breadcrumb","itemListElement":[{"@type":"ListItem","position":1,"name":"Startseite","item":"https:\/\/gegenstrom.org\/"},{"@type":"ListItem","position":2,"name":"Klima und Katastrophe?"}]},{"@type":"WebSite","@id":"https:\/\/gegenstrom.org\/#website","url":"https:\/\/gegenstrom.org\/","name":"Gegenstrom","description":"Plattform f\u00fcr rechte Metapolitik","publisher":{"@id":"https:\/\/gegenstrom.org\/#organization"},"potentialAction":[{"@type":"SearchAction","target":{"@type":"EntryPoint","urlTemplate":"https:\/\/gegenstrom.org\/?s={search_term_string}"},"query-input":{"@type":"PropertyValueSpecification","valueRequired":true,"valueName":"search_term_string"}}],"inLanguage":"en-US"},{"@type":"Organization","@id":"https:\/\/gegenstrom.org\/#organization","name":"Metapol Verlag & Medien","url":"https:\/\/gegenstrom.org\/","logo":{"@type":"ImageObject","inLanguage":"en-US","@id":"https:\/\/gegenstrom.org\/#\/schema\/logo\/image\/","url":"https:\/\/gegenstrom.org\/wp-content\/uploads\/2019\/11\/WMB_Senkrecht_Farbe_M-e1574681161133.png","contentUrl":"https:\/\/gegenstrom.org\/wp-content\/uploads\/2019\/11\/WMB_Senkrecht_Farbe_M-e1574681161133.png","width":300,"height":219,"caption":"Metapol Verlag & Medien"},"image":{"@id":"https:\/\/gegenstrom.org\/#\/schema\/logo\/image\/"},"sameAs":["https:\/\/de-de.facebook.com\/rechteMetapolitik\/","https:\/\/www.youtube.com\/channel\/UCvQizs-yQ8YapMiyuD6wDrw"]},{"@type":"Person","@id":"https:\/\/gegenstrom.org\/#\/schema\/person\/ddbcb7b26d6c6f112c1a5b363cd1f888","name":"Heino Bosselmann","url":"https:\/\/gegenstrom.org\/en\/author\/heino-bosselmann\/"}]}},"jetpack_featured_media_url":"https:\/\/gegenstrom.org\/wp-content\/uploads\/2019\/04\/Der-\u00d6kologische-Komplex.jpg","jetpack_sharing_enabled":true,"_links":{"self":[{"href":"https:\/\/gegenstrom.org\/en\/wp-json\/wp\/v2\/posts\/8080","targetHints":{"allow":["GET"]}}],"collection":[{"href":"https:\/\/gegenstrom.org\/en\/wp-json\/wp\/v2\/posts"}],"about":[{"href":"https:\/\/gegenstrom.org\/en\/wp-json\/wp\/v2\/types\/post"}],"author":[{"embeddable":true,"href":"https:\/\/gegenstrom.org\/en\/wp-json\/wp\/v2\/users\/71"}],"replies":[{"embeddable":true,"href":"https:\/\/gegenstrom.org\/en\/wp-json\/wp\/v2\/comments?post=8080"}],"version-history":[{"count":1,"href":"https:\/\/gegenstrom.org\/en\/wp-json\/wp\/v2\/posts\/8080\/revisions"}],"predecessor-version":[{"id":8081,"href":"https:\/\/gegenstrom.org\/en\/wp-json\/wp\/v2\/posts\/8080\/revisions\/8081"}],"wp:featuredmedia":[{"embeddable":true,"href":"https:\/\/gegenstrom.org\/en\/wp-json\/wp\/v2\/media\/2608"}],"wp:attachment":[{"href":"https:\/\/gegenstrom.org\/en\/wp-json\/wp\/v2\/media?parent=8080"}],"wp:term":[{"taxonomy":"category","embeddable":true,"href":"https:\/\/gegenstrom.org\/en\/wp-json\/wp\/v2\/categories?post=8080"},{"taxonomy":"post_tag","embeddable":true,"href":"https:\/\/gegenstrom.org\/en\/wp-json\/wp\/v2\/tags?post=8080"}],"curies":[{"name":"wp","href":"https:\/\/api.w.org\/{rel}","templated":true}]}}