{"id":7796,"date":"2021-05-11T06:50:55","date_gmt":"2021-05-11T04:50:55","guid":{"rendered":"https:\/\/gegenstrom.org\/?p=7796"},"modified":"2021-05-11T06:50:55","modified_gmt":"2021-05-11T04:50:55","slug":"ueberholte-politische-vorstellungen","status":"publish","type":"post","link":"https:\/\/gegenstrom.org\/en\/ueberholte-politische-vorstellungen\/","title":{"rendered":"\u00dcberholte politische Vorstellungen"},"content":{"rendered":"<p><em>Prof. C\u00e9sar Alberto Ranquetat J\u00fanior, Abschluss in Jura, Master in Sozialwissenschaften und Promotion in Sozialanthropologie. Derzeit ist er Professor im Bereich der Geisteswissenschaften an der Bundesuniversit\u00e4t Pampa\/Campus Itaqui-RS (Rio Grande do Sul), Brasilien. Er ver\u00f6ffentlichte zahlreiche Texte in nationalen und internationalen Zeitungen, Zeitschriften und Blogs zu verschiedenen Themen wie Kultur, Politik, Bildung und Modernit\u00e4t. Er ist zudem Autor mehrerer B\u00fccher, darunter sein Hauptwerk \u201cDa Direita Moderna \u00e0 Direita Tradicional\u201c (Von der modernen Rechten zur traditionalen Rechten). Sein bislang letztes, 2020 ver\u00f6ffentlichtes Buch tr\u00e4gt den Titel \u201eA Realeza de Cristo e a Ideia de uma Sociedade Tradicional\u201c (Das K\u00f6nigreich Christus und die Idee einer traditionalen Gesellschaft). Im deutschen Sprachraum wurde er erstmals durch den Beitrag \u201eDas Denken von Julius Evola in Brasilien\u201c bekannt, der in der Ausgabe \u201eTerra incognita \u2013 Das andere Amerika\u201c der Zeitschriftenreihe Junges Forum ver\u00f6ffentlicht wurde.<\/em><\/p>\n<p><em>Ranquetat ist 44 Jahre alt, verheiratet und hat einen sechsj\u00e4hrigen Sohn.<\/em><\/p>\n<p><strong><em>\u00dcbersetzung von Wolfgang Bendel<\/em><\/strong><\/p>\n<p>Das Beharren auf der Verwendung von begrifflichen Polarit\u00e4ten wie Kapitalismus vs. Kommunismus, Kommunismus vs. Antikommunismus, Faschismus vs. Antifaschismus und liberal-konservative Rechte vs. marxistische Linke in \u00f6ffentlichen Debatten kann eher verwirren als erkl\u00e4ren, was in der heutigen Welt wirklich passiert.<\/p>\n<p>Dar\u00fcber hinaus vermute ich, dass die Verwendung und der Missbrauch dieser ideologischen Begriffe aus der \u00c4ra des Kalten Krieges, in der die Welt in einem Streit um die globale Hegemonie zwischen zwei M\u00e4chten &#8211; den Vereinigten Staaten und der Sowjetunion &#8211; aufgeteilt war, wie ein Man\u00f6vrieren und Spielen im semantischen Feld und im kognitiven Horizont des Feindes sein k\u00f6nnte, indem man die Annahmen, Konzepte und Werte der aufkl\u00e4rerischen Moderne und ihre aufl\u00f6senden Folgen im postmodernen Nihilismus akzeptiert. Dabei handelt es sich im Wesentlichen um veraltete Kategorien, die in der Regel mehr der emotionalen Mobilisierung bestimmter politischer Gruppen und Machtprojekte dienen als der objektiven Beschreibung der Akteure im Kampf. In diesem Zusammenhang empfehle ich dringend die Lekt\u00fcre der brillanten Aufs\u00e4tze des mexikanischen Sozialwissenschaftlers Adriano Erriguel.<a href=\"#_edn1\" name=\"_ednref1\">[1]<\/a><\/p>\n<p>Nun, was wir vor unseren Augen sehen, ist nicht gerade der &#8222;klassische Marxismus&#8220; oder der alte Kommunismus mit einer leninistischen oder stalinistischen Matrix, sondern eine postmoderne und dekonstruktivistische<a href=\"#_edn2\" name=\"_ednref2\">[2]<\/a> Linke, die im tiefsten Inneren nicht gerade marxistisch im orthodoxen Sinne ist. In der Tat hat sie eine Weltanschauung und ist von einem liberal-libert\u00e4ren kosmopolitischen Imagin\u00e4ren durchtr\u00e4nkt und hat als historischen Markstein die Studentenaufst\u00e4nde der 1960er Jahre in Paris und Berkeley, die einen diffusen und paradoxen anarchischen, vitalistischen und radikalen Charakter hatten. Au\u00dferdem predigt und k\u00e4mpft sie nicht f\u00fcr eine sozialistische Revolution gegen das kapitalistische Produktionssystem, sondern sucht nach einer radikalen Mutation der menschlichen Natur, mit einem Diskurs und einer politischen Praxis, die auf der Idee einer &#8222;Befreiung und Emanzipation&#8220; der Individuen von traditionellen Werten basiert. Vom orthodoxen Marxismus bleiben nur eine bestimmte Rhetorik und bestimmte mobilisierende Symbole \u00fcbrig, die jedoch f\u00fcr die Interessen des globalistischen, multikulturellen und progressiven ideologischen Projekts wichtig sind.<\/p>\n<p>Die dekonstruktivistische Linke bedient, wie der bereits erw\u00e4hnte Soziologe betont, das einzige System, das das utopische Ideal einer unendlichen individuellen Befreiung tats\u00e4chlich greifbar macht: den libert\u00e4ren Liberalismus in der kulturellen Sph\u00e4re und den Liberalismus in der \u00f6konomischen Sph\u00e4re, also den globalen Turbokapitalismus in seiner letzten Entwicklungsstufe. Dar\u00fcber hinaus ist es notwendig, darauf hinzuweisen, dass diese neue Linke sich institutionalisiert hat und vollst\u00e4ndig in das transnationale liberale kapitalistische System integriert und absorbiert worden ist. Es ist ganz einfach, dies zu sehen, wir brauchen nur den Fernseher einzuschalten und mit einiger Aufmerksamkeit die Art von Unterhaltung und &#8222;kultureller Botschaft&#8220; zu beobachten, die vom Establishment bereitgestellt wird, um zu bemerken, wie es zu einer Verschmelzung zwischen Linksradikalismus und den wirtschaftlichen und symbolischen Interessen gro\u00dfer multinationaler Konzerne kommt.<\/p>\n<p>Aber wie Erriguel erkl\u00e4rt, ist es bereits eine geistige Routine der Rechten, alles, was ihr nicht gef\u00e4llt, als kommunistisch zu kategorisieren, genauso wie die Linke es liebt, alle Vertreter, die ihre ideologische Grundierung nicht akzeptieren, als faschistisch zu bezeichnen. K\u00e4mpfen beide politischen Spektren gegen Gespenster? W\u00e4ren diese, Faschismus und Kommunismus, nicht imagin\u00e4re Projektionen von politischen Akteuren, die darauf bestehen, die Welt mit den Augen und mentalen Kategorien anderer Zeiten zu betrachten? Jede Seite versucht offensichtlich, die realen Anspr\u00fcche der anderen Seite zu &#8222;verzerren&#8220; und sieht daher im Gegner ein Simulakrum<a href=\"#_edn3\" name=\"_ednref3\">[3]<\/a>. W\u00fcrde die Versch\u00e4rfung der Kontroversen nicht dazu f\u00fchren, dass jede Seite die Bedeutung der Begriffe auf ihre Weise interpretiert und damit die Verbindung von Worten und Begriffen mit der Realit\u00e4t in den Hintergrund ger\u00e4t? Wenn sie \u00fcber Kommunismus und Faschismus, Kapitalismus und Marxismus sprechen, dissertieren die Streitenden dann \u00fcber denselben Gegenstand, oder vielmehr \u00fcber dieselbe Sache? Stimulieren wir durch die Etikettierung des Antagonisten mit diesen Begriffen nicht eine endlose, sterile Debatte, eine Art &#8222;Dialog der Tauben&#8220;, bei dem beide Seiten reden und niemand den anderen versteht? Stehen wir vor einem &#8222;Spiel mit dem Spiegel&#8220;? Zum Beispiel: Wenn die brasilianische und weltweite Linke unisono und enthusiastisch Bolsonaro und Trump als Faschisten bezeichnet, sagt dass etwas Wahres? Nat\u00fcrlich nicht, das geht grob an der Sache vorbei. Wenn wiederum Sektoren der brasilianischen Rechten zweideutige politische Figuren wie Ciro Gomes, Marina Silva, Jo\u00e3o D\u00f3ria<a href=\"#_edn4\" name=\"_ednref4\">[4]<\/a> und sogar Putin als Kommunisten qualifizieren, sagen sie dann etwas Substantielles und Objektives?\u00a0 Das tun sie auch nicht.<\/p>\n<p>Jenseits dieser Polemik \u00fcber das &#8222;Geschlecht der Engel&#8220; und die Bedeutung von Begriffen und deren Bezug zur Realit\u00e4t ergibt sich aus meiner Sicht aus diesen Auseinandersetzungen ein ernsthaftes Problem: In jeder politischen Auseinandersetzung geht es zun\u00e4chst darum, den wirklichen Feind pr\u00e4zise und klar zu identifizieren.<\/p>\n<p><strong>Tatsache ist, dass der eigentliche ideologische und geistige Gegner der dissidenten Kr\u00e4fte die politische Moderne ist<a href=\"#_edn5\" name=\"_ednref5\">[5]<\/a><\/strong>, die zwischen liberalem Individualismus und Totalitarismus oszilliert, und dar\u00fcber hinaus die hyperkapitalistische und globalistische oligarchische Superklasse, die, um die Debatte zusammenzufassen, in der postmodernen Linken einen starken Verb\u00fcndeten hat, der als eine Art revolution\u00e4rer Beschleuniger fungiert, das hei\u00dft als Kraft der Aufl\u00f6sung der letzten Hindernisse, die der planetarischen Herrschaft des globalen Superkapitalismus und damit dem absoluten Imperium von Technik und Wirtschaft noch im Wege stehen.<\/p>\n<p>Dieser Beschleuniger, das muss betont werden, bereitet die psychische Atmosph\u00e4re und das kulturelle Klima vor, das die Konsolidierung der globalistischen &#8222;offenen Gesellschaft&#8220; beg\u00fcnstigt, die v\u00f6llig s\u00e4kularisiert ist und auf diese Weise leicht dem Aufkommen und der Konsolidierung einer neuen Weltpseudoreligion unterliegt, die synkretistisch, naturalistisch und tellurisch<a href=\"#_edn6\" name=\"_ednref6\">[6]<\/a> ist und die traditionellen Religionen ersetzen wird.<\/p>\n<h2>Anmerkungen &amp; Literaturverweise<\/h2>\n<p><a href=\"#_ednref1\" name=\"_edn1\">[1]<\/a> https:\/\/elmanifiesto.com\/tribuna\/6104\/deconstruccion-de-la-izquierda-posmoderna-i.html<\/p>\n<p><a href=\"#_ednref2\" name=\"_edn2\">[2]<\/a> Dekonstruktion, analytisches Verfahren, das zentrale, vorausgesetzte Begriffe der traditionellen Philosophie infrage stellt. (Anmerkung \u00dcbersetzer)<\/p>\n<p><a href=\"#_ednref3\" name=\"_edn3\">[3]<\/a> Simulakrum, ein wirkliches oder vorgestelltes Ding, das mit etwas oder jemand anderem verwandt ist oder ihm \u00e4hnlich ist. (Anmerkung \u00dcbersetzer)<\/p>\n<p><a href=\"#_ednref4\" name=\"_edn4\">[4]<\/a> Brasilianische Politiker, die, auf deutsche Verh\u00e4ltnisse \u00fcbertragen, als Linkspopulisten zu bezeichnen w\u00e4ren. (Anmerkung \u00dcbersetzer)<\/p>\n<p><a href=\"#_ednref5\" name=\"_edn5\">[5]<\/a> Hervorhebung \u00dcbersetzer.<\/p>\n<p><a href=\"#_ednref6\" name=\"_edn6\">[6]<\/a> Tellurisch, aus der Erde hervorgehend und damit im Gegensatz zum G\u00f6ttlichen stehend. (Anmerkung \u00dcbersetzer)<\/p>","protected":false},"excerpt":{"rendered":"<p>Prof. C\u00e9sar Alberto Ranquetat J\u00fanior, Abschluss in Jura, Master in Sozialwissenschaften und Promotion in Sozialanthropologie. Derzeit ist er Professor im Bereich der Geisteswissenschaften an der Bundesuniversit\u00e4t Pampa\/Campus Itaqui-RS (Rio Grande do Sul), Brasilien. Er ver\u00f6ffentlichte zahlreiche Texte in nationalen und internationalen Zeitungen, Zeitschriften und Blogs zu verschiedenen Themen wie Kultur, Politik, Bildung und Modernit\u00e4t. Er [&hellip;]<\/p>","protected":false},"author":63,"featured_media":218,"comment_status":"open","ping_status":"open","sticky":false,"template":"","format":"standard","meta":{"_et_pb_use_builder":"","_et_pb_old_content":"","_et_gb_content_width":"","_jetpack_memberships_contains_paid_content":false,"footnotes":""},"categories":[11],"tags":[302,276],"class_list":["post-7796","post","type-post","status-publish","format-standard","has-post-thumbnail","hentry","category-philosophie-theorie","tag-echte-rechte","tag-rechts-links-schema"],"yoast_head":"<!-- This site is optimized with the Yoast SEO plugin v26.2 - https:\/\/yoast.com\/wordpress\/plugins\/seo\/ -->\n<title>\u00dcberholte politische Vorstellungen - Gegenstrom<\/title>\n<meta name=\"robots\" content=\"index, follow, max-snippet:-1, max-image-preview:large, max-video-preview:-1\" \/>\n<link rel=\"canonical\" href=\"https:\/\/gegenstrom.org\/en\/ueberholte-politische-vorstellungen\/\" \/>\n<meta property=\"og:locale\" content=\"en_US\" \/>\n<meta property=\"og:type\" content=\"article\" \/>\n<meta property=\"og:title\" content=\"\u00dcberholte politische Vorstellungen - Gegenstrom\" \/>\n<meta property=\"og:description\" content=\"Prof. C\u00e9sar Alberto Ranquetat J\u00fanior, Abschluss in Jura, Master in Sozialwissenschaften und Promotion in Sozialanthropologie. Derzeit ist er Professor im Bereich der Geisteswissenschaften an der Bundesuniversit\u00e4t Pampa\/Campus Itaqui-RS (Rio Grande do Sul), Brasilien. Er ver\u00f6ffentlichte zahlreiche Texte in nationalen und internationalen Zeitungen, Zeitschriften und Blogs zu verschiedenen Themen wie Kultur, Politik, Bildung und Modernit\u00e4t. Er [&hellip;]\" \/>\n<meta property=\"og:url\" content=\"https:\/\/gegenstrom.org\/en\/ueberholte-politische-vorstellungen\/\" \/>\n<meta property=\"og:site_name\" content=\"Gegenstrom\" \/>\n<meta property=\"article:publisher\" content=\"https:\/\/de-de.facebook.com\/rechteMetapolitik\/\" \/>\n<meta property=\"article:published_time\" content=\"2021-05-11T04:50:55+00:00\" \/>\n<meta property=\"og:image\" content=\"https:\/\/gegenstrom.org\/wp-content\/uploads\/2016\/12\/Header-Was-ist-Rechts_-715x300.jpg\" \/>\n\t<meta property=\"og:image:width\" content=\"715\" \/>\n\t<meta property=\"og:image:height\" content=\"300\" \/>\n\t<meta property=\"og:image:type\" content=\"image\/jpeg\" \/>\n<meta name=\"author\" content=\"Prof. Cesar Alberto Ranquetat Junior\" \/>\n<meta name=\"twitter:card\" content=\"summary_large_image\" \/>\n<meta name=\"twitter:label1\" content=\"Written by\" \/>\n\t<meta name=\"twitter:data1\" content=\"Prof. Cesar Alberto Ranquetat Junior\" \/>\n\t<meta name=\"twitter:label2\" content=\"Est. reading time\" \/>\n\t<meta name=\"twitter:data2\" content=\"5 minutes\" \/>\n<script type=\"application\/ld+json\" class=\"yoast-schema-graph\">{\"@context\":\"https:\/\/schema.org\",\"@graph\":[{\"@type\":\"Article\",\"@id\":\"https:\/\/gegenstrom.org\/ueberholte-politische-vorstellungen\/#article\",\"isPartOf\":{\"@id\":\"https:\/\/gegenstrom.org\/ueberholte-politische-vorstellungen\/\"},\"author\":{\"name\":\"Prof. Cesar Alberto Ranquetat Junior\",\"@id\":\"https:\/\/gegenstrom.org\/#\/schema\/person\/8c8e77c4ae45c429dcf671389b3311f9\"},\"headline\":\"\u00dcberholte politische Vorstellungen\",\"datePublished\":\"2021-05-11T04:50:55+00:00\",\"mainEntityOfPage\":{\"@id\":\"https:\/\/gegenstrom.org\/ueberholte-politische-vorstellungen\/\"},\"wordCount\":1158,\"commentCount\":3,\"publisher\":{\"@id\":\"https:\/\/gegenstrom.org\/#organization\"},\"image\":{\"@id\":\"https:\/\/gegenstrom.org\/ueberholte-politische-vorstellungen\/#primaryimage\"},\"thumbnailUrl\":\"https:\/\/gegenstrom.org\/wp-content\/uploads\/2016\/12\/Header-Was-ist-Rechts_-715x300.jpg\",\"keywords\":[\"Echte Rechte\",\"Rechts-Links-Schema\"],\"articleSection\":[\"Philosophie &amp; Theorie\"],\"inLanguage\":\"en-US\"},{\"@type\":\"WebPage\",\"@id\":\"https:\/\/gegenstrom.org\/ueberholte-politische-vorstellungen\/\",\"url\":\"https:\/\/gegenstrom.org\/ueberholte-politische-vorstellungen\/\",\"name\":\"\u00dcberholte politische Vorstellungen - Gegenstrom\",\"isPartOf\":{\"@id\":\"https:\/\/gegenstrom.org\/#website\"},\"primaryImageOfPage\":{\"@id\":\"https:\/\/gegenstrom.org\/ueberholte-politische-vorstellungen\/#primaryimage\"},\"image\":{\"@id\":\"https:\/\/gegenstrom.org\/ueberholte-politische-vorstellungen\/#primaryimage\"},\"thumbnailUrl\":\"https:\/\/gegenstrom.org\/wp-content\/uploads\/2016\/12\/Header-Was-ist-Rechts_-715x300.jpg\",\"datePublished\":\"2021-05-11T04:50:55+00:00\",\"breadcrumb\":{\"@id\":\"https:\/\/gegenstrom.org\/ueberholte-politische-vorstellungen\/#breadcrumb\"},\"inLanguage\":\"en-US\",\"potentialAction\":[{\"@type\":\"ReadAction\",\"target\":[\"https:\/\/gegenstrom.org\/ueberholte-politische-vorstellungen\/\"]}]},{\"@type\":\"ImageObject\",\"inLanguage\":\"en-US\",\"@id\":\"https:\/\/gegenstrom.org\/ueberholte-politische-vorstellungen\/#primaryimage\",\"url\":\"https:\/\/gegenstrom.org\/wp-content\/uploads\/2016\/12\/Header-Was-ist-Rechts_-715x300.jpg\",\"contentUrl\":\"https:\/\/gegenstrom.org\/wp-content\/uploads\/2016\/12\/Header-Was-ist-Rechts_-715x300.jpg\",\"width\":715,\"height\":300},{\"@type\":\"BreadcrumbList\",\"@id\":\"https:\/\/gegenstrom.org\/ueberholte-politische-vorstellungen\/#breadcrumb\",\"itemListElement\":[{\"@type\":\"ListItem\",\"position\":1,\"name\":\"Startseite\",\"item\":\"https:\/\/gegenstrom.org\/\"},{\"@type\":\"ListItem\",\"position\":2,\"name\":\"\u00dcberholte politische Vorstellungen\"}]},{\"@type\":\"WebSite\",\"@id\":\"https:\/\/gegenstrom.org\/#website\",\"url\":\"https:\/\/gegenstrom.org\/\",\"name\":\"Gegenstrom\",\"description\":\"Plattform f\u00fcr rechte Metapolitik\",\"publisher\":{\"@id\":\"https:\/\/gegenstrom.org\/#organization\"},\"potentialAction\":[{\"@type\":\"SearchAction\",\"target\":{\"@type\":\"EntryPoint\",\"urlTemplate\":\"https:\/\/gegenstrom.org\/?s={search_term_string}\"},\"query-input\":{\"@type\":\"PropertyValueSpecification\",\"valueRequired\":true,\"valueName\":\"search_term_string\"}}],\"inLanguage\":\"en-US\"},{\"@type\":\"Organization\",\"@id\":\"https:\/\/gegenstrom.org\/#organization\",\"name\":\"Metapol Verlag & Medien\",\"url\":\"https:\/\/gegenstrom.org\/\",\"logo\":{\"@type\":\"ImageObject\",\"inLanguage\":\"en-US\",\"@id\":\"https:\/\/gegenstrom.org\/#\/schema\/logo\/image\/\",\"url\":\"https:\/\/gegenstrom.org\/wp-content\/uploads\/2019\/11\/WMB_Senkrecht_Farbe_M-e1574681161133.png\",\"contentUrl\":\"https:\/\/gegenstrom.org\/wp-content\/uploads\/2019\/11\/WMB_Senkrecht_Farbe_M-e1574681161133.png\",\"width\":300,\"height\":219,\"caption\":\"Metapol Verlag & Medien\"},\"image\":{\"@id\":\"https:\/\/gegenstrom.org\/#\/schema\/logo\/image\/\"},\"sameAs\":[\"https:\/\/de-de.facebook.com\/rechteMetapolitik\/\",\"https:\/\/www.youtube.com\/channel\/UCvQizs-yQ8YapMiyuD6wDrw\"]},{\"@type\":\"Person\",\"@id\":\"https:\/\/gegenstrom.org\/#\/schema\/person\/8c8e77c4ae45c429dcf671389b3311f9\",\"name\":\"Prof. Cesar Alberto Ranquetat Junior\",\"url\":\"https:\/\/gegenstrom.org\/en\/author\/prof-cesar-alberto-ranquetat-junior\/\"}]}<\/script>\n<!-- \/ Yoast SEO plugin. -->","yoast_head_json":{"title":"\u00dcberholte politische Vorstellungen - Gegenstrom","robots":{"index":"index","follow":"follow","max-snippet":"max-snippet:-1","max-image-preview":"max-image-preview:large","max-video-preview":"max-video-preview:-1"},"canonical":"https:\/\/gegenstrom.org\/en\/ueberholte-politische-vorstellungen\/","og_locale":"en_US","og_type":"article","og_title":"\u00dcberholte politische Vorstellungen - Gegenstrom","og_description":"Prof. C\u00e9sar Alberto Ranquetat J\u00fanior, Abschluss in Jura, Master in Sozialwissenschaften und Promotion in Sozialanthropologie. Derzeit ist er Professor im Bereich der Geisteswissenschaften an der Bundesuniversit\u00e4t Pampa\/Campus Itaqui-RS (Rio Grande do Sul), Brasilien. Er ver\u00f6ffentlichte zahlreiche Texte in nationalen und internationalen Zeitungen, Zeitschriften und Blogs zu verschiedenen Themen wie Kultur, Politik, Bildung und Modernit\u00e4t. Er [&hellip;]","og_url":"https:\/\/gegenstrom.org\/en\/ueberholte-politische-vorstellungen\/","og_site_name":"Gegenstrom","article_publisher":"https:\/\/de-de.facebook.com\/rechteMetapolitik\/","article_published_time":"2021-05-11T04:50:55+00:00","og_image":[{"width":715,"height":300,"url":"https:\/\/gegenstrom.org\/wp-content\/uploads\/2016\/12\/Header-Was-ist-Rechts_-715x300.jpg","type":"image\/jpeg"}],"author":"Prof. Cesar Alberto Ranquetat Junior","twitter_card":"summary_large_image","twitter_misc":{"Written by":"Prof. Cesar Alberto Ranquetat Junior","Est. reading time":"5 minutes"},"schema":{"@context":"https:\/\/schema.org","@graph":[{"@type":"Article","@id":"https:\/\/gegenstrom.org\/ueberholte-politische-vorstellungen\/#article","isPartOf":{"@id":"https:\/\/gegenstrom.org\/ueberholte-politische-vorstellungen\/"},"author":{"name":"Prof. Cesar Alberto Ranquetat Junior","@id":"https:\/\/gegenstrom.org\/#\/schema\/person\/8c8e77c4ae45c429dcf671389b3311f9"},"headline":"\u00dcberholte politische Vorstellungen","datePublished":"2021-05-11T04:50:55+00:00","mainEntityOfPage":{"@id":"https:\/\/gegenstrom.org\/ueberholte-politische-vorstellungen\/"},"wordCount":1158,"commentCount":3,"publisher":{"@id":"https:\/\/gegenstrom.org\/#organization"},"image":{"@id":"https:\/\/gegenstrom.org\/ueberholte-politische-vorstellungen\/#primaryimage"},"thumbnailUrl":"https:\/\/gegenstrom.org\/wp-content\/uploads\/2016\/12\/Header-Was-ist-Rechts_-715x300.jpg","keywords":["Echte Rechte","Rechts-Links-Schema"],"articleSection":["Philosophie &amp; Theorie"],"inLanguage":"en-US"},{"@type":"WebPage","@id":"https:\/\/gegenstrom.org\/ueberholte-politische-vorstellungen\/","url":"https:\/\/gegenstrom.org\/ueberholte-politische-vorstellungen\/","name":"\u00dcberholte politische Vorstellungen - Gegenstrom","isPartOf":{"@id":"https:\/\/gegenstrom.org\/#website"},"primaryImageOfPage":{"@id":"https:\/\/gegenstrom.org\/ueberholte-politische-vorstellungen\/#primaryimage"},"image":{"@id":"https:\/\/gegenstrom.org\/ueberholte-politische-vorstellungen\/#primaryimage"},"thumbnailUrl":"https:\/\/gegenstrom.org\/wp-content\/uploads\/2016\/12\/Header-Was-ist-Rechts_-715x300.jpg","datePublished":"2021-05-11T04:50:55+00:00","breadcrumb":{"@id":"https:\/\/gegenstrom.org\/ueberholte-politische-vorstellungen\/#breadcrumb"},"inLanguage":"en-US","potentialAction":[{"@type":"ReadAction","target":["https:\/\/gegenstrom.org\/ueberholte-politische-vorstellungen\/"]}]},{"@type":"ImageObject","inLanguage":"en-US","@id":"https:\/\/gegenstrom.org\/ueberholte-politische-vorstellungen\/#primaryimage","url":"https:\/\/gegenstrom.org\/wp-content\/uploads\/2016\/12\/Header-Was-ist-Rechts_-715x300.jpg","contentUrl":"https:\/\/gegenstrom.org\/wp-content\/uploads\/2016\/12\/Header-Was-ist-Rechts_-715x300.jpg","width":715,"height":300},{"@type":"BreadcrumbList","@id":"https:\/\/gegenstrom.org\/ueberholte-politische-vorstellungen\/#breadcrumb","itemListElement":[{"@type":"ListItem","position":1,"name":"Startseite","item":"https:\/\/gegenstrom.org\/"},{"@type":"ListItem","position":2,"name":"\u00dcberholte politische Vorstellungen"}]},{"@type":"WebSite","@id":"https:\/\/gegenstrom.org\/#website","url":"https:\/\/gegenstrom.org\/","name":"Gegenstrom","description":"Plattform f\u00fcr rechte Metapolitik","publisher":{"@id":"https:\/\/gegenstrom.org\/#organization"},"potentialAction":[{"@type":"SearchAction","target":{"@type":"EntryPoint","urlTemplate":"https:\/\/gegenstrom.org\/?s={search_term_string}"},"query-input":{"@type":"PropertyValueSpecification","valueRequired":true,"valueName":"search_term_string"}}],"inLanguage":"en-US"},{"@type":"Organization","@id":"https:\/\/gegenstrom.org\/#organization","name":"Metapol Verlag & Medien","url":"https:\/\/gegenstrom.org\/","logo":{"@type":"ImageObject","inLanguage":"en-US","@id":"https:\/\/gegenstrom.org\/#\/schema\/logo\/image\/","url":"https:\/\/gegenstrom.org\/wp-content\/uploads\/2019\/11\/WMB_Senkrecht_Farbe_M-e1574681161133.png","contentUrl":"https:\/\/gegenstrom.org\/wp-content\/uploads\/2019\/11\/WMB_Senkrecht_Farbe_M-e1574681161133.png","width":300,"height":219,"caption":"Metapol Verlag & Medien"},"image":{"@id":"https:\/\/gegenstrom.org\/#\/schema\/logo\/image\/"},"sameAs":["https:\/\/de-de.facebook.com\/rechteMetapolitik\/","https:\/\/www.youtube.com\/channel\/UCvQizs-yQ8YapMiyuD6wDrw"]},{"@type":"Person","@id":"https:\/\/gegenstrom.org\/#\/schema\/person\/8c8e77c4ae45c429dcf671389b3311f9","name":"Prof. Cesar Alberto Ranquetat Junior","url":"https:\/\/gegenstrom.org\/en\/author\/prof-cesar-alberto-ranquetat-junior\/"}]}},"jetpack_featured_media_url":"https:\/\/gegenstrom.org\/wp-content\/uploads\/2016\/12\/Header-Was-ist-Rechts_-715x300.jpg","jetpack_sharing_enabled":true,"_links":{"self":[{"href":"https:\/\/gegenstrom.org\/en\/wp-json\/wp\/v2\/posts\/7796","targetHints":{"allow":["GET"]}}],"collection":[{"href":"https:\/\/gegenstrom.org\/en\/wp-json\/wp\/v2\/posts"}],"about":[{"href":"https:\/\/gegenstrom.org\/en\/wp-json\/wp\/v2\/types\/post"}],"author":[{"embeddable":true,"href":"https:\/\/gegenstrom.org\/en\/wp-json\/wp\/v2\/users\/63"}],"replies":[{"embeddable":true,"href":"https:\/\/gegenstrom.org\/en\/wp-json\/wp\/v2\/comments?post=7796"}],"version-history":[{"count":3,"href":"https:\/\/gegenstrom.org\/en\/wp-json\/wp\/v2\/posts\/7796\/revisions"}],"predecessor-version":[{"id":7799,"href":"https:\/\/gegenstrom.org\/en\/wp-json\/wp\/v2\/posts\/7796\/revisions\/7799"}],"wp:featuredmedia":[{"embeddable":true,"href":"https:\/\/gegenstrom.org\/en\/wp-json\/wp\/v2\/media\/218"}],"wp:attachment":[{"href":"https:\/\/gegenstrom.org\/en\/wp-json\/wp\/v2\/media?parent=7796"}],"wp:term":[{"taxonomy":"category","embeddable":true,"href":"https:\/\/gegenstrom.org\/en\/wp-json\/wp\/v2\/categories?post=7796"},{"taxonomy":"post_tag","embeddable":true,"href":"https:\/\/gegenstrom.org\/en\/wp-json\/wp\/v2\/tags?post=7796"}],"curies":[{"name":"wp","href":"https:\/\/api.w.org\/{rel}","templated":true}]}}