{"id":7539,"date":"2020-12-23T06:50:22","date_gmt":"2020-12-23T05:50:22","guid":{"rendered":"https:\/\/gegenstrom.org\/?p=7539"},"modified":"2020-12-23T06:50:22","modified_gmt":"2020-12-23T05:50:22","slug":"rezension-kampf-um-europa","status":"publish","type":"post","link":"https:\/\/gegenstrom.org\/en\/rezension-kampf-um-europa\/","title":{"rendered":"Rezension: \u201eKampf um Europa\u201c"},"content":{"rendered":"<p><em>Nachfolgend ver\u00f6ffentlichen wir eine von einem interessierten Leser zugeschickte Rezension des Manifestes eines europ\u00e4ischen Nationalismus der Stiftung Europa Terra Nostra (ETN), die in der Vergangenheit bereits mehrere Titel mit Europabezug publizierte. Die Redaktion<\/em><\/p>\n<p>Die Stiftung Europa Terra Nostra f\u00fchrt mit ihrer Neuver\u00f6ffentlichung \u201eKampf um Europa \u2013 Manifest eines europ\u00e4ischen Nationalismus\u201c ihre bisherige Ver\u00f6ffentlichungsreihe fort. Wie auch vergangene Produktionen \u00fcberzeugt das Werk durch Gestaltung, Produktion und Lektorat, f\u00fcr die inhaltliche Bewertung kommt es jedoch darauf an, welche Anspr\u00fcche man stellt. Als Absichtserkl\u00e4rung, Vorstellung der Arbeit der ETN und Heranf\u00fchrung an eine pro-europ\u00e4ische Position bietet das kleine B\u00fcchlein einen \u00fcbersichtlichen Grundabriss.<\/p>\n<p>Bei der Bewertung als Manifest im engeren Sinne ist jedoch gerade diese inhaltliche Schw\u00e4che, die nicht \u00fcber eine Absichtserkl\u00e4rung hinausgeht, zu kritisieren. Die insgesamt 67 Seiten beinhalten nur wenig mehr als eine oberfl\u00e4chliche Wiederholung der mittlerweile (erfreulicherweise) in weiten Kreisen der \u201eRechten\u201c bestehenden grunds\u00e4tzlichen pro-europ\u00e4ischen Ausrichtung. Ebenso beschr\u00e4nken sie sich auf die nicht weiter fundierte und vom (als Nationalist durchaus kritisch zu sehenden\u2026) franz\u00f6sischen Politiker Charles-de-Gaulle \u00fcbernommene Phrase des \u201eEuropa der Vaterl\u00e4nder\u201c. Auch allgemeine Auffassungen, wie die, dass die europ\u00e4ischen Nationalisten sich nicht mehr in chauvinistischen Konflikten aufreiben sollen, finden sich in dem Manifest aufgenommen. Wer jedoch zwischen den Buchdeckeln nach irgendeinem konkreten L\u00f6sungsmodell f\u00fcr die zahlreichen bestehenden Grenz- und Volkstumskonflikte sucht, wird diese genauso wenig finden, wie die Konzeption eines (immerhin im Buchtitel erw\u00e4hnten) Europ\u00e4ischen Nationalismus. Dies ist umso bezeichnender, als dass die \u201eRechte\u201c schon weitaus weiter war, seien es diverse eurofaschistische Modelle der 30er und 40er Jahre oder auch die entsprechende Arbeit der nationalrevolution\u00e4ren deutschen Rechten der 70er Jahre rund um Henning Eichberg und ihrer europ\u00e4ischen Partner wie Jean-Louis Thi\u00e9riot. Man selbst hat zudem mit den beiden B\u00fcchern Sascha Ro\u00dfm\u00fcllers inhaltlich fundiertere Werke zur Geopolitik und europ\u00e4ischen Thematik publiziert, was die Beschr\u00e4nkung auf wenige Phrasen noch unverst\u00e4ndlicher macht. So versammelt man leider nicht viel mehr als eine oberfl\u00e4chliche und zum Allgemeingut gewordene pro-europ\u00e4ische Ausrichtung, deren Charakter als \u201eManifest\u201c man durchaus kritisch sehen kann. In der konkreten Ausformulierung mangels jedes tiefergehenden und radikaleren (im Sinne von an die Wurzeln gehenden) Gedanken h\u00e4tte sie auch von der Alternative f\u00fcr Deutschland oder \u00e4hnlichen Parteien erscheinen k\u00f6nnen. Nichtsdestotrotz ist der ETN zugute zu halten, dass sie als eine der wenigen noch dem radikalen Lager zuzuordnenden Plattformen \u00fcberhaupt f\u00fcr regelm\u00e4\u00dfige Neuerscheinungen abseits von Militaria und Verschw\u00f6rungstheorien sorgt und auch mit dieser Neuerscheinung vielleicht einige Personen erreicht, die sich bislang noch nicht mit dem europ\u00e4ischen Gedanken besch\u00e4ftigt haben.<\/p>\n<p>Wer das Werk oder andere Schriften der ETN beziehen m\u00f6chte, kann diese <a href=\"https:\/\/etnostrashop.com\/\">submitted<\/a> bestellen.<\/p>\n<p>9,80\u20ac<\/p>\n<p>68 Seiten, broschiert<br \/>\nEuropa Terra Nostra, Berlin 2020<\/p>","protected":false},"excerpt":{"rendered":"<p>Nachfolgend ver\u00f6ffentlichen wir eine von einem interessierten Leser zugeschickte Rezension des Manifestes eines europ\u00e4ischen Nationalismus der Stiftung Europa Terra Nostra (ETN), die in der Vergangenheit bereits mehrere Titel mit Europabezug publizierte. Die Redaktion Die Stiftung Europa Terra Nostra f\u00fchrt mit ihrer Neuver\u00f6ffentlichung \u201eKampf um Europa \u2013 Manifest eines europ\u00e4ischen Nationalismus\u201c ihre bisherige Ver\u00f6ffentlichungsreihe fort. Wie [&hellip;]<\/p>","protected":false},"author":28,"featured_media":7540,"comment_status":"open","ping_status":"open","sticky":false,"template":"","format":"standard","meta":{"_et_pb_use_builder":"","_et_pb_old_content":"","_et_gb_content_width":"","_jetpack_memberships_contains_paid_content":false,"footnotes":""},"categories":[4],"tags":[124,253,94],"class_list":["post-7539","post","type-post","status-publish","format-standard","has-post-thumbnail","hentry","category-deutschland-und-die-welt","tag-dritte-position","tag-europa","tag-europaeische-rechte"],"yoast_head":"<!-- This site is optimized with the Yoast SEO plugin v26.2 - https:\/\/yoast.com\/wordpress\/plugins\/seo\/ -->\n<title>Rezension: \u201eKampf um Europa\u201c - Gegenstrom<\/title>\n<meta name=\"robots\" content=\"index, follow, max-snippet:-1, max-image-preview:large, max-video-preview:-1\" \/>\n<link rel=\"canonical\" href=\"https:\/\/gegenstrom.org\/en\/rezension-kampf-um-europa\/\" \/>\n<meta property=\"og:locale\" content=\"en_US\" \/>\n<meta property=\"og:type\" content=\"article\" \/>\n<meta property=\"og:title\" content=\"Rezension: \u201eKampf um Europa\u201c - Gegenstrom\" \/>\n<meta property=\"og:description\" content=\"Nachfolgend ver\u00f6ffentlichen wir eine von einem interessierten Leser zugeschickte Rezension des Manifestes eines europ\u00e4ischen Nationalismus der Stiftung Europa Terra Nostra (ETN), die in der Vergangenheit bereits mehrere Titel mit Europabezug publizierte. Die Redaktion Die Stiftung Europa Terra Nostra f\u00fchrt mit ihrer Neuver\u00f6ffentlichung \u201eKampf um Europa \u2013 Manifest eines europ\u00e4ischen Nationalismus\u201c ihre bisherige Ver\u00f6ffentlichungsreihe fort. Wie [&hellip;]\" \/>\n<meta property=\"og:url\" content=\"https:\/\/gegenstrom.org\/en\/rezension-kampf-um-europa\/\" \/>\n<meta property=\"og:site_name\" content=\"Gegenstrom\" \/>\n<meta property=\"article:publisher\" content=\"https:\/\/de-de.facebook.com\/rechteMetapolitik\/\" \/>\n<meta property=\"article:published_time\" content=\"2020-12-23T05:50:22+00:00\" \/>\n<meta property=\"og:image\" content=\"https:\/\/gegenstrom.org\/wp-content\/uploads\/2020\/12\/ETN-Rezi_manifest.jpeg\" \/>\n\t<meta property=\"og:image:width\" content=\"715\" \/>\n\t<meta property=\"og:image:height\" content=\"300\" \/>\n\t<meta property=\"og:image:type\" content=\"image\/jpeg\" \/>\n<meta name=\"author\" content=\"Redaktion\" \/>\n<meta name=\"twitter:card\" content=\"summary_large_image\" \/>\n<meta name=\"twitter:label1\" content=\"Written by\" \/>\n\t<meta name=\"twitter:data1\" content=\"Redaktion\" \/>\n\t<meta name=\"twitter:label2\" content=\"Est. reading time\" \/>\n\t<meta name=\"twitter:data2\" content=\"2 minutes\" \/>\n<script type=\"application\/ld+json\" class=\"yoast-schema-graph\">{\"@context\":\"https:\/\/schema.org\",\"@graph\":[{\"@type\":\"Article\",\"@id\":\"https:\/\/gegenstrom.org\/rezension-kampf-um-europa\/#article\",\"isPartOf\":{\"@id\":\"https:\/\/gegenstrom.org\/rezension-kampf-um-europa\/\"},\"author\":{\"name\":\"Redaktion\",\"@id\":\"https:\/\/gegenstrom.org\/#\/schema\/person\/9adb4188754722c1352b5f101655cd2d\"},\"headline\":\"Rezension: \u201eKampf um Europa\u201c\",\"datePublished\":\"2020-12-23T05:50:22+00:00\",\"mainEntityOfPage\":{\"@id\":\"https:\/\/gegenstrom.org\/rezension-kampf-um-europa\/\"},\"wordCount\":470,\"commentCount\":0,\"publisher\":{\"@id\":\"https:\/\/gegenstrom.org\/#organization\"},\"image\":{\"@id\":\"https:\/\/gegenstrom.org\/rezension-kampf-um-europa\/#primaryimage\"},\"thumbnailUrl\":\"https:\/\/gegenstrom.org\/wp-content\/uploads\/2020\/12\/ETN-Rezi_manifest.jpeg\",\"keywords\":[\"Dritte Position\",\"Europa\",\"Europ\u00e4ische Rechte\"],\"articleSection\":[\"Deutschland und die Welt\"],\"inLanguage\":\"en-US\"},{\"@type\":\"WebPage\",\"@id\":\"https:\/\/gegenstrom.org\/rezension-kampf-um-europa\/\",\"url\":\"https:\/\/gegenstrom.org\/rezension-kampf-um-europa\/\",\"name\":\"Rezension: \u201eKampf um Europa\u201c - Gegenstrom\",\"isPartOf\":{\"@id\":\"https:\/\/gegenstrom.org\/#website\"},\"primaryImageOfPage\":{\"@id\":\"https:\/\/gegenstrom.org\/rezension-kampf-um-europa\/#primaryimage\"},\"image\":{\"@id\":\"https:\/\/gegenstrom.org\/rezension-kampf-um-europa\/#primaryimage\"},\"thumbnailUrl\":\"https:\/\/gegenstrom.org\/wp-content\/uploads\/2020\/12\/ETN-Rezi_manifest.jpeg\",\"datePublished\":\"2020-12-23T05:50:22+00:00\",\"breadcrumb\":{\"@id\":\"https:\/\/gegenstrom.org\/rezension-kampf-um-europa\/#breadcrumb\"},\"inLanguage\":\"en-US\",\"potentialAction\":[{\"@type\":\"ReadAction\",\"target\":[\"https:\/\/gegenstrom.org\/rezension-kampf-um-europa\/\"]}]},{\"@type\":\"ImageObject\",\"inLanguage\":\"en-US\",\"@id\":\"https:\/\/gegenstrom.org\/rezension-kampf-um-europa\/#primaryimage\",\"url\":\"https:\/\/gegenstrom.org\/wp-content\/uploads\/2020\/12\/ETN-Rezi_manifest.jpeg\",\"contentUrl\":\"https:\/\/gegenstrom.org\/wp-content\/uploads\/2020\/12\/ETN-Rezi_manifest.jpeg\",\"width\":715,\"height\":300,\"caption\":\"Europ\u00e4isches Manifest von ETN\"},{\"@type\":\"BreadcrumbList\",\"@id\":\"https:\/\/gegenstrom.org\/rezension-kampf-um-europa\/#breadcrumb\",\"itemListElement\":[{\"@type\":\"ListItem\",\"position\":1,\"name\":\"Startseite\",\"item\":\"https:\/\/gegenstrom.org\/\"},{\"@type\":\"ListItem\",\"position\":2,\"name\":\"Rezension: \u201eKampf um Europa\u201c\"}]},{\"@type\":\"WebSite\",\"@id\":\"https:\/\/gegenstrom.org\/#website\",\"url\":\"https:\/\/gegenstrom.org\/\",\"name\":\"Gegenstrom\",\"description\":\"Plattform f\u00fcr rechte Metapolitik\",\"publisher\":{\"@id\":\"https:\/\/gegenstrom.org\/#organization\"},\"potentialAction\":[{\"@type\":\"SearchAction\",\"target\":{\"@type\":\"EntryPoint\",\"urlTemplate\":\"https:\/\/gegenstrom.org\/?s={search_term_string}\"},\"query-input\":{\"@type\":\"PropertyValueSpecification\",\"valueRequired\":true,\"valueName\":\"search_term_string\"}}],\"inLanguage\":\"en-US\"},{\"@type\":\"Organization\",\"@id\":\"https:\/\/gegenstrom.org\/#organization\",\"name\":\"Metapol Verlag & Medien\",\"url\":\"https:\/\/gegenstrom.org\/\",\"logo\":{\"@type\":\"ImageObject\",\"inLanguage\":\"en-US\",\"@id\":\"https:\/\/gegenstrom.org\/#\/schema\/logo\/image\/\",\"url\":\"https:\/\/gegenstrom.org\/wp-content\/uploads\/2019\/11\/WMB_Senkrecht_Farbe_M-e1574681161133.png\",\"contentUrl\":\"https:\/\/gegenstrom.org\/wp-content\/uploads\/2019\/11\/WMB_Senkrecht_Farbe_M-e1574681161133.png\",\"width\":300,\"height\":219,\"caption\":\"Metapol Verlag & Medien\"},\"image\":{\"@id\":\"https:\/\/gegenstrom.org\/#\/schema\/logo\/image\/\"},\"sameAs\":[\"https:\/\/de-de.facebook.com\/rechteMetapolitik\/\",\"https:\/\/www.youtube.com\/channel\/UCvQizs-yQ8YapMiyuD6wDrw\"]},{\"@type\":\"Person\",\"@id\":\"https:\/\/gegenstrom.org\/#\/schema\/person\/9adb4188754722c1352b5f101655cd2d\",\"name\":\"Redaktion\",\"url\":\"https:\/\/gegenstrom.org\/en\/author\/redaktion\/\"}]}<\/script>\n<!-- \/ Yoast SEO plugin. -->","yoast_head_json":{"title":"Rezension: \u201eKampf um Europa\u201c - Gegenstrom","robots":{"index":"index","follow":"follow","max-snippet":"max-snippet:-1","max-image-preview":"max-image-preview:large","max-video-preview":"max-video-preview:-1"},"canonical":"https:\/\/gegenstrom.org\/en\/rezension-kampf-um-europa\/","og_locale":"en_US","og_type":"article","og_title":"Rezension: \u201eKampf um Europa\u201c - Gegenstrom","og_description":"Nachfolgend ver\u00f6ffentlichen wir eine von einem interessierten Leser zugeschickte Rezension des Manifestes eines europ\u00e4ischen Nationalismus der Stiftung Europa Terra Nostra (ETN), die in der Vergangenheit bereits mehrere Titel mit Europabezug publizierte. Die Redaktion Die Stiftung Europa Terra Nostra f\u00fchrt mit ihrer Neuver\u00f6ffentlichung \u201eKampf um Europa \u2013 Manifest eines europ\u00e4ischen Nationalismus\u201c ihre bisherige Ver\u00f6ffentlichungsreihe fort. Wie [&hellip;]","og_url":"https:\/\/gegenstrom.org\/en\/rezension-kampf-um-europa\/","og_site_name":"Gegenstrom","article_publisher":"https:\/\/de-de.facebook.com\/rechteMetapolitik\/","article_published_time":"2020-12-23T05:50:22+00:00","og_image":[{"width":715,"height":300,"url":"https:\/\/gegenstrom.org\/wp-content\/uploads\/2020\/12\/ETN-Rezi_manifest.jpeg","type":"image\/jpeg"}],"author":"Redaktion","twitter_card":"summary_large_image","twitter_misc":{"Written by":"Redaktion","Est. reading time":"2 minutes"},"schema":{"@context":"https:\/\/schema.org","@graph":[{"@type":"Article","@id":"https:\/\/gegenstrom.org\/rezension-kampf-um-europa\/#article","isPartOf":{"@id":"https:\/\/gegenstrom.org\/rezension-kampf-um-europa\/"},"author":{"name":"Redaktion","@id":"https:\/\/gegenstrom.org\/#\/schema\/person\/9adb4188754722c1352b5f101655cd2d"},"headline":"Rezension: \u201eKampf um Europa\u201c","datePublished":"2020-12-23T05:50:22+00:00","mainEntityOfPage":{"@id":"https:\/\/gegenstrom.org\/rezension-kampf-um-europa\/"},"wordCount":470,"commentCount":0,"publisher":{"@id":"https:\/\/gegenstrom.org\/#organization"},"image":{"@id":"https:\/\/gegenstrom.org\/rezension-kampf-um-europa\/#primaryimage"},"thumbnailUrl":"https:\/\/gegenstrom.org\/wp-content\/uploads\/2020\/12\/ETN-Rezi_manifest.jpeg","keywords":["Dritte Position","Europa","Europ\u00e4ische Rechte"],"articleSection":["Deutschland und die Welt"],"inLanguage":"en-US"},{"@type":"WebPage","@id":"https:\/\/gegenstrom.org\/rezension-kampf-um-europa\/","url":"https:\/\/gegenstrom.org\/rezension-kampf-um-europa\/","name":"Rezension: \u201eKampf um Europa\u201c - Gegenstrom","isPartOf":{"@id":"https:\/\/gegenstrom.org\/#website"},"primaryImageOfPage":{"@id":"https:\/\/gegenstrom.org\/rezension-kampf-um-europa\/#primaryimage"},"image":{"@id":"https:\/\/gegenstrom.org\/rezension-kampf-um-europa\/#primaryimage"},"thumbnailUrl":"https:\/\/gegenstrom.org\/wp-content\/uploads\/2020\/12\/ETN-Rezi_manifest.jpeg","datePublished":"2020-12-23T05:50:22+00:00","breadcrumb":{"@id":"https:\/\/gegenstrom.org\/rezension-kampf-um-europa\/#breadcrumb"},"inLanguage":"en-US","potentialAction":[{"@type":"ReadAction","target":["https:\/\/gegenstrom.org\/rezension-kampf-um-europa\/"]}]},{"@type":"ImageObject","inLanguage":"en-US","@id":"https:\/\/gegenstrom.org\/rezension-kampf-um-europa\/#primaryimage","url":"https:\/\/gegenstrom.org\/wp-content\/uploads\/2020\/12\/ETN-Rezi_manifest.jpeg","contentUrl":"https:\/\/gegenstrom.org\/wp-content\/uploads\/2020\/12\/ETN-Rezi_manifest.jpeg","width":715,"height":300,"caption":"Europ\u00e4isches Manifest von ETN"},{"@type":"BreadcrumbList","@id":"https:\/\/gegenstrom.org\/rezension-kampf-um-europa\/#breadcrumb","itemListElement":[{"@type":"ListItem","position":1,"name":"Startseite","item":"https:\/\/gegenstrom.org\/"},{"@type":"ListItem","position":2,"name":"Rezension: \u201eKampf um Europa\u201c"}]},{"@type":"WebSite","@id":"https:\/\/gegenstrom.org\/#website","url":"https:\/\/gegenstrom.org\/","name":"Gegenstrom","description":"Plattform f\u00fcr rechte Metapolitik","publisher":{"@id":"https:\/\/gegenstrom.org\/#organization"},"potentialAction":[{"@type":"SearchAction","target":{"@type":"EntryPoint","urlTemplate":"https:\/\/gegenstrom.org\/?s={search_term_string}"},"query-input":{"@type":"PropertyValueSpecification","valueRequired":true,"valueName":"search_term_string"}}],"inLanguage":"en-US"},{"@type":"Organization","@id":"https:\/\/gegenstrom.org\/#organization","name":"Metapol Verlag & Medien","url":"https:\/\/gegenstrom.org\/","logo":{"@type":"ImageObject","inLanguage":"en-US","@id":"https:\/\/gegenstrom.org\/#\/schema\/logo\/image\/","url":"https:\/\/gegenstrom.org\/wp-content\/uploads\/2019\/11\/WMB_Senkrecht_Farbe_M-e1574681161133.png","contentUrl":"https:\/\/gegenstrom.org\/wp-content\/uploads\/2019\/11\/WMB_Senkrecht_Farbe_M-e1574681161133.png","width":300,"height":219,"caption":"Metapol Verlag & Medien"},"image":{"@id":"https:\/\/gegenstrom.org\/#\/schema\/logo\/image\/"},"sameAs":["https:\/\/de-de.facebook.com\/rechteMetapolitik\/","https:\/\/www.youtube.com\/channel\/UCvQizs-yQ8YapMiyuD6wDrw"]},{"@type":"Person","@id":"https:\/\/gegenstrom.org\/#\/schema\/person\/9adb4188754722c1352b5f101655cd2d","name":"Redaktion","url":"https:\/\/gegenstrom.org\/en\/author\/redaktion\/"}]}},"jetpack_featured_media_url":"https:\/\/gegenstrom.org\/wp-content\/uploads\/2020\/12\/ETN-Rezi_manifest.jpeg","jetpack_sharing_enabled":true,"_links":{"self":[{"href":"https:\/\/gegenstrom.org\/en\/wp-json\/wp\/v2\/posts\/7539","targetHints":{"allow":["GET"]}}],"collection":[{"href":"https:\/\/gegenstrom.org\/en\/wp-json\/wp\/v2\/posts"}],"about":[{"href":"https:\/\/gegenstrom.org\/en\/wp-json\/wp\/v2\/types\/post"}],"author":[{"embeddable":true,"href":"https:\/\/gegenstrom.org\/en\/wp-json\/wp\/v2\/users\/28"}],"replies":[{"embeddable":true,"href":"https:\/\/gegenstrom.org\/en\/wp-json\/wp\/v2\/comments?post=7539"}],"version-history":[{"count":2,"href":"https:\/\/gegenstrom.org\/en\/wp-json\/wp\/v2\/posts\/7539\/revisions"}],"predecessor-version":[{"id":7542,"href":"https:\/\/gegenstrom.org\/en\/wp-json\/wp\/v2\/posts\/7539\/revisions\/7542"}],"wp:featuredmedia":[{"embeddable":true,"href":"https:\/\/gegenstrom.org\/en\/wp-json\/wp\/v2\/media\/7540"}],"wp:attachment":[{"href":"https:\/\/gegenstrom.org\/en\/wp-json\/wp\/v2\/media?parent=7539"}],"wp:term":[{"taxonomy":"category","embeddable":true,"href":"https:\/\/gegenstrom.org\/en\/wp-json\/wp\/v2\/categories?post=7539"},{"taxonomy":"post_tag","embeddable":true,"href":"https:\/\/gegenstrom.org\/en\/wp-json\/wp\/v2\/tags?post=7539"}],"curies":[{"name":"wp","href":"https:\/\/api.w.org\/{rel}","templated":true}]}}