{"id":7527,"date":"2020-12-14T20:29:52","date_gmt":"2020-12-14T19:29:52","guid":{"rendered":"https:\/\/gegenstrom.org\/?p=7527"},"modified":"2020-12-14T20:29:52","modified_gmt":"2020-12-14T19:29:52","slug":"meinung-peace-und-harmonie-oder-doch-die-echte-wende","status":"publish","type":"post","link":"https:\/\/gegenstrom.org\/en\/meinung-peace-und-harmonie-oder-doch-die-echte-wende\/","title":{"rendered":"Meinung: \u201ePeace und Harmonie\u201c oder doch die echte Wende?"},"content":{"rendered":"<p><em>Bei dem folgenden Text handelt es sich um eine Zusendung von unserem Leser <strong>Folkward<\/strong>, der sich kritisch \u00fcber die Massenproteste in Deutschland \u00e4u\u00dfert. Wir weisen darauf hin, dass der Inhalt von eingesendeten Artikeln nicht zwangsl\u00e4ufig die Meinung der Redaktion wiedergibt, halten es jedoch grunds\u00e4tzlich f\u00fcr geboten alle Facetten der Protestkultur zu beleuchten. Die Redaktion<\/em><\/p>\n<p>Die derzeitig durch eine liberal-kapitalistische Demokratie erzeugte Situation erweckt im Volk ein starkes \u201eDagegen\u201c und bringt eine ungemein gro\u00dfe Wut auf die Stra\u00dfe, in der sich ein jeder \u00fcber sein individuelles Thema echauffieren kann und darf (mal mehr und mal weniger). Sie werden gelenkt und \u00fcbermannt von tiefgreifenden Gef\u00fchlen, die in der Betrachtungsweise eines jeden einzelnen durchaus ihre Berechtigung besitzen, doch kommen sie im Gro\u00dfen und Ganzen nicht ansatzweise auf das zusammen, was sie bem\u00e4chtigen w\u00fcrde, etwas Einheitliches zu schaffen, mit einem gewissen roten Faden. So tummeln sich alle m\u00f6glichen existierenden Minderheiten und Subkulturen in einem bunten Gemisch von w\u00fctenden Individuen auf einem Fleck und beteuern, ihre pers\u00f6nliche Freiheit sei gef\u00e4hrdet.<\/p>\n<p>Doch schr\u00e4nken sie sich selbst Tag f\u00fcr Tag im eigenen Leben ein und eifern einer Freiheit nach, die niemals eine gewesen ist. Sie m\u00f6chten zum \u201eNormalzustand\u201c (die BRD wie sie einmal war \u2013 was auch immer dies sein mag) zur\u00fcck, um wieder unbescholten ihrem Alltag nachgehen zu k\u00f6nnen. Sich keine Gedanken um etwas machen zu m\u00fcssen, nur um die eigene pers\u00f6nliche Note, wie sie sich ihren allt\u00e4glichen Ablauf am bequemsten gestalten k\u00f6nnten. Sie glauben zu wissen, dass sie nach etwas trachten, das ihnen das allheilende Mittel bringen w\u00fcrde, doch sind sie nicht im Stande, an ihren eigenen Fehlern zu arbeiten. Sie vereint das Mittelma\u00df. Sie eifern nach ihrer Normalit\u00e4t vor dem gro\u00dfen Knall. Doch was war diese und was ist sie heute noch immer? Was ist die Leitlinie, an der sich der w\u00fctende B\u00fcrger versucht, entlang zu hangeln?<\/p>\n<p>Vor der \u201cNormalit\u00e4t\u201c bewegte sich das Leben zwischen Arbeits- und Kaufzwang. Hier ein St\u00fcck Billigfleisch, dort noch ein bisschen mehr Industriezucker und da noch den billigsten Fusel, mit ein paar Zigaretten zum Abgang. Der Megakredit, um das 600 qm Grundst\u00fcck in der Neubausiedlung abzubezahlen, und der Leasingwagen in der frisch gepflasterten Auffahrt. Die animalische Sucht, sich st\u00e4ndig neuen Zw\u00e4ngen zu ergeben durchzieht den sterbenden Volksk\u00f6rper immer weiter. Eine immer kr\u00e4nker werdende Gesellschaft, physisch wie auch psychisch, ist die Grundlage der heutigen \u201eDemokratie\u201c, in der kein leistungsorientiertes Prinzip, sondern das Heraufheben von Minderheiten herrscht. Von der Wurzel bis zur Krone ist sie faul und morsch &#8211; zerf\u00e4llt in sich.<\/p>\n<p>Und dennoch nehmen die Verfechter dieser \u201eDemokratie\u201c sie weiterhin in Schutz. Beten sie regelrecht an und verehren sie wie den allm\u00e4chtigen Gott, neben dem kein anderer etwas zu suchen hat. Sie fr\u00f6nen einer gescheiterten Staatsphilosophie, die schon lange ihren Zenit \u00fcberschritten hat. In der das wenig selbstlose \u201eIch \u2013 Denken\u201c oberste Priorit\u00e4t hat. Keine Verbindung zwischen Vergangenheit, Gegenwart und Zukunft.<\/p>\n<p>Doch was k\u00f6nnen wir diesem entgegensetzen? Wie kann es uns m\u00f6glich sein, einen Gegenentwurf zu erstellen, in dem die Menschen eine echte Alternative erkennen? Wir m\u00fcssen eine leistungsorientierte Gemeinschaft anstreben, in der das einzelne Individuum sich als Teil eines Ganzen begreift. In welcher diesem bewusst wird, das der Hang zu Zw\u00e4ngen nicht nur einen bleibenden Schaden an sich selbst ausl\u00f6st, sondern auch dem Volke bleibende Sch\u00e4den zuf\u00fcgt.<\/p>\n<p>Das bewusste Handeln muss wieder Einfluss auf jede Entscheidung unseres Alltags nehmen. Das Verzichten muss ein elementarer Bestandteil unserer neuen Lebensphilosophie werden. Wir, die sich als Deutsche verstehen, m\u00fcssen die Fackel in der Dunkelheit sein. Wir erschaffen anst\u00e4ndige Charaktere, indem wir uns einer sauberen Lebensweise verschreiben und diesem maroden System einen Gegenentwurf pr\u00e4sentieren.<\/p>","protected":false},"excerpt":{"rendered":"<p>Bei dem folgenden Text handelt es sich um eine Zusendung von unserem Leser Folkward, der sich kritisch \u00fcber die Massenproteste in Deutschland \u00e4u\u00dfert. Wir weisen darauf hin, dass der Inhalt von eingesendeten Artikeln nicht zwangsl\u00e4ufig die Meinung der Redaktion wiedergibt, halten es jedoch grunds\u00e4tzlich f\u00fcr geboten alle Facetten der Protestkultur zu beleuchten. Die Redaktion Die [&hellip;]<\/p>","protected":false},"author":28,"featured_media":584,"comment_status":"open","ping_status":"open","sticky":false,"template":"","format":"standard","meta":{"_et_pb_use_builder":"","_et_pb_old_content":"","_et_gb_content_width":"","_jetpack_memberships_contains_paid_content":false,"footnotes":""},"categories":[7],"tags":[62,1352,287,1333],"class_list":["post-7527","post","type-post","status-publish","format-standard","has-post-thumbnail","hentry","category-debatte","tag-buergerbewegung","tag-buergerprotest","tag-buergertum","tag-corona"],"yoast_head":"<!-- This site is optimized with the Yoast SEO plugin v26.2 - https:\/\/yoast.com\/wordpress\/plugins\/seo\/ -->\n<title>Meinung: \u201ePeace und Harmonie\u201c oder doch die echte Wende? - Gegenstrom<\/title>\n<meta name=\"robots\" content=\"index, follow, max-snippet:-1, max-image-preview:large, max-video-preview:-1\" \/>\n<link rel=\"canonical\" href=\"https:\/\/gegenstrom.org\/en\/meinung-peace-und-harmonie-oder-doch-die-echte-wende\/\" \/>\n<meta property=\"og:locale\" content=\"en_US\" \/>\n<meta property=\"og:type\" content=\"article\" \/>\n<meta property=\"og:title\" content=\"Meinung: \u201ePeace und Harmonie\u201c oder doch die echte Wende? - Gegenstrom\" \/>\n<meta property=\"og:description\" content=\"Bei dem folgenden Text handelt es sich um eine Zusendung von unserem Leser Folkward, der sich kritisch \u00fcber die Massenproteste in Deutschland \u00e4u\u00dfert. Wir weisen darauf hin, dass der Inhalt von eingesendeten Artikeln nicht zwangsl\u00e4ufig die Meinung der Redaktion wiedergibt, halten es jedoch grunds\u00e4tzlich f\u00fcr geboten alle Facetten der Protestkultur zu beleuchten. Die Redaktion Die [&hellip;]\" \/>\n<meta property=\"og:url\" content=\"https:\/\/gegenstrom.org\/en\/meinung-peace-und-harmonie-oder-doch-die-echte-wende\/\" \/>\n<meta property=\"og:site_name\" content=\"Gegenstrom\" \/>\n<meta property=\"article:publisher\" content=\"https:\/\/de-de.facebook.com\/rechteMetapolitik\/\" \/>\n<meta property=\"article:published_time\" content=\"2020-12-14T19:29:52+00:00\" \/>\n<meta property=\"og:image\" content=\"https:\/\/gegenstrom.org\/wp-content\/uploads\/2017\/03\/Beginne-zu-sein-715x300.jpg\" \/>\n\t<meta property=\"og:image:width\" content=\"715\" \/>\n\t<meta property=\"og:image:height\" content=\"300\" \/>\n\t<meta property=\"og:image:type\" content=\"image\/jpeg\" \/>\n<meta name=\"author\" content=\"Redaktion\" \/>\n<meta name=\"twitter:card\" content=\"summary_large_image\" \/>\n<meta name=\"twitter:label1\" content=\"Written by\" \/>\n\t<meta name=\"twitter:data1\" content=\"Redaktion\" \/>\n\t<meta name=\"twitter:label2\" content=\"Est. reading time\" \/>\n\t<meta name=\"twitter:data2\" content=\"3 minutes\" \/>\n<script type=\"application\/ld+json\" class=\"yoast-schema-graph\">{\"@context\":\"https:\/\/schema.org\",\"@graph\":[{\"@type\":\"Article\",\"@id\":\"https:\/\/gegenstrom.org\/meinung-peace-und-harmonie-oder-doch-die-echte-wende\/#article\",\"isPartOf\":{\"@id\":\"https:\/\/gegenstrom.org\/meinung-peace-und-harmonie-oder-doch-die-echte-wende\/\"},\"author\":{\"name\":\"Redaktion\",\"@id\":\"https:\/\/gegenstrom.org\/#\/schema\/person\/9adb4188754722c1352b5f101655cd2d\"},\"headline\":\"Meinung: \u201ePeace und Harmonie\u201c oder doch die echte Wende?\",\"datePublished\":\"2020-12-14T19:29:52+00:00\",\"mainEntityOfPage\":{\"@id\":\"https:\/\/gegenstrom.org\/meinung-peace-und-harmonie-oder-doch-die-echte-wende\/\"},\"wordCount\":646,\"commentCount\":3,\"publisher\":{\"@id\":\"https:\/\/gegenstrom.org\/#organization\"},\"image\":{\"@id\":\"https:\/\/gegenstrom.org\/meinung-peace-und-harmonie-oder-doch-die-echte-wende\/#primaryimage\"},\"thumbnailUrl\":\"https:\/\/gegenstrom.org\/wp-content\/uploads\/2017\/03\/Beginne-zu-sein-715x300.jpg\",\"keywords\":[\"B\u00fcrgerbewegung\",\"B\u00fcrgerprotest\",\"B\u00fcrgertum\",\"Corona\"],\"articleSection\":[\"Debatte\"],\"inLanguage\":\"en-US\"},{\"@type\":\"WebPage\",\"@id\":\"https:\/\/gegenstrom.org\/meinung-peace-und-harmonie-oder-doch-die-echte-wende\/\",\"url\":\"https:\/\/gegenstrom.org\/meinung-peace-und-harmonie-oder-doch-die-echte-wende\/\",\"name\":\"Meinung: \u201ePeace und Harmonie\u201c oder doch die echte Wende? - Gegenstrom\",\"isPartOf\":{\"@id\":\"https:\/\/gegenstrom.org\/#website\"},\"primaryImageOfPage\":{\"@id\":\"https:\/\/gegenstrom.org\/meinung-peace-und-harmonie-oder-doch-die-echte-wende\/#primaryimage\"},\"image\":{\"@id\":\"https:\/\/gegenstrom.org\/meinung-peace-und-harmonie-oder-doch-die-echte-wende\/#primaryimage\"},\"thumbnailUrl\":\"https:\/\/gegenstrom.org\/wp-content\/uploads\/2017\/03\/Beginne-zu-sein-715x300.jpg\",\"datePublished\":\"2020-12-14T19:29:52+00:00\",\"breadcrumb\":{\"@id\":\"https:\/\/gegenstrom.org\/meinung-peace-und-harmonie-oder-doch-die-echte-wende\/#breadcrumb\"},\"inLanguage\":\"en-US\",\"potentialAction\":[{\"@type\":\"ReadAction\",\"target\":[\"https:\/\/gegenstrom.org\/meinung-peace-und-harmonie-oder-doch-die-echte-wende\/\"]}]},{\"@type\":\"ImageObject\",\"inLanguage\":\"en-US\",\"@id\":\"https:\/\/gegenstrom.org\/meinung-peace-und-harmonie-oder-doch-die-echte-wende\/#primaryimage\",\"url\":\"https:\/\/gegenstrom.org\/wp-content\/uploads\/2017\/03\/Beginne-zu-sein-715x300.jpg\",\"contentUrl\":\"https:\/\/gegenstrom.org\/wp-content\/uploads\/2017\/03\/Beginne-zu-sein-715x300.jpg\",\"width\":715,\"height\":300,\"caption\":\"Beginne zu sein\"},{\"@type\":\"BreadcrumbList\",\"@id\":\"https:\/\/gegenstrom.org\/meinung-peace-und-harmonie-oder-doch-die-echte-wende\/#breadcrumb\",\"itemListElement\":[{\"@type\":\"ListItem\",\"position\":1,\"name\":\"Startseite\",\"item\":\"https:\/\/gegenstrom.org\/\"},{\"@type\":\"ListItem\",\"position\":2,\"name\":\"Meinung: \u201ePeace und Harmonie\u201c oder doch die echte Wende?\"}]},{\"@type\":\"WebSite\",\"@id\":\"https:\/\/gegenstrom.org\/#website\",\"url\":\"https:\/\/gegenstrom.org\/\",\"name\":\"Gegenstrom\",\"description\":\"Plattform f\u00fcr rechte Metapolitik\",\"publisher\":{\"@id\":\"https:\/\/gegenstrom.org\/#organization\"},\"potentialAction\":[{\"@type\":\"SearchAction\",\"target\":{\"@type\":\"EntryPoint\",\"urlTemplate\":\"https:\/\/gegenstrom.org\/?s={search_term_string}\"},\"query-input\":{\"@type\":\"PropertyValueSpecification\",\"valueRequired\":true,\"valueName\":\"search_term_string\"}}],\"inLanguage\":\"en-US\"},{\"@type\":\"Organization\",\"@id\":\"https:\/\/gegenstrom.org\/#organization\",\"name\":\"Metapol Verlag & Medien\",\"url\":\"https:\/\/gegenstrom.org\/\",\"logo\":{\"@type\":\"ImageObject\",\"inLanguage\":\"en-US\",\"@id\":\"https:\/\/gegenstrom.org\/#\/schema\/logo\/image\/\",\"url\":\"https:\/\/gegenstrom.org\/wp-content\/uploads\/2019\/11\/WMB_Senkrecht_Farbe_M-e1574681161133.png\",\"contentUrl\":\"https:\/\/gegenstrom.org\/wp-content\/uploads\/2019\/11\/WMB_Senkrecht_Farbe_M-e1574681161133.png\",\"width\":300,\"height\":219,\"caption\":\"Metapol Verlag & Medien\"},\"image\":{\"@id\":\"https:\/\/gegenstrom.org\/#\/schema\/logo\/image\/\"},\"sameAs\":[\"https:\/\/de-de.facebook.com\/rechteMetapolitik\/\",\"https:\/\/www.youtube.com\/channel\/UCvQizs-yQ8YapMiyuD6wDrw\"]},{\"@type\":\"Person\",\"@id\":\"https:\/\/gegenstrom.org\/#\/schema\/person\/9adb4188754722c1352b5f101655cd2d\",\"name\":\"Redaktion\",\"url\":\"https:\/\/gegenstrom.org\/en\/author\/redaktion\/\"}]}<\/script>\n<!-- \/ Yoast SEO plugin. -->","yoast_head_json":{"title":"Meinung: \u201ePeace und Harmonie\u201c oder doch die echte Wende? - Gegenstrom","robots":{"index":"index","follow":"follow","max-snippet":"max-snippet:-1","max-image-preview":"max-image-preview:large","max-video-preview":"max-video-preview:-1"},"canonical":"https:\/\/gegenstrom.org\/en\/meinung-peace-und-harmonie-oder-doch-die-echte-wende\/","og_locale":"en_US","og_type":"article","og_title":"Meinung: \u201ePeace und Harmonie\u201c oder doch die echte Wende? - Gegenstrom","og_description":"Bei dem folgenden Text handelt es sich um eine Zusendung von unserem Leser Folkward, der sich kritisch \u00fcber die Massenproteste in Deutschland \u00e4u\u00dfert. Wir weisen darauf hin, dass der Inhalt von eingesendeten Artikeln nicht zwangsl\u00e4ufig die Meinung der Redaktion wiedergibt, halten es jedoch grunds\u00e4tzlich f\u00fcr geboten alle Facetten der Protestkultur zu beleuchten. Die Redaktion Die [&hellip;]","og_url":"https:\/\/gegenstrom.org\/en\/meinung-peace-und-harmonie-oder-doch-die-echte-wende\/","og_site_name":"Gegenstrom","article_publisher":"https:\/\/de-de.facebook.com\/rechteMetapolitik\/","article_published_time":"2020-12-14T19:29:52+00:00","og_image":[{"width":715,"height":300,"url":"https:\/\/gegenstrom.org\/wp-content\/uploads\/2017\/03\/Beginne-zu-sein-715x300.jpg","type":"image\/jpeg"}],"author":"Redaktion","twitter_card":"summary_large_image","twitter_misc":{"Written by":"Redaktion","Est. reading time":"3 minutes"},"schema":{"@context":"https:\/\/schema.org","@graph":[{"@type":"Article","@id":"https:\/\/gegenstrom.org\/meinung-peace-und-harmonie-oder-doch-die-echte-wende\/#article","isPartOf":{"@id":"https:\/\/gegenstrom.org\/meinung-peace-und-harmonie-oder-doch-die-echte-wende\/"},"author":{"name":"Redaktion","@id":"https:\/\/gegenstrom.org\/#\/schema\/person\/9adb4188754722c1352b5f101655cd2d"},"headline":"Meinung: \u201ePeace und Harmonie\u201c oder doch die echte Wende?","datePublished":"2020-12-14T19:29:52+00:00","mainEntityOfPage":{"@id":"https:\/\/gegenstrom.org\/meinung-peace-und-harmonie-oder-doch-die-echte-wende\/"},"wordCount":646,"commentCount":3,"publisher":{"@id":"https:\/\/gegenstrom.org\/#organization"},"image":{"@id":"https:\/\/gegenstrom.org\/meinung-peace-und-harmonie-oder-doch-die-echte-wende\/#primaryimage"},"thumbnailUrl":"https:\/\/gegenstrom.org\/wp-content\/uploads\/2017\/03\/Beginne-zu-sein-715x300.jpg","keywords":["B\u00fcrgerbewegung","B\u00fcrgerprotest","B\u00fcrgertum","Corona"],"articleSection":["Debatte"],"inLanguage":"en-US"},{"@type":"WebPage","@id":"https:\/\/gegenstrom.org\/meinung-peace-und-harmonie-oder-doch-die-echte-wende\/","url":"https:\/\/gegenstrom.org\/meinung-peace-und-harmonie-oder-doch-die-echte-wende\/","name":"Meinung: \u201ePeace und Harmonie\u201c oder doch die echte Wende? - Gegenstrom","isPartOf":{"@id":"https:\/\/gegenstrom.org\/#website"},"primaryImageOfPage":{"@id":"https:\/\/gegenstrom.org\/meinung-peace-und-harmonie-oder-doch-die-echte-wende\/#primaryimage"},"image":{"@id":"https:\/\/gegenstrom.org\/meinung-peace-und-harmonie-oder-doch-die-echte-wende\/#primaryimage"},"thumbnailUrl":"https:\/\/gegenstrom.org\/wp-content\/uploads\/2017\/03\/Beginne-zu-sein-715x300.jpg","datePublished":"2020-12-14T19:29:52+00:00","breadcrumb":{"@id":"https:\/\/gegenstrom.org\/meinung-peace-und-harmonie-oder-doch-die-echte-wende\/#breadcrumb"},"inLanguage":"en-US","potentialAction":[{"@type":"ReadAction","target":["https:\/\/gegenstrom.org\/meinung-peace-und-harmonie-oder-doch-die-echte-wende\/"]}]},{"@type":"ImageObject","inLanguage":"en-US","@id":"https:\/\/gegenstrom.org\/meinung-peace-und-harmonie-oder-doch-die-echte-wende\/#primaryimage","url":"https:\/\/gegenstrom.org\/wp-content\/uploads\/2017\/03\/Beginne-zu-sein-715x300.jpg","contentUrl":"https:\/\/gegenstrom.org\/wp-content\/uploads\/2017\/03\/Beginne-zu-sein-715x300.jpg","width":715,"height":300,"caption":"Beginne zu sein"},{"@type":"BreadcrumbList","@id":"https:\/\/gegenstrom.org\/meinung-peace-und-harmonie-oder-doch-die-echte-wende\/#breadcrumb","itemListElement":[{"@type":"ListItem","position":1,"name":"Startseite","item":"https:\/\/gegenstrom.org\/"},{"@type":"ListItem","position":2,"name":"Meinung: \u201ePeace und Harmonie\u201c oder doch die echte Wende?"}]},{"@type":"WebSite","@id":"https:\/\/gegenstrom.org\/#website","url":"https:\/\/gegenstrom.org\/","name":"Gegenstrom","description":"Plattform f\u00fcr rechte Metapolitik","publisher":{"@id":"https:\/\/gegenstrom.org\/#organization"},"potentialAction":[{"@type":"SearchAction","target":{"@type":"EntryPoint","urlTemplate":"https:\/\/gegenstrom.org\/?s={search_term_string}"},"query-input":{"@type":"PropertyValueSpecification","valueRequired":true,"valueName":"search_term_string"}}],"inLanguage":"en-US"},{"@type":"Organization","@id":"https:\/\/gegenstrom.org\/#organization","name":"Metapol Verlag & Medien","url":"https:\/\/gegenstrom.org\/","logo":{"@type":"ImageObject","inLanguage":"en-US","@id":"https:\/\/gegenstrom.org\/#\/schema\/logo\/image\/","url":"https:\/\/gegenstrom.org\/wp-content\/uploads\/2019\/11\/WMB_Senkrecht_Farbe_M-e1574681161133.png","contentUrl":"https:\/\/gegenstrom.org\/wp-content\/uploads\/2019\/11\/WMB_Senkrecht_Farbe_M-e1574681161133.png","width":300,"height":219,"caption":"Metapol Verlag & Medien"},"image":{"@id":"https:\/\/gegenstrom.org\/#\/schema\/logo\/image\/"},"sameAs":["https:\/\/de-de.facebook.com\/rechteMetapolitik\/","https:\/\/www.youtube.com\/channel\/UCvQizs-yQ8YapMiyuD6wDrw"]},{"@type":"Person","@id":"https:\/\/gegenstrom.org\/#\/schema\/person\/9adb4188754722c1352b5f101655cd2d","name":"Redaktion","url":"https:\/\/gegenstrom.org\/en\/author\/redaktion\/"}]}},"jetpack_featured_media_url":"https:\/\/gegenstrom.org\/wp-content\/uploads\/2017\/03\/Beginne-zu-sein-715x300.jpg","jetpack_sharing_enabled":true,"_links":{"self":[{"href":"https:\/\/gegenstrom.org\/en\/wp-json\/wp\/v2\/posts\/7527","targetHints":{"allow":["GET"]}}],"collection":[{"href":"https:\/\/gegenstrom.org\/en\/wp-json\/wp\/v2\/posts"}],"about":[{"href":"https:\/\/gegenstrom.org\/en\/wp-json\/wp\/v2\/types\/post"}],"author":[{"embeddable":true,"href":"https:\/\/gegenstrom.org\/en\/wp-json\/wp\/v2\/users\/28"}],"replies":[{"embeddable":true,"href":"https:\/\/gegenstrom.org\/en\/wp-json\/wp\/v2\/comments?post=7527"}],"version-history":[{"count":3,"href":"https:\/\/gegenstrom.org\/en\/wp-json\/wp\/v2\/posts\/7527\/revisions"}],"predecessor-version":[{"id":7530,"href":"https:\/\/gegenstrom.org\/en\/wp-json\/wp\/v2\/posts\/7527\/revisions\/7530"}],"wp:featuredmedia":[{"embeddable":true,"href":"https:\/\/gegenstrom.org\/en\/wp-json\/wp\/v2\/media\/584"}],"wp:attachment":[{"href":"https:\/\/gegenstrom.org\/en\/wp-json\/wp\/v2\/media?parent=7527"}],"wp:term":[{"taxonomy":"category","embeddable":true,"href":"https:\/\/gegenstrom.org\/en\/wp-json\/wp\/v2\/categories?post=7527"},{"taxonomy":"post_tag","embeddable":true,"href":"https:\/\/gegenstrom.org\/en\/wp-json\/wp\/v2\/tags?post=7527"}],"curies":[{"name":"wp","href":"https:\/\/api.w.org\/{rel}","templated":true}]}}