{"id":7377,"date":"2020-10-28T10:43:28","date_gmt":"2020-10-28T09:43:28","guid":{"rendered":"https:\/\/gegenstrom.org\/?p=7377"},"modified":"2020-10-28T10:43:58","modified_gmt":"2020-10-28T09:43:58","slug":"zusendung-abschied-vom-nationalismus","status":"publish","type":"post","link":"https:\/\/gegenstrom.org\/en\/zusendung-abschied-vom-nationalismus\/","title":{"rendered":"Zusendung: Abschied vom Nationalismus?"},"content":{"rendered":"<p><em>Der folgende Text wurde uns von einem interessierten Leser zugeschickt. <\/em><strong><em>Arnold Rolant<\/em><\/strong><em> gibt hierbei seine pers\u00f6nliche Position zum Nationalismus wieder. Wir weisen darauf hin, dass die Positionen der Autoren nicht zwangsl\u00e4ufig die \u00dcberzeugungen der Redaktion wiedergeben, m\u00f6chten aber auch betonen, dass wir zugesandte Artikel und Stellungnahmen von unseren Lesern gerne ver\u00f6ffentlichen, soweit wir darin ein Interesse unserer Leserschaft erkennen k\u00f6nnen. An dieser Stelle m\u00f6chten wir auch Sie animieren es Herrn Rolant gleich zu machen und Ihren Artikel einzureichen. Nach einer Pr\u00fcfung ver\u00f6ffentlichen wir auch unregelm\u00e4\u00dfig zugesandte Texte, die au\u00dferhalb der Redaktion verfasst wurden. Somit kommt Gegenstrom seinem Auftrag nach als Plattform f\u00fcr rechte Metapolitik zu dienen.<\/em> Die Redaktion.<\/p>\n<p>Eine Endung auf \u201e-ismus\u201c kennzeichnet im sozialen, politischen und kulturellen Kontext den Namen einer Ideologie. So kennen wir den Marxismus, den Genderismus und den Globalismus, dessen neuester Auswuchs der totalit\u00e4re Corona-Kommunismus oder Coronismus ist. Diese und \u00e4hnliche \u201eIsmen\u201c weisen auf eine dahinter liegende Gedankenwelt hin, die nur im Kopf existiert und keine faktische Grundlage in der Wirklichkeit hat. So behauptet der Genderismus, es g\u00e4be mehr als zwei Geschlechter, obwohl es faktisch nur Mann und Frau gibt. Die selten vorkommenden Hermaphroditen besitzen m\u00e4nnliche und weibliche Geschlechtsmerkmale im gleichen K\u00f6rper, was sie aber nicht zu einem dritten Geschlecht macht, sondern lediglich zu einem Zwitter. Es gibt eben faktisch nur m\u00e4nnlich und weiblich.<\/p>\n<p>Auch der Marxismus bewegt sich in einer Traumwelt, die nur im Kopf existiert und auch nur dort funktioniert. Die Behauptung, alle Menschen w\u00e4ren gleich, kann jeder selbst als Unsinn entlarven, wenn er sich mit seinen Mitmenschen vergleicht. Selbst eineiige Zwillinge sind nicht gleich, h\u00f6chstens \u00e4hnlich. Die vom Marxismus propagierte Gleichheit existiert faktisch nicht. Hier sieht man ein durchg\u00e4ngiges Merkmal aller Ideologien: Sie gehen an der Realit\u00e4t vorbei. Darum kann man Ideologien auch nur mit Gewalt oder durch stetige Manipulation durchsetzen. Allerdings meist nicht f\u00fcr sehr lange, denn die Natur zeigt den Menschen st\u00e4ndig die Wahrheit und widerlegt die Ideologie.<\/p>\n<p>Wie steht es nun mit dem Nationalismus? Die Begriffe \u201eNation\u201c und \u201enational\u201c beziehen sich auf das Volk, den Volksstamm und die Abstammung, also auch auf die Familie oder Sippe. Ein Nationalist ist jemand, der seine Nation im weitesten Sinne als seine Familie betrachtet, der er sich zugeh\u00f6rig und verpflichtet f\u00fchlt. So wie jeder Mensch sich um das Wohlergehen seiner Familie sorgt und f\u00fcr ihre Rechte, ihre Freiheit und ihr \u00dcberleben zu k\u00e4mpfen bereit ist, so sorgt der Nationalist sich um das Wohlergehen seines Volkes und ist bereit daf\u00fcr zu k\u00e4mpfen, wenn es sein muss. Auch Tiere setzen sich f\u00fcr das Wohlergehen ihres Rudels, ihrer Herde oder ihres Schwarms ein und bieten Feinden ihrer Gemeinschaft die Stirn. Der Wolf braucht keine Ideologie, die ihm sagt, dass er sein Rudel verteidigen soll. Die Bienen folgen keiner Ideologie, wenn sie ihr Bienenvolk und ihren Honig vor R\u00e4ubern sch\u00fctzen. Sie wissen instinktiv, was zu tun ist. Denn der Schutz des Eigenen ist die einzige Strategie, die das \u00dcberleben sichert \u2013 ganz ohne Ideologie, einfach weil das so ist.<\/p>\n<p>Darum w\u00e4re es falsch, den Einsatz f\u00fcr das eigene Volk als Ideologie zu bezeichnen, denn es ist keine. Es ist vielmehr die einzige \u00dcberlebensstrategie, die funktioniert. Trotzdem nennen sich viele volksbewusste Deutsche \u201eNationalisten\u201c ausgehend vom ideologischen Begriff \u201eNationalismus\u201c. Aber ist dieser \u201eIsmus\u201c nicht vielmehr ein toxischer Begriff, der unterschwellig besagt, Volkszugeh\u00f6rigkeit w\u00e4re auch nur eine Ideologie, ein gedankliches Konstrukt? Dar\u00fcber hinaus ziehen solche \u201eIsmen\u201c Grenzen in den K\u00f6pfen und erzeugen Spaltungen, wo keine sein m\u00fcssten. So grenzt sich etwa der Konservatismus vom Nationalismus ab, was schon wiederholt zu unn\u00f6tigen Reibungsverlusten bis hin zu Spaltungen im rechten Lager gef\u00fchrt hat. Diese \u201eIsmen\u201c sind ein Teile-und-herrsche-Spiel auf Begriffsebene \u2013 ein Verwirrspiel, das spaltet und gegeneinander ausspielt. Wird Zeit, damit aufzuh\u00f6ren!<\/p>\n<p>Wenn mich jemand nach meiner politischen Einstellung fragt, dann meide ich \u201eIsmen\u201c und ideologische Zuordnungen wie \u201eKonservativer\u201c oder \u201eNationalist\u201c. Ich sage einfach: \u201eIch bin Deutscher, und als Deutscher vertrete ich deutsche Interessen.\u201c Punkt.<\/p>","protected":false},"excerpt":{"rendered":"<p>Der folgende Text wurde uns von einem interessierten Leser zugeschickt. Arnold Rolant gibt hierbei seine pers\u00f6nliche Position zum Nationalismus wieder. Wir weisen darauf hin, dass die Positionen der Autoren nicht zwangsl\u00e4ufig die \u00dcberzeugungen der Redaktion wiedergeben, m\u00f6chten aber auch betonen, dass wir zugesandte Artikel und Stellungnahmen von unseren Lesern gerne ver\u00f6ffentlichen, soweit wir darin ein [&hellip;]<\/p>","protected":false},"author":28,"featured_media":738,"comment_status":"open","ping_status":"open","sticky":false,"template":"","format":"standard","meta":{"_et_pb_use_builder":"","_et_pb_old_content":"","_et_gb_content_width":"","_jetpack_memberships_contains_paid_content":false,"footnotes":""},"categories":[7],"tags":[110,92,1350],"class_list":["post-7377","post","type-post","status-publish","format-standard","has-post-thumbnail","hentry","category-debatte","tag-nation","tag-nationalismus","tag-volk"],"yoast_head":"<!-- This site is optimized with the Yoast SEO plugin v26.2 - https:\/\/yoast.com\/wordpress\/plugins\/seo\/ -->\n<title>Zusendung: Abschied vom Nationalismus? - Gegenstrom<\/title>\n<meta name=\"robots\" content=\"index, follow, max-snippet:-1, max-image-preview:large, max-video-preview:-1\" \/>\n<link rel=\"canonical\" href=\"https:\/\/gegenstrom.org\/en\/zusendung-abschied-vom-nationalismus\/\" \/>\n<meta property=\"og:locale\" content=\"en_US\" \/>\n<meta property=\"og:type\" content=\"article\" \/>\n<meta property=\"og:title\" content=\"Zusendung: Abschied vom Nationalismus? - Gegenstrom\" \/>\n<meta property=\"og:description\" content=\"Der folgende Text wurde uns von einem interessierten Leser zugeschickt. Arnold Rolant gibt hierbei seine pers\u00f6nliche Position zum Nationalismus wieder. Wir weisen darauf hin, dass die Positionen der Autoren nicht zwangsl\u00e4ufig die \u00dcberzeugungen der Redaktion wiedergeben, m\u00f6chten aber auch betonen, dass wir zugesandte Artikel und Stellungnahmen von unseren Lesern gerne ver\u00f6ffentlichen, soweit wir darin ein [&hellip;]\" \/>\n<meta property=\"og:url\" content=\"https:\/\/gegenstrom.org\/en\/zusendung-abschied-vom-nationalismus\/\" \/>\n<meta property=\"og:site_name\" content=\"Gegenstrom\" \/>\n<meta property=\"article:publisher\" content=\"https:\/\/de-de.facebook.com\/rechteMetapolitik\/\" \/>\n<meta property=\"article:published_time\" content=\"2020-10-28T09:43:28+00:00\" \/>\n<meta property=\"article:modified_time\" content=\"2020-10-28T09:43:58+00:00\" \/>\n<meta property=\"og:image\" content=\"https:\/\/gegenstrom.org\/wp-content\/uploads\/2017\/07\/Ohnmacht715x300-1-01-01.jpg\" \/>\n\t<meta property=\"og:image:width\" content=\"715\" \/>\n\t<meta property=\"og:image:height\" content=\"300\" \/>\n\t<meta property=\"og:image:type\" content=\"image\/jpeg\" \/>\n<meta name=\"author\" content=\"Redaktion\" \/>\n<meta name=\"twitter:card\" content=\"summary_large_image\" \/>\n<meta name=\"twitter:label1\" content=\"Written by\" \/>\n\t<meta name=\"twitter:data1\" content=\"Redaktion\" \/>\n\t<meta name=\"twitter:label2\" content=\"Est. reading time\" \/>\n\t<meta name=\"twitter:data2\" content=\"3 minutes\" \/>\n<script type=\"application\/ld+json\" class=\"yoast-schema-graph\">{\"@context\":\"https:\/\/schema.org\",\"@graph\":[{\"@type\":\"Article\",\"@id\":\"https:\/\/gegenstrom.org\/zusendung-abschied-vom-nationalismus\/#article\",\"isPartOf\":{\"@id\":\"https:\/\/gegenstrom.org\/zusendung-abschied-vom-nationalismus\/\"},\"author\":{\"name\":\"Redaktion\",\"@id\":\"https:\/\/gegenstrom.org\/#\/schema\/person\/9adb4188754722c1352b5f101655cd2d\"},\"headline\":\"Zusendung: Abschied vom Nationalismus?\",\"datePublished\":\"2020-10-28T09:43:28+00:00\",\"dateModified\":\"2020-10-28T09:43:58+00:00\",\"mainEntityOfPage\":{\"@id\":\"https:\/\/gegenstrom.org\/zusendung-abschied-vom-nationalismus\/\"},\"wordCount\":685,\"commentCount\":1,\"publisher\":{\"@id\":\"https:\/\/gegenstrom.org\/#organization\"},\"image\":{\"@id\":\"https:\/\/gegenstrom.org\/zusendung-abschied-vom-nationalismus\/#primaryimage\"},\"thumbnailUrl\":\"https:\/\/gegenstrom.org\/wp-content\/uploads\/2017\/07\/Ohnmacht715x300-1-01-01.jpg\",\"keywords\":[\"Nation\",\"Nationalismus\",\"Volk\"],\"articleSection\":[\"Debatte\"],\"inLanguage\":\"en-US\"},{\"@type\":\"WebPage\",\"@id\":\"https:\/\/gegenstrom.org\/zusendung-abschied-vom-nationalismus\/\",\"url\":\"https:\/\/gegenstrom.org\/zusendung-abschied-vom-nationalismus\/\",\"name\":\"Zusendung: Abschied vom Nationalismus? - Gegenstrom\",\"isPartOf\":{\"@id\":\"https:\/\/gegenstrom.org\/#website\"},\"primaryImageOfPage\":{\"@id\":\"https:\/\/gegenstrom.org\/zusendung-abschied-vom-nationalismus\/#primaryimage\"},\"image\":{\"@id\":\"https:\/\/gegenstrom.org\/zusendung-abschied-vom-nationalismus\/#primaryimage\"},\"thumbnailUrl\":\"https:\/\/gegenstrom.org\/wp-content\/uploads\/2017\/07\/Ohnmacht715x300-1-01-01.jpg\",\"datePublished\":\"2020-10-28T09:43:28+00:00\",\"dateModified\":\"2020-10-28T09:43:58+00:00\",\"breadcrumb\":{\"@id\":\"https:\/\/gegenstrom.org\/zusendung-abschied-vom-nationalismus\/#breadcrumb\"},\"inLanguage\":\"en-US\",\"potentialAction\":[{\"@type\":\"ReadAction\",\"target\":[\"https:\/\/gegenstrom.org\/zusendung-abschied-vom-nationalismus\/\"]}]},{\"@type\":\"ImageObject\",\"inLanguage\":\"en-US\",\"@id\":\"https:\/\/gegenstrom.org\/zusendung-abschied-vom-nationalismus\/#primaryimage\",\"url\":\"https:\/\/gegenstrom.org\/wp-content\/uploads\/2017\/07\/Ohnmacht715x300-1-01-01.jpg\",\"contentUrl\":\"https:\/\/gegenstrom.org\/wp-content\/uploads\/2017\/07\/Ohnmacht715x300-1-01-01.jpg\",\"width\":715,\"height\":300,\"caption\":\"Ohnmacht\"},{\"@type\":\"BreadcrumbList\",\"@id\":\"https:\/\/gegenstrom.org\/zusendung-abschied-vom-nationalismus\/#breadcrumb\",\"itemListElement\":[{\"@type\":\"ListItem\",\"position\":1,\"name\":\"Startseite\",\"item\":\"https:\/\/gegenstrom.org\/\"},{\"@type\":\"ListItem\",\"position\":2,\"name\":\"Zusendung: Abschied vom Nationalismus?\"}]},{\"@type\":\"WebSite\",\"@id\":\"https:\/\/gegenstrom.org\/#website\",\"url\":\"https:\/\/gegenstrom.org\/\",\"name\":\"Gegenstrom\",\"description\":\"Plattform f\u00fcr rechte Metapolitik\",\"publisher\":{\"@id\":\"https:\/\/gegenstrom.org\/#organization\"},\"potentialAction\":[{\"@type\":\"SearchAction\",\"target\":{\"@type\":\"EntryPoint\",\"urlTemplate\":\"https:\/\/gegenstrom.org\/?s={search_term_string}\"},\"query-input\":{\"@type\":\"PropertyValueSpecification\",\"valueRequired\":true,\"valueName\":\"search_term_string\"}}],\"inLanguage\":\"en-US\"},{\"@type\":\"Organization\",\"@id\":\"https:\/\/gegenstrom.org\/#organization\",\"name\":\"Metapol Verlag & Medien\",\"url\":\"https:\/\/gegenstrom.org\/\",\"logo\":{\"@type\":\"ImageObject\",\"inLanguage\":\"en-US\",\"@id\":\"https:\/\/gegenstrom.org\/#\/schema\/logo\/image\/\",\"url\":\"https:\/\/gegenstrom.org\/wp-content\/uploads\/2019\/11\/WMB_Senkrecht_Farbe_M-e1574681161133.png\",\"contentUrl\":\"https:\/\/gegenstrom.org\/wp-content\/uploads\/2019\/11\/WMB_Senkrecht_Farbe_M-e1574681161133.png\",\"width\":300,\"height\":219,\"caption\":\"Metapol Verlag & Medien\"},\"image\":{\"@id\":\"https:\/\/gegenstrom.org\/#\/schema\/logo\/image\/\"},\"sameAs\":[\"https:\/\/de-de.facebook.com\/rechteMetapolitik\/\",\"https:\/\/www.youtube.com\/channel\/UCvQizs-yQ8YapMiyuD6wDrw\"]},{\"@type\":\"Person\",\"@id\":\"https:\/\/gegenstrom.org\/#\/schema\/person\/9adb4188754722c1352b5f101655cd2d\",\"name\":\"Redaktion\",\"url\":\"https:\/\/gegenstrom.org\/en\/author\/redaktion\/\"}]}<\/script>\n<!-- \/ Yoast SEO plugin. -->","yoast_head_json":{"title":"Zusendung: Abschied vom Nationalismus? - Gegenstrom","robots":{"index":"index","follow":"follow","max-snippet":"max-snippet:-1","max-image-preview":"max-image-preview:large","max-video-preview":"max-video-preview:-1"},"canonical":"https:\/\/gegenstrom.org\/en\/zusendung-abschied-vom-nationalismus\/","og_locale":"en_US","og_type":"article","og_title":"Zusendung: Abschied vom Nationalismus? - Gegenstrom","og_description":"Der folgende Text wurde uns von einem interessierten Leser zugeschickt. Arnold Rolant gibt hierbei seine pers\u00f6nliche Position zum Nationalismus wieder. Wir weisen darauf hin, dass die Positionen der Autoren nicht zwangsl\u00e4ufig die \u00dcberzeugungen der Redaktion wiedergeben, m\u00f6chten aber auch betonen, dass wir zugesandte Artikel und Stellungnahmen von unseren Lesern gerne ver\u00f6ffentlichen, soweit wir darin ein [&hellip;]","og_url":"https:\/\/gegenstrom.org\/en\/zusendung-abschied-vom-nationalismus\/","og_site_name":"Gegenstrom","article_publisher":"https:\/\/de-de.facebook.com\/rechteMetapolitik\/","article_published_time":"2020-10-28T09:43:28+00:00","article_modified_time":"2020-10-28T09:43:58+00:00","og_image":[{"width":715,"height":300,"url":"https:\/\/gegenstrom.org\/wp-content\/uploads\/2017\/07\/Ohnmacht715x300-1-01-01.jpg","type":"image\/jpeg"}],"author":"Redaktion","twitter_card":"summary_large_image","twitter_misc":{"Written by":"Redaktion","Est. reading time":"3 minutes"},"schema":{"@context":"https:\/\/schema.org","@graph":[{"@type":"Article","@id":"https:\/\/gegenstrom.org\/zusendung-abschied-vom-nationalismus\/#article","isPartOf":{"@id":"https:\/\/gegenstrom.org\/zusendung-abschied-vom-nationalismus\/"},"author":{"name":"Redaktion","@id":"https:\/\/gegenstrom.org\/#\/schema\/person\/9adb4188754722c1352b5f101655cd2d"},"headline":"Zusendung: Abschied vom Nationalismus?","datePublished":"2020-10-28T09:43:28+00:00","dateModified":"2020-10-28T09:43:58+00:00","mainEntityOfPage":{"@id":"https:\/\/gegenstrom.org\/zusendung-abschied-vom-nationalismus\/"},"wordCount":685,"commentCount":1,"publisher":{"@id":"https:\/\/gegenstrom.org\/#organization"},"image":{"@id":"https:\/\/gegenstrom.org\/zusendung-abschied-vom-nationalismus\/#primaryimage"},"thumbnailUrl":"https:\/\/gegenstrom.org\/wp-content\/uploads\/2017\/07\/Ohnmacht715x300-1-01-01.jpg","keywords":["Nation","Nationalismus","Volk"],"articleSection":["Debatte"],"inLanguage":"en-US"},{"@type":"WebPage","@id":"https:\/\/gegenstrom.org\/zusendung-abschied-vom-nationalismus\/","url":"https:\/\/gegenstrom.org\/zusendung-abschied-vom-nationalismus\/","name":"Zusendung: Abschied vom Nationalismus? - Gegenstrom","isPartOf":{"@id":"https:\/\/gegenstrom.org\/#website"},"primaryImageOfPage":{"@id":"https:\/\/gegenstrom.org\/zusendung-abschied-vom-nationalismus\/#primaryimage"},"image":{"@id":"https:\/\/gegenstrom.org\/zusendung-abschied-vom-nationalismus\/#primaryimage"},"thumbnailUrl":"https:\/\/gegenstrom.org\/wp-content\/uploads\/2017\/07\/Ohnmacht715x300-1-01-01.jpg","datePublished":"2020-10-28T09:43:28+00:00","dateModified":"2020-10-28T09:43:58+00:00","breadcrumb":{"@id":"https:\/\/gegenstrom.org\/zusendung-abschied-vom-nationalismus\/#breadcrumb"},"inLanguage":"en-US","potentialAction":[{"@type":"ReadAction","target":["https:\/\/gegenstrom.org\/zusendung-abschied-vom-nationalismus\/"]}]},{"@type":"ImageObject","inLanguage":"en-US","@id":"https:\/\/gegenstrom.org\/zusendung-abschied-vom-nationalismus\/#primaryimage","url":"https:\/\/gegenstrom.org\/wp-content\/uploads\/2017\/07\/Ohnmacht715x300-1-01-01.jpg","contentUrl":"https:\/\/gegenstrom.org\/wp-content\/uploads\/2017\/07\/Ohnmacht715x300-1-01-01.jpg","width":715,"height":300,"caption":"Ohnmacht"},{"@type":"BreadcrumbList","@id":"https:\/\/gegenstrom.org\/zusendung-abschied-vom-nationalismus\/#breadcrumb","itemListElement":[{"@type":"ListItem","position":1,"name":"Startseite","item":"https:\/\/gegenstrom.org\/"},{"@type":"ListItem","position":2,"name":"Zusendung: Abschied vom Nationalismus?"}]},{"@type":"WebSite","@id":"https:\/\/gegenstrom.org\/#website","url":"https:\/\/gegenstrom.org\/","name":"Gegenstrom","description":"Plattform f\u00fcr rechte Metapolitik","publisher":{"@id":"https:\/\/gegenstrom.org\/#organization"},"potentialAction":[{"@type":"SearchAction","target":{"@type":"EntryPoint","urlTemplate":"https:\/\/gegenstrom.org\/?s={search_term_string}"},"query-input":{"@type":"PropertyValueSpecification","valueRequired":true,"valueName":"search_term_string"}}],"inLanguage":"en-US"},{"@type":"Organization","@id":"https:\/\/gegenstrom.org\/#organization","name":"Metapol Verlag & Medien","url":"https:\/\/gegenstrom.org\/","logo":{"@type":"ImageObject","inLanguage":"en-US","@id":"https:\/\/gegenstrom.org\/#\/schema\/logo\/image\/","url":"https:\/\/gegenstrom.org\/wp-content\/uploads\/2019\/11\/WMB_Senkrecht_Farbe_M-e1574681161133.png","contentUrl":"https:\/\/gegenstrom.org\/wp-content\/uploads\/2019\/11\/WMB_Senkrecht_Farbe_M-e1574681161133.png","width":300,"height":219,"caption":"Metapol Verlag & Medien"},"image":{"@id":"https:\/\/gegenstrom.org\/#\/schema\/logo\/image\/"},"sameAs":["https:\/\/de-de.facebook.com\/rechteMetapolitik\/","https:\/\/www.youtube.com\/channel\/UCvQizs-yQ8YapMiyuD6wDrw"]},{"@type":"Person","@id":"https:\/\/gegenstrom.org\/#\/schema\/person\/9adb4188754722c1352b5f101655cd2d","name":"Redaktion","url":"https:\/\/gegenstrom.org\/en\/author\/redaktion\/"}]}},"jetpack_featured_media_url":"https:\/\/gegenstrom.org\/wp-content\/uploads\/2017\/07\/Ohnmacht715x300-1-01-01.jpg","jetpack_sharing_enabled":true,"_links":{"self":[{"href":"https:\/\/gegenstrom.org\/en\/wp-json\/wp\/v2\/posts\/7377","targetHints":{"allow":["GET"]}}],"collection":[{"href":"https:\/\/gegenstrom.org\/en\/wp-json\/wp\/v2\/posts"}],"about":[{"href":"https:\/\/gegenstrom.org\/en\/wp-json\/wp\/v2\/types\/post"}],"author":[{"embeddable":true,"href":"https:\/\/gegenstrom.org\/en\/wp-json\/wp\/v2\/users\/28"}],"replies":[{"embeddable":true,"href":"https:\/\/gegenstrom.org\/en\/wp-json\/wp\/v2\/comments?post=7377"}],"version-history":[{"count":0,"href":"https:\/\/gegenstrom.org\/en\/wp-json\/wp\/v2\/posts\/7377\/revisions"}],"wp:featuredmedia":[{"embeddable":true,"href":"https:\/\/gegenstrom.org\/en\/wp-json\/wp\/v2\/media\/738"}],"wp:attachment":[{"href":"https:\/\/gegenstrom.org\/en\/wp-json\/wp\/v2\/media?parent=7377"}],"wp:term":[{"taxonomy":"category","embeddable":true,"href":"https:\/\/gegenstrom.org\/en\/wp-json\/wp\/v2\/categories?post=7377"},{"taxonomy":"post_tag","embeddable":true,"href":"https:\/\/gegenstrom.org\/en\/wp-json\/wp\/v2\/tags?post=7377"}],"curies":[{"name":"wp","href":"https:\/\/api.w.org\/{rel}","templated":true}]}}