{"id":733,"date":"2017-07-13T18:59:35","date_gmt":"2017-07-13T17:59:35","guid":{"rendered":"https:\/\/gegenstrom.org\/?p=733"},"modified":"2020-02-03T18:15:09","modified_gmt":"2020-02-03T17:15:09","slug":"joerg-baberowski-und-die-ewige-linke","status":"publish","type":"post","link":"https:\/\/gegenstrom.org\/en\/joerg-baberowski-und-die-ewige-linke\/","title":{"rendered":"J\u00f6rg Baberowski und die ewige Linke"},"content":{"rendered":"<p><span style=\"font-size: 14pt;\">J\u00f6rg Baberowski ist Professor f\u00fcr die Geschichte Osteuropas an der Humboldt-Universit\u00e4t zu Berlin und er \u201evertritt rechtsradikale Positionen\u201c<a href=\"#_ftn1\" name=\"_ftnref1\">[1]<\/a>, zumindest, wenn es nach dem Allgemeinen Studierendenausschauss (AStA) der Universit\u00e4t Bremen geht. Diese Behauptungen wurden auf einer geplanten Besprechung \u00fcber Baberowskis Buch \u201eR\u00e4ume der Gewalt\u201c von Studenten, die dabei ma\u00dfgeblich von der AStA unterst\u00fctzt wurden, verbreitet. Nun ist es nicht unbekannt, dass Universit\u00e4ten schon lange linke Freir\u00e4ume bilden<a href=\"#_ftn2\" name=\"_ftnref2\">[2]<\/a><a href=\"#_ftn3\" name=\"_ftnref3\">[3]<\/a>, doch auch ein nach dem Humboldtschen Bildungsideal lehrender Professor<a href=\"#_ftn4\" name=\"_ftnref4\">[4]<\/a> scheint vor Angriffen nicht mehr sicher zu sein. Seine Vorlesung musste an einem anderen Ort stattfinden.<\/span><\/p>\n<p><span style=\"font-size: 14pt;\">J\u00f6rg Baberowski klagte gegen diesen Rufmord und das K\u00f6lner Landgericht verbot daraufhin, ihn einen Rassisten nennen zu d\u00fcrfen, allerdings d\u00fcrfe er weiterhin als rechtsradikal bezeichnet werden. Der errungene Teilerfolg wurde aber von der n\u00e4chsth\u00f6heren Instanz aufgehoben. Nachdem Baberowski selbst die einstweilige Verf\u00fcgung zur\u00fcckgezogen hatte, darf er nun weiterhin mit den genutzten Attributen bezeichnet werden<a href=\"#_ftn5\" name=\"_ftnref5\">[5]<\/a>. Wie aber kam es zum Konflikt um Baberowski?<\/span><\/p>\n<h2>Baberowskis Werdegang<\/h2>\n<p><span style=\"font-size: 14pt;\">Baberowski wurde 1961 geboren und studierte von 1982 bis 1988 Geschichte an der Universit\u00e4t G\u00f6ttingen. 1994 promovierte er und sechs Jahre sp\u00e4ter folgte die Habilitation an der Uni T\u00fcbingen. Seit 2002 hat er seinen Lehrstuhl an der Berliner Humboldt-Universit\u00e4t inne. In seiner Jugend war er Anh\u00e4nger des \u201eKommunistischen Bundes Westdeutschland\u201c (KBW). Der Schritt ins linke Lager erfolgte aus dem allgemeinen Rebellentum gegen die Eltern, wohl aber auch aus dem gesellschaftspolitischen Kontext der Zeit heraus. Er selbst sagt, dass eine Kampfschilderung seines Vaters im 2. Weltkrieg zur Abwendung von ihm gef\u00fchrt h\u00e4tte. Aus diesem Grund studierte er Geschichte und Philosophie, da er sich nicht erkl\u00e4ren k\u00f6nne, wie der liebende Vater gleichzeitig ein gewissenloser M\u00f6rder sein kann<a href=\"#_ftn6\" name=\"_ftnref6\">[6]<\/a>.<\/span><\/p>\n<p><span style=\"font-size: 14pt;\">J\u00f6rg Baberowski suchte nach Erkl\u00e4rungen f\u00fcr die Handlungen der Kriegsgeneration. Dabei nutzte er intensiv russische Archive, die er ab 1991 regelm\u00e4\u00dfig durchforstete. Im Laufe der Zeit wurde er ein\u00a0 angesehener Stalinismus- und Gewaltforscher. Seine Entwicklung erinnert ein wenig an die Ernst Noltes, den er 2014 mit folgender Aussage entlastete: \u201eNolte wurde Unrecht getan. Er hatte historisch recht\u201c<a href=\"#_ftn7\" name=\"_ftnref7\">[7]<\/a>. Im Folgenden wollen wir herausfinden, was Baberowski veranlasste, den diskreditierten Nolte nicht mehr aus dem wissenschaftlichen Diskurs heraus halten zu wollen.<\/span><\/p>\n<h2>Ernst Noltes Leben und Werk<\/h2>\n<p><span style=\"font-size: 14pt;\">Ernst Nolte wurde 1923 im Ruhrgebiet geboren. Seine Kindheit und Jugend wurden durch die politischen Auseinandersetzungen zwischen Kommunisten und Nationalsozialisten in der Weimarer Republik und durch das 3. Reich gepr\u00e4gt. Er war wegen der Behinderung, ihm fehlten an der linken Hand 3 Finger, nicht kriegstauglich und studierte w\u00e4hrend des Krieges. In den fr\u00fchen Jahren seiner T\u00e4tigkeit als Historiker, was zun\u00e4chst nur in der Freizeit erfolgte, da Nolte noch als Lehrer arbeitete, setzte er sich viel mit marxistischen Schriften auseinander. Das 1963 erschienene Buch \u201eDer Faschismus in seiner Epoche\u201c machte ihn \u00fcber Nacht zu einem der bekanntesten deutschen Historiker. Sein Werk unterschied sich dadurch, dass er eine Vielzahl von politischen Bewegungen zwischen den Weltkriegen unter dem Begriff Faschismus summierte. Damit st\u00e4rkte Nolte eine linke These, da die Kommunisten sich ja als Antifaschisten betrachten, und es verwundert nicht, dass er zu dieser Zeit als Linker bezeichnet wurde.<\/span><\/p>\n<p><span style=\"font-size: 14pt;\">Im Jahr 1986 wurde Ernst Nolte zu einem der umstrittensten Historiker in Deutschland. Sein Artikel \u201eVergangenheit, die nicht vergehen will\u201c<a href=\"#_ftn8\" name=\"_ftnref8\">[8]<\/a> l\u00f6ste eine zweij\u00e4hrige Diskussion, den Historikerstreit, aus, an dessen Ende der Sieg der ideologisierten \u00fcber die freie Wissenschaft stand. Fortan wurde Nolte als rechts oder revisionistisch bezeichnet.<\/span><\/p>\n<p style=\"text-align: left;\"><span style=\"font-size: 14pt;\"><strong>Doch weshalb kam es zu den Anfeindungen gegen Nolte?<\/strong><\/span><\/p>\n<p><span style=\"font-size: 14pt;\">Noltes Theorie des kausalen Nexus war den 68ern ein Dorn im Auge, weil sie ihre ideenpolitische Vorherrschaft gef\u00e4hrdete. Der kausale Nexus nimmt an, dass die faschistischen Bewegungen nur eine Reaktion auf den Bolschewismus gewesen seien. In dem Zeitungsartikel beschrieb es Nolte so: \u201eVollbrachten die Nationalsozialisten, vollbrachte Hitler eine \u201aasiatische\u2018 Tat vielleicht nur deshalb, weil sie sich und ihresgleichen als potentielle oder wirkliche Opfer einer \u201aasiatischen\u2018 Tat betrachteten? War nicht der \u2018Archipel GULag\u2018 urspr\u00fcnglicher als &#8218;Auschwitz&#8216;? War nicht der \u201aKlassenmord\u2018 der Bolschewiki das logische und faktische Prius des \u201aRassenmords\u2018 der Nationalsozialisten?\u201c<a href=\"#_ftn9\" name=\"_ftnref9\">[9]<\/a>.<\/span><\/p>\n<p><span style=\"font-size: 14pt;\">Seine Gegner sahen darin nicht weniger als die Relativierung des Holocausts. Dementsprechend war es ein Leichtes, seinen Namen zu beschmutzen. Die Ideologisierung der Debatte f\u00fchrte dazu, dass der Historikerstreit immer mehr zu einer \u201egeschichtspolitischen statt einer geschichtswissenschaftlichen\u201c<a href=\"#_ftn10\" name=\"_ftnref10\">[10]<\/a> Auseinandersetzung wurde.<\/span><\/p>\n<p><span style=\"font-size: 14pt;\">Es ist bezeichnend, dass gerade Noltes Kritiker ihm Relativierung, verbunden mit politischen Absichten, unterstellten. Sprach doch sein gr\u00f6\u00dfter Gegenspieler im Historikerstreit, J\u00fcrgen Habermas, von einer \u201eVertreibung von 7 Millionen Kulaken unter Stalin\u201c<a href=\"#_ftn11\" name=\"_ftnref11\">[11]<\/a>. Nolte war immer um Objektivit\u00e4t bem\u00fcht, er dr\u00fcckte es einst selbst passend aus als er sagte, er h\u00e4tte sich selbst nicht ver\u00e4ndert, sondern die Gesellschaft um ihn herum sei eine andere geworden. Mit dieser Aussage verdeutlichte Nolte, was immer erkennbarer wurde, n\u00e4mlich die metapolitische Vorherrschaft der Linken, die auch vor dem wissenschaftlichen Diskurs nicht halt machte, weshalb er bereits 1970 den \u201eBund Freiheit der Wissenschaft\u201c ins Leben rief.<\/span><\/p>\n<h2>Der Fall Babrowski<\/h2>\n<p><span style=\"font-size: 14pt;\">Zur\u00fcck zu Baberowski. Nicht nur durch die Aussage \u00fcber Nolte und seine Publikationen machte er sich die Linken zum Feind, auch eine kritische Sicht auf die Masseneinwanderung im Jahr 2015 war f\u00fcr seinen Ruf nicht gerade f\u00f6rderlich. Der H\u00f6hepunkt wurde wahrscheinlich 2014 erreicht, als Baberowski den Trotzki-Biografen Robert Service zum Doktorandenkolloquium einlud. Service ist ein Historiker, der darlegt, dass der Kommunismus unter Trotzki nicht weniger gewaltsam h\u00e4tte sein m\u00fcssen, als er tats\u00e4chlich unter Stalin war. Trotzki als Vertreter der permanenten- und Weltrevolution verfolgte letzten Endes nur eine andere Strategie als der St\u00e4hlerne Generalsekret\u00e4r.<\/span><\/p>\n<p><span style=\"font-size: 14pt;\">Der AStA der Uni Bremen arbeitete bei der Aktion im Oktober 2016 mit der International \u201eYouth and Students for Social Equality\u201c (IYSSE) zusammen. Diese ist die Jugendorganisation der \u201eSozialistischen Gleichheitspartei\u201c (SGP), die sich wiederum als Teil des \u201e internationalen Komitees der Vierten Internationale\u201c sieht<a href=\"#_ftn12\" name=\"_ftnref12\">[12]<\/a>.<\/span><\/p>\n<p><span style=\"font-size: 14pt;\">Bei so viel Gleichheit, Sozialismus und Internationalit\u00e4t wei\u00df man schon, woher der Wind weht, doch in der bundesdeutschen Presselandschaft ist jeder gern gesehen, der an der Realit\u00e4t vorbei schaut. Ihre Agitation von Militarismus und Arbeiterklasse und dass diese sich jetzt weltweit erheben m\u00fcsse, um den 3. Weltkrieg zu verhindern, zeigt uns, wie realit\u00e4tsfern jemand ist, der in Ideen des 19. Jahrhunderts verharrt.<\/span><\/p>\n<p><span style=\"font-size: 14pt;\">Wer die SGP nun aber als unbedeutende radikale Splittergruppe innerhalb der Linken sieht, der t\u00e4uscht sich. Zum einen zeigt die Schmierenkampagne<a href=\"#_ftn13\" name=\"_ftnref13\">[13]<\/a> gegen Baberowski, wie effektiv solche Nadelstiche sind, die unliebsame Personen aus dem \u00f6ffentlichen Diskurs dr\u00e4ngen wollen. Dabei werden neben der etablierten Qualit\u00e4tspresse auch eigene Netzseiten genutzt, die den eigenen Anh\u00e4ngern zu Schulungszwecken dienen<a href=\"#_ftn14\" name=\"_ftnref14\">[14]<\/a>. Gerade die \u201eWorld Socialist Web Site\u201c (WSWS), f\u00fcr die der SGP und IYSSE Aktivist Christoph Vandreier schreibt, verdeutlicht das Netzwerk, was hinter zahllosen \u201eunabh\u00e4ngigen\u201c Organisationen steckt. Betreiber der WSWS ist David North, ein gro\u00dfer Kritiker von Robert Service. Mit dieser Erkenntnis wird das Zusammenspiel der Einzelakteure deutlich.<\/span><\/p>\n<p><span style=\"font-size: 14pt;\">Zum anderen hat die SGP einen Einfluss auf gr\u00f6\u00dfere linke Parteien und Organisationen. Die linke Selbstzerfleischung in der \u00d6ffentlichkeit, also die Kritik an den Sozialdemokraten seitens der Linken und Gr\u00fcnen, w\u00e4hrend diese wiederum von radikalen Kr\u00e4ften, wie der SGP, angefeindet werden, darf nicht dazu verleiten, die jeweiligen Organisationen als geistig v\u00f6llig unterschiedlich zu betrachten. Worin unterscheidet sich beispielsweise die Antikriegskampagne der SGP von der der Linkspartei? Auch auf militante Antifas wirkt die Arbeit der SGP. Und diese stellen sich mit der Zivilgesellschaft gern in den Dienst, wenn zum \u201eKampf gegen Rechts\u201c mobilisiert wird.<\/span><\/p>\n<p><span style=\"font-size: 14pt;\"><a href=\"#_ftnref1\" name=\"_ftn1\">[1]<\/a>http:\/\/www.berliner-zeitung.de\/berlin\/prozess-in-koeln-berliner-professor-darf-als-rechtsradikal-bezeichnet-werden-27749396<\/span><\/p>\n<p><span style=\"font-size: 14pt;\"><a href=\"#_ftnref2\" name=\"_ftn2\">[2]<\/a>http:\/\/www.volksstimme.de\/sachsen-anhalt\/studentenproteste-afd-treffen-nach-boellerwurf-abgebrochen<\/span><\/p>\n<p><span style=\"font-size: 14pt;\"><a href=\"#_ftnref3\" name=\"_ftn3\">[3]<\/a>https:\/\/www.youtube.com\/watch?v=cSMz0pcrM18<\/span><\/p>\n<p><span style=\"font-size: 14pt;\"><a href=\"#_ftnref4\" name=\"_ftn4\">[4]<\/a>https:\/\/www.youtube.com\/watch?v=s2J77x3mFUs<\/span><\/p>\n<p><span style=\"font-size: 14pt;\"><a href=\"#_ftnref5\" name=\"_ftn5\">[5]<\/a>http:\/\/www.tagesspiegel.de\/wissen\/rechtsstreit-ums-rechtssein-hu-professor-unterliegt-gegen-den-bremer-asta\/19893490.html<\/span><\/p>\n<p><span style=\"font-size: 14pt;\"><a href=\"#_ftnref6\" name=\"_ftn6\">[6]<\/a>http:\/\/www.zeit.de\/2017\/16\/joerg-baberowski-humboldt-universitaet-studenten-streit-rechtsextremismus<\/span><\/p>\n<p><span style=\"font-size: 14pt;\"><a href=\"#_ftnref7\" name=\"_ftn7\">[7]<\/a>Dirk Kurbjuweit, \u201eDer Wandel der Vergangenheit\u201c, in: <em>Der Spiegel 7\/2014<\/em>, S. 115, 116.<\/span><\/p>\n<p><span style=\"font-size: 14pt;\"><a href=\"#_ftnref8\" name=\"_ftn8\">[8]<\/a>https:\/\/www.staff.uni-giessen.de\/~g31130\/PDF\/Nationalismus\/ErnstNolte.pdf<\/span><\/p>\n<p><span style=\"font-size: 14pt;\"><a href=\"#_ftnref9\" name=\"_ftn9\">[9]<\/a>https:\/\/www.staff.uni-giessen.de\/~g31130\/PDF\/Nationalismus\/ErnstNolte.pdf<\/span><\/p>\n<p><span style=\"font-size: 14pt;\"><a href=\"#_ftnref10\" name=\"_ftn10\">[10]<\/a>Gerlich, Siegfried: Ernst Nolte- Port\u00e4t eines Geschichtsdenkers.<\/span><\/p>\n<p><span style=\"font-size: 14pt;\"><a href=\"#_ftnref11\" name=\"_ftn11\">[11]<\/a>http:\/\/podcast.jungeuropa.de\/von-rechts-gelesen-sondersendung-nachruf-auf-ernst-nolte\/<\/span><\/p>\n<p><span style=\"font-size: 14pt;\"><a href=\"#_ftnref12\" name=\"_ftn12\">[12]<\/a>http:\/\/www.gleichheit.de\/resolutionen\/umbenennung\/<\/span><\/p>\n<p><span style=\"font-size: 14pt;\"><a href=\"#_ftnref13\" name=\"_ftn13\">[13]<\/a>https:\/\/www.youtube.com\/watch?v=xUSB1Hz7edA<\/span><\/p>\n<p><span style=\"font-size: 14pt;\"><a href=\"#_ftnref14\" name=\"_ftn14\">[14]<\/a>https:\/\/www.wsws.org\/de\/articles\/2015\/09\/12\/babe-s12.html<\/span><\/p>","protected":false},"excerpt":{"rendered":"<p>J\u00f6rg Baberowski ist Professor f\u00fcr die Geschichte Osteuropas an der Humboldt-Universit\u00e4t zu Berlin und er \u201evertritt rechtsradikale Positionen\u201c[1], zumindest, wenn es nach dem Allgemeinen Studierendenausschauss (AStA) der Universit\u00e4t Bremen geht. Diese Behauptungen wurden auf einer geplanten Besprechung \u00fcber Baberowskis Buch \u201eR\u00e4ume der Gewalt\u201c von Studenten, die dabei ma\u00dfgeblich von der AStA unterst\u00fctzt wurden, verbreitet. Nun [&hellip;]<\/p>","protected":false},"author":24,"featured_media":734,"comment_status":"open","ping_status":"open","sticky":false,"template":"","format":"standard","meta":{"_et_pb_use_builder":"","_et_pb_old_content":"","_et_gb_content_width":"","_jetpack_memberships_contains_paid_content":false,"footnotes":""},"categories":[4],"tags":[119,117,118],"class_list":["post-733","post","type-post","status-publish","format-standard","has-post-thumbnail","hentry","category-deutschland-und-die-welt","tag-ernst-nolte","tag-joerg-babarowski","tag-kampf-gegen-rechts"],"yoast_head":"<!-- This site is optimized with the Yoast SEO plugin v26.2 - https:\/\/yoast.com\/wordpress\/plugins\/seo\/ -->\n<title>J\u00f6rg Baberowski und die ewige Linke - Gegenstrom<\/title>\n<meta name=\"robots\" content=\"index, follow, max-snippet:-1, max-image-preview:large, max-video-preview:-1\" \/>\n<link rel=\"canonical\" href=\"https:\/\/gegenstrom.org\/en\/joerg-baberowski-und-die-ewige-linke\/\" \/>\n<meta property=\"og:locale\" content=\"en_US\" \/>\n<meta property=\"og:type\" content=\"article\" \/>\n<meta property=\"og:title\" content=\"J\u00f6rg Baberowski und die ewige Linke - Gegenstrom\" \/>\n<meta property=\"og:description\" content=\"J\u00f6rg Baberowski ist Professor f\u00fcr die Geschichte Osteuropas an der Humboldt-Universit\u00e4t zu Berlin und er \u201evertritt rechtsradikale Positionen\u201c[1], zumindest, wenn es nach dem Allgemeinen Studierendenausschauss (AStA) der Universit\u00e4t Bremen geht. Diese Behauptungen wurden auf einer geplanten Besprechung \u00fcber Baberowskis Buch \u201eR\u00e4ume der Gewalt\u201c von Studenten, die dabei ma\u00dfgeblich von der AStA unterst\u00fctzt wurden, verbreitet. Nun [&hellip;]\" \/>\n<meta property=\"og:url\" content=\"https:\/\/gegenstrom.org\/en\/joerg-baberowski-und-die-ewige-linke\/\" \/>\n<meta property=\"og:site_name\" content=\"Gegenstrom\" \/>\n<meta property=\"article:publisher\" content=\"https:\/\/de-de.facebook.com\/rechteMetapolitik\/\" \/>\n<meta property=\"article:published_time\" content=\"2017-07-13T17:59:35+00:00\" \/>\n<meta property=\"article:modified_time\" content=\"2020-02-03T17:15:09+00:00\" \/>\n<meta property=\"og:image\" content=\"https:\/\/gegenstrom.org\/wp-content\/uploads\/2017\/07\/Jo\u0308rg-Baberowski.jpg\" \/>\n\t<meta property=\"og:image:width\" content=\"715\" \/>\n\t<meta property=\"og:image:height\" content=\"300\" \/>\n\t<meta property=\"og:image:type\" content=\"image\/jpeg\" \/>\n<meta name=\"author\" content=\"Karl Moor\" \/>\n<meta name=\"twitter:card\" content=\"summary_large_image\" \/>\n<meta name=\"twitter:label1\" content=\"Written by\" \/>\n\t<meta name=\"twitter:data1\" content=\"Karl Moor\" \/>\n\t<meta name=\"twitter:label2\" content=\"Est. reading time\" \/>\n\t<meta name=\"twitter:data2\" content=\"7 minutes\" \/>\n<script type=\"application\/ld+json\" class=\"yoast-schema-graph\">{\"@context\":\"https:\/\/schema.org\",\"@graph\":[{\"@type\":\"Article\",\"@id\":\"https:\/\/gegenstrom.org\/joerg-baberowski-und-die-ewige-linke\/#article\",\"isPartOf\":{\"@id\":\"https:\/\/gegenstrom.org\/joerg-baberowski-und-die-ewige-linke\/\"},\"author\":{\"name\":\"Karl Moor\",\"@id\":\"https:\/\/gegenstrom.org\/#\/schema\/person\/3b9086617e99d574c9a42286beea4e0c\"},\"headline\":\"J\u00f6rg Baberowski und die ewige Linke\",\"datePublished\":\"2017-07-13T17:59:35+00:00\",\"dateModified\":\"2020-02-03T17:15:09+00:00\",\"mainEntityOfPage\":{\"@id\":\"https:\/\/gegenstrom.org\/joerg-baberowski-und-die-ewige-linke\/\"},\"wordCount\":1349,\"commentCount\":2,\"publisher\":{\"@id\":\"https:\/\/gegenstrom.org\/#organization\"},\"image\":{\"@id\":\"https:\/\/gegenstrom.org\/joerg-baberowski-und-die-ewige-linke\/#primaryimage\"},\"thumbnailUrl\":\"https:\/\/gegenstrom.org\/wp-content\/uploads\/2017\/07\/Jo\u0308rg-Baberowski.jpg\",\"keywords\":[\"Ernst Nolte\",\"J\u00f6rg Babarowski\",\"Kampf gegen rechts\"],\"articleSection\":[\"Deutschland und die Welt\"],\"inLanguage\":\"en-US\"},{\"@type\":\"WebPage\",\"@id\":\"https:\/\/gegenstrom.org\/joerg-baberowski-und-die-ewige-linke\/\",\"url\":\"https:\/\/gegenstrom.org\/joerg-baberowski-und-die-ewige-linke\/\",\"name\":\"J\u00f6rg Baberowski und die ewige Linke - Gegenstrom\",\"isPartOf\":{\"@id\":\"https:\/\/gegenstrom.org\/#website\"},\"primaryImageOfPage\":{\"@id\":\"https:\/\/gegenstrom.org\/joerg-baberowski-und-die-ewige-linke\/#primaryimage\"},\"image\":{\"@id\":\"https:\/\/gegenstrom.org\/joerg-baberowski-und-die-ewige-linke\/#primaryimage\"},\"thumbnailUrl\":\"https:\/\/gegenstrom.org\/wp-content\/uploads\/2017\/07\/Jo\u0308rg-Baberowski.jpg\",\"datePublished\":\"2017-07-13T17:59:35+00:00\",\"dateModified\":\"2020-02-03T17:15:09+00:00\",\"breadcrumb\":{\"@id\":\"https:\/\/gegenstrom.org\/joerg-baberowski-und-die-ewige-linke\/#breadcrumb\"},\"inLanguage\":\"en-US\",\"potentialAction\":[{\"@type\":\"ReadAction\",\"target\":[\"https:\/\/gegenstrom.org\/joerg-baberowski-und-die-ewige-linke\/\"]}]},{\"@type\":\"ImageObject\",\"inLanguage\":\"en-US\",\"@id\":\"https:\/\/gegenstrom.org\/joerg-baberowski-und-die-ewige-linke\/#primaryimage\",\"url\":\"https:\/\/gegenstrom.org\/wp-content\/uploads\/2017\/07\/Jo\u0308rg-Baberowski.jpg\",\"contentUrl\":\"https:\/\/gegenstrom.org\/wp-content\/uploads\/2017\/07\/Jo\u0308rg-Baberowski.jpg\",\"width\":715,\"height\":300,\"caption\":\"Jo\u0308rg Baberowski\"},{\"@type\":\"BreadcrumbList\",\"@id\":\"https:\/\/gegenstrom.org\/joerg-baberowski-und-die-ewige-linke\/#breadcrumb\",\"itemListElement\":[{\"@type\":\"ListItem\",\"position\":1,\"name\":\"Startseite\",\"item\":\"https:\/\/gegenstrom.org\/\"},{\"@type\":\"ListItem\",\"position\":2,\"name\":\"J\u00f6rg Baberowski und die ewige Linke\"}]},{\"@type\":\"WebSite\",\"@id\":\"https:\/\/gegenstrom.org\/#website\",\"url\":\"https:\/\/gegenstrom.org\/\",\"name\":\"Gegenstrom\",\"description\":\"Plattform f\u00fcr rechte Metapolitik\",\"publisher\":{\"@id\":\"https:\/\/gegenstrom.org\/#organization\"},\"potentialAction\":[{\"@type\":\"SearchAction\",\"target\":{\"@type\":\"EntryPoint\",\"urlTemplate\":\"https:\/\/gegenstrom.org\/?s={search_term_string}\"},\"query-input\":{\"@type\":\"PropertyValueSpecification\",\"valueRequired\":true,\"valueName\":\"search_term_string\"}}],\"inLanguage\":\"en-US\"},{\"@type\":\"Organization\",\"@id\":\"https:\/\/gegenstrom.org\/#organization\",\"name\":\"Metapol Verlag & Medien\",\"url\":\"https:\/\/gegenstrom.org\/\",\"logo\":{\"@type\":\"ImageObject\",\"inLanguage\":\"en-US\",\"@id\":\"https:\/\/gegenstrom.org\/#\/schema\/logo\/image\/\",\"url\":\"https:\/\/gegenstrom.org\/wp-content\/uploads\/2019\/11\/WMB_Senkrecht_Farbe_M-e1574681161133.png\",\"contentUrl\":\"https:\/\/gegenstrom.org\/wp-content\/uploads\/2019\/11\/WMB_Senkrecht_Farbe_M-e1574681161133.png\",\"width\":300,\"height\":219,\"caption\":\"Metapol Verlag & Medien\"},\"image\":{\"@id\":\"https:\/\/gegenstrom.org\/#\/schema\/logo\/image\/\"},\"sameAs\":[\"https:\/\/de-de.facebook.com\/rechteMetapolitik\/\",\"https:\/\/www.youtube.com\/channel\/UCvQizs-yQ8YapMiyuD6wDrw\"]},{\"@type\":\"Person\",\"@id\":\"https:\/\/gegenstrom.org\/#\/schema\/person\/3b9086617e99d574c9a42286beea4e0c\",\"name\":\"Karl Moor\",\"url\":\"https:\/\/gegenstrom.org\/en\/author\/karl-moor\/\"}]}<\/script>\n<!-- \/ Yoast SEO plugin. -->","yoast_head_json":{"title":"J\u00f6rg Baberowski und die ewige Linke - Gegenstrom","robots":{"index":"index","follow":"follow","max-snippet":"max-snippet:-1","max-image-preview":"max-image-preview:large","max-video-preview":"max-video-preview:-1"},"canonical":"https:\/\/gegenstrom.org\/en\/joerg-baberowski-und-die-ewige-linke\/","og_locale":"en_US","og_type":"article","og_title":"J\u00f6rg Baberowski und die ewige Linke - Gegenstrom","og_description":"J\u00f6rg Baberowski ist Professor f\u00fcr die Geschichte Osteuropas an der Humboldt-Universit\u00e4t zu Berlin und er \u201evertritt rechtsradikale Positionen\u201c[1], zumindest, wenn es nach dem Allgemeinen Studierendenausschauss (AStA) der Universit\u00e4t Bremen geht. Diese Behauptungen wurden auf einer geplanten Besprechung \u00fcber Baberowskis Buch \u201eR\u00e4ume der Gewalt\u201c von Studenten, die dabei ma\u00dfgeblich von der AStA unterst\u00fctzt wurden, verbreitet. Nun [&hellip;]","og_url":"https:\/\/gegenstrom.org\/en\/joerg-baberowski-und-die-ewige-linke\/","og_site_name":"Gegenstrom","article_publisher":"https:\/\/de-de.facebook.com\/rechteMetapolitik\/","article_published_time":"2017-07-13T17:59:35+00:00","article_modified_time":"2020-02-03T17:15:09+00:00","og_image":[{"width":715,"height":300,"url":"https:\/\/gegenstrom.org\/wp-content\/uploads\/2017\/07\/Jo\u0308rg-Baberowski.jpg","type":"image\/jpeg"}],"author":"Karl Moor","twitter_card":"summary_large_image","twitter_misc":{"Written by":"Karl Moor","Est. reading time":"7 minutes"},"schema":{"@context":"https:\/\/schema.org","@graph":[{"@type":"Article","@id":"https:\/\/gegenstrom.org\/joerg-baberowski-und-die-ewige-linke\/#article","isPartOf":{"@id":"https:\/\/gegenstrom.org\/joerg-baberowski-und-die-ewige-linke\/"},"author":{"name":"Karl Moor","@id":"https:\/\/gegenstrom.org\/#\/schema\/person\/3b9086617e99d574c9a42286beea4e0c"},"headline":"J\u00f6rg Baberowski und die ewige Linke","datePublished":"2017-07-13T17:59:35+00:00","dateModified":"2020-02-03T17:15:09+00:00","mainEntityOfPage":{"@id":"https:\/\/gegenstrom.org\/joerg-baberowski-und-die-ewige-linke\/"},"wordCount":1349,"commentCount":2,"publisher":{"@id":"https:\/\/gegenstrom.org\/#organization"},"image":{"@id":"https:\/\/gegenstrom.org\/joerg-baberowski-und-die-ewige-linke\/#primaryimage"},"thumbnailUrl":"https:\/\/gegenstrom.org\/wp-content\/uploads\/2017\/07\/Jo\u0308rg-Baberowski.jpg","keywords":["Ernst Nolte","J\u00f6rg Babarowski","Kampf gegen rechts"],"articleSection":["Deutschland und die Welt"],"inLanguage":"en-US"},{"@type":"WebPage","@id":"https:\/\/gegenstrom.org\/joerg-baberowski-und-die-ewige-linke\/","url":"https:\/\/gegenstrom.org\/joerg-baberowski-und-die-ewige-linke\/","name":"J\u00f6rg Baberowski und die ewige Linke - Gegenstrom","isPartOf":{"@id":"https:\/\/gegenstrom.org\/#website"},"primaryImageOfPage":{"@id":"https:\/\/gegenstrom.org\/joerg-baberowski-und-die-ewige-linke\/#primaryimage"},"image":{"@id":"https:\/\/gegenstrom.org\/joerg-baberowski-und-die-ewige-linke\/#primaryimage"},"thumbnailUrl":"https:\/\/gegenstrom.org\/wp-content\/uploads\/2017\/07\/Jo\u0308rg-Baberowski.jpg","datePublished":"2017-07-13T17:59:35+00:00","dateModified":"2020-02-03T17:15:09+00:00","breadcrumb":{"@id":"https:\/\/gegenstrom.org\/joerg-baberowski-und-die-ewige-linke\/#breadcrumb"},"inLanguage":"en-US","potentialAction":[{"@type":"ReadAction","target":["https:\/\/gegenstrom.org\/joerg-baberowski-und-die-ewige-linke\/"]}]},{"@type":"ImageObject","inLanguage":"en-US","@id":"https:\/\/gegenstrom.org\/joerg-baberowski-und-die-ewige-linke\/#primaryimage","url":"https:\/\/gegenstrom.org\/wp-content\/uploads\/2017\/07\/Jo\u0308rg-Baberowski.jpg","contentUrl":"https:\/\/gegenstrom.org\/wp-content\/uploads\/2017\/07\/Jo\u0308rg-Baberowski.jpg","width":715,"height":300,"caption":"Jo\u0308rg Baberowski"},{"@type":"BreadcrumbList","@id":"https:\/\/gegenstrom.org\/joerg-baberowski-und-die-ewige-linke\/#breadcrumb","itemListElement":[{"@type":"ListItem","position":1,"name":"Startseite","item":"https:\/\/gegenstrom.org\/"},{"@type":"ListItem","position":2,"name":"J\u00f6rg Baberowski und die ewige Linke"}]},{"@type":"WebSite","@id":"https:\/\/gegenstrom.org\/#website","url":"https:\/\/gegenstrom.org\/","name":"Gegenstrom","description":"Plattform f\u00fcr rechte Metapolitik","publisher":{"@id":"https:\/\/gegenstrom.org\/#organization"},"potentialAction":[{"@type":"SearchAction","target":{"@type":"EntryPoint","urlTemplate":"https:\/\/gegenstrom.org\/?s={search_term_string}"},"query-input":{"@type":"PropertyValueSpecification","valueRequired":true,"valueName":"search_term_string"}}],"inLanguage":"en-US"},{"@type":"Organization","@id":"https:\/\/gegenstrom.org\/#organization","name":"Metapol Verlag & Medien","url":"https:\/\/gegenstrom.org\/","logo":{"@type":"ImageObject","inLanguage":"en-US","@id":"https:\/\/gegenstrom.org\/#\/schema\/logo\/image\/","url":"https:\/\/gegenstrom.org\/wp-content\/uploads\/2019\/11\/WMB_Senkrecht_Farbe_M-e1574681161133.png","contentUrl":"https:\/\/gegenstrom.org\/wp-content\/uploads\/2019\/11\/WMB_Senkrecht_Farbe_M-e1574681161133.png","width":300,"height":219,"caption":"Metapol Verlag & Medien"},"image":{"@id":"https:\/\/gegenstrom.org\/#\/schema\/logo\/image\/"},"sameAs":["https:\/\/de-de.facebook.com\/rechteMetapolitik\/","https:\/\/www.youtube.com\/channel\/UCvQizs-yQ8YapMiyuD6wDrw"]},{"@type":"Person","@id":"https:\/\/gegenstrom.org\/#\/schema\/person\/3b9086617e99d574c9a42286beea4e0c","name":"Karl Moor","url":"https:\/\/gegenstrom.org\/en\/author\/karl-moor\/"}]}},"jetpack_featured_media_url":"https:\/\/gegenstrom.org\/wp-content\/uploads\/2017\/07\/Jo\u0308rg-Baberowski.jpg","jetpack_sharing_enabled":true,"_links":{"self":[{"href":"https:\/\/gegenstrom.org\/en\/wp-json\/wp\/v2\/posts\/733","targetHints":{"allow":["GET"]}}],"collection":[{"href":"https:\/\/gegenstrom.org\/en\/wp-json\/wp\/v2\/posts"}],"about":[{"href":"https:\/\/gegenstrom.org\/en\/wp-json\/wp\/v2\/types\/post"}],"author":[{"embeddable":true,"href":"https:\/\/gegenstrom.org\/en\/wp-json\/wp\/v2\/users\/24"}],"replies":[{"embeddable":true,"href":"https:\/\/gegenstrom.org\/en\/wp-json\/wp\/v2\/comments?post=733"}],"version-history":[{"count":0,"href":"https:\/\/gegenstrom.org\/en\/wp-json\/wp\/v2\/posts\/733\/revisions"}],"wp:featuredmedia":[{"embeddable":true,"href":"https:\/\/gegenstrom.org\/en\/wp-json\/wp\/v2\/media\/734"}],"wp:attachment":[{"href":"https:\/\/gegenstrom.org\/en\/wp-json\/wp\/v2\/media?parent=733"}],"wp:term":[{"taxonomy":"category","embeddable":true,"href":"https:\/\/gegenstrom.org\/en\/wp-json\/wp\/v2\/categories?post=733"},{"taxonomy":"post_tag","embeddable":true,"href":"https:\/\/gegenstrom.org\/en\/wp-json\/wp\/v2\/tags?post=733"}],"curies":[{"name":"wp","href":"https:\/\/api.w.org\/{rel}","templated":true}]}}