{"id":7233,"date":"2020-09-27T17:56:08","date_gmt":"2020-09-27T15:56:08","guid":{"rendered":"https:\/\/gegenstrom.org\/?p=7233"},"modified":"2020-10-02T06:22:01","modified_gmt":"2020-10-02T04:22:01","slug":"metapol-seminar-im-november-es-sind-noch-wenige-plaetze-frei","status":"publish","type":"post","link":"https:\/\/gegenstrom.org\/en\/metapol-seminar-im-november-es-sind-noch-wenige-plaetze-frei\/","title":{"rendered":"MetaPol-Seminar im November: Es sind noch wenige Pl\u00e4tze frei"},"content":{"rendered":"<p><span style=\"color: #ff0000;\"><strong>+++Aktualisierung am 02.10.2020: Es sind leider keine Pl\u00e4tze mehr frei.+++<\/strong><\/span><\/p>\n<p>Am 7. November 2020 holt <strong>MetaPol Verlag &amp; Medien<\/strong> das im Fr\u00fchjahr aufgrund von Corona abgesagte Seminar f\u00fcr rechte Metapolitik nach. Diesmal befassen wir uns mit der Bildung einer Gegen-Elite. So lautet das Motto <strong>\u201eEine neue Aristokratie als Gegenentwurf zum Demokratismus\u201c<\/strong>. Im Zentrum steht die Frage wie wir eine Avantgarde aufbauen und welche Eigenschaften dieselbe aufbringen muss. Dabei wird auch das heutige politische System kritisch unter die Lupe genommen. Peter Steinborn (MetaPol) bezeichnet das heute vorherrschende System pr\u00e4gnant als Demokratismus (siehe <a href=\"https:\/\/gegenstrom.org\/en\/der-demokratismus-und-sein-zerfall-demokratie-im-endstadium\/\">submitted<\/a>), da die heutigen politischen sowie medialen Eliten aus der Regierungsform eine dogmatische Ideologie gemacht haben.<\/p>\n<p>Dabei werden sich die Referenten mit alten Philosophien und Gesellschaftsordnungen befassen, die einem Gegenentwurf zum Vorbild gereichen k\u00f6nnen. Ziel der Tagung soll es daher letztlich sein, eine alternative Vision zum bestehenden politischen System zu skizzieren.<\/p>\n<p>Die Veranstalter sehen insbesondere in der Erforschung von Systemen, ihren Wirkmechanismen sowie den elit\u00e4ren und egalit\u00e4ren Elementen eine der dringendsten Aufgabe der Rechten.<\/p>\n<p>Derzeit sind noch <strong>0 Pl\u00e4tze<\/strong> frei.<\/p>\n<p>Anmeldungen erfolgen unter <a href=\"mailto:seminar@gegenstrom.org\">seminar@gegenstrom.org<\/a>. Die <strong>Anmeldefrist<\/strong> l\u00e4uft bis zum <strong>23.10.2020<\/strong>.<\/p>\n<p><span style=\"color: #ff0000;\"><strong>+++Aktualisierung am 02.10.2020: Es sind leider keine Pl\u00e4tze mehr frei.+++<\/strong><\/span><\/p>\n<p>&nbsp;<\/p>\n<p><img loading=\"lazy\" decoding=\"async\" class=\"size-full wp-image-7234\" src=\"https:\/\/gegenstrom.org\/wp-content\/uploads\/2020\/09\/Einladung_Seminar_Nov2020.jpeg\" alt=\"Einladung Eine neue Aristokratie Seminar\" width=\"905\" height=\"1280\" srcset=\"https:\/\/gegenstrom.org\/wp-content\/uploads\/2020\/09\/Einladung_Seminar_Nov2020.jpeg 905w, https:\/\/gegenstrom.org\/wp-content\/uploads\/2020\/09\/Einladung_Seminar_Nov2020-480x679.jpeg 480w\" sizes=\"(min-width: 0px) and (max-width: 480px) 480px, (min-width: 481px) 905px, 100vw\" \/><\/p>","protected":false},"excerpt":{"rendered":"<p>+++Aktualisierung am 02.10.2020: Es sind leider keine Pl\u00e4tze mehr frei.+++ Am 7. November 2020 holt MetaPol Verlag &amp; Medien das im Fr\u00fchjahr aufgrund von Corona abgesagte Seminar f\u00fcr rechte Metapolitik nach. Diesmal befassen wir uns mit der Bildung einer Gegen-Elite. So lautet das Motto \u201eEine neue Aristokratie als Gegenentwurf zum Demokratismus\u201c. Im Zentrum steht die [&hellip;]<\/p>","protected":false},"author":28,"featured_media":5921,"comment_status":"open","ping_status":"open","sticky":false,"template":"","format":"standard","meta":{"_et_pb_use_builder":"","_et_pb_old_content":"","_et_gb_content_width":"","_jetpack_memberships_contains_paid_content":false,"footnotes":""},"categories":[4],"tags":[132,263,1106],"class_list":["post-7233","post","type-post","status-publish","format-standard","has-post-thumbnail","hentry","category-deutschland-und-die-welt","tag-aristokratie","tag-metapol","tag-seminar-fuer-rechte-metapolitik"],"yoast_head":"<!-- This site is optimized with the Yoast SEO plugin v26.2 - https:\/\/yoast.com\/wordpress\/plugins\/seo\/ -->\n<title>MetaPol-Seminar im November: Es sind noch wenige Pl\u00e4tze frei - Gegenstrom<\/title>\n<meta name=\"robots\" content=\"index, follow, max-snippet:-1, max-image-preview:large, max-video-preview:-1\" \/>\n<link rel=\"canonical\" href=\"https:\/\/gegenstrom.org\/en\/metapol-seminar-im-november-es-sind-noch-wenige-plaetze-frei\/\" \/>\n<meta property=\"og:locale\" content=\"en_US\" \/>\n<meta property=\"og:type\" content=\"article\" \/>\n<meta property=\"og:title\" content=\"MetaPol-Seminar im November: Es sind noch wenige Pl\u00e4tze frei - Gegenstrom\" \/>\n<meta property=\"og:description\" content=\"+++Aktualisierung am 02.10.2020: Es sind leider keine Pl\u00e4tze mehr frei.+++ Am 7. November 2020 holt MetaPol Verlag &amp; Medien das im Fr\u00fchjahr aufgrund von Corona abgesagte Seminar f\u00fcr rechte Metapolitik nach. Diesmal befassen wir uns mit der Bildung einer Gegen-Elite. So lautet das Motto \u201eEine neue Aristokratie als Gegenentwurf zum Demokratismus\u201c. Im Zentrum steht die [&hellip;]\" \/>\n<meta property=\"og:url\" content=\"https:\/\/gegenstrom.org\/en\/metapol-seminar-im-november-es-sind-noch-wenige-plaetze-frei\/\" \/>\n<meta property=\"og:site_name\" content=\"Gegenstrom\" \/>\n<meta property=\"article:publisher\" content=\"https:\/\/de-de.facebook.com\/rechteMetapolitik\/\" \/>\n<meta property=\"article:published_time\" content=\"2020-09-27T15:56:08+00:00\" \/>\n<meta property=\"article:modified_time\" content=\"2020-10-02T04:22:01+00:00\" \/>\n<meta property=\"og:image\" content=\"https:\/\/gegenstrom.org\/wp-content\/uploads\/2020\/01\/IMG_0032.jpg\" \/>\n\t<meta property=\"og:image:width\" content=\"1333\" \/>\n\t<meta property=\"og:image:height\" content=\"500\" \/>\n\t<meta property=\"og:image:type\" content=\"image\/jpeg\" \/>\n<meta name=\"author\" content=\"Redaktion\" \/>\n<meta name=\"twitter:card\" content=\"summary_large_image\" \/>\n<meta name=\"twitter:label1\" content=\"Written by\" \/>\n\t<meta name=\"twitter:data1\" content=\"Redaktion\" \/>\n\t<meta name=\"twitter:label2\" content=\"Est. reading time\" \/>\n\t<meta name=\"twitter:data2\" content=\"1 minute\" \/>\n<script type=\"application\/ld+json\" class=\"yoast-schema-graph\">{\"@context\":\"https:\/\/schema.org\",\"@graph\":[{\"@type\":\"Article\",\"@id\":\"https:\/\/gegenstrom.org\/metapol-seminar-im-november-es-sind-noch-wenige-plaetze-frei\/#article\",\"isPartOf\":{\"@id\":\"https:\/\/gegenstrom.org\/metapol-seminar-im-november-es-sind-noch-wenige-plaetze-frei\/\"},\"author\":{\"name\":\"Redaktion\",\"@id\":\"https:\/\/gegenstrom.org\/#\/schema\/person\/9adb4188754722c1352b5f101655cd2d\"},\"headline\":\"MetaPol-Seminar im November: Es sind noch wenige Pl\u00e4tze frei\",\"datePublished\":\"2020-09-27T15:56:08+00:00\",\"dateModified\":\"2020-10-02T04:22:01+00:00\",\"mainEntityOfPage\":{\"@id\":\"https:\/\/gegenstrom.org\/metapol-seminar-im-november-es-sind-noch-wenige-plaetze-frei\/\"},\"wordCount\":208,\"commentCount\":1,\"publisher\":{\"@id\":\"https:\/\/gegenstrom.org\/#organization\"},\"image\":{\"@id\":\"https:\/\/gegenstrom.org\/metapol-seminar-im-november-es-sind-noch-wenige-plaetze-frei\/#primaryimage\"},\"thumbnailUrl\":\"https:\/\/gegenstrom.org\/wp-content\/uploads\/2020\/01\/IMG_0032.jpg\",\"keywords\":[\"Aristokratie\",\"METAPOL\",\"Seminar f\u00fcr rechte Metapolitik\"],\"articleSection\":[\"Deutschland und die Welt\"],\"inLanguage\":\"en-US\"},{\"@type\":\"WebPage\",\"@id\":\"https:\/\/gegenstrom.org\/metapol-seminar-im-november-es-sind-noch-wenige-plaetze-frei\/\",\"url\":\"https:\/\/gegenstrom.org\/metapol-seminar-im-november-es-sind-noch-wenige-plaetze-frei\/\",\"name\":\"MetaPol-Seminar im November: Es sind noch wenige Pl\u00e4tze frei - Gegenstrom\",\"isPartOf\":{\"@id\":\"https:\/\/gegenstrom.org\/#website\"},\"primaryImageOfPage\":{\"@id\":\"https:\/\/gegenstrom.org\/metapol-seminar-im-november-es-sind-noch-wenige-plaetze-frei\/#primaryimage\"},\"image\":{\"@id\":\"https:\/\/gegenstrom.org\/metapol-seminar-im-november-es-sind-noch-wenige-plaetze-frei\/#primaryimage\"},\"thumbnailUrl\":\"https:\/\/gegenstrom.org\/wp-content\/uploads\/2020\/01\/IMG_0032.jpg\",\"datePublished\":\"2020-09-27T15:56:08+00:00\",\"dateModified\":\"2020-10-02T04:22:01+00:00\",\"breadcrumb\":{\"@id\":\"https:\/\/gegenstrom.org\/metapol-seminar-im-november-es-sind-noch-wenige-plaetze-frei\/#breadcrumb\"},\"inLanguage\":\"en-US\",\"potentialAction\":[{\"@type\":\"ReadAction\",\"target\":[\"https:\/\/gegenstrom.org\/metapol-seminar-im-november-es-sind-noch-wenige-plaetze-frei\/\"]}]},{\"@type\":\"ImageObject\",\"inLanguage\":\"en-US\",\"@id\":\"https:\/\/gegenstrom.org\/metapol-seminar-im-november-es-sind-noch-wenige-plaetze-frei\/#primaryimage\",\"url\":\"https:\/\/gegenstrom.org\/wp-content\/uploads\/2020\/01\/IMG_0032.jpg\",\"contentUrl\":\"https:\/\/gegenstrom.org\/wp-content\/uploads\/2020\/01\/IMG_0032.jpg\",\"width\":1333,\"height\":500},{\"@type\":\"BreadcrumbList\",\"@id\":\"https:\/\/gegenstrom.org\/metapol-seminar-im-november-es-sind-noch-wenige-plaetze-frei\/#breadcrumb\",\"itemListElement\":[{\"@type\":\"ListItem\",\"position\":1,\"name\":\"Startseite\",\"item\":\"https:\/\/gegenstrom.org\/\"},{\"@type\":\"ListItem\",\"position\":2,\"name\":\"MetaPol-Seminar im November: Es sind noch wenige Pl\u00e4tze frei\"}]},{\"@type\":\"WebSite\",\"@id\":\"https:\/\/gegenstrom.org\/#website\",\"url\":\"https:\/\/gegenstrom.org\/\",\"name\":\"Gegenstrom\",\"description\":\"Plattform f\u00fcr rechte Metapolitik\",\"publisher\":{\"@id\":\"https:\/\/gegenstrom.org\/#organization\"},\"potentialAction\":[{\"@type\":\"SearchAction\",\"target\":{\"@type\":\"EntryPoint\",\"urlTemplate\":\"https:\/\/gegenstrom.org\/?s={search_term_string}\"},\"query-input\":{\"@type\":\"PropertyValueSpecification\",\"valueRequired\":true,\"valueName\":\"search_term_string\"}}],\"inLanguage\":\"en-US\"},{\"@type\":\"Organization\",\"@id\":\"https:\/\/gegenstrom.org\/#organization\",\"name\":\"Metapol Verlag & Medien\",\"url\":\"https:\/\/gegenstrom.org\/\",\"logo\":{\"@type\":\"ImageObject\",\"inLanguage\":\"en-US\",\"@id\":\"https:\/\/gegenstrom.org\/#\/schema\/logo\/image\/\",\"url\":\"https:\/\/gegenstrom.org\/wp-content\/uploads\/2019\/11\/WMB_Senkrecht_Farbe_M-e1574681161133.png\",\"contentUrl\":\"https:\/\/gegenstrom.org\/wp-content\/uploads\/2019\/11\/WMB_Senkrecht_Farbe_M-e1574681161133.png\",\"width\":300,\"height\":219,\"caption\":\"Metapol Verlag & Medien\"},\"image\":{\"@id\":\"https:\/\/gegenstrom.org\/#\/schema\/logo\/image\/\"},\"sameAs\":[\"https:\/\/de-de.facebook.com\/rechteMetapolitik\/\",\"https:\/\/www.youtube.com\/channel\/UCvQizs-yQ8YapMiyuD6wDrw\"]},{\"@type\":\"Person\",\"@id\":\"https:\/\/gegenstrom.org\/#\/schema\/person\/9adb4188754722c1352b5f101655cd2d\",\"name\":\"Redaktion\",\"url\":\"https:\/\/gegenstrom.org\/en\/author\/redaktion\/\"}]}<\/script>\n<!-- \/ Yoast SEO plugin. -->","yoast_head_json":{"title":"MetaPol-Seminar im November: Es sind noch wenige Pl\u00e4tze frei - Gegenstrom","robots":{"index":"index","follow":"follow","max-snippet":"max-snippet:-1","max-image-preview":"max-image-preview:large","max-video-preview":"max-video-preview:-1"},"canonical":"https:\/\/gegenstrom.org\/en\/metapol-seminar-im-november-es-sind-noch-wenige-plaetze-frei\/","og_locale":"en_US","og_type":"article","og_title":"MetaPol-Seminar im November: Es sind noch wenige Pl\u00e4tze frei - Gegenstrom","og_description":"+++Aktualisierung am 02.10.2020: Es sind leider keine Pl\u00e4tze mehr frei.+++ Am 7. November 2020 holt MetaPol Verlag &amp; Medien das im Fr\u00fchjahr aufgrund von Corona abgesagte Seminar f\u00fcr rechte Metapolitik nach. Diesmal befassen wir uns mit der Bildung einer Gegen-Elite. So lautet das Motto \u201eEine neue Aristokratie als Gegenentwurf zum Demokratismus\u201c. Im Zentrum steht die [&hellip;]","og_url":"https:\/\/gegenstrom.org\/en\/metapol-seminar-im-november-es-sind-noch-wenige-plaetze-frei\/","og_site_name":"Gegenstrom","article_publisher":"https:\/\/de-de.facebook.com\/rechteMetapolitik\/","article_published_time":"2020-09-27T15:56:08+00:00","article_modified_time":"2020-10-02T04:22:01+00:00","og_image":[{"width":1333,"height":500,"url":"https:\/\/gegenstrom.org\/wp-content\/uploads\/2020\/01\/IMG_0032.jpg","type":"image\/jpeg"}],"author":"Redaktion","twitter_card":"summary_large_image","twitter_misc":{"Written by":"Redaktion","Est. reading time":"1 minute"},"schema":{"@context":"https:\/\/schema.org","@graph":[{"@type":"Article","@id":"https:\/\/gegenstrom.org\/metapol-seminar-im-november-es-sind-noch-wenige-plaetze-frei\/#article","isPartOf":{"@id":"https:\/\/gegenstrom.org\/metapol-seminar-im-november-es-sind-noch-wenige-plaetze-frei\/"},"author":{"name":"Redaktion","@id":"https:\/\/gegenstrom.org\/#\/schema\/person\/9adb4188754722c1352b5f101655cd2d"},"headline":"MetaPol-Seminar im November: Es sind noch wenige Pl\u00e4tze frei","datePublished":"2020-09-27T15:56:08+00:00","dateModified":"2020-10-02T04:22:01+00:00","mainEntityOfPage":{"@id":"https:\/\/gegenstrom.org\/metapol-seminar-im-november-es-sind-noch-wenige-plaetze-frei\/"},"wordCount":208,"commentCount":1,"publisher":{"@id":"https:\/\/gegenstrom.org\/#organization"},"image":{"@id":"https:\/\/gegenstrom.org\/metapol-seminar-im-november-es-sind-noch-wenige-plaetze-frei\/#primaryimage"},"thumbnailUrl":"https:\/\/gegenstrom.org\/wp-content\/uploads\/2020\/01\/IMG_0032.jpg","keywords":["Aristokratie","METAPOL","Seminar f\u00fcr rechte Metapolitik"],"articleSection":["Deutschland und die Welt"],"inLanguage":"en-US"},{"@type":"WebPage","@id":"https:\/\/gegenstrom.org\/metapol-seminar-im-november-es-sind-noch-wenige-plaetze-frei\/","url":"https:\/\/gegenstrom.org\/metapol-seminar-im-november-es-sind-noch-wenige-plaetze-frei\/","name":"MetaPol-Seminar im November: Es sind noch wenige Pl\u00e4tze frei - Gegenstrom","isPartOf":{"@id":"https:\/\/gegenstrom.org\/#website"},"primaryImageOfPage":{"@id":"https:\/\/gegenstrom.org\/metapol-seminar-im-november-es-sind-noch-wenige-plaetze-frei\/#primaryimage"},"image":{"@id":"https:\/\/gegenstrom.org\/metapol-seminar-im-november-es-sind-noch-wenige-plaetze-frei\/#primaryimage"},"thumbnailUrl":"https:\/\/gegenstrom.org\/wp-content\/uploads\/2020\/01\/IMG_0032.jpg","datePublished":"2020-09-27T15:56:08+00:00","dateModified":"2020-10-02T04:22:01+00:00","breadcrumb":{"@id":"https:\/\/gegenstrom.org\/metapol-seminar-im-november-es-sind-noch-wenige-plaetze-frei\/#breadcrumb"},"inLanguage":"en-US","potentialAction":[{"@type":"ReadAction","target":["https:\/\/gegenstrom.org\/metapol-seminar-im-november-es-sind-noch-wenige-plaetze-frei\/"]}]},{"@type":"ImageObject","inLanguage":"en-US","@id":"https:\/\/gegenstrom.org\/metapol-seminar-im-november-es-sind-noch-wenige-plaetze-frei\/#primaryimage","url":"https:\/\/gegenstrom.org\/wp-content\/uploads\/2020\/01\/IMG_0032.jpg","contentUrl":"https:\/\/gegenstrom.org\/wp-content\/uploads\/2020\/01\/IMG_0032.jpg","width":1333,"height":500},{"@type":"BreadcrumbList","@id":"https:\/\/gegenstrom.org\/metapol-seminar-im-november-es-sind-noch-wenige-plaetze-frei\/#breadcrumb","itemListElement":[{"@type":"ListItem","position":1,"name":"Startseite","item":"https:\/\/gegenstrom.org\/"},{"@type":"ListItem","position":2,"name":"MetaPol-Seminar im November: Es sind noch wenige Pl\u00e4tze frei"}]},{"@type":"WebSite","@id":"https:\/\/gegenstrom.org\/#website","url":"https:\/\/gegenstrom.org\/","name":"Gegenstrom","description":"Plattform f\u00fcr rechte Metapolitik","publisher":{"@id":"https:\/\/gegenstrom.org\/#organization"},"potentialAction":[{"@type":"SearchAction","target":{"@type":"EntryPoint","urlTemplate":"https:\/\/gegenstrom.org\/?s={search_term_string}"},"query-input":{"@type":"PropertyValueSpecification","valueRequired":true,"valueName":"search_term_string"}}],"inLanguage":"en-US"},{"@type":"Organization","@id":"https:\/\/gegenstrom.org\/#organization","name":"Metapol Verlag & Medien","url":"https:\/\/gegenstrom.org\/","logo":{"@type":"ImageObject","inLanguage":"en-US","@id":"https:\/\/gegenstrom.org\/#\/schema\/logo\/image\/","url":"https:\/\/gegenstrom.org\/wp-content\/uploads\/2019\/11\/WMB_Senkrecht_Farbe_M-e1574681161133.png","contentUrl":"https:\/\/gegenstrom.org\/wp-content\/uploads\/2019\/11\/WMB_Senkrecht_Farbe_M-e1574681161133.png","width":300,"height":219,"caption":"Metapol Verlag & Medien"},"image":{"@id":"https:\/\/gegenstrom.org\/#\/schema\/logo\/image\/"},"sameAs":["https:\/\/de-de.facebook.com\/rechteMetapolitik\/","https:\/\/www.youtube.com\/channel\/UCvQizs-yQ8YapMiyuD6wDrw"]},{"@type":"Person","@id":"https:\/\/gegenstrom.org\/#\/schema\/person\/9adb4188754722c1352b5f101655cd2d","name":"Redaktion","url":"https:\/\/gegenstrom.org\/en\/author\/redaktion\/"}]}},"jetpack_featured_media_url":"https:\/\/gegenstrom.org\/wp-content\/uploads\/2020\/01\/IMG_0032.jpg","jetpack_sharing_enabled":true,"_links":{"self":[{"href":"https:\/\/gegenstrom.org\/en\/wp-json\/wp\/v2\/posts\/7233","targetHints":{"allow":["GET"]}}],"collection":[{"href":"https:\/\/gegenstrom.org\/en\/wp-json\/wp\/v2\/posts"}],"about":[{"href":"https:\/\/gegenstrom.org\/en\/wp-json\/wp\/v2\/types\/post"}],"author":[{"embeddable":true,"href":"https:\/\/gegenstrom.org\/en\/wp-json\/wp\/v2\/users\/28"}],"replies":[{"embeddable":true,"href":"https:\/\/gegenstrom.org\/en\/wp-json\/wp\/v2\/comments?post=7233"}],"version-history":[{"count":0,"href":"https:\/\/gegenstrom.org\/en\/wp-json\/wp\/v2\/posts\/7233\/revisions"}],"wp:featuredmedia":[{"embeddable":true,"href":"https:\/\/gegenstrom.org\/en\/wp-json\/wp\/v2\/media\/5921"}],"wp:attachment":[{"href":"https:\/\/gegenstrom.org\/en\/wp-json\/wp\/v2\/media?parent=7233"}],"wp:term":[{"taxonomy":"category","embeddable":true,"href":"https:\/\/gegenstrom.org\/en\/wp-json\/wp\/v2\/categories?post=7233"},{"taxonomy":"post_tag","embeddable":true,"href":"https:\/\/gegenstrom.org\/en\/wp-json\/wp\/v2\/tags?post=7233"}],"curies":[{"name":"wp","href":"https:\/\/api.w.org\/{rel}","templated":true}]}}