{"id":723,"date":"2017-07-06T08:50:30","date_gmt":"2017-07-06T07:50:30","guid":{"rendered":"https:\/\/gegenstrom.org\/?p=723"},"modified":"2020-02-03T18:16:36","modified_gmt":"2020-02-03T17:16:36","slug":"das-christentum-als-grundlage-fuer-die-bewahrung-unserer-nation","status":"publish","type":"post","link":"https:\/\/gegenstrom.org\/en\/das-christentum-als-grundlage-fuer-die-bewahrung-unserer-nation\/","title":{"rendered":"Das Christentum als Grundlage f\u00fcr die Bewahrung unserer Nation"},"content":{"rendered":"<p><span style=\"font-size: 14pt;\"><em>Aufgrund eines zuvor von Rolf Gradmann verfassten und auf diesem Blog ver\u00f6ffentlichten <a href=\"https:\/\/gegenstrom.org\/en\/2017\/06\/14\/christentum-als-wiege-des-neoliberalismus-oder-zeichen-abendlaendischer-identitaet\/\">Artikels<\/a>, verfasste der Vorsitzende der \u201eChristlichen Patrioten Deutschlands\u201c, <strong>Achim Ezer<\/strong>, eine Gegendarstellung, in der er sich zu einem identit\u00e4tserhaltenden sowie identit\u00e4tsstiftenden Christentum bekennt. Da wir es f\u00fcr essentiell halten, uns mit der Religionsfrage auseinanderzusetzen, ver\u00f6ffentlichen wir an dieser Stelle die Ausf\u00fchrungen des Vorsitzenden der Christlichen Patrioten. Gegenstrom versteht sich als Diskussionsplattform f\u00fcr rechte Metapolitik. Es handelt sich hierbei um eine wichtige unbedingt zu behandelnde Frage. Der Beitrag wird von der Redaktion als Bereicherung in diesem Diskurs betrachtet. An dieser Stelle m\u00f6chten wir ausdr\u00fccklich dazu auffordern, gute und konstruktive Beitr\u00e4ge zu liefern, welche wie in diesem Beispiel als Rede und Gegenrede auf der Plattform f\u00fcr rechte Metapolitik ver\u00f6ffentlicht werden k\u00f6nnen. Bild: Heinrich I. kommt nach dem Sieg \u00fcber die Ungarn in das Heerlager. K\u00e4mpfer und befreites Volk bejubeln den K\u00f6nig als Vater des Vaterlandes, w\u00e4hrend Heinrich der Erste, das Banner vom Erzengel Michael tragend, \u00a0dankend in den Himmel blickt.<\/em><\/span><\/p>\n<p><span style=\"font-size: 14pt;\"><em>Die Redaktion<\/em><\/span><\/p>\n<p><span style=\"font-size: 14pt;\">In Deutschland stehen viele Mitstreiter in rechten Kreisen dem Christentum feindlich gegen\u00fcber. In einer Zeit, in der der Islam an Macht gewinnt und wir nur noch wenige Jahre von der Unterwerfung durch diese Religion und der einhergehenden Vernichtung unseres Volkes entfernt sind, drehen sich in rechten Kreisen die Gedanken darum, ob Gott und das Christentum unser Freund oder Feind ist. F\u00fcr jeden logisch denkenden Menschen ist diese Frage mehr als berechtigt, denn wenn wir uns in dieser Endphase des \u00dcberlebenskampfes unseres Volkes f\u00fcr einen falschen Weg entscheiden, werden wir damit unausweichlich unser Volk ausl\u00f6schen.<\/span><\/p>\n<p><span style=\"font-size: 14pt;\">Wichtig f\u00fcr eine objektive Beurteilung des Christentums ist es, eine gedankliche Trennung zu vollziehen. N\u00e4mlich die Unterscheidung von der Machtinstitution Kirche auf der einen Seite und andererseits dem Glauben an Gott und dessen Willensverk\u00fcndung durch die Bibel. Denn wenn wir implizieren, dass die heutigen Kirchen\u00a0 gleichbedeutend mit dem Willen Gottes seien, dann w\u00e4re diese Frage schnell beantwortet. Denn die Kirchen stellen sich klar gegen das Existenzrecht aller europ\u00e4ischen V\u00f6lker und genauso gegen fast alle Wertvorstellungen eines anst\u00e4ndigen Deutschen. Doch woher beziehen die Kirchen ihre Grundlage f\u00fcr diese Position? Fundiert dieser kirchliche Glaube an eine Multikulturelle Gesellschaft auf den Botschaften der Bibel oder mehr auf der Anbiederung an politische Kr\u00e4fte, die nach der Niederlage von 1945 die Kontrolle in Europa \u00fcbernommen haben?<\/span><\/p>\n<p><span style=\"font-size: 14pt;\">Doch bevor wir diese Komplexe Frage angehen, betrachten wir die Verbindung zwischen der Gr\u00fcndung der Deutschen Nation und dem Christentum.<\/span><\/p>\n<h2>Die Erschaffung unserer Nation<\/h2>\n<blockquote><p><span style=\"font-size: 14pt;\">\u201eDurch die Gnade der g\u00f6ttlichen Barmherzigkeit begab es sich, dass die Ungarn mehr Freude an der Flucht erf\u00fcllte, als am Kampf. Allein der allm\u00e4chtige Gott, der ihnen den Mut zum Kampf genommen, versagte ihnen auch g\u00e4nzlich die M\u00f6glichkeit zu entfliehen. So wurden s\u00e4mtliche Ungarn teils niedergemetzelt, teils versprengt.\u201c <\/span><span style=\"font-size: 14pt;\">Liudprandi antapodosis II.31<\/span><\/p><\/blockquote>\n<p><span style=\"font-size: 14pt;\">Die Geburtsstunde unserer Nation liegt in der Schlacht von Riade am 15.M\u00e4rz 933 AD<a href=\"#_ftn1\" name=\"_ftnref1\">[1]<\/a>. Nach langen Jahren des Aufbaus war es Heinrich I. als Sachsen gelungen, aus den Tr\u00fcmmern des Ostfr\u00e4nkischen Reiches heraus alle deutschen St\u00e4mme zu vereinen. In der Schlacht von Riade f\u00fchrte er erstmals in der Geschichte unseres Volkes ein Heer aus allen deutschen St\u00e4mmen in eine Schicksalsschlacht gegen die eingefallenen, scheinbar unbesiegbaren, heidnischen Ungarn. Heinrich I. war ein \u00fcberzeugter Christ. Nach einem Gebet richtete er eine Rede an die deutschen K\u00e4mpfer, in der er unter anderem Folgendes sagte:<\/span><\/p>\n<blockquote><p><span style=\"font-size: 14pt;\">\u00a0\u201eDas Beispiel der K\u00f6nige der Vorzeit und die Schriften der heiligen V\u00e4ter lehren uns, was wir zu tun haben. Denn f\u00fcr den Allm\u00e4chtigen ist es nicht schwer, mit einer geringen Zahl von Kriegern eine \u00dcbermacht der Feinde niederzuwerfen, sofern nur diejenigen, die versuchen so etwas zu vollbringen, es aufgrund ihres Glaubens verdienen. Aufgrund ihres Glaubens, sage ich und nicht mit dem Mund, sondern durch die Tat, nicht mit Worten allein, sondern von ganzem Herzen.\u201c \u00a0<\/span><\/p><\/blockquote>\n<p><span style=\"font-size: 14pt;\">Seine Worte zeigen, dass er sich bewusst war, dass ein Sieg f\u00fcr unser Volk, dass in der Zahl unterlegen war, nur durch einen Bund mit Gott m\u00f6glich sein konnte. Heinrich I. ritt mit einem Banner, das das Abbild des Erzengels Michael zeigte, vorweg in die Schlacht. Die Ungarn wurden niedergehauen und vollst\u00e4ndig geschlagen. Alle Frauen und Kinder, die sie auf ihrem Raubzug durch Deutschland zur Beute gemacht hatten, wurden befreit. Am Abend nach der Schlacht kehrte Heinrich I. in das Heerlager zur\u00fcck. Widukind von Curvey beschrieb diese Situation: \u201eDas Heer begr\u00fc\u00dfte den K\u00f6nig als Vater des Vaterlandes, als Herrn, Gebieter und Imperator.\u201c Zum ersten Mal hatten alle deutschen St\u00e4mme eine Schlacht gegen einen gemeinsamen Feind geschlagen. Ihre Einigkeit und ihr Glaube an die Kraft Gottes gab ihnen die St\u00e4rke, die bisher ungeschlagenen Ungarn zu besiegen. Am 15. M\u00e4rz 933 AD wurde nicht nur eine Schlacht gewonnen. Es war der Tag an dem unseren Ahnen bewusst wurde, dass sie eine Gemeinschafft bilden. Es war die Geburt unserer Nation; errichtet im Glauben an Gott. Otto I. trug das Banner seines Vaters in der Schlacht am Lechfeld 955 AD weiter und vollendete dessen Werk mit der Gr\u00fcndung des Deutschen Reiches im Jahr 962 AD.<\/span><\/p>\n<p><span style=\"font-size: 14pt;\">In den folgenden 1000 Jahren pr\u00e4gte der christliche Glaube unsere Nation in seinen Moralvorstellungen und bildete die geistige Grundlage f\u00fcr die\u00a0 Abwehrk\u00e4mpfe gegen die islamische Invasion. Ob Friedrich Barbarossa 1190 AD in Iconium, Ernst R\u00fcdiger von Starhemberg 1683 AD in Wien oder Prinz Eugen 1697 AD bei Zenta und 1717 AD bei Belgrad. Sie alle f\u00fchrten ihre Schlachten im Namen Gottes und errangen scheinbar unm\u00f6gliche Siege. Siege die unsere Nation vor dem Untergang bewahrten. Gott und Nation schienen untrennbar mit einander verbunden zu sein.<\/span><\/p>\n<p><span style=\"font-size: 14pt;\">Doch Heute scheinen die Dinge verdreht. Nationalisten stellen sich gegen Gott und die Kirche stellt sich gegen die deutsche Nation.<\/span><\/p>\n<h2>Was sagt die Bibel zu Nation und V\u00f6lkergemisch<\/h2>\n<p><span style=\"font-size: 14pt;\">Die Frage, ob Gott und Nation eine geistliche Einheit bilden k\u00f6nnen, entscheidet sich durch das Menschenbild. Gem\u00e4\u00df dem Liberalismus und Kommunismus sind alle Menschen gleich. Die Abstammung spielt f\u00fcr sie keine Rolle, weil nur die Erziehung den Menschen pr\u00e4gen w\u00fcrde. V\u00f6lker seien eine Einbildung. Ein Nationalist dagegen erkennt, dass die Existenz der verschiedenen V\u00f6lker naturbedingt ist. Ein Zusammenfassen der V\u00f6lker f\u00fchrt auf Grund der naturgesetzlichen Eigenarten des Menschen und seinem Streben nach der Gemeinschaft seinesgleichen zu schweren Konflikten mit den anderen Volksgruppen. Grundlage f\u00fcr ein erf\u00fclltes und friedliches Leben des Einzelnen ist somit sein Volk verbunden mit seiner eigenen Heimat. Die heutigen Kirchen stehen hier klar auf der Seite von Liberalisten und Kommunisten. Doch stimmt die Annahme, dass die Bibel verk\u00fcndet, dass Gott alle Nationen in einem gro\u00dfen V\u00f6lkergemisch vereinen will? Merkw\u00fcrdig ist, dass diese Botschaft erst seit kurzem verk\u00fcndet wird. In den rund 1000 Jahren, in denen das Christentum unsere Nation dominierte, wurde nie die Nationalstaatlichkeit der V\u00f6lker Europas in Frage gestellt. Wenn wir den Deutschen Orden betrachten, stellen wir sogar fest, dass diese glaubensstarken M\u00e4nner darauf achteten, dass nur Deutschst\u00e4mmige in ihren Orden aufgenommen wurden. Den Kampf gegen den Islam f\u00fchrten sie aber Seite an Seite mit den anderen europ\u00e4ischen Ritterorden. Die Antwort f\u00fcr ihr Handeln finden wir in der Heiligen Schrift.<\/span><\/p>\n<p><span style=\"font-size: 14pt;\">In Neuen Testament finden wir Aussagen zum Thema Nation in der Offenbarung und in den Briefen des Paulus. In der Offenbarung wird das Gericht Gottes in der Endzeit beschrieben. Gott wird hier als K\u00f6nig der V\u00f6lker von den Engeln besungen. Aus dem Text geht hervor, dass bis zum Ende der Welt verschiedene V\u00f6lker existieren werden. Allein dieser Fakt widerspricht der Behauptung, dass die Bibel die Vermischung aller V\u00f6lker verk\u00fcndet. Doch die heutigen Kirchenf\u00fchrer begr\u00fcnden ihre These mit einem herausgerissenen Satz aus dem Galaterbrief des Apostel Paulus. Paulus hatte durch Missionierung die ersten Griechen zum Glauben an Christus bekehrt. Doch diese christlichen Griechen strebten danach, ihr B\u00fcndnis mit Gott zu st\u00e4rken, indem sie sich beschneiden wollten. Paulus, der selber von der Abstammung her Jude war und als Priester einst nach den Gesetzen des Judentums gelebt hatte, wollte dies mit einem Brief verhindern. Er schrieb den Galatern, dass all die j\u00fcdischen Gesetze, nach denen er gelebt hatte, wertloser Unrat seien. Er f\u00fchrte eine Reihe von Argumenten auf und machte den Griechen klar, dass es weder richtig ist, wie die Juden zu leben noch entscheidend ist, ihrer Abstammung zu sein, um mit Gott einen Bund zu haben und schrieb folgenden Satz:<\/span><\/p>\n<blockquote><p><span style=\"font-size: 14pt;\">\u201eIhr seid alle durch den Glauben S\u00f6hne Gottes in Christus Jesus. Denn ihr alle die ihr auf Christus getauft seid, habt Christus als Gewand angelegt. Es gibt nicht mehr Juden und Griechen, nicht Sklaven und Freie, nicht Mann und Frau: denn ihr seid einer in Christus Jesus.\u201c<\/span><\/p><\/blockquote>\n<p><span style=\"font-size: 14pt;\">Paulus wollte mit diesem Satz klarstellen, dass f\u00fcr Gott alle Menschen den gleichen Wert haben und Juden durch ihre Abstammung nicht \u00fcber den Griechen stehen, doch die Kirche verwendet diesen Satz, um Homosexualit\u00e4t und die Aufl\u00f6sung der V\u00f6lker zu proklamieren, wohl wissentlich, dass Paulus dies so nie gemeint hat. Dies geht aus dem Inhalt des Galaterbriefes hervor, wird aber noch deutlicher in seinen anderen Schreiben, in denen er klar die Homosexualit\u00e4t verurteilt und die Stellung von Frau und Mann definiert.\u00a0 Und genauso macht er klar, wie er zu der Verschiedenheit der V\u00f6lker steht.<\/span><\/p>\n<p><span style=\"font-size: 14pt;\">Im 1. Korinther im Kapitel 12 beschreibt der Apostel Paulus die christliche Gemeinschaft durch ein Gleichnis. Er vergleicht die verschiedenen St\u00e4nde und V\u00f6lker mit Gliedern, die im Gesamten den Leib Christi ergeben. So wie im K\u00f6rper alle Glieder auf einander angewiesen sind und alle leiden, wenn ein einzelnes Glied leidet, so sind die verschiedenen Glieder auch notwendig, um einen funktionierenden Leib zu bilden. Hier ein gek\u00fcrzter Auszug:<\/span><\/p>\n<blockquote><p><span style=\"font-size: 14pt;\">\u201eDenn wie der Leib eine Einheit ist, doch viele Glieder hat, alle Glieder des Leibes aber, obgleich es viele sind, einen einzigen Leib bilden; So ist es auch mit Christus. Durch den einen Geist wurden wir in der Taufe alle in einen einzigen Leib aufgenommen. Juden und Griechen, Sklaven und Freie; und alle wurden wir mit dem einen Geist getr\u00e4nkt. Auch der Leib besteht nicht nur aus einem Glied, sondern aus vielen Gliedern, Wenn der Fu\u00df sagt: Ich bin keine Hand, ich geh\u00f6re nicht zum Leib!, so geh\u00f6rt er doch zum Leib. Und wenn das Ohr sagt: Ich bin kein Auge, ich geh\u00f6re nicht zum Leib!, so geh\u00f6rt es doch zum Leib. Wenn der ganze Leib nur Auge w\u00e4re, wo bliebe dann das Geh\u00f6r? Wenn er nur Geh\u00f6r w\u00e4re, wo bliebe dann der Geruchssinn? Nun hat Gott jedes einzelne Glied so in den Leib eingef\u00fcgt, wie es seiner Absicht entsprach. W\u00e4ren alle zusammen nur ein Glied, wo bliebe dann der Leib? So aber gibt es viele Glieder und doch nur einen Leib.\u201c<\/span><\/p><\/blockquote>\n<p><span style=\"font-size: 14pt;\">Paulus macht also klar, dass es f\u00fcr die Christliche Glaubensgemeinschaft unabdingbar ist, dass sich die verschiedenen christlichen V\u00f6lker unterst\u00fctzen, weil sie zusammengeh\u00f6ren, doch dass diese V\u00f6lker wegen ihren Eigenschaften erhalten bleiben m\u00fcssen, weil sonst diese Gemeinschaft lebensunf\u00e4hig wird. Genau an dieses Prinzip hat sich der Deutsche Orden gehalten.<\/span><\/p>\n<p><span style=\"font-size: 14pt;\">Im Alten Testament finden wir weitere Aussagen, die Gottes Absichten klar machen. Zwar finden wir die Aussage, dass man den Fremden nicht bedr\u00e4ngen soll, was klar macht, dass unbegr\u00fcndeter Druck und Gewalt gegen einen Fremden nicht im Sinne Gottes ist. Doch Gott hat uns durch die Propheten Jeremia und Jesaja klare Botschaften \u00fcberbracht.<\/span><\/p>\n<p><span style=\"font-size: 14pt;\">So spricht Jeremia \u00fcber die Bestrafung von Babylon. Babylon war damals die erste gro\u00dfe multikulturelle Gesellschaft. In Kapitel 50 ab Vers 33 verk\u00fcndet Jeremia das Urteil Gottes \u00fcber Babel:<\/span><\/p>\n<blockquote><p><span style=\"font-size: 14pt;\">\u201e So spricht der Herr der Heere\u2026. Das Schwert \u00fcber seine Rosse und Wagen und \u00fcber alles V\u00f6lkergemisch in seinen Reihen. Es werde zu Weibern.\u201c<\/span><\/p><\/blockquote>\n<p><span style=\"font-size: 14pt;\">In Jesaja Kapitel 2 ab Vers 6 verk\u00fcndet der Prophet, warum sich Gott von dem Volk Israel abwendet und sie strafen wird.<\/span><\/p>\n<blockquote><p><span style=\"font-size: 14pt;\">\u201eJa, du hast dein Volk, das Haus Jakob, versto\u00dfen; denn es ist voll von Zauberern und Wahrsagern wie das Volk der Philister und \u00fcberflutet von Fremden. Sein Land ist voll Silber und Gold, zahllos sind seine Sch\u00e4tze. Sein Land ist voll von Pferden. Zahllos sind seine Wagen. Sein Land ist voll G\u00f6tzen. Alle beten das Werk ihrer H\u00e4nde an, das ihre Finger gemacht haben.\u201c<\/span><\/p><\/blockquote>\n<p><span style=\"font-size: 14pt;\">Fremde Kultur, \u00dcberfremdung, Konsumgesellschaft und die Abwendung von Gott sind also der Grund f\u00fcr die Bestrafung eines Volkes.<\/span><\/p>\n<p><span style=\"font-size: 14pt;\">Man kann weitere Stellen in der Bibel finden. Vom Turmbau zu Babel bis zur Warnung von Moses an sein Volk, wenn es den Bund mit Gott bricht. Sie alle stellen klar, dass wir in der Bibel keine Botschaft zur Gleichschaltung aller V\u00f6lker finden. Im Gegenteil, das Christentum l\u00e4sst Raum, die alten Traditionen eines Volkes zu erhalten, womit der unterschiedliche Charakter der V\u00f6lker trotz des gemeinsamen Glaubens deutlich wird. Doch es bedarf keiner Auflistung von Bibelstellen um klarzustellen, das Gott die Vielfalt der V\u00f6lker will. Die Bibel best\u00e4tigt nur das, was wir in der Natur und ihren Gesetzen wiedererkennen. Die V\u00f6lker sind ewiger Bestandteil der Sch\u00f6pfung. Egal wer in der Vergangenheit versucht hat, einen Vielv\u00f6lkerstaat zu erschaffen, er ist an diesen Gesetzen der Natur gescheitert. Einzelne V\u00f6lker werden dadurch vielleicht ausgel\u00f6scht und vernichtet, aber andere \u00fcberleben diese Systeme oder es bilden sich neue V\u00f6lker. So sehen wir also, dass die Bibel nicht im Widerspruch zu den V\u00f6lkern steht. Es w\u00e4re auch mehr als \u00fcberraschend, denn der Herr hat sie erschaffen.<\/span><\/p>\n<p><span style=\"font-size: 14pt;\"><strong>Die Frage ob Gott unser Freund oder Feind ist, beantwortet sich somit sehr einfach: Er ist unser Vater.<\/strong><\/span><\/p>\n<p><span style=\"font-size: 14pt;\">Doch damit allein ist nicht erkl\u00e4rt, warum der Glaube an Gott uns die Kraft gibt, als Volk in dieser schweren Situation zu \u00fcberleben. Wieso uns seine Botschaft zu einer starken Gemeinschaft wachsen l\u00e4sst. Wieso unsere Ahnen so entschlossen in aussichtlosen Situationen gek\u00e4mpft haben und auch wir wieder die gleiche Disziplin und Entschlossenheit zur\u00fcckgewinnen k\u00f6nnen. Die Antworten dazu finden wir in der heiligen Schrift, doch sie wirkt nur, wenn wir Gott erkennen.<\/span><\/p>\n<p><span style=\"font-size: 14pt;\"><strong>Viele Identit\u00e4re bzw. Rechte \u00a0sind voll Zorn gegen die Kirche und den christlichen Glauben. Doch die Kirche hat sich vollst\u00e4ndig von Gott abgewendet. Damit hat sie eine gro\u00dfe Bresche f\u00fcr uns geschlagen. Ob wir in der Lage sind, diesen Fingerzeig Gottes zu nutzen, m\u00fcssen wir selbst zeigen. Unsere Ahnen konnten es. Das haben sie bewiesen.<\/strong><\/span><\/p>\n<p><span style=\"font-size: 14pt;\"><a href=\"#_ftnref1\" name=\"_ftn1\">[1]<\/a> Abk\u00fcrzung f\u00fcr den lateinischen Zusatz \u201eAnno Domini\u201c (= \u201eim Jahre des Herrn\u201c)<\/span><\/p>","protected":false},"excerpt":{"rendered":"<p>Aufgrund eines zuvor von Rolf Gradmann verfassten und auf diesem Blog ver\u00f6ffentlichten Artikels, verfasste der Vorsitzende der \u201eChristlichen Patrioten Deutschlands\u201c, Achim Ezer, eine Gegendarstellung, in der er sich zu einem identit\u00e4tserhaltenden sowie identit\u00e4tsstiftenden Christentum bekennt. Da wir es f\u00fcr essentiell halten, uns mit der Religionsfrage auseinanderzusetzen, ver\u00f6ffentlichen wir an dieser Stelle die Ausf\u00fchrungen des Vorsitzenden [&hellip;]<\/p>","protected":false},"author":28,"featured_media":725,"comment_status":"open","ping_status":"open","sticky":false,"template":"","format":"standard","meta":{"_et_pb_use_builder":"","_et_pb_old_content":"","_et_gb_content_width":"","_jetpack_memberships_contains_paid_content":false,"footnotes":""},"categories":[7],"tags":[74,71,107,109,106,110,105,108],"class_list":["post-723","post","type-post","status-publish","format-standard","has-post-thumbnail","hentry","category-debatte","tag-abendland","tag-christentum","tag-christliche-patrioten-deutschlands","tag-heilige-schrift","tag-heinrich-i","tag-nation","tag-otto-i","tag-rolf-gradmann"],"yoast_head":"<!-- This site is optimized with the Yoast SEO plugin v26.2 - https:\/\/yoast.com\/wordpress\/plugins\/seo\/ -->\n<title>Das Christentum als Grundlage f\u00fcr die Bewahrung unserer Nation - Gegenstrom<\/title>\n<meta name=\"robots\" content=\"index, follow, max-snippet:-1, max-image-preview:large, max-video-preview:-1\" \/>\n<link rel=\"canonical\" href=\"https:\/\/gegenstrom.org\/en\/das-christentum-als-grundlage-fuer-die-bewahrung-unserer-nation\/\" \/>\n<meta property=\"og:locale\" content=\"en_US\" \/>\n<meta property=\"og:type\" content=\"article\" \/>\n<meta property=\"og:title\" content=\"Das Christentum als Grundlage f\u00fcr die Bewahrung unserer Nation - Gegenstrom\" \/>\n<meta property=\"og:description\" content=\"Aufgrund eines zuvor von Rolf Gradmann verfassten und auf diesem Blog ver\u00f6ffentlichten Artikels, verfasste der Vorsitzende der \u201eChristlichen Patrioten Deutschlands\u201c, Achim Ezer, eine Gegendarstellung, in der er sich zu einem identit\u00e4tserhaltenden sowie identit\u00e4tsstiftenden Christentum bekennt. Da wir es f\u00fcr essentiell halten, uns mit der Religionsfrage auseinanderzusetzen, ver\u00f6ffentlichen wir an dieser Stelle die Ausf\u00fchrungen des Vorsitzenden [&hellip;]\" \/>\n<meta property=\"og:url\" content=\"https:\/\/gegenstrom.org\/en\/das-christentum-als-grundlage-fuer-die-bewahrung-unserer-nation\/\" \/>\n<meta property=\"og:site_name\" content=\"Gegenstrom\" \/>\n<meta property=\"article:publisher\" content=\"https:\/\/de-de.facebook.com\/rechteMetapolitik\/\" \/>\n<meta property=\"article:published_time\" content=\"2017-07-06T07:50:30+00:00\" \/>\n<meta property=\"article:modified_time\" content=\"2020-02-03T17:16:36+00:00\" \/>\n<meta property=\"og:image\" content=\"https:\/\/gegenstrom.org\/wp-content\/uploads\/2017\/07\/Christentum2.0.jpg\" \/>\n\t<meta property=\"og:image:width\" content=\"715\" \/>\n\t<meta property=\"og:image:height\" content=\"300\" \/>\n\t<meta property=\"og:image:type\" content=\"image\/jpeg\" \/>\n<meta name=\"author\" content=\"Redaktion\" \/>\n<meta name=\"twitter:card\" content=\"summary_large_image\" \/>\n<meta name=\"twitter:label1\" content=\"Written by\" \/>\n\t<meta name=\"twitter:data1\" content=\"Redaktion\" \/>\n\t<meta name=\"twitter:label2\" content=\"Est. reading time\" \/>\n\t<meta name=\"twitter:data2\" content=\"12 minutes\" \/>\n<script type=\"application\/ld+json\" class=\"yoast-schema-graph\">{\"@context\":\"https:\/\/schema.org\",\"@graph\":[{\"@type\":\"Article\",\"@id\":\"https:\/\/gegenstrom.org\/das-christentum-als-grundlage-fuer-die-bewahrung-unserer-nation\/#article\",\"isPartOf\":{\"@id\":\"https:\/\/gegenstrom.org\/das-christentum-als-grundlage-fuer-die-bewahrung-unserer-nation\/\"},\"author\":{\"name\":\"Redaktion\",\"@id\":\"https:\/\/gegenstrom.org\/#\/schema\/person\/9adb4188754722c1352b5f101655cd2d\"},\"headline\":\"Das Christentum als Grundlage f\u00fcr die Bewahrung unserer Nation\",\"datePublished\":\"2017-07-06T07:50:30+00:00\",\"dateModified\":\"2020-02-03T17:16:36+00:00\",\"mainEntityOfPage\":{\"@id\":\"https:\/\/gegenstrom.org\/das-christentum-als-grundlage-fuer-die-bewahrung-unserer-nation\/\"},\"wordCount\":2456,\"commentCount\":1,\"publisher\":{\"@id\":\"https:\/\/gegenstrom.org\/#organization\"},\"image\":{\"@id\":\"https:\/\/gegenstrom.org\/das-christentum-als-grundlage-fuer-die-bewahrung-unserer-nation\/#primaryimage\"},\"thumbnailUrl\":\"https:\/\/gegenstrom.org\/wp-content\/uploads\/2017\/07\/Christentum2.0.jpg\",\"keywords\":[\"Abendland\",\"Christentum\",\"Christliche Patrioten Deutschlands\",\"Heilige Schrift\",\"Heinrich I.\",\"Nation\",\"Otto I.\",\"Rolf Gradmann\"],\"articleSection\":[\"Debatte\"],\"inLanguage\":\"en-US\"},{\"@type\":\"WebPage\",\"@id\":\"https:\/\/gegenstrom.org\/das-christentum-als-grundlage-fuer-die-bewahrung-unserer-nation\/\",\"url\":\"https:\/\/gegenstrom.org\/das-christentum-als-grundlage-fuer-die-bewahrung-unserer-nation\/\",\"name\":\"Das Christentum als Grundlage f\u00fcr die Bewahrung unserer Nation - Gegenstrom\",\"isPartOf\":{\"@id\":\"https:\/\/gegenstrom.org\/#website\"},\"primaryImageOfPage\":{\"@id\":\"https:\/\/gegenstrom.org\/das-christentum-als-grundlage-fuer-die-bewahrung-unserer-nation\/#primaryimage\"},\"image\":{\"@id\":\"https:\/\/gegenstrom.org\/das-christentum-als-grundlage-fuer-die-bewahrung-unserer-nation\/#primaryimage\"},\"thumbnailUrl\":\"https:\/\/gegenstrom.org\/wp-content\/uploads\/2017\/07\/Christentum2.0.jpg\",\"datePublished\":\"2017-07-06T07:50:30+00:00\",\"dateModified\":\"2020-02-03T17:16:36+00:00\",\"breadcrumb\":{\"@id\":\"https:\/\/gegenstrom.org\/das-christentum-als-grundlage-fuer-die-bewahrung-unserer-nation\/#breadcrumb\"},\"inLanguage\":\"en-US\",\"potentialAction\":[{\"@type\":\"ReadAction\",\"target\":[\"https:\/\/gegenstrom.org\/das-christentum-als-grundlage-fuer-die-bewahrung-unserer-nation\/\"]}]},{\"@type\":\"ImageObject\",\"inLanguage\":\"en-US\",\"@id\":\"https:\/\/gegenstrom.org\/das-christentum-als-grundlage-fuer-die-bewahrung-unserer-nation\/#primaryimage\",\"url\":\"https:\/\/gegenstrom.org\/wp-content\/uploads\/2017\/07\/Christentum2.0.jpg\",\"contentUrl\":\"https:\/\/gegenstrom.org\/wp-content\/uploads\/2017\/07\/Christentum2.0.jpg\",\"width\":715,\"height\":300,\"caption\":\"Christentum 2.0\"},{\"@type\":\"BreadcrumbList\",\"@id\":\"https:\/\/gegenstrom.org\/das-christentum-als-grundlage-fuer-die-bewahrung-unserer-nation\/#breadcrumb\",\"itemListElement\":[{\"@type\":\"ListItem\",\"position\":1,\"name\":\"Startseite\",\"item\":\"https:\/\/gegenstrom.org\/\"},{\"@type\":\"ListItem\",\"position\":2,\"name\":\"Das Christentum als Grundlage f\u00fcr die Bewahrung unserer Nation\"}]},{\"@type\":\"WebSite\",\"@id\":\"https:\/\/gegenstrom.org\/#website\",\"url\":\"https:\/\/gegenstrom.org\/\",\"name\":\"Gegenstrom\",\"description\":\"Plattform f\u00fcr rechte Metapolitik\",\"publisher\":{\"@id\":\"https:\/\/gegenstrom.org\/#organization\"},\"potentialAction\":[{\"@type\":\"SearchAction\",\"target\":{\"@type\":\"EntryPoint\",\"urlTemplate\":\"https:\/\/gegenstrom.org\/?s={search_term_string}\"},\"query-input\":{\"@type\":\"PropertyValueSpecification\",\"valueRequired\":true,\"valueName\":\"search_term_string\"}}],\"inLanguage\":\"en-US\"},{\"@type\":\"Organization\",\"@id\":\"https:\/\/gegenstrom.org\/#organization\",\"name\":\"Metapol Verlag & Medien\",\"url\":\"https:\/\/gegenstrom.org\/\",\"logo\":{\"@type\":\"ImageObject\",\"inLanguage\":\"en-US\",\"@id\":\"https:\/\/gegenstrom.org\/#\/schema\/logo\/image\/\",\"url\":\"https:\/\/gegenstrom.org\/wp-content\/uploads\/2019\/11\/WMB_Senkrecht_Farbe_M-e1574681161133.png\",\"contentUrl\":\"https:\/\/gegenstrom.org\/wp-content\/uploads\/2019\/11\/WMB_Senkrecht_Farbe_M-e1574681161133.png\",\"width\":300,\"height\":219,\"caption\":\"Metapol Verlag & Medien\"},\"image\":{\"@id\":\"https:\/\/gegenstrom.org\/#\/schema\/logo\/image\/\"},\"sameAs\":[\"https:\/\/de-de.facebook.com\/rechteMetapolitik\/\",\"https:\/\/www.youtube.com\/channel\/UCvQizs-yQ8YapMiyuD6wDrw\"]},{\"@type\":\"Person\",\"@id\":\"https:\/\/gegenstrom.org\/#\/schema\/person\/9adb4188754722c1352b5f101655cd2d\",\"name\":\"Redaktion\",\"url\":\"https:\/\/gegenstrom.org\/en\/author\/redaktion\/\"}]}<\/script>\n<!-- \/ Yoast SEO plugin. -->","yoast_head_json":{"title":"Das Christentum als Grundlage f\u00fcr die Bewahrung unserer Nation - Gegenstrom","robots":{"index":"index","follow":"follow","max-snippet":"max-snippet:-1","max-image-preview":"max-image-preview:large","max-video-preview":"max-video-preview:-1"},"canonical":"https:\/\/gegenstrom.org\/en\/das-christentum-als-grundlage-fuer-die-bewahrung-unserer-nation\/","og_locale":"en_US","og_type":"article","og_title":"Das Christentum als Grundlage f\u00fcr die Bewahrung unserer Nation - Gegenstrom","og_description":"Aufgrund eines zuvor von Rolf Gradmann verfassten und auf diesem Blog ver\u00f6ffentlichten Artikels, verfasste der Vorsitzende der \u201eChristlichen Patrioten Deutschlands\u201c, Achim Ezer, eine Gegendarstellung, in der er sich zu einem identit\u00e4tserhaltenden sowie identit\u00e4tsstiftenden Christentum bekennt. Da wir es f\u00fcr essentiell halten, uns mit der Religionsfrage auseinanderzusetzen, ver\u00f6ffentlichen wir an dieser Stelle die Ausf\u00fchrungen des Vorsitzenden [&hellip;]","og_url":"https:\/\/gegenstrom.org\/en\/das-christentum-als-grundlage-fuer-die-bewahrung-unserer-nation\/","og_site_name":"Gegenstrom","article_publisher":"https:\/\/de-de.facebook.com\/rechteMetapolitik\/","article_published_time":"2017-07-06T07:50:30+00:00","article_modified_time":"2020-02-03T17:16:36+00:00","og_image":[{"width":715,"height":300,"url":"https:\/\/gegenstrom.org\/wp-content\/uploads\/2017\/07\/Christentum2.0.jpg","type":"image\/jpeg"}],"author":"Redaktion","twitter_card":"summary_large_image","twitter_misc":{"Written by":"Redaktion","Est. reading time":"12 minutes"},"schema":{"@context":"https:\/\/schema.org","@graph":[{"@type":"Article","@id":"https:\/\/gegenstrom.org\/das-christentum-als-grundlage-fuer-die-bewahrung-unserer-nation\/#article","isPartOf":{"@id":"https:\/\/gegenstrom.org\/das-christentum-als-grundlage-fuer-die-bewahrung-unserer-nation\/"},"author":{"name":"Redaktion","@id":"https:\/\/gegenstrom.org\/#\/schema\/person\/9adb4188754722c1352b5f101655cd2d"},"headline":"Das Christentum als Grundlage f\u00fcr die Bewahrung unserer Nation","datePublished":"2017-07-06T07:50:30+00:00","dateModified":"2020-02-03T17:16:36+00:00","mainEntityOfPage":{"@id":"https:\/\/gegenstrom.org\/das-christentum-als-grundlage-fuer-die-bewahrung-unserer-nation\/"},"wordCount":2456,"commentCount":1,"publisher":{"@id":"https:\/\/gegenstrom.org\/#organization"},"image":{"@id":"https:\/\/gegenstrom.org\/das-christentum-als-grundlage-fuer-die-bewahrung-unserer-nation\/#primaryimage"},"thumbnailUrl":"https:\/\/gegenstrom.org\/wp-content\/uploads\/2017\/07\/Christentum2.0.jpg","keywords":["Abendland","Christentum","Christliche Patrioten Deutschlands","Heilige Schrift","Heinrich I.","Nation","Otto I.","Rolf Gradmann"],"articleSection":["Debatte"],"inLanguage":"en-US"},{"@type":"WebPage","@id":"https:\/\/gegenstrom.org\/das-christentum-als-grundlage-fuer-die-bewahrung-unserer-nation\/","url":"https:\/\/gegenstrom.org\/das-christentum-als-grundlage-fuer-die-bewahrung-unserer-nation\/","name":"Das Christentum als Grundlage f\u00fcr die Bewahrung unserer Nation - Gegenstrom","isPartOf":{"@id":"https:\/\/gegenstrom.org\/#website"},"primaryImageOfPage":{"@id":"https:\/\/gegenstrom.org\/das-christentum-als-grundlage-fuer-die-bewahrung-unserer-nation\/#primaryimage"},"image":{"@id":"https:\/\/gegenstrom.org\/das-christentum-als-grundlage-fuer-die-bewahrung-unserer-nation\/#primaryimage"},"thumbnailUrl":"https:\/\/gegenstrom.org\/wp-content\/uploads\/2017\/07\/Christentum2.0.jpg","datePublished":"2017-07-06T07:50:30+00:00","dateModified":"2020-02-03T17:16:36+00:00","breadcrumb":{"@id":"https:\/\/gegenstrom.org\/das-christentum-als-grundlage-fuer-die-bewahrung-unserer-nation\/#breadcrumb"},"inLanguage":"en-US","potentialAction":[{"@type":"ReadAction","target":["https:\/\/gegenstrom.org\/das-christentum-als-grundlage-fuer-die-bewahrung-unserer-nation\/"]}]},{"@type":"ImageObject","inLanguage":"en-US","@id":"https:\/\/gegenstrom.org\/das-christentum-als-grundlage-fuer-die-bewahrung-unserer-nation\/#primaryimage","url":"https:\/\/gegenstrom.org\/wp-content\/uploads\/2017\/07\/Christentum2.0.jpg","contentUrl":"https:\/\/gegenstrom.org\/wp-content\/uploads\/2017\/07\/Christentum2.0.jpg","width":715,"height":300,"caption":"Christentum 2.0"},{"@type":"BreadcrumbList","@id":"https:\/\/gegenstrom.org\/das-christentum-als-grundlage-fuer-die-bewahrung-unserer-nation\/#breadcrumb","itemListElement":[{"@type":"ListItem","position":1,"name":"Startseite","item":"https:\/\/gegenstrom.org\/"},{"@type":"ListItem","position":2,"name":"Das Christentum als Grundlage f\u00fcr die Bewahrung unserer Nation"}]},{"@type":"WebSite","@id":"https:\/\/gegenstrom.org\/#website","url":"https:\/\/gegenstrom.org\/","name":"Gegenstrom","description":"Plattform f\u00fcr rechte Metapolitik","publisher":{"@id":"https:\/\/gegenstrom.org\/#organization"},"potentialAction":[{"@type":"SearchAction","target":{"@type":"EntryPoint","urlTemplate":"https:\/\/gegenstrom.org\/?s={search_term_string}"},"query-input":{"@type":"PropertyValueSpecification","valueRequired":true,"valueName":"search_term_string"}}],"inLanguage":"en-US"},{"@type":"Organization","@id":"https:\/\/gegenstrom.org\/#organization","name":"Metapol Verlag & Medien","url":"https:\/\/gegenstrom.org\/","logo":{"@type":"ImageObject","inLanguage":"en-US","@id":"https:\/\/gegenstrom.org\/#\/schema\/logo\/image\/","url":"https:\/\/gegenstrom.org\/wp-content\/uploads\/2019\/11\/WMB_Senkrecht_Farbe_M-e1574681161133.png","contentUrl":"https:\/\/gegenstrom.org\/wp-content\/uploads\/2019\/11\/WMB_Senkrecht_Farbe_M-e1574681161133.png","width":300,"height":219,"caption":"Metapol Verlag & Medien"},"image":{"@id":"https:\/\/gegenstrom.org\/#\/schema\/logo\/image\/"},"sameAs":["https:\/\/de-de.facebook.com\/rechteMetapolitik\/","https:\/\/www.youtube.com\/channel\/UCvQizs-yQ8YapMiyuD6wDrw"]},{"@type":"Person","@id":"https:\/\/gegenstrom.org\/#\/schema\/person\/9adb4188754722c1352b5f101655cd2d","name":"Redaktion","url":"https:\/\/gegenstrom.org\/en\/author\/redaktion\/"}]}},"jetpack_featured_media_url":"https:\/\/gegenstrom.org\/wp-content\/uploads\/2017\/07\/Christentum2.0.jpg","jetpack_sharing_enabled":true,"_links":{"self":[{"href":"https:\/\/gegenstrom.org\/en\/wp-json\/wp\/v2\/posts\/723","targetHints":{"allow":["GET"]}}],"collection":[{"href":"https:\/\/gegenstrom.org\/en\/wp-json\/wp\/v2\/posts"}],"about":[{"href":"https:\/\/gegenstrom.org\/en\/wp-json\/wp\/v2\/types\/post"}],"author":[{"embeddable":true,"href":"https:\/\/gegenstrom.org\/en\/wp-json\/wp\/v2\/users\/28"}],"replies":[{"embeddable":true,"href":"https:\/\/gegenstrom.org\/en\/wp-json\/wp\/v2\/comments?post=723"}],"version-history":[{"count":0,"href":"https:\/\/gegenstrom.org\/en\/wp-json\/wp\/v2\/posts\/723\/revisions"}],"wp:featuredmedia":[{"embeddable":true,"href":"https:\/\/gegenstrom.org\/en\/wp-json\/wp\/v2\/media\/725"}],"wp:attachment":[{"href":"https:\/\/gegenstrom.org\/en\/wp-json\/wp\/v2\/media?parent=723"}],"wp:term":[{"taxonomy":"category","embeddable":true,"href":"https:\/\/gegenstrom.org\/en\/wp-json\/wp\/v2\/categories?post=723"},{"taxonomy":"post_tag","embeddable":true,"href":"https:\/\/gegenstrom.org\/en\/wp-json\/wp\/v2\/tags?post=723"}],"curies":[{"name":"wp","href":"https:\/\/api.w.org\/{rel}","templated":true}]}}