{"id":7222,"date":"2020-09-21T07:30:31","date_gmt":"2020-09-21T05:30:31","guid":{"rendered":"https:\/\/gegenstrom.org\/?p=7222"},"modified":"2020-09-21T07:30:31","modified_gmt":"2020-09-21T05:30:31","slug":"autoland-ist-abgebrannt","status":"publish","type":"post","link":"https:\/\/gegenstrom.org\/en\/autoland-ist-abgebrannt\/","title":{"rendered":"Autoland ist abgebrannt"},"content":{"rendered":"<p><em>Der Automobilsektor kann nicht l\u00e4nger Deutschlands Schl\u00fcsselindustrie sein<\/em><\/p>\n<h2>Vom automobilen Wahn<\/h2>\n<p>Bekanntlich liegt die Wiege der Automobilindustrie in meiner geliebten Heimat W\u00fcrttemberg. In Kooperation mit Wilhelm Maybach entwickelte Gottlieb Daimler in den 70er Jahren des 19. Jahrhunderts das erste vierr\u00e4drige Kraftfahrzeug mit Verbrennungsmotor. Und so muss es nicht verwundern, dass renommierteste Automobilschmieden sowie deren Zulieferer mit Weltmarktf\u00fchrung auch heute im S\u00fcdwesten ihren Sitz haben.<\/p>\n<p>Unabh\u00e4ngig von der geographischen Verortung und der folgerichtigen Verballhornung des Automobils als <a href=\"https:\/\/de.wikipedia.org\/wiki\/Heilig%E2%80%99s_Blechle\">Heilig&#8217;s Blechle<\/a> neben dessen Verwendung als schw\u00e4bische Redensart, um sein Erstaunen zum Ausdruck zu bringen, ist die Entwicklung des PKWs zum Statussymbol mehr als beachtenswert &#8211; nicht nur im S\u00fcdwesten unseres Vaterlandes. Wenn es ein Paradebeispiel f\u00fcr Geltungskonsum gibt, dann ist es der Kauf bzw. das Leasen eines Kraftfahrzeuges.<\/p>\n<p>Es ist erstaunlich, dass gerade in dem als besonders sparsam geltenden Schwaben so ziemlich jede Mark und derzeit noch die gescheiterte europ\u00e4ische Kunstw\u00e4hrung mehrfach herumgedreht wird, nur dann nicht, wenn es um&#8217;s Heilig&#8217;s Blechle geht. Da wird nicht gekleckert, sondern geklotzt. Da wird zus\u00e4tzlich am Wochenende ein Minijob ausge\u00fcbt, um sich ein Fahrzeug leisten zu k\u00f6nnen, das ansonsten finanziell nicht vorstellbar ist. Da nehmen sonst so knickrige Unternehmer finanzielle Belastungen in Kauf, die sie f\u00fcr nichts anderes jemals eingehen w\u00fcrden. Da ist generell eine gro\u00dfe Bereitschaft vorhanden, einen gro\u00dfen Teil des verf\u00fcgbaren Einkommens f\u00fcr den fahrbaren Untersatz auszugeben.<\/p>\n<p>F\u00fcr mich als n\u00fcchternen \u00d6konomen war diese Begeisterung ohnehin nicht nachvollziehbar. Noch viel weniger die Tatsache, dass es der Automobilindustrie gelang, im Zusammenhang mit der Verwendung eines Automobils dauerhaft Assoziationen geschaffen zu haben, die sich unter anderem mit Freiheit, Zukunft und Fortschritt konkretisieren lassen. Insofern ist es nachvollziehbar, dass ich dieses irrationale Verhalten im Umgang mit dem PKW und seinen Kosten schon seit jeher als automobilen Wahn bezeichnet habe.<\/p>\n<h2>Buntlands Schl\u00fcsselindustrie: der Automobilsektor<\/h2>\n<p>In wenigen Industriezweigen vermag die zunehmend staatssozialistisch gepr\u00e4gte deutsche Wirtschaft noch ihre f\u00fchrende Stellung behaupten. Der Maschinenbau, die Chemiebranche und der Logistiksektor geh\u00f6ren dazu. Unstrittig an der Spitze des verarbeitenden Gewerbes ist aber die Automobilindustrie, die nach Angaben des Bundeswirtschaftsministeriums 2019 direkt <a href=\"https:\/\/www.bmwi.de\/Redaktion\/DE\/Textsammlungen\/Branchenfokus\/Industrie\/branchenfokus-automobilindustrie.html\">833.000 Personen<\/a> besch\u00e4ftigte. Nach Angaben des Automobillobbyverbandes VDA sollen allein im Bereich Motoren- und Getriebeherstellung<a href=\"https:\/\/www.vda.de\/de\/themen\/umwelt-und-klima\/diesel\/bedeutung-deutschland.html\"> 13 Prozent der Bruttowertsch\u00f6pfung der deutschen Industrie<\/a> generiert werden. In dessen Mittelpunkt:\u00a0 Der Dinosaurier unter der Antriebstechnik, das Dieselaggregat.<\/p>\n<p>Der geneigte Leser sei hier an das sogenannte <a href=\"https:\/\/www.bund.net\/themen\/mobilitaet\/autos\/abgaswerte\/\">Dieselgate<\/a> 2015 erinnert und damit verbunden an Strafzahlungen gegen\u00fcber insbesondere US-Beh\u00f6rden aber auch mit Entsch\u00e4digungsforderungen gegen\u00fcber bewusst get\u00e4uschten Verbrauchern weltweit. Neben dem materiellen Schaden in zigfacher Milliardenh\u00f6he wurde zudem der Mythos unerreichter deutscher Ingenieurskunst f\u00f6rmlich pulverisiert. Global wurde man der Tatsache gewahr, dass Schummel-Software an die Stelle von Innovationskraft im fr\u00fcheren Land der Dichter und Denker sowie Ingenieure und Erfinder getreten ist.<\/p>\n<p>Im Ergebnis wurde der Diesel, was seine Emissionswerte betrifft, nicht weiterentwickelt, zumindest aber nicht in seiner optimierten Version angeboten. Um dem \u00fcbergeordneten Renditeziel der Shareholder zu gen\u00fcgen, setzte man auf Betrug. Qualit\u00e4t als automobiler deutscher Markenkern geh\u00f6rt der Vergangenheit an.<\/p>\n<p>Noch trauriger als in Sachen Antriebstechnik und Dieselfokussierung sieht es generell beim Gesamtpaket PKW in vormals deutschen Landen aus. Der Dieselmotor kann, was seine komplexe Herstellung anbetrifft, als Synonym daf\u00fcr gelten, was dem Durchschnittsautofahrer zunehmend weniger wichtig wird. Die fortschreitende Verst\u00e4dterung auf der einen und die \u00dcberalterung der Wohnbev\u00f6lkerung auf der anderen Seite hinterlassen deutliche Spuren. Wenn der Dieselbesitzer \u00fcberhaupt noch durch Fahrverbote unbeeintr\u00e4chtigt sein Reiseziel w\u00e4hlen darf, tritt f\u00fcr die Alltagsanwendung des Boliden immer mehr Multimedia, Navigationssystem und Co. in den Vordergrund. Hier sind die deutschen Hersteller allenfalls bieder, meist aber muss generell alles Innovative im IT-Sektor von Fremdanbietern bezogen werden.<\/p>\n<h2>Horizontale Integration ist typisches Auslaufmodell der Buntland\u00f6konomie<\/h2>\n<p>Von Lobbyisten der Automobilindustrie wird wie oben ausgef\u00fchrt h\u00e4ufig das hohe Lied auf die hohe Wertsch\u00f6pfung dieses Sektors des verarbeitenden Gewerbes angestimmt. Man darf an den Zahlenwerken, die dies belegen, getrost zweifeln. Genauso wie am mehr als fragw\u00fcrdigen fr\u00fcher gef\u00fchrten Ehrentitel &#8222;Exportweltmeister&#8220;. Rein systematisch muss man bei der Erfassung der beschriebenen vermeintlichen Erfolge kritisch einwenden, dass hierbei h\u00e4ufig die in den Gesamt- bzw. Exportumsatz eingegangenen Vorleistungen wohl unzureichend ber\u00fccksichtigt werden. Hans-Werner Sinn ist es zu verdanken, auf diese Fehlentwicklung zur <a href=\"https:\/\/www.hanswernersinn.de\/de\/themen\/BasarOekonomie\">Basar\u00f6konomie<\/a> verwiesen zu haben.<\/p>\n<p>Aber nicht nur die Abnahme der Fertigungstiefe in Deutschland, gerade die extrem internationalisierte horizontale Aufstellung des gesamten Fertigungsprozesses ist bedenklich. Meister der vertikalen Integration ist fraglos Apple. Hier wird nichts, aber auch gar nichts im Umfeld der Apple-Produktfamilien geduldet, was nicht Apple ist. Kein anderes Betriebssystem, keine Fremdsoftware, keine externen Ger\u00e4te ohne das &#8218;\u00c4pfelchen&#8216;. M\u00f6glich ist dies freilich nicht zuletzt wegen der Pionierstellung des Weltkonzerns, an die Spitze gest\u00fcrmt durch die geniale Erfindung des Touchscreens.<\/p>\n<p>Dies erscheint im Automobilsektor wegen seiner viel h\u00f6heren Fertigungstiefe nahezu unm\u00f6glich. Generell hat aber auch hier die Digitalisierung dazu gef\u00fchrt, dass neues Herzst\u00fcck bei der Konstruktion eines Fahrzeuges das Betriebs- und Bussystem geworden ist und den Motor abgel\u00f6st hat. Deutschland war in diesem Sektor vormals noch f\u00fchrend, wurde doch bekanntlich das kabelsparende CAN-Bus-System 1983 von Bosch entwickelt. Dieses System war lange Zeit pr\u00e4gend f\u00fcr die gesamte Automobilindustrie. Aber der Zahn der Zeit nagt an allem und l\u00e4ngst ist das Land von Konrad Zuse, was die Digitalisierung anbetrifft, auf dem Weg, ein Entwicklungsland zu werden. Der Erfinder des ersten funktionsf\u00e4higen Computers w\u00fcrde sich im Grabe umdrehen&#8230;<\/p>\n<p>In der Tat f\u00e4llt der deutschen Automobilindustrie derzeit ihre breite horizontale Aufstellung auf die F\u00fc\u00dfe. Hier wird nicht mehr in direkter Abh\u00e4ngigkeit bei elementaren Komponenten gefertigt, sondern munter nebeneinander her. Folge: Da die Software- und Hardwarekomponenten nicht nur nicht selbst hergestellt werden, sondern nicht aufeinander abgestimmt sind, schlucken die parallel entwickelten Module unn\u00f6tige Ressourcen. Damit sinkt die Leistungsf\u00e4higkeit des Gesamtpaketes.<\/p>\n<p>Nach Auffassung von Branchenkennern bereitet gerade diese Entwicklung derzeit Probleme beim Stromer VW ID3, der vollmundig als Nachfolger des Golf pr\u00e4sentiert wurde, aber wohl kaum in der Lage sein wird, in die gro\u00dfen Fu\u00dfstapfen seines Verbrennervorg\u00e4ngers zu treten. Nachdem beim ID3 alle Komponenten integriert wurden, stellte sich heraus, dass der alles koordinierende Computer nicht leistungsf\u00e4hig genug ist. Der Fluch der horizontalen Integration und abnehmender Fertigungstiefe.<\/p>\n<p>Weil ein moderner PKW aus unz\u00e4hlig mehr Komponenten besteht wie IT-Produkte, wird wie oben dargestellt die radikale vertikale Integration von Apple selbst f\u00fcr ein \u00e4hnlich innovatives Unternehmen wie Tesla unerreichbar sein; dessen ungeachtet d\u00fcrfte Tesla die deutschen Konkurrenten um den Faktor zwei bis f\u00fcnf im Hinblick auf vertikale Integration \u00fcbertreffen. Zudem ist das Modell Tesla-Automobilit\u00e4t vollst\u00e4ndig auf die Abh\u00e4ngigkeit aller Nutzer von deren Software und Hardware ausgerichtet. Selbst der Tesla-K\u00e4ufer ist im Ergebnis nur ein Nutzer. Die Firmen in \u00dcbersee zeigen der erstarrten Unternehmerstruktur in Deutschland einmal mehr, was eine Harke ist. Und so ist es bezeichnend, dass der einst so stolze Automobilbauer aus Wolfsburg den E-Motor f\u00fcr seinen ID3 aus S\u00fcdostasien bezieht.<\/p>\n<p>Die Digitalisierung hat die bunte <a href=\"https:\/\/www.bundeskanzlerin.de\/bkin-de\/aktuelles\/digitalisierung-wird-chefsache-1140420\">Kanzlerin bekanntlich zur Chefsache erkl\u00e4rt<\/a>, mit dem f\u00fcr alle erkennbaren katastrophalen Ergebnis. Den Fl\u00fcchlingstsunami hat das &#8222;kinderlose Weib aus Mecklenburg-Vorpommern&#8220; (Dr. Reinhold Oberlercher) bewusst in unser geschundenes Land gelenkt &#8211; bei der Digitalisierung herrscht dagegen geistige Windstille im Kanzleramt. Der \u00fcberall feststellbare \u2018Merkelschatten\u2018 bei unseren Mobilfunkverbindungen (&#8222;Funkloch&#8220;) und eine allgemeine Technikaversion sind die Folge. Computer sind f\u00fcr die \u00fcberalterte W\u00e4hlerschaft von CDU und CSU vor allem Jobkiller.<\/p>\n<h2>Automobilsektor &#8211; Fossil des vordigitalen Zeitalters?<\/h2>\n<p>Kritisch ist generell die Fokussierung der deutschen Wirtschaft auf den Automobilsektor zu sehen. Da ist zun\u00e4chst die mehr als problematische Exportorientierung zu nennen. Ungef\u00e4hr zwei Drittel der Fahrzeuge werden exportiert. USA, UK und China hei\u00dfen die Hauptabnehmer. Das setzt einen intakten Welthandel voraus. Die Konfrontation zwischen den Vereinigten Staaten und der Volkrepublik um die Hegemonialstellung ist offensichtlich. Die Briten fl\u00fcchten aus dem sozialistisch-b\u00fcrokratischen Unget\u00fcm namens EU, das zutiefst von franz\u00f6sischem Zentralismus und Etatismus gepr\u00e4gt ist. Export\u00fcbersch\u00fcsse, wenn sie denn \u00fcberhaupt in behaupteter H\u00f6he entstehen, waren aber schon seit jeher mit Kapitalexporten verbunden. Fragt sich nur, ob es jemals zu einem R\u00fcckfluss dieser Kapitalexporte kommt.<\/p>\n<p>Ganz d\u00fcstere Zeitgenossen gehen sogar noch weiter: Muss nicht im Hinblick auf die M\u00f6glichkeiten der Digitalisierung die Reiset\u00e4tigkeit abnehmen? Haben nicht Videokonferenzen Gesch\u00e4ftsreisen nahezu unn\u00f6tig gemacht? Ist denn nicht das bundesrepublikanische Fernreisefieber zutiefst umweltsch\u00e4dlich und wird das dem braven GR\u00dcNEN-W\u00e4hler und seiner in allen Parteien vorhandenen \u00f6kologistischen Mitstreitern nicht von &#8218;Greta, der Eisheiligen&#8216; untersagt? Macht das Homeoffice nicht in vielen F\u00e4llen die Fahrt zum Arbeitsplatz unn\u00f6tig?<\/p>\n<p>Erscheint nicht das Konzept &#8222;Teilen statt Haben&#8220; als nachhaltig und zukunftsf\u00e4hig, was selbstverst\u00e4ndlich auch den Pkw einschlie\u00dft? In vielen Gro\u00dfst\u00e4dten wie Berlin ist der eigene fahrbare Untersatz schon jetzt nicht nur Luxus, sondern h\u00e4ufig auch unpraktisch. Dies mag sich auf dem &#8218;flachen Land&#8216; mit extrem ausged\u00fcnntem \u00f6ffentlichen Personennahverkehr g\u00e4nzlich anders darstellen, aber auf breiter Front f\u00fchrt die Digitalisierung, die deutsche R\u00fcckst\u00e4ndigkeit auf vorgenanntem Sektor sowie Konzepte wie die angef\u00fchrte Sharing Economy wohl an vielen anderen Stellen zum v\u00f6lligen Einbruch der Nachfrage nach Automobilen. Der bunte Himmel \u00fcber der bundesrepublikanischen Automobilindustrie f\u00e4rbt sich tiefdunkel. Ich gehe vom Wegfall von einem Drittel der Besch\u00e4ftigten binnen f\u00fcnf Jahren im Automobilsektor aus. Autoland ist abgebrannt.<\/p>\n<p>&nbsp;<\/p>\n<p>&nbsp;<\/p>","protected":false},"excerpt":{"rendered":"<p>Der Automobilsektor kann nicht l\u00e4nger Deutschlands Schl\u00fcsselindustrie sein Vom automobilen Wahn Bekanntlich liegt die Wiege der Automobilindustrie in meiner geliebten Heimat W\u00fcrttemberg. In Kooperation mit Wilhelm Maybach entwickelte Gottlieb Daimler in den 70er Jahren des 19. Jahrhunderts das erste vierr\u00e4drige Kraftfahrzeug mit Verbrennungsmotor. Und so muss es nicht verwundern, dass renommierteste Automobilschmieden sowie deren Zulieferer [&hellip;]<\/p>","protected":false},"author":44,"featured_media":7223,"comment_status":"open","ping_status":"open","sticky":false,"template":"","format":"standard","meta":{"_et_pb_use_builder":"","_et_pb_old_content":"","_et_gb_content_width":"","_jetpack_memberships_contains_paid_content":false,"footnotes":""},"categories":[4],"tags":[],"class_list":["post-7222","post","type-post","status-publish","format-standard","has-post-thumbnail","hentry","category-deutschland-und-die-welt"],"yoast_head":"<!-- This site is optimized with the Yoast SEO plugin v26.2 - https:\/\/yoast.com\/wordpress\/plugins\/seo\/ -->\n<title>Autoland ist abgebrannt - Gegenstrom<\/title>\n<meta name=\"robots\" content=\"index, follow, max-snippet:-1, max-image-preview:large, max-video-preview:-1\" \/>\n<link rel=\"canonical\" href=\"https:\/\/gegenstrom.org\/en\/autoland-ist-abgebrannt\/\" \/>\n<meta property=\"og:locale\" content=\"en_US\" \/>\n<meta property=\"og:type\" content=\"article\" \/>\n<meta property=\"og:title\" content=\"Autoland ist abgebrannt - Gegenstrom\" \/>\n<meta property=\"og:description\" content=\"Der Automobilsektor kann nicht l\u00e4nger Deutschlands Schl\u00fcsselindustrie sein Vom automobilen Wahn Bekanntlich liegt die Wiege der Automobilindustrie in meiner geliebten Heimat W\u00fcrttemberg. In Kooperation mit Wilhelm Maybach entwickelte Gottlieb Daimler in den 70er Jahren des 19. Jahrhunderts das erste vierr\u00e4drige Kraftfahrzeug mit Verbrennungsmotor. Und so muss es nicht verwundern, dass renommierteste Automobilschmieden sowie deren Zulieferer [&hellip;]\" \/>\n<meta property=\"og:url\" content=\"https:\/\/gegenstrom.org\/en\/autoland-ist-abgebrannt\/\" \/>\n<meta property=\"og:site_name\" content=\"Gegenstrom\" \/>\n<meta property=\"article:publisher\" content=\"https:\/\/de-de.facebook.com\/rechteMetapolitik\/\" \/>\n<meta property=\"article:published_time\" content=\"2020-09-21T05:30:31+00:00\" \/>\n<meta property=\"og:image\" content=\"https:\/\/gegenstrom.org\/wp-content\/uploads\/2020\/09\/Autoland-ist-abgebrannt.jpg\" \/>\n\t<meta property=\"og:image:width\" content=\"715\" \/>\n\t<meta property=\"og:image:height\" content=\"300\" \/>\n\t<meta property=\"og:image:type\" content=\"image\/jpeg\" \/>\n<meta name=\"author\" content=\"Michael Dangel\" \/>\n<meta name=\"twitter:card\" content=\"summary_large_image\" \/>\n<meta name=\"twitter:label1\" content=\"Written by\" \/>\n\t<meta name=\"twitter:data1\" content=\"Michael Dangel\" \/>\n\t<meta name=\"twitter:label2\" content=\"Est. reading time\" \/>\n\t<meta name=\"twitter:data2\" content=\"8 minutes\" \/>\n<script type=\"application\/ld+json\" class=\"yoast-schema-graph\">{\"@context\":\"https:\/\/schema.org\",\"@graph\":[{\"@type\":\"Article\",\"@id\":\"https:\/\/gegenstrom.org\/autoland-ist-abgebrannt\/#article\",\"isPartOf\":{\"@id\":\"https:\/\/gegenstrom.org\/autoland-ist-abgebrannt\/\"},\"author\":{\"name\":\"Michael Dangel\",\"@id\":\"https:\/\/gegenstrom.org\/#\/schema\/person\/3613da7d0d2420f68f8d316b460d5897\"},\"headline\":\"Autoland ist abgebrannt\",\"datePublished\":\"2020-09-21T05:30:31+00:00\",\"mainEntityOfPage\":{\"@id\":\"https:\/\/gegenstrom.org\/autoland-ist-abgebrannt\/\"},\"wordCount\":1587,\"commentCount\":1,\"publisher\":{\"@id\":\"https:\/\/gegenstrom.org\/#organization\"},\"image\":{\"@id\":\"https:\/\/gegenstrom.org\/autoland-ist-abgebrannt\/#primaryimage\"},\"thumbnailUrl\":\"https:\/\/gegenstrom.org\/wp-content\/uploads\/2020\/09\/Autoland-ist-abgebrannt.jpg\",\"articleSection\":[\"Deutschland und die Welt\"],\"inLanguage\":\"en-US\"},{\"@type\":\"WebPage\",\"@id\":\"https:\/\/gegenstrom.org\/autoland-ist-abgebrannt\/\",\"url\":\"https:\/\/gegenstrom.org\/autoland-ist-abgebrannt\/\",\"name\":\"Autoland ist abgebrannt - Gegenstrom\",\"isPartOf\":{\"@id\":\"https:\/\/gegenstrom.org\/#website\"},\"primaryImageOfPage\":{\"@id\":\"https:\/\/gegenstrom.org\/autoland-ist-abgebrannt\/#primaryimage\"},\"image\":{\"@id\":\"https:\/\/gegenstrom.org\/autoland-ist-abgebrannt\/#primaryimage\"},\"thumbnailUrl\":\"https:\/\/gegenstrom.org\/wp-content\/uploads\/2020\/09\/Autoland-ist-abgebrannt.jpg\",\"datePublished\":\"2020-09-21T05:30:31+00:00\",\"breadcrumb\":{\"@id\":\"https:\/\/gegenstrom.org\/autoland-ist-abgebrannt\/#breadcrumb\"},\"inLanguage\":\"en-US\",\"potentialAction\":[{\"@type\":\"ReadAction\",\"target\":[\"https:\/\/gegenstrom.org\/autoland-ist-abgebrannt\/\"]}]},{\"@type\":\"ImageObject\",\"inLanguage\":\"en-US\",\"@id\":\"https:\/\/gegenstrom.org\/autoland-ist-abgebrannt\/#primaryimage\",\"url\":\"https:\/\/gegenstrom.org\/wp-content\/uploads\/2020\/09\/Autoland-ist-abgebrannt.jpg\",\"contentUrl\":\"https:\/\/gegenstrom.org\/wp-content\/uploads\/2020\/09\/Autoland-ist-abgebrannt.jpg\",\"width\":715,\"height\":300,\"caption\":\"Die Autoindustrie droht zu kollabieren!\"},{\"@type\":\"BreadcrumbList\",\"@id\":\"https:\/\/gegenstrom.org\/autoland-ist-abgebrannt\/#breadcrumb\",\"itemListElement\":[{\"@type\":\"ListItem\",\"position\":1,\"name\":\"Startseite\",\"item\":\"https:\/\/gegenstrom.org\/\"},{\"@type\":\"ListItem\",\"position\":2,\"name\":\"Autoland ist abgebrannt\"}]},{\"@type\":\"WebSite\",\"@id\":\"https:\/\/gegenstrom.org\/#website\",\"url\":\"https:\/\/gegenstrom.org\/\",\"name\":\"Gegenstrom\",\"description\":\"Plattform f\u00fcr rechte Metapolitik\",\"publisher\":{\"@id\":\"https:\/\/gegenstrom.org\/#organization\"},\"potentialAction\":[{\"@type\":\"SearchAction\",\"target\":{\"@type\":\"EntryPoint\",\"urlTemplate\":\"https:\/\/gegenstrom.org\/?s={search_term_string}\"},\"query-input\":{\"@type\":\"PropertyValueSpecification\",\"valueRequired\":true,\"valueName\":\"search_term_string\"}}],\"inLanguage\":\"en-US\"},{\"@type\":\"Organization\",\"@id\":\"https:\/\/gegenstrom.org\/#organization\",\"name\":\"Metapol Verlag & Medien\",\"url\":\"https:\/\/gegenstrom.org\/\",\"logo\":{\"@type\":\"ImageObject\",\"inLanguage\":\"en-US\",\"@id\":\"https:\/\/gegenstrom.org\/#\/schema\/logo\/image\/\",\"url\":\"https:\/\/gegenstrom.org\/wp-content\/uploads\/2019\/11\/WMB_Senkrecht_Farbe_M-e1574681161133.png\",\"contentUrl\":\"https:\/\/gegenstrom.org\/wp-content\/uploads\/2019\/11\/WMB_Senkrecht_Farbe_M-e1574681161133.png\",\"width\":300,\"height\":219,\"caption\":\"Metapol Verlag & Medien\"},\"image\":{\"@id\":\"https:\/\/gegenstrom.org\/#\/schema\/logo\/image\/\"},\"sameAs\":[\"https:\/\/de-de.facebook.com\/rechteMetapolitik\/\",\"https:\/\/www.youtube.com\/channel\/UCvQizs-yQ8YapMiyuD6wDrw\"]},{\"@type\":\"Person\",\"@id\":\"https:\/\/gegenstrom.org\/#\/schema\/person\/3613da7d0d2420f68f8d316b460d5897\",\"name\":\"Michael Dangel\",\"url\":\"https:\/\/gegenstrom.org\/en\/author\/michael-dangel\/\"}]}<\/script>\n<!-- \/ Yoast SEO plugin. -->","yoast_head_json":{"title":"Autoland ist abgebrannt - Gegenstrom","robots":{"index":"index","follow":"follow","max-snippet":"max-snippet:-1","max-image-preview":"max-image-preview:large","max-video-preview":"max-video-preview:-1"},"canonical":"https:\/\/gegenstrom.org\/en\/autoland-ist-abgebrannt\/","og_locale":"en_US","og_type":"article","og_title":"Autoland ist abgebrannt - Gegenstrom","og_description":"Der Automobilsektor kann nicht l\u00e4nger Deutschlands Schl\u00fcsselindustrie sein Vom automobilen Wahn Bekanntlich liegt die Wiege der Automobilindustrie in meiner geliebten Heimat W\u00fcrttemberg. In Kooperation mit Wilhelm Maybach entwickelte Gottlieb Daimler in den 70er Jahren des 19. Jahrhunderts das erste vierr\u00e4drige Kraftfahrzeug mit Verbrennungsmotor. Und so muss es nicht verwundern, dass renommierteste Automobilschmieden sowie deren Zulieferer [&hellip;]","og_url":"https:\/\/gegenstrom.org\/en\/autoland-ist-abgebrannt\/","og_site_name":"Gegenstrom","article_publisher":"https:\/\/de-de.facebook.com\/rechteMetapolitik\/","article_published_time":"2020-09-21T05:30:31+00:00","og_image":[{"width":715,"height":300,"url":"https:\/\/gegenstrom.org\/wp-content\/uploads\/2020\/09\/Autoland-ist-abgebrannt.jpg","type":"image\/jpeg"}],"author":"Michael Dangel","twitter_card":"summary_large_image","twitter_misc":{"Written by":"Michael Dangel","Est. reading time":"8 minutes"},"schema":{"@context":"https:\/\/schema.org","@graph":[{"@type":"Article","@id":"https:\/\/gegenstrom.org\/autoland-ist-abgebrannt\/#article","isPartOf":{"@id":"https:\/\/gegenstrom.org\/autoland-ist-abgebrannt\/"},"author":{"name":"Michael Dangel","@id":"https:\/\/gegenstrom.org\/#\/schema\/person\/3613da7d0d2420f68f8d316b460d5897"},"headline":"Autoland ist abgebrannt","datePublished":"2020-09-21T05:30:31+00:00","mainEntityOfPage":{"@id":"https:\/\/gegenstrom.org\/autoland-ist-abgebrannt\/"},"wordCount":1587,"commentCount":1,"publisher":{"@id":"https:\/\/gegenstrom.org\/#organization"},"image":{"@id":"https:\/\/gegenstrom.org\/autoland-ist-abgebrannt\/#primaryimage"},"thumbnailUrl":"https:\/\/gegenstrom.org\/wp-content\/uploads\/2020\/09\/Autoland-ist-abgebrannt.jpg","articleSection":["Deutschland und die Welt"],"inLanguage":"en-US"},{"@type":"WebPage","@id":"https:\/\/gegenstrom.org\/autoland-ist-abgebrannt\/","url":"https:\/\/gegenstrom.org\/autoland-ist-abgebrannt\/","name":"Autoland ist abgebrannt - Gegenstrom","isPartOf":{"@id":"https:\/\/gegenstrom.org\/#website"},"primaryImageOfPage":{"@id":"https:\/\/gegenstrom.org\/autoland-ist-abgebrannt\/#primaryimage"},"image":{"@id":"https:\/\/gegenstrom.org\/autoland-ist-abgebrannt\/#primaryimage"},"thumbnailUrl":"https:\/\/gegenstrom.org\/wp-content\/uploads\/2020\/09\/Autoland-ist-abgebrannt.jpg","datePublished":"2020-09-21T05:30:31+00:00","breadcrumb":{"@id":"https:\/\/gegenstrom.org\/autoland-ist-abgebrannt\/#breadcrumb"},"inLanguage":"en-US","potentialAction":[{"@type":"ReadAction","target":["https:\/\/gegenstrom.org\/autoland-ist-abgebrannt\/"]}]},{"@type":"ImageObject","inLanguage":"en-US","@id":"https:\/\/gegenstrom.org\/autoland-ist-abgebrannt\/#primaryimage","url":"https:\/\/gegenstrom.org\/wp-content\/uploads\/2020\/09\/Autoland-ist-abgebrannt.jpg","contentUrl":"https:\/\/gegenstrom.org\/wp-content\/uploads\/2020\/09\/Autoland-ist-abgebrannt.jpg","width":715,"height":300,"caption":"Die Autoindustrie droht zu kollabieren!"},{"@type":"BreadcrumbList","@id":"https:\/\/gegenstrom.org\/autoland-ist-abgebrannt\/#breadcrumb","itemListElement":[{"@type":"ListItem","position":1,"name":"Startseite","item":"https:\/\/gegenstrom.org\/"},{"@type":"ListItem","position":2,"name":"Autoland ist abgebrannt"}]},{"@type":"WebSite","@id":"https:\/\/gegenstrom.org\/#website","url":"https:\/\/gegenstrom.org\/","name":"Gegenstrom","description":"Plattform f\u00fcr rechte Metapolitik","publisher":{"@id":"https:\/\/gegenstrom.org\/#organization"},"potentialAction":[{"@type":"SearchAction","target":{"@type":"EntryPoint","urlTemplate":"https:\/\/gegenstrom.org\/?s={search_term_string}"},"query-input":{"@type":"PropertyValueSpecification","valueRequired":true,"valueName":"search_term_string"}}],"inLanguage":"en-US"},{"@type":"Organization","@id":"https:\/\/gegenstrom.org\/#organization","name":"Metapol Verlag & Medien","url":"https:\/\/gegenstrom.org\/","logo":{"@type":"ImageObject","inLanguage":"en-US","@id":"https:\/\/gegenstrom.org\/#\/schema\/logo\/image\/","url":"https:\/\/gegenstrom.org\/wp-content\/uploads\/2019\/11\/WMB_Senkrecht_Farbe_M-e1574681161133.png","contentUrl":"https:\/\/gegenstrom.org\/wp-content\/uploads\/2019\/11\/WMB_Senkrecht_Farbe_M-e1574681161133.png","width":300,"height":219,"caption":"Metapol Verlag & Medien"},"image":{"@id":"https:\/\/gegenstrom.org\/#\/schema\/logo\/image\/"},"sameAs":["https:\/\/de-de.facebook.com\/rechteMetapolitik\/","https:\/\/www.youtube.com\/channel\/UCvQizs-yQ8YapMiyuD6wDrw"]},{"@type":"Person","@id":"https:\/\/gegenstrom.org\/#\/schema\/person\/3613da7d0d2420f68f8d316b460d5897","name":"Michael Dangel","url":"https:\/\/gegenstrom.org\/en\/author\/michael-dangel\/"}]}},"jetpack_featured_media_url":"https:\/\/gegenstrom.org\/wp-content\/uploads\/2020\/09\/Autoland-ist-abgebrannt.jpg","jetpack_sharing_enabled":true,"_links":{"self":[{"href":"https:\/\/gegenstrom.org\/en\/wp-json\/wp\/v2\/posts\/7222","targetHints":{"allow":["GET"]}}],"collection":[{"href":"https:\/\/gegenstrom.org\/en\/wp-json\/wp\/v2\/posts"}],"about":[{"href":"https:\/\/gegenstrom.org\/en\/wp-json\/wp\/v2\/types\/post"}],"author":[{"embeddable":true,"href":"https:\/\/gegenstrom.org\/en\/wp-json\/wp\/v2\/users\/44"}],"replies":[{"embeddable":true,"href":"https:\/\/gegenstrom.org\/en\/wp-json\/wp\/v2\/comments?post=7222"}],"version-history":[{"count":0,"href":"https:\/\/gegenstrom.org\/en\/wp-json\/wp\/v2\/posts\/7222\/revisions"}],"wp:featuredmedia":[{"embeddable":true,"href":"https:\/\/gegenstrom.org\/en\/wp-json\/wp\/v2\/media\/7223"}],"wp:attachment":[{"href":"https:\/\/gegenstrom.org\/en\/wp-json\/wp\/v2\/media?parent=7222"}],"wp:term":[{"taxonomy":"category","embeddable":true,"href":"https:\/\/gegenstrom.org\/en\/wp-json\/wp\/v2\/categories?post=7222"},{"taxonomy":"post_tag","embeddable":true,"href":"https:\/\/gegenstrom.org\/en\/wp-json\/wp\/v2\/tags?post=7222"}],"curies":[{"name":"wp","href":"https:\/\/api.w.org\/{rel}","templated":true}]}}