{"id":701,"date":"2017-06-28T08:21:46","date_gmt":"2017-06-28T07:21:46","guid":{"rendered":"https:\/\/gegenstrom.org\/?p=701"},"modified":"2020-02-03T18:18:19","modified_gmt":"2020-02-03T17:18:19","slug":"eine-positive-kritik-die-negativauslese-der-alten-rechten","status":"publish","type":"post","link":"https:\/\/gegenstrom.org\/en\/eine-positive-kritik-die-negativauslese-der-alten-rechten\/","title":{"rendered":"Eine positive Kritik: Die Negativauslese der Alten Rechten"},"content":{"rendered":"<p><span style=\"font-size: 14pt;\"><em>Der nachfolgende Text ist als eine positive Kritik an die deutsche Rechte zu verstehen. Keineswegs m\u00f6chte der Autor oder die Redaktion die edlen Beweggr\u00fcnde des Einzelnen infrage stellen, der sich aktiv im Geschehen um Europa einbringt. Dennoch halten wir diese Kritik f\u00fcr notwendig, um bereits zu oft wiederholte Fehler in Zukunft vorzubeugen. M\u00f6ge der Text seinen Teil zur Erschaffung einer neuen Rechten beitragen. Die Redaktion <\/em><\/span><\/p>\n<p><span style=\"font-size: 14pt;\">Wer die \u00f6ffentlichen Versammlungen des Nationalen Widerstandes verfolgt, wird nicht selten den Eindruck haben, Zeuge einer Freakshow denn einer Veranstaltung der Nationalen Opposition zu sein. W\u00e4hrend Entscheidungs- und Verantwortungstr\u00e4ger des genannten Klientel sich oft \u00fcber die verzerrte Darstellung der Rechten durch die Massenmedien echauffieren, muss ich allerdings feststellen, dass medial erzeugte Entstellung und Realit\u00e4t heute nicht mehr allzu weit voneinander entfernt zu sein scheinen<a href=\"#_ftn1\" name=\"_ftnref1\">[1]<\/a>. Die bittere Wahrheit lautet vielmehr: Der Nationale Widerstand produziert mittlerweile &#8211; h\u00f6chstwahrscheinlich ungewollt &#8211; selbst das Bild des gesellschaftlichen Au\u00dfenseiters.<\/span><\/p>\n<h2>Von der massenmedialen Suggestion zur Realsatire<\/h2>\n<p><span style=\"font-size: 14pt;\">Zugegeben, die Massenmedien betreiben \u00fcber Jahrzehnte hinweg eine mediale Hexenjagt gegen die Rechten in Deutschland. Noch vor wenigen Jahren war die NPD das \u201eAush\u00e4ngeschild\u201c des sogenannten Nationalen Widerstandes. Es handelt sich wahrscheinlich noch heute um die Speerspitze der Alten Rechten, die zwar in Relation zur AfD betrachtet recht klein wirkt, dennoch die gr\u00f6\u00dfte Organisation \u2013 welche zudem bundesweit vernetzt ist \u2013 darstellt. Sie galt viele Jahre als Repr\u00e4sentantin der Rechten. Heute bewegt sie sich auf einem absterbenden Ast, obgleich das gesellschaftliche Klima in der Bundesrepublik f\u00fcr rechte Postulate so gut ist wie seit langem nicht mehr. Zuletzt mag es in den 1990er Jahren eine solche Stimmung gegeben haben. Damals erstarkte die Skinhead-Szene ma\u00dfgeblich in Ostdeutschland. Viele Jugendliche fanden \u00fcber diese den Weg in das Lager der Patrioten und Nationalisten. Den Nationaldemokraten gelang es damals Kundgebungen und Demonstrationen mit 4.000-5.000 Menschen zu organisieren<a href=\"#_ftn2\" name=\"_ftnref2\">[2]<\/a>. Tats\u00e4chlich haben die Massenmedien eine Hetzkampagne der anderen gegen den Nationalen Widerstand folgen lassen. Nicht selten hob man dabei die typischen Klischees hervor, obgleich diese kaum oder gar keinen Anteil an den Versammlungen hatten. Es sei allerdings hier erw\u00e4hnt, dass besonders durch die um die Jahrtausendwende herum erstarkende Skinhead-Szene und der \u00d6ffnung der Partei unter Udo Voigt f\u00fcr eher militant ausgerichtete Kr\u00e4fte, zu eben diesen Bildern gef\u00fchrt hat. Das Bayerische Landesamt f\u00fcr Verfassungsschutz schrieb, dass der damalige Parteivorsitzende die NPD \u201e<a href=\"http:\/\/www.focus.de\/politik\/deutschland\/npd-munition-fuer-ein-verbot_aid_184272.html\">von einem nostalgischen Altherrenverein zu einem aggressiv-k\u00e4mpferischen Sammelbecken rechter Gruppen<\/a>\u201c wandelte. Dennoch zog dieselbe NPD wenige Jahre danach in den s\u00e4chsischen Landtag mit 9,2 Prozent ein. Unter den W\u00e4hlerschichten befanden sich Kleinunternehmer, Mittelst\u00e4ndische und Arbeiter. Obwohl immer wieder propagiert wurde, dass der typische NPD-W\u00e4hler ein \u201eabgeh\u00e4ngter Modernisierungs- und Globalisierungsverlierer\u201c w\u00e4re<a href=\"#_ftn3\" name=\"_ftnref3\">[3]<\/a>, erreichte sie einen nicht unerheblichen Teil in der Mitte.<\/span><\/p>\n<p><span style=\"font-size: 14pt;\">Heute allerdings f\u00e4llt es schwer noch daran zu glauben, dass die Nationaldemokraten die b\u00fcrgerliche Mitte f\u00fcr sich gewinnen k\u00f6nnen. Diese ist l\u00e4ngst zur AfD \u00fcbergewandert oder befindet sich wieder auf Irrwegen zwischen den Blockparteien. Der Grund ist eine systematische Auslese der gesellschaftlichen Versager, abgeh\u00e4ngten Modernisierungs- und Globalisierungsverlierer und Au\u00dfenseiter. Diese werden aber nicht ausgesondert, sondern \u00fcberleben den Ausleseprozess. Im Zuge der medialen Verzerrung, der Infiltration durch Agenten des Verfassungsschutzes und der im Laufe der Jahre durch die <a href=\"https:\/\/gegenstrom.org\/en\/2017\/03\/06\/von-ausgetrampelten-pfaden-oder-warum-parteien-keine-ewigkeitsgarantie-haben\/\">Oligarchisierung\u00a0<\/a> eintretenden inneren Zersetzung wurde das zun\u00e4chst von den Medien produzierte Bild, langsam zur gelebten Parteienrealit\u00e4t. Heute sind die NPD und der Nationale Widerstand als solches Anziehungs- und Kristallisationspunkt f\u00fcr die oben genannten Bev\u00f6lkerungsgruppen. Ich m\u00f6chte damit keineswegs die auch gutgesinnten und sich durch edle Motive antreibenden Aktivisten mit diesen Freaks in einen Topf werfen. Dennoch muss der Beobachter anerkennen, dass die Qualit\u00e4t des Personals innerhalb der Alten Rechten massiv nachgelassen hat. Die Disziplinlosigkeit vieler Mitglieder auf der einen\u00a0 und die fehlende konsequente Haltung sowie fehlendes Durchsetzungsverm\u00f6gen der \u201eGuten\u201c auf der anderen Seite, f\u00fchrte zu dieser leider schon als Realsatire wirkenden Freakshow<a href=\"#_ftn4\" name=\"_ftnref4\">[4]<\/a>.<\/span><\/p>\n<p><span style=\"font-size: 14pt;\"><strong>Der Nationale Widerstand ist vollkommen verbrannt. Es steckt in ihm keinerlei Energie mehr, die f\u00fcr unsere Sache genutzt werden k\u00f6nnte. Tats\u00e4chlich ist die \u00dcberwindung desselben die unausweichliche Konsequenz f\u00fcr jene, die von der Realsatire zur\u00fcck ins Leben und in die deutsche Mitte wollen, um den rechten Paradigmenwechsel innerhalb dieser Gesellschaft zu forcieren. <\/strong><\/span><\/p>\n<p>&nbsp;<\/p>\n<p><span style=\"font-size: 14pt;\"><a href=\"#_ftnref1\" name=\"_ftn1\">[1]<\/a> Als Beleg f\u00fcr die Richtigkeit dieser These kann das wohl aktuellste Debakel am 1. Mai 2017 auf der Demonstration in Halle und die danach entstandenen Bilder bei der \u201eSpontandemonstration\u201c in Apolda herhalten.<\/span><\/p>\n<p><span style=\"font-size: 14pt;\"><a href=\"#_ftnref2\" name=\"_ftn2\">[2]<\/a> Es sei hier an den ber\u00fchmte \u201eTag des Nationalen Widerstands\u201c in der Nibelungenhalle oder die 1.Mai-Kundgebung in Leipzig unter dem Motto \u201eWir schaffen Arbeit \u2013 Bonn schafft nichts\u201c im Jahre 1998 \u00a0erinnert. Beide Veranstaltungen wurden von tausenden Jugendlichen besucht.<\/span><\/p>\n<p><span style=\"font-size: 14pt;\"><a href=\"#_ftnref3\" name=\"_ftn3\">[3]<\/a> Diese Tonart d\u00fcrfte den heute AfDlern bekannt sein.<\/span><\/p>\n<p><span style=\"font-size: 14pt;\"><a href=\"#_ftnref4\" name=\"_ftn4\">[4]<\/a> Es sei an dieser Stelle nur das Video der ber\u00fchmten <a href=\"https:\/\/www.youtube.com\/watch?v=AHkegiXRbiY\">Trierer Truppe \u201e444\u201c<\/a> um den ohnehin sehr umstrittenen Nationaldemokraten Safet Babic erw\u00e4hnt. Dieses steht stellvertretend f\u00fcr diesen geistigen Verfall im Nationalen Widerstand. Auch das nun wieder in Form des sogenannten Antikapitalistischen Kollektivs (AKK) in Mode gekommene Abbild der \u201erechten Antifa\u201c, ist solch ein Beispiel f\u00fcr die Instinktlosig- und Ideenlosigkeit der Alten Rechten.<\/span><\/p>\n<p>&nbsp;<\/p>\n<h2>Weitere Artikel dieser Reihe<\/h2>\n<blockquote class=\"wp-embedded-content\" data-secret=\"USwGv3yQsP\"><p><a href=\"https:\/\/gegenstrom.org\/en\/2017\/05\/06\/eine-positive-kritik-traeumereien-der-alten-rechten\/\">Eine Positive Kritik: Tr\u00e4umereien der Alten Rechten<\/a><\/p><\/blockquote>\n<p><iframe loading=\"lazy\" class=\"wp-embedded-content\" sandbox=\"allow-scripts\" security=\"restricted\" style=\"position: absolute; clip: rect(1px, 1px, 1px, 1px);\" src=\"https:\/\/gegenstrom.org\/2017\/05\/06\/eine-positive-kritik-traeumereien-der-alten-rechten\/embed\/#?secret=USwGv3yQsP\" data-secret=\"USwGv3yQsP\" width=\"600\" height=\"338\" title=\"&#8222;Eine Positive Kritik: Tr\u00e4umereien der Alten Rechten&#8220; &#8212; Gegenstrom\" frameborder=\"0\" marginwidth=\"0\" marginheight=\"0\" scrolling=\"no\"><\/iframe><\/p>\n<p>&nbsp;<\/p>\n<blockquote class=\"wp-embedded-content\" data-secret=\"4kjEf94573\"><p><a href=\"https:\/\/gegenstrom.org\/en\/2017\/05\/10\/eine-positive-kritik-fehlende-visionen\/\">Eine Positive Kritik: Fehlende Visionen<\/a><\/p><\/blockquote>\n<p><iframe loading=\"lazy\" class=\"wp-embedded-content\" sandbox=\"allow-scripts\" security=\"restricted\" style=\"position: absolute; clip: rect(1px, 1px, 1px, 1px);\" src=\"https:\/\/gegenstrom.org\/2017\/05\/10\/eine-positive-kritik-fehlende-visionen\/embed\/#?secret=4kjEf94573\" data-secret=\"4kjEf94573\" width=\"600\" height=\"338\" title=\"&#8222;Eine Positive Kritik: Fehlende Visionen&#8220; &#8212; Gegenstrom\" frameborder=\"0\" marginwidth=\"0\" marginheight=\"0\" scrolling=\"no\"><\/iframe><\/p>\n<p>&nbsp;<\/p>\n<blockquote class=\"wp-embedded-content\" data-secret=\"wd1b8hVyHB\"><p><a href=\"https:\/\/gegenstrom.org\/en\/2017\/05\/17\/eine-positive-kritik-strategische-wirrungen-und-taktische-irrungen\/\">Eine positive Kritik: Strategische Wirrungen und taktische Irrungen<\/a><\/p><\/blockquote>\n<p><iframe loading=\"lazy\" class=\"wp-embedded-content\" sandbox=\"allow-scripts\" security=\"restricted\" style=\"position: absolute; clip: rect(1px, 1px, 1px, 1px);\" src=\"https:\/\/gegenstrom.org\/2017\/05\/17\/eine-positive-kritik-strategische-wirrungen-und-taktische-irrungen\/embed\/#?secret=wd1b8hVyHB\" data-secret=\"wd1b8hVyHB\" width=\"600\" height=\"338\" title=\"&#8222;Eine positive Kritik: Strategische Wirrungen und taktische Irrungen&#8220; &#8212; Gegenstrom\" frameborder=\"0\" marginwidth=\"0\" marginheight=\"0\" scrolling=\"no\"><\/iframe><\/p>","protected":false},"excerpt":{"rendered":"<p>Der nachfolgende Text ist als eine positive Kritik an die deutsche Rechte zu verstehen. Keineswegs m\u00f6chte der Autor oder die Redaktion die edlen Beweggr\u00fcnde des Einzelnen infrage stellen, der sich aktiv im Geschehen um Europa einbringt. Dennoch halten wir diese Kritik f\u00fcr notwendig, um bereits zu oft wiederholte Fehler in Zukunft vorzubeugen. M\u00f6ge der Text [&hellip;]<\/p>","protected":false},"author":22,"featured_media":624,"comment_status":"open","ping_status":"open","sticky":false,"template":"","format":"standard","meta":{"_et_pb_use_builder":"","_et_pb_old_content":"","_et_gb_content_width":"","_jetpack_memberships_contains_paid_content":false,"footnotes":""},"categories":[7],"tags":[21,65,89,20,90],"class_list":["post-701","post","type-post","status-publish","format-standard","has-post-thumbnail","hentry","category-debatte","tag-afd","tag-alte-rechte","tag-nationaler-widerstand","tag-npd","tag-oligarchisierung"],"yoast_head":"<!-- This site is optimized with the Yoast SEO plugin v26.2 - https:\/\/yoast.com\/wordpress\/plugins\/seo\/ -->\n<title>Eine positive Kritik: Die Negativauslese der Alten Rechten - Gegenstrom<\/title>\n<meta name=\"robots\" content=\"index, follow, max-snippet:-1, max-image-preview:large, max-video-preview:-1\" \/>\n<link rel=\"canonical\" href=\"https:\/\/gegenstrom.org\/en\/eine-positive-kritik-die-negativauslese-der-alten-rechten\/\" \/>\n<meta property=\"og:locale\" content=\"en_US\" \/>\n<meta property=\"og:type\" content=\"article\" \/>\n<meta property=\"og:title\" content=\"Eine positive Kritik: Die Negativauslese der Alten Rechten - Gegenstrom\" \/>\n<meta property=\"og:description\" content=\"Der nachfolgende Text ist als eine positive Kritik an die deutsche Rechte zu verstehen. Keineswegs m\u00f6chte der Autor oder die Redaktion die edlen Beweggr\u00fcnde des Einzelnen infrage stellen, der sich aktiv im Geschehen um Europa einbringt. Dennoch halten wir diese Kritik f\u00fcr notwendig, um bereits zu oft wiederholte Fehler in Zukunft vorzubeugen. M\u00f6ge der Text [&hellip;]\" \/>\n<meta property=\"og:url\" content=\"https:\/\/gegenstrom.org\/en\/eine-positive-kritik-die-negativauslese-der-alten-rechten\/\" \/>\n<meta property=\"og:site_name\" content=\"Gegenstrom\" \/>\n<meta property=\"article:publisher\" content=\"https:\/\/de-de.facebook.com\/rechteMetapolitik\/\" \/>\n<meta property=\"article:published_time\" content=\"2017-06-28T07:21:46+00:00\" \/>\n<meta property=\"article:modified_time\" content=\"2020-02-03T17:18:19+00:00\" \/>\n<meta property=\"og:image\" content=\"https:\/\/gegenstrom.org\/wp-content\/uploads\/2017\/05\/positive-Kritik.jpg\" \/>\n\t<meta property=\"og:image:width\" content=\"715\" \/>\n\t<meta property=\"og:image:height\" content=\"300\" \/>\n\t<meta property=\"og:image:type\" content=\"image\/jpeg\" \/>\n<meta name=\"author\" content=\"Peter Steinborn\" \/>\n<meta name=\"twitter:card\" content=\"summary_large_image\" \/>\n<meta name=\"twitter:label1\" content=\"Written by\" \/>\n\t<meta name=\"twitter:data1\" content=\"Peter Steinborn\" \/>\n\t<meta name=\"twitter:label2\" content=\"Est. reading time\" \/>\n\t<meta name=\"twitter:data2\" content=\"4 minutes\" \/>\n<script type=\"application\/ld+json\" class=\"yoast-schema-graph\">{\"@context\":\"https:\/\/schema.org\",\"@graph\":[{\"@type\":\"Article\",\"@id\":\"https:\/\/gegenstrom.org\/eine-positive-kritik-die-negativauslese-der-alten-rechten\/#article\",\"isPartOf\":{\"@id\":\"https:\/\/gegenstrom.org\/eine-positive-kritik-die-negativauslese-der-alten-rechten\/\"},\"author\":{\"name\":\"Peter Steinborn\",\"@id\":\"https:\/\/gegenstrom.org\/#\/schema\/person\/40de2267a7d15eb30009c962eca594a1\"},\"headline\":\"Eine positive Kritik: Die Negativauslese der Alten Rechten\",\"datePublished\":\"2017-06-28T07:21:46+00:00\",\"dateModified\":\"2020-02-03T17:18:19+00:00\",\"mainEntityOfPage\":{\"@id\":\"https:\/\/gegenstrom.org\/eine-positive-kritik-die-negativauslese-der-alten-rechten\/\"},\"wordCount\":882,\"commentCount\":1,\"publisher\":{\"@id\":\"https:\/\/gegenstrom.org\/#organization\"},\"image\":{\"@id\":\"https:\/\/gegenstrom.org\/eine-positive-kritik-die-negativauslese-der-alten-rechten\/#primaryimage\"},\"thumbnailUrl\":\"https:\/\/gegenstrom.org\/wp-content\/uploads\/2017\/05\/positive-Kritik.jpg\",\"keywords\":[\"AfD\",\"Alte Rechte\",\"Nationaler Widerstand\",\"NPD\",\"Oligarchisierung\"],\"articleSection\":[\"Debatte\"],\"inLanguage\":\"en-US\"},{\"@type\":\"WebPage\",\"@id\":\"https:\/\/gegenstrom.org\/eine-positive-kritik-die-negativauslese-der-alten-rechten\/\",\"url\":\"https:\/\/gegenstrom.org\/eine-positive-kritik-die-negativauslese-der-alten-rechten\/\",\"name\":\"Eine positive Kritik: Die Negativauslese der Alten Rechten - Gegenstrom\",\"isPartOf\":{\"@id\":\"https:\/\/gegenstrom.org\/#website\"},\"primaryImageOfPage\":{\"@id\":\"https:\/\/gegenstrom.org\/eine-positive-kritik-die-negativauslese-der-alten-rechten\/#primaryimage\"},\"image\":{\"@id\":\"https:\/\/gegenstrom.org\/eine-positive-kritik-die-negativauslese-der-alten-rechten\/#primaryimage\"},\"thumbnailUrl\":\"https:\/\/gegenstrom.org\/wp-content\/uploads\/2017\/05\/positive-Kritik.jpg\",\"datePublished\":\"2017-06-28T07:21:46+00:00\",\"dateModified\":\"2020-02-03T17:18:19+00:00\",\"breadcrumb\":{\"@id\":\"https:\/\/gegenstrom.org\/eine-positive-kritik-die-negativauslese-der-alten-rechten\/#breadcrumb\"},\"inLanguage\":\"en-US\",\"potentialAction\":[{\"@type\":\"ReadAction\",\"target\":[\"https:\/\/gegenstrom.org\/eine-positive-kritik-die-negativauslese-der-alten-rechten\/\"]}]},{\"@type\":\"ImageObject\",\"inLanguage\":\"en-US\",\"@id\":\"https:\/\/gegenstrom.org\/eine-positive-kritik-die-negativauslese-der-alten-rechten\/#primaryimage\",\"url\":\"https:\/\/gegenstrom.org\/wp-content\/uploads\/2017\/05\/positive-Kritik.jpg\",\"contentUrl\":\"https:\/\/gegenstrom.org\/wp-content\/uploads\/2017\/05\/positive-Kritik.jpg\",\"width\":715,\"height\":300,\"caption\":\"positive Kritik\"},{\"@type\":\"BreadcrumbList\",\"@id\":\"https:\/\/gegenstrom.org\/eine-positive-kritik-die-negativauslese-der-alten-rechten\/#breadcrumb\",\"itemListElement\":[{\"@type\":\"ListItem\",\"position\":1,\"name\":\"Startseite\",\"item\":\"https:\/\/gegenstrom.org\/\"},{\"@type\":\"ListItem\",\"position\":2,\"name\":\"Eine positive Kritik: Die Negativauslese der Alten Rechten\"}]},{\"@type\":\"WebSite\",\"@id\":\"https:\/\/gegenstrom.org\/#website\",\"url\":\"https:\/\/gegenstrom.org\/\",\"name\":\"Gegenstrom\",\"description\":\"Plattform f\u00fcr rechte Metapolitik\",\"publisher\":{\"@id\":\"https:\/\/gegenstrom.org\/#organization\"},\"potentialAction\":[{\"@type\":\"SearchAction\",\"target\":{\"@type\":\"EntryPoint\",\"urlTemplate\":\"https:\/\/gegenstrom.org\/?s={search_term_string}\"},\"query-input\":{\"@type\":\"PropertyValueSpecification\",\"valueRequired\":true,\"valueName\":\"search_term_string\"}}],\"inLanguage\":\"en-US\"},{\"@type\":\"Organization\",\"@id\":\"https:\/\/gegenstrom.org\/#organization\",\"name\":\"Metapol Verlag & Medien\",\"url\":\"https:\/\/gegenstrom.org\/\",\"logo\":{\"@type\":\"ImageObject\",\"inLanguage\":\"en-US\",\"@id\":\"https:\/\/gegenstrom.org\/#\/schema\/logo\/image\/\",\"url\":\"https:\/\/gegenstrom.org\/wp-content\/uploads\/2019\/11\/WMB_Senkrecht_Farbe_M-e1574681161133.png\",\"contentUrl\":\"https:\/\/gegenstrom.org\/wp-content\/uploads\/2019\/11\/WMB_Senkrecht_Farbe_M-e1574681161133.png\",\"width\":300,\"height\":219,\"caption\":\"Metapol Verlag & Medien\"},\"image\":{\"@id\":\"https:\/\/gegenstrom.org\/#\/schema\/logo\/image\/\"},\"sameAs\":[\"https:\/\/de-de.facebook.com\/rechteMetapolitik\/\",\"https:\/\/www.youtube.com\/channel\/UCvQizs-yQ8YapMiyuD6wDrw\"]},{\"@type\":\"Person\",\"@id\":\"https:\/\/gegenstrom.org\/#\/schema\/person\/40de2267a7d15eb30009c962eca594a1\",\"name\":\"Peter Steinborn\",\"url\":\"https:\/\/gegenstrom.org\/en\/author\/peter-steinborn\/\"}]}<\/script>\n<!-- \/ Yoast SEO plugin. -->","yoast_head_json":{"title":"Eine positive Kritik: Die Negativauslese der Alten Rechten - Gegenstrom","robots":{"index":"index","follow":"follow","max-snippet":"max-snippet:-1","max-image-preview":"max-image-preview:large","max-video-preview":"max-video-preview:-1"},"canonical":"https:\/\/gegenstrom.org\/en\/eine-positive-kritik-die-negativauslese-der-alten-rechten\/","og_locale":"en_US","og_type":"article","og_title":"Eine positive Kritik: Die Negativauslese der Alten Rechten - Gegenstrom","og_description":"Der nachfolgende Text ist als eine positive Kritik an die deutsche Rechte zu verstehen. Keineswegs m\u00f6chte der Autor oder die Redaktion die edlen Beweggr\u00fcnde des Einzelnen infrage stellen, der sich aktiv im Geschehen um Europa einbringt. Dennoch halten wir diese Kritik f\u00fcr notwendig, um bereits zu oft wiederholte Fehler in Zukunft vorzubeugen. M\u00f6ge der Text [&hellip;]","og_url":"https:\/\/gegenstrom.org\/en\/eine-positive-kritik-die-negativauslese-der-alten-rechten\/","og_site_name":"Gegenstrom","article_publisher":"https:\/\/de-de.facebook.com\/rechteMetapolitik\/","article_published_time":"2017-06-28T07:21:46+00:00","article_modified_time":"2020-02-03T17:18:19+00:00","og_image":[{"width":715,"height":300,"url":"https:\/\/gegenstrom.org\/wp-content\/uploads\/2017\/05\/positive-Kritik.jpg","type":"image\/jpeg"}],"author":"Peter Steinborn","twitter_card":"summary_large_image","twitter_misc":{"Written by":"Peter Steinborn","Est. reading time":"4 minutes"},"schema":{"@context":"https:\/\/schema.org","@graph":[{"@type":"Article","@id":"https:\/\/gegenstrom.org\/eine-positive-kritik-die-negativauslese-der-alten-rechten\/#article","isPartOf":{"@id":"https:\/\/gegenstrom.org\/eine-positive-kritik-die-negativauslese-der-alten-rechten\/"},"author":{"name":"Peter Steinborn","@id":"https:\/\/gegenstrom.org\/#\/schema\/person\/40de2267a7d15eb30009c962eca594a1"},"headline":"Eine positive Kritik: Die Negativauslese der Alten Rechten","datePublished":"2017-06-28T07:21:46+00:00","dateModified":"2020-02-03T17:18:19+00:00","mainEntityOfPage":{"@id":"https:\/\/gegenstrom.org\/eine-positive-kritik-die-negativauslese-der-alten-rechten\/"},"wordCount":882,"commentCount":1,"publisher":{"@id":"https:\/\/gegenstrom.org\/#organization"},"image":{"@id":"https:\/\/gegenstrom.org\/eine-positive-kritik-die-negativauslese-der-alten-rechten\/#primaryimage"},"thumbnailUrl":"https:\/\/gegenstrom.org\/wp-content\/uploads\/2017\/05\/positive-Kritik.jpg","keywords":["AfD","Alte Rechte","Nationaler Widerstand","NPD","Oligarchisierung"],"articleSection":["Debatte"],"inLanguage":"en-US"},{"@type":"WebPage","@id":"https:\/\/gegenstrom.org\/eine-positive-kritik-die-negativauslese-der-alten-rechten\/","url":"https:\/\/gegenstrom.org\/eine-positive-kritik-die-negativauslese-der-alten-rechten\/","name":"Eine positive Kritik: Die Negativauslese der Alten Rechten - Gegenstrom","isPartOf":{"@id":"https:\/\/gegenstrom.org\/#website"},"primaryImageOfPage":{"@id":"https:\/\/gegenstrom.org\/eine-positive-kritik-die-negativauslese-der-alten-rechten\/#primaryimage"},"image":{"@id":"https:\/\/gegenstrom.org\/eine-positive-kritik-die-negativauslese-der-alten-rechten\/#primaryimage"},"thumbnailUrl":"https:\/\/gegenstrom.org\/wp-content\/uploads\/2017\/05\/positive-Kritik.jpg","datePublished":"2017-06-28T07:21:46+00:00","dateModified":"2020-02-03T17:18:19+00:00","breadcrumb":{"@id":"https:\/\/gegenstrom.org\/eine-positive-kritik-die-negativauslese-der-alten-rechten\/#breadcrumb"},"inLanguage":"en-US","potentialAction":[{"@type":"ReadAction","target":["https:\/\/gegenstrom.org\/eine-positive-kritik-die-negativauslese-der-alten-rechten\/"]}]},{"@type":"ImageObject","inLanguage":"en-US","@id":"https:\/\/gegenstrom.org\/eine-positive-kritik-die-negativauslese-der-alten-rechten\/#primaryimage","url":"https:\/\/gegenstrom.org\/wp-content\/uploads\/2017\/05\/positive-Kritik.jpg","contentUrl":"https:\/\/gegenstrom.org\/wp-content\/uploads\/2017\/05\/positive-Kritik.jpg","width":715,"height":300,"caption":"positive Kritik"},{"@type":"BreadcrumbList","@id":"https:\/\/gegenstrom.org\/eine-positive-kritik-die-negativauslese-der-alten-rechten\/#breadcrumb","itemListElement":[{"@type":"ListItem","position":1,"name":"Startseite","item":"https:\/\/gegenstrom.org\/"},{"@type":"ListItem","position":2,"name":"Eine positive Kritik: Die Negativauslese der Alten Rechten"}]},{"@type":"WebSite","@id":"https:\/\/gegenstrom.org\/#website","url":"https:\/\/gegenstrom.org\/","name":"Gegenstrom","description":"Plattform f\u00fcr rechte Metapolitik","publisher":{"@id":"https:\/\/gegenstrom.org\/#organization"},"potentialAction":[{"@type":"SearchAction","target":{"@type":"EntryPoint","urlTemplate":"https:\/\/gegenstrom.org\/?s={search_term_string}"},"query-input":{"@type":"PropertyValueSpecification","valueRequired":true,"valueName":"search_term_string"}}],"inLanguage":"en-US"},{"@type":"Organization","@id":"https:\/\/gegenstrom.org\/#organization","name":"Metapol Verlag & Medien","url":"https:\/\/gegenstrom.org\/","logo":{"@type":"ImageObject","inLanguage":"en-US","@id":"https:\/\/gegenstrom.org\/#\/schema\/logo\/image\/","url":"https:\/\/gegenstrom.org\/wp-content\/uploads\/2019\/11\/WMB_Senkrecht_Farbe_M-e1574681161133.png","contentUrl":"https:\/\/gegenstrom.org\/wp-content\/uploads\/2019\/11\/WMB_Senkrecht_Farbe_M-e1574681161133.png","width":300,"height":219,"caption":"Metapol Verlag & Medien"},"image":{"@id":"https:\/\/gegenstrom.org\/#\/schema\/logo\/image\/"},"sameAs":["https:\/\/de-de.facebook.com\/rechteMetapolitik\/","https:\/\/www.youtube.com\/channel\/UCvQizs-yQ8YapMiyuD6wDrw"]},{"@type":"Person","@id":"https:\/\/gegenstrom.org\/#\/schema\/person\/40de2267a7d15eb30009c962eca594a1","name":"Peter Steinborn","url":"https:\/\/gegenstrom.org\/en\/author\/peter-steinborn\/"}]}},"jetpack_featured_media_url":"https:\/\/gegenstrom.org\/wp-content\/uploads\/2017\/05\/positive-Kritik.jpg","jetpack_sharing_enabled":true,"_links":{"self":[{"href":"https:\/\/gegenstrom.org\/en\/wp-json\/wp\/v2\/posts\/701","targetHints":{"allow":["GET"]}}],"collection":[{"href":"https:\/\/gegenstrom.org\/en\/wp-json\/wp\/v2\/posts"}],"about":[{"href":"https:\/\/gegenstrom.org\/en\/wp-json\/wp\/v2\/types\/post"}],"author":[{"embeddable":true,"href":"https:\/\/gegenstrom.org\/en\/wp-json\/wp\/v2\/users\/22"}],"replies":[{"embeddable":true,"href":"https:\/\/gegenstrom.org\/en\/wp-json\/wp\/v2\/comments?post=701"}],"version-history":[{"count":0,"href":"https:\/\/gegenstrom.org\/en\/wp-json\/wp\/v2\/posts\/701\/revisions"}],"wp:featuredmedia":[{"embeddable":true,"href":"https:\/\/gegenstrom.org\/en\/wp-json\/wp\/v2\/media\/624"}],"wp:attachment":[{"href":"https:\/\/gegenstrom.org\/en\/wp-json\/wp\/v2\/media?parent=701"}],"wp:term":[{"taxonomy":"category","embeddable":true,"href":"https:\/\/gegenstrom.org\/en\/wp-json\/wp\/v2\/categories?post=701"},{"taxonomy":"post_tag","embeddable":true,"href":"https:\/\/gegenstrom.org\/en\/wp-json\/wp\/v2\/tags?post=701"}],"curies":[{"name":"wp","href":"https:\/\/api.w.org\/{rel}","templated":true}]}}