{"id":692,"date":"2017-06-22T05:17:19","date_gmt":"2017-06-22T04:17:19","guid":{"rendered":"https:\/\/gegenstrom.org\/?p=692"},"modified":"2020-02-03T17:25:44","modified_gmt":"2020-02-03T16:25:44","slug":"donald-trump-die-franzoesische-frage-und-deutschlands-mission","status":"publish","type":"post","link":"https:\/\/gegenstrom.org\/en\/donald-trump-die-franzoesische-frage-und-deutschlands-mission\/","title":{"rendered":"Donald Trump, die \u201efranz\u00f6sische Frage\u201c und Deutschlands Mission"},"content":{"rendered":"<p><span style=\"font-size: 14pt;\">Die gro\u00dfe Verunsicherung, die die Wahl Donald Trumps beim politischen Establishment in Deutschland ausgel\u00f6st hat, ist insbesondere auch darauf zur\u00fcckzuf\u00fchren, dass der Liberalismus und die damit verbundenen \u201eamerikanischen Werte\u201c nicht von au\u00dfen, sondern aus dem Inneren der USA selbst in Frage gestellt worden sind. Was hier zum Ausdruck kommt, ist damit letztlich nichts weiter als das Eingest\u00e4ndnis unseres \u201eDemokratielehrmeisters\u201c, dass die weltanschaulichen Konzepte, mit denen er einst in zwei Weltkriegen gegen Deutschland in den Krieg gezogen war, f\u00fcr \u201edie Menschheit\u201c offenbar dann doch nicht ganz so begl\u00fcckend sind wie urspr\u00fcnglich immer wieder behauptet wurde. Nirgendwo in Deutschland ist die Verunsicherung diesbez\u00fcglich so gro\u00df wie beim deutschen Personal der transatlantischen Netzwerke, die \u2013 wie zum Beispiel die 1952 gegr\u00fcndete \u201eAtlantik-Br\u00fccke\u201c \u2013 nicht nur der Umerziehung der Deutschen nach 1945 dienten, sondern bis heute als entscheidende au\u00dfenpolitische Impulsgeber der BRD auftreten (1).<\/span><\/p>\n<p><span style=\"font-size: 14pt;\">Generell sind die Reaktionen dieser Netzwerke auf die Wahl Trumps durch Unverst\u00e4ndnis und Fassungslosigkeit charakterisiert. Nirgends leuchtet dabei auch nur ein F\u00fcnkchen selbstkritischer Einsicht durch. Die Reaktionsmuster lassen sich grob in drei Kategorien unterteilen: Da sind zun\u00e4chst einmal jene, die sich angesichts des Paradigmenwechsels in den USA nicht so recht festlegen m\u00f6chten und vorsichtshalber eine eher beschwichtigende, weiterhin devote Haltung einnehmen. So sagte etwa der derzeitige Vorsitzende der \u201eAtlantik-Br\u00fccke\u201c, Friedrich Merz, unmittelbar nach der Amtseinf\u00fchrung Trumps im Januar 2017: \u201eWir werden abwarten m\u00fcssen, was diese neue Regierung jetzt auch von Europa erwartet\u201c (2). Einer zweiten Kategorie sind Akteure zuzuordnen, die die Wahl Trumps lediglich als einen versehentlichen St\u00f6rfall der Geschichte ansehen, den man fr\u00fcher oder sp\u00e4ter schon reparieren k\u00f6nne (3). Schlie\u00dflich gibt es Vertreter wie R\u00fcdiger Lentz, \u201eExecutive Director\u201c des deutschen Aspen Instituts, die als Reaktion auf Trump f\u00fcr ein h\u00e4rteres eigenes Profil und einen engeren Schulterschluss in der EU eintreten. W\u00f6rtlich meinte Lentz im Januar 2017: \u201eEs ist f\u00fcr mich ganz eindeutig, wenn Amerika sagt <em>make Amercia greater again<\/em>, kann das f\u00fcr uns nur die Aufforderung sein, <em>make Europe greater again<\/em>\u201c (4).<\/span><\/p>\n<p><span style=\"font-size: 14pt;\">Diese trotzige Haltung des \u201eversto\u00dfenen Pudels\u201c scheint sich nach dem Austritt der USA aus dem Pariser Klimaschutzabkommen inzwischen noch weiter verst\u00e4rkt zu haben. Und so hofft man hierzulande, den auf universalistischen Werten beruhenden Br\u00fcsseler Zentralismus als Gegenmodell zum Amerika Donald Trumps sogar noch weiter ausbauen zu k\u00f6nnen. Dabei setzt das deutsche Establishment insbesondere auf den franz\u00f6sischen \u201eHoffnungstr\u00e4ger\u201c der \u201eoffenen Gesellschaft\u201c, den Staatspr\u00e4sidenten Emmanuel Macron, dessen Bewegung \u201eLa R\u00e9publique en marche\u201c (REM) laut aktuellen Umfragen gute Chancen hat, in der zweiten Runde der Wahlen zur franz\u00f6sischen Nationalversammlung \u00a0am 18. Juni eine absolute Mehrheit zu erhalten (5). Doch anstatt einer widerlegten Ideologie zu folgen, der selbst die USA aus gutem Grund eine Absage erteilt haben, kommt es f\u00fcr die deutsche Au\u00dfenpolitik nun darauf an, eine rechte, pragmatische Vision von Europa zu entwerfen, die den geschichtlichen und kulturellen Voraussetzungen Europas besser entspricht als die derzeit herrschende Br\u00fcsseler Marxismusvariante. Dazu geh\u00f6rt neben der Aufl\u00f6sung der W\u00e4hrungsunion, zusammen mit unseren Partnern vom Front National darauf hinzuarbeiten, der in Frankreich bereits fortgeschrittene Islamisierung endlich Einhalt zu gebieten. Erst unter diesen Voraussetzungen kann Deutschland seine historische Mission wahrnehmen und im Rahmen einer st\u00e4rkeren geopolitischen Ann\u00e4herung an Russland eine Vermittlerrolle zwischen West und Ost einnehmen.<\/span><\/p>\n<h2><strong>Quellen \/ Anmerkungen<\/strong><\/h2>\n<p><span style=\"font-size: 14pt;\">(1) Interessant ist diesbez\u00fcglich ein Zitat von Max Horkheimer, das sich im Stefan Scheils Buch \u201eTransatlantische Wechselwirkungen \u2013 Der Elitenwechsel in Deutschland nach 1945\u201c findet: \u201eMan muss eine Elite schaffen, die ganz auf Amerika eingestellt ist. Diese Elite darf andererseits nicht so beschaffen sein, da\u00df sie im deutschen Volk selber kein Vertrauen mehr genie\u00dft und als bestochen gilt.\u201c<\/span><\/p>\n<p><span style=\"font-size: 14pt;\">(2) Friedrich Merz im Interview mit Christoph Heinemann vom Deutschlandfunk: <\/span><\/p>\n<p><span style=\"font-size: 14pt;\"><a href=\"https:\/\/www.welt.de\/debatte\/kommentare\/article162099502\/Nationalismus-und-Protektionismus-sind-die-falschen-Antworten.html\">https:\/\/www.welt.de\/debatte\/kommentare\/article162099502\/Nationalismus-und-Protektionismus-sind-die-falschen-Antworten.html<\/a><\/span><\/p>\n<p><span style=\"font-size: 14pt;\">(3) Tyson Barker, der \u201eProgram Director\u201c des deutschen\u00a0 Aspen spricht von einem \u201efuture repair of the transatlantic and international system\u201c: <\/span><\/p>\n<p><span style=\"font-size: 14pt;\"><a href=\"http:\/\/berlinpolicyjournal.com\/beggar-thy-neighbor\/\">http:\/\/berlinpolicyjournal.com\/beggar-thy-neighbor\/<\/a><\/span><\/p>\n<p><span style=\"font-size: 14pt;\">(4) R\u00fcdiger Lentz im ARD \u201eMittagsmagazin\u201c vom 23.01.2017: <\/span><\/p>\n<p><span style=\"font-size: 14pt;\"><a href=\"http:\/\/www.daserste.de\/information\/politik-weltgeschehen\/mittagsmagazin\/videos\/die-sendung-vom-23-januar-2017-100.html\">http:\/\/www.daserste.de\/information\/politik-weltgeschehen\/mittagsmagazin\/videos\/die-sendung-vom-23-januar-2017-100.html<\/a><\/span><\/p>\n<p><span style=\"font-size: 14pt;\">(5) Es war Au\u00dfenminister Sigmar Gabriel (SPD), der sich zum F\u00fcrsprecher von Macrons finanzpolitischen Pl\u00e4nen hervorgetan hat, in der EU einen Finanzminister mit einem eigenen Budget einzusetzen, eine Vorstellung, bei der es sich letztlich um nichts weiter als finanzpolitischen Sozialismus handelt.<\/span><\/p>","protected":false},"excerpt":{"rendered":"<p>Die gro\u00dfe Verunsicherung, die die Wahl Donald Trumps beim politischen Establishment in Deutschland ausgel\u00f6st hat, ist insbesondere auch darauf zur\u00fcckzuf\u00fchren, dass der Liberalismus und die damit verbundenen \u201eamerikanischen Werte\u201c nicht von au\u00dfen, sondern aus dem Inneren der USA selbst in Frage gestellt worden sind. Was hier zum Ausdruck kommt, ist damit letztlich nichts weiter als [&hellip;]<\/p>","protected":false},"author":21,"featured_media":693,"comment_status":"open","ping_status":"open","sticky":false,"template":"","format":"standard","meta":{"_et_pb_use_builder":"off","_et_pb_old_content":"","_et_gb_content_width":"","_jetpack_memberships_contains_paid_content":false,"footnotes":""},"categories":[4],"tags":[83,82,59,84,67,63],"class_list":["post-692","post","type-post","status-publish","format-standard","has-post-thumbnail","hentry","category-deutschland-und-die-welt","tag-aspen-institute","tag-atlantik-bruecke","tag-donald-trump","tag-emmanuel-macron","tag-transatlantisches-netzwerk","tag-usa"],"yoast_head":"<!-- This site is optimized with the Yoast SEO plugin v26.2 - https:\/\/yoast.com\/wordpress\/plugins\/seo\/ -->\n<title>Donald Trump, die \u201efranz\u00f6sische Frage\u201c und Deutschlands Mission - Gegenstrom<\/title>\n<meta name=\"robots\" content=\"index, follow, max-snippet:-1, max-image-preview:large, max-video-preview:-1\" \/>\n<link rel=\"canonical\" href=\"https:\/\/gegenstrom.org\/en\/donald-trump-die-franzoesische-frage-und-deutschlands-mission\/\" \/>\n<meta property=\"og:locale\" content=\"en_US\" \/>\n<meta property=\"og:type\" content=\"article\" \/>\n<meta property=\"og:title\" content=\"Donald Trump, die \u201efranz\u00f6sische Frage\u201c und Deutschlands Mission - Gegenstrom\" \/>\n<meta property=\"og:description\" content=\"Die gro\u00dfe Verunsicherung, die die Wahl Donald Trumps beim politischen Establishment in Deutschland ausgel\u00f6st hat, ist insbesondere auch darauf zur\u00fcckzuf\u00fchren, dass der Liberalismus und die damit verbundenen \u201eamerikanischen Werte\u201c nicht von au\u00dfen, sondern aus dem Inneren der USA selbst in Frage gestellt worden sind. Was hier zum Ausdruck kommt, ist damit letztlich nichts weiter als [&hellip;]\" \/>\n<meta property=\"og:url\" content=\"https:\/\/gegenstrom.org\/en\/donald-trump-die-franzoesische-frage-und-deutschlands-mission\/\" \/>\n<meta property=\"og:site_name\" content=\"Gegenstrom\" \/>\n<meta property=\"article:publisher\" content=\"https:\/\/de-de.facebook.com\/rechteMetapolitik\/\" \/>\n<meta property=\"article:published_time\" content=\"2017-06-22T04:17:19+00:00\" \/>\n<meta property=\"article:modified_time\" content=\"2020-02-03T16:25:44+00:00\" \/>\n<meta property=\"og:image\" content=\"https:\/\/gegenstrom.org\/wp-content\/uploads\/2017\/06\/Transatrlatik-Netzwerk.jpg\" \/>\n\t<meta property=\"og:image:width\" content=\"715\" \/>\n\t<meta property=\"og:image:height\" content=\"300\" \/>\n\t<meta property=\"og:image:type\" content=\"image\/jpeg\" \/>\n<meta name=\"author\" content=\"Moritz Meerheym\" \/>\n<meta name=\"twitter:card\" content=\"summary_large_image\" \/>\n<meta name=\"twitter:label1\" content=\"Written by\" \/>\n\t<meta name=\"twitter:data1\" content=\"Moritz Meerheym\" \/>\n\t<meta name=\"twitter:label2\" content=\"Est. reading time\" \/>\n\t<meta name=\"twitter:data2\" content=\"4 minutes\" \/>\n<script type=\"application\/ld+json\" class=\"yoast-schema-graph\">{\"@context\":\"https:\/\/schema.org\",\"@graph\":[{\"@type\":\"Article\",\"@id\":\"https:\/\/gegenstrom.org\/donald-trump-die-franzoesische-frage-und-deutschlands-mission\/#article\",\"isPartOf\":{\"@id\":\"https:\/\/gegenstrom.org\/donald-trump-die-franzoesische-frage-und-deutschlands-mission\/\"},\"author\":{\"name\":\"Moritz Meerheym\",\"@id\":\"https:\/\/gegenstrom.org\/#\/schema\/person\/7e0c8f409ad46ac326bda55403d40a8f\"},\"headline\":\"Donald Trump, die \u201efranz\u00f6sische Frage\u201c und Deutschlands Mission\",\"datePublished\":\"2017-06-22T04:17:19+00:00\",\"dateModified\":\"2020-02-03T16:25:44+00:00\",\"mainEntityOfPage\":{\"@id\":\"https:\/\/gegenstrom.org\/donald-trump-die-franzoesische-frage-und-deutschlands-mission\/\"},\"wordCount\":727,\"commentCount\":0,\"publisher\":{\"@id\":\"https:\/\/gegenstrom.org\/#organization\"},\"image\":{\"@id\":\"https:\/\/gegenstrom.org\/donald-trump-die-franzoesische-frage-und-deutschlands-mission\/#primaryimage\"},\"thumbnailUrl\":\"https:\/\/gegenstrom.org\/wp-content\/uploads\/2017\/06\/Transatrlatik-Netzwerk.jpg\",\"keywords\":[\"Aspen Institute\",\"Atlantik-Br\u00fccke\",\"Donald Trump\",\"Emmanuel Macron\",\"Transatlantisches Netzwerk\",\"USA\"],\"articleSection\":[\"Deutschland und die Welt\"],\"inLanguage\":\"en-US\"},{\"@type\":\"WebPage\",\"@id\":\"https:\/\/gegenstrom.org\/donald-trump-die-franzoesische-frage-und-deutschlands-mission\/\",\"url\":\"https:\/\/gegenstrom.org\/donald-trump-die-franzoesische-frage-und-deutschlands-mission\/\",\"name\":\"Donald Trump, die \u201efranz\u00f6sische Frage\u201c und Deutschlands Mission - Gegenstrom\",\"isPartOf\":{\"@id\":\"https:\/\/gegenstrom.org\/#website\"},\"primaryImageOfPage\":{\"@id\":\"https:\/\/gegenstrom.org\/donald-trump-die-franzoesische-frage-und-deutschlands-mission\/#primaryimage\"},\"image\":{\"@id\":\"https:\/\/gegenstrom.org\/donald-trump-die-franzoesische-frage-und-deutschlands-mission\/#primaryimage\"},\"thumbnailUrl\":\"https:\/\/gegenstrom.org\/wp-content\/uploads\/2017\/06\/Transatrlatik-Netzwerk.jpg\",\"datePublished\":\"2017-06-22T04:17:19+00:00\",\"dateModified\":\"2020-02-03T16:25:44+00:00\",\"breadcrumb\":{\"@id\":\"https:\/\/gegenstrom.org\/donald-trump-die-franzoesische-frage-und-deutschlands-mission\/#breadcrumb\"},\"inLanguage\":\"en-US\",\"potentialAction\":[{\"@type\":\"ReadAction\",\"target\":[\"https:\/\/gegenstrom.org\/donald-trump-die-franzoesische-frage-und-deutschlands-mission\/\"]}]},{\"@type\":\"ImageObject\",\"inLanguage\":\"en-US\",\"@id\":\"https:\/\/gegenstrom.org\/donald-trump-die-franzoesische-frage-und-deutschlands-mission\/#primaryimage\",\"url\":\"https:\/\/gegenstrom.org\/wp-content\/uploads\/2017\/06\/Transatrlatik-Netzwerk.jpg\",\"contentUrl\":\"https:\/\/gegenstrom.org\/wp-content\/uploads\/2017\/06\/Transatrlatik-Netzwerk.jpg\",\"width\":715,\"height\":300,\"caption\":\"Transatlantik-Netzwerk\"},{\"@type\":\"BreadcrumbList\",\"@id\":\"https:\/\/gegenstrom.org\/donald-trump-die-franzoesische-frage-und-deutschlands-mission\/#breadcrumb\",\"itemListElement\":[{\"@type\":\"ListItem\",\"position\":1,\"name\":\"Startseite\",\"item\":\"https:\/\/gegenstrom.org\/\"},{\"@type\":\"ListItem\",\"position\":2,\"name\":\"Donald Trump, die \u201efranz\u00f6sische Frage\u201c und Deutschlands Mission\"}]},{\"@type\":\"WebSite\",\"@id\":\"https:\/\/gegenstrom.org\/#website\",\"url\":\"https:\/\/gegenstrom.org\/\",\"name\":\"Gegenstrom\",\"description\":\"Plattform f\u00fcr rechte Metapolitik\",\"publisher\":{\"@id\":\"https:\/\/gegenstrom.org\/#organization\"},\"potentialAction\":[{\"@type\":\"SearchAction\",\"target\":{\"@type\":\"EntryPoint\",\"urlTemplate\":\"https:\/\/gegenstrom.org\/?s={search_term_string}\"},\"query-input\":{\"@type\":\"PropertyValueSpecification\",\"valueRequired\":true,\"valueName\":\"search_term_string\"}}],\"inLanguage\":\"en-US\"},{\"@type\":\"Organization\",\"@id\":\"https:\/\/gegenstrom.org\/#organization\",\"name\":\"Metapol Verlag & Medien\",\"url\":\"https:\/\/gegenstrom.org\/\",\"logo\":{\"@type\":\"ImageObject\",\"inLanguage\":\"en-US\",\"@id\":\"https:\/\/gegenstrom.org\/#\/schema\/logo\/image\/\",\"url\":\"https:\/\/gegenstrom.org\/wp-content\/uploads\/2019\/11\/WMB_Senkrecht_Farbe_M-e1574681161133.png\",\"contentUrl\":\"https:\/\/gegenstrom.org\/wp-content\/uploads\/2019\/11\/WMB_Senkrecht_Farbe_M-e1574681161133.png\",\"width\":300,\"height\":219,\"caption\":\"Metapol Verlag & Medien\"},\"image\":{\"@id\":\"https:\/\/gegenstrom.org\/#\/schema\/logo\/image\/\"},\"sameAs\":[\"https:\/\/de-de.facebook.com\/rechteMetapolitik\/\",\"https:\/\/www.youtube.com\/channel\/UCvQizs-yQ8YapMiyuD6wDrw\"]},{\"@type\":\"Person\",\"@id\":\"https:\/\/gegenstrom.org\/#\/schema\/person\/7e0c8f409ad46ac326bda55403d40a8f\",\"name\":\"Moritz Meerheym\",\"url\":\"https:\/\/gegenstrom.org\/en\/author\/moritz-meerheym\/\"}]}<\/script>\n<!-- \/ Yoast SEO plugin. -->","yoast_head_json":{"title":"Donald Trump, die \u201efranz\u00f6sische Frage\u201c und Deutschlands Mission - Gegenstrom","robots":{"index":"index","follow":"follow","max-snippet":"max-snippet:-1","max-image-preview":"max-image-preview:large","max-video-preview":"max-video-preview:-1"},"canonical":"https:\/\/gegenstrom.org\/en\/donald-trump-die-franzoesische-frage-und-deutschlands-mission\/","og_locale":"en_US","og_type":"article","og_title":"Donald Trump, die \u201efranz\u00f6sische Frage\u201c und Deutschlands Mission - Gegenstrom","og_description":"Die gro\u00dfe Verunsicherung, die die Wahl Donald Trumps beim politischen Establishment in Deutschland ausgel\u00f6st hat, ist insbesondere auch darauf zur\u00fcckzuf\u00fchren, dass der Liberalismus und die damit verbundenen \u201eamerikanischen Werte\u201c nicht von au\u00dfen, sondern aus dem Inneren der USA selbst in Frage gestellt worden sind. Was hier zum Ausdruck kommt, ist damit letztlich nichts weiter als [&hellip;]","og_url":"https:\/\/gegenstrom.org\/en\/donald-trump-die-franzoesische-frage-und-deutschlands-mission\/","og_site_name":"Gegenstrom","article_publisher":"https:\/\/de-de.facebook.com\/rechteMetapolitik\/","article_published_time":"2017-06-22T04:17:19+00:00","article_modified_time":"2020-02-03T16:25:44+00:00","og_image":[{"width":715,"height":300,"url":"https:\/\/gegenstrom.org\/wp-content\/uploads\/2017\/06\/Transatrlatik-Netzwerk.jpg","type":"image\/jpeg"}],"author":"Moritz Meerheym","twitter_card":"summary_large_image","twitter_misc":{"Written by":"Moritz Meerheym","Est. reading time":"4 minutes"},"schema":{"@context":"https:\/\/schema.org","@graph":[{"@type":"Article","@id":"https:\/\/gegenstrom.org\/donald-trump-die-franzoesische-frage-und-deutschlands-mission\/#article","isPartOf":{"@id":"https:\/\/gegenstrom.org\/donald-trump-die-franzoesische-frage-und-deutschlands-mission\/"},"author":{"name":"Moritz Meerheym","@id":"https:\/\/gegenstrom.org\/#\/schema\/person\/7e0c8f409ad46ac326bda55403d40a8f"},"headline":"Donald Trump, die \u201efranz\u00f6sische Frage\u201c und Deutschlands Mission","datePublished":"2017-06-22T04:17:19+00:00","dateModified":"2020-02-03T16:25:44+00:00","mainEntityOfPage":{"@id":"https:\/\/gegenstrom.org\/donald-trump-die-franzoesische-frage-und-deutschlands-mission\/"},"wordCount":727,"commentCount":0,"publisher":{"@id":"https:\/\/gegenstrom.org\/#organization"},"image":{"@id":"https:\/\/gegenstrom.org\/donald-trump-die-franzoesische-frage-und-deutschlands-mission\/#primaryimage"},"thumbnailUrl":"https:\/\/gegenstrom.org\/wp-content\/uploads\/2017\/06\/Transatrlatik-Netzwerk.jpg","keywords":["Aspen Institute","Atlantik-Br\u00fccke","Donald Trump","Emmanuel Macron","Transatlantisches Netzwerk","USA"],"articleSection":["Deutschland und die Welt"],"inLanguage":"en-US"},{"@type":"WebPage","@id":"https:\/\/gegenstrom.org\/donald-trump-die-franzoesische-frage-und-deutschlands-mission\/","url":"https:\/\/gegenstrom.org\/donald-trump-die-franzoesische-frage-und-deutschlands-mission\/","name":"Donald Trump, die \u201efranz\u00f6sische Frage\u201c und Deutschlands Mission - Gegenstrom","isPartOf":{"@id":"https:\/\/gegenstrom.org\/#website"},"primaryImageOfPage":{"@id":"https:\/\/gegenstrom.org\/donald-trump-die-franzoesische-frage-und-deutschlands-mission\/#primaryimage"},"image":{"@id":"https:\/\/gegenstrom.org\/donald-trump-die-franzoesische-frage-und-deutschlands-mission\/#primaryimage"},"thumbnailUrl":"https:\/\/gegenstrom.org\/wp-content\/uploads\/2017\/06\/Transatrlatik-Netzwerk.jpg","datePublished":"2017-06-22T04:17:19+00:00","dateModified":"2020-02-03T16:25:44+00:00","breadcrumb":{"@id":"https:\/\/gegenstrom.org\/donald-trump-die-franzoesische-frage-und-deutschlands-mission\/#breadcrumb"},"inLanguage":"en-US","potentialAction":[{"@type":"ReadAction","target":["https:\/\/gegenstrom.org\/donald-trump-die-franzoesische-frage-und-deutschlands-mission\/"]}]},{"@type":"ImageObject","inLanguage":"en-US","@id":"https:\/\/gegenstrom.org\/donald-trump-die-franzoesische-frage-und-deutschlands-mission\/#primaryimage","url":"https:\/\/gegenstrom.org\/wp-content\/uploads\/2017\/06\/Transatrlatik-Netzwerk.jpg","contentUrl":"https:\/\/gegenstrom.org\/wp-content\/uploads\/2017\/06\/Transatrlatik-Netzwerk.jpg","width":715,"height":300,"caption":"Transatlantik-Netzwerk"},{"@type":"BreadcrumbList","@id":"https:\/\/gegenstrom.org\/donald-trump-die-franzoesische-frage-und-deutschlands-mission\/#breadcrumb","itemListElement":[{"@type":"ListItem","position":1,"name":"Startseite","item":"https:\/\/gegenstrom.org\/"},{"@type":"ListItem","position":2,"name":"Donald Trump, die \u201efranz\u00f6sische Frage\u201c und Deutschlands Mission"}]},{"@type":"WebSite","@id":"https:\/\/gegenstrom.org\/#website","url":"https:\/\/gegenstrom.org\/","name":"Gegenstrom","description":"Plattform f\u00fcr rechte Metapolitik","publisher":{"@id":"https:\/\/gegenstrom.org\/#organization"},"potentialAction":[{"@type":"SearchAction","target":{"@type":"EntryPoint","urlTemplate":"https:\/\/gegenstrom.org\/?s={search_term_string}"},"query-input":{"@type":"PropertyValueSpecification","valueRequired":true,"valueName":"search_term_string"}}],"inLanguage":"en-US"},{"@type":"Organization","@id":"https:\/\/gegenstrom.org\/#organization","name":"Metapol Verlag & Medien","url":"https:\/\/gegenstrom.org\/","logo":{"@type":"ImageObject","inLanguage":"en-US","@id":"https:\/\/gegenstrom.org\/#\/schema\/logo\/image\/","url":"https:\/\/gegenstrom.org\/wp-content\/uploads\/2019\/11\/WMB_Senkrecht_Farbe_M-e1574681161133.png","contentUrl":"https:\/\/gegenstrom.org\/wp-content\/uploads\/2019\/11\/WMB_Senkrecht_Farbe_M-e1574681161133.png","width":300,"height":219,"caption":"Metapol Verlag & Medien"},"image":{"@id":"https:\/\/gegenstrom.org\/#\/schema\/logo\/image\/"},"sameAs":["https:\/\/de-de.facebook.com\/rechteMetapolitik\/","https:\/\/www.youtube.com\/channel\/UCvQizs-yQ8YapMiyuD6wDrw"]},{"@type":"Person","@id":"https:\/\/gegenstrom.org\/#\/schema\/person\/7e0c8f409ad46ac326bda55403d40a8f","name":"Moritz Meerheym","url":"https:\/\/gegenstrom.org\/en\/author\/moritz-meerheym\/"}]}},"jetpack_featured_media_url":"https:\/\/gegenstrom.org\/wp-content\/uploads\/2017\/06\/Transatrlatik-Netzwerk.jpg","jetpack_sharing_enabled":true,"_links":{"self":[{"href":"https:\/\/gegenstrom.org\/en\/wp-json\/wp\/v2\/posts\/692","targetHints":{"allow":["GET"]}}],"collection":[{"href":"https:\/\/gegenstrom.org\/en\/wp-json\/wp\/v2\/posts"}],"about":[{"href":"https:\/\/gegenstrom.org\/en\/wp-json\/wp\/v2\/types\/post"}],"author":[{"embeddable":true,"href":"https:\/\/gegenstrom.org\/en\/wp-json\/wp\/v2\/users\/21"}],"replies":[{"embeddable":true,"href":"https:\/\/gegenstrom.org\/en\/wp-json\/wp\/v2\/comments?post=692"}],"version-history":[{"count":0,"href":"https:\/\/gegenstrom.org\/en\/wp-json\/wp\/v2\/posts\/692\/revisions"}],"wp:featuredmedia":[{"embeddable":true,"href":"https:\/\/gegenstrom.org\/en\/wp-json\/wp\/v2\/media\/693"}],"wp:attachment":[{"href":"https:\/\/gegenstrom.org\/en\/wp-json\/wp\/v2\/media?parent=692"}],"wp:term":[{"taxonomy":"category","embeddable":true,"href":"https:\/\/gegenstrom.org\/en\/wp-json\/wp\/v2\/categories?post=692"},{"taxonomy":"post_tag","embeddable":true,"href":"https:\/\/gegenstrom.org\/en\/wp-json\/wp\/v2\/tags?post=692"}],"curies":[{"name":"wp","href":"https:\/\/api.w.org\/{rel}","templated":true}]}}