{"id":687,"date":"2017-06-19T05:53:52","date_gmt":"2017-06-19T04:53:52","guid":{"rendered":"https:\/\/gegenstrom.org\/?p=687"},"modified":"2020-02-03T17:28:39","modified_gmt":"2020-02-03T16:28:39","slug":"zukunft-europa-700-identitaere-in-berliner-multikulti-stadtteil","status":"publish","type":"post","link":"https:\/\/gegenstrom.org\/en\/zukunft-europa-700-identitaere-in-berliner-multikulti-stadtteil\/","title":{"rendered":"\u201eZukunft Europa\u201c: 700 Identit\u00e4re in Berliner Multikulti-Stadtteil"},"content":{"rendered":"<p><span style=\"font-size: 14pt;\">Anl\u00e4sslich des historischen Gedenktages des Aufstands vom 17. Juni 1953 veranstaltete die <em>Identit\u00e4re Bewegung Deutschland (IBD)<\/em> eine Demonstration unter dem Leitmotto <em>\u201eZukunft Europa\u201c<\/em>, an der sich ca. 700 Menschen beteiligten. Die Route f\u00fchrte durch den Berliner Ortsteil Wedding, in dem der \u201cGro\u00dfe Austausch\u201c bereits weit vorangeschritten ist. Nach einigen hundert Metern kam der Zug aufgrund linker Sitzblockaden zum Stehen. Da sich die Einsatzkr\u00e4fte der Polizei unverh\u00e4ltnism\u00e4\u00dfig viel Zeit f\u00fcr die R\u00e4umung derselben lie\u00dfen, kam es nach langem Warten zu einem Ausbruchsversuch. Die Demonstration wurde vorzeitig aufgel\u00f6st.<\/span><\/p>\n<h2><strong>Positive Au\u00dfenwirkung, stattliches und dennoch friedliches Auftreten<\/strong><\/h2>\n<p><span style=\"font-size: 14pt;\">Die <em>IBD<\/em> verfolgte mit dieser Demonstration, auf die Politik des \u201cGro\u00dfen Austauschs\u201c der Bundesregierung hinzuweisen, weshalb die Versammlungsleitung den Zug auch in einem Stadtteil starten lie\u00df, in dem die Ethnomorphose schon weitestgehend vollzogen wurde. Die Identit\u00e4ren haben auf ihrer Facebook-Seite dazu folgende Stellungnahme ver\u00f6ffentlicht: &#8222;<em>Die Identit\u00e4re Bewegung demonstrierte heute in Berlin Wedding, einem Stadtteil, in dem der Anteil von Ausl\u00e4ndern und Menschen mit Migrationshintergrund nahezu 84,5* Prozent betr\u00e4gt. Hier manifestiert sich der Gro\u00dfe Austausch, der von den Etablierten geleugnet, aber immer sichtbarer wird<\/em>.&#8220; Manch anderer w\u00fcrde sich hierbei sicherlich die Frage stellen, ob die Botschaft \u00fcberhaupt\u00a0 transportiert werden kann bzw. die richtigen Empf\u00e4nger findet, wenn dieselben mehrheitlich Personen mit Migrationshintergrund sind. Angesichts der breiten medialen Ausgestaltung seitens der IB und der hohen Frequentierung des Themas in den Massenmedien kann aber durchaus von der Erreichung des Ziels, Aufmerksamkeit zu erregen, gesprochen werden. Die vorgesehene Route konnten die Demonstranten jedoch nicht laufen. Nach mehrst\u00fcndigem Warten wurde die Veranstaltung aufgel\u00f6st.<\/span><\/p>\n<h2><strong>Es war ein Querschnitt der Gesellschaft<\/strong><\/h2>\n<p><span style=\"font-size: 14pt;\">Auf der Demonstration zeigte sich regelrecht ein Querschnitt der Gesellschaft. Neben etlichen Studenten befanden sich auch Personen der Arbeiterschaft auf der Veranstaltung. Auff\u00e4llig, bis auf wenige Ausnahmen, war das Erscheinungsbild, das nicht dem \u00fcblichen Klischee von &#8222;rechten&#8220; Demonstrationen entsprach: Mehrheitlich waren gepflegt aussehende junge Deutsche sowie Europ\u00e4er aus anderen L\u00e4ndern zu sehen. Das Bild wurde von sportlich schlanken Personen dominiert. Ein Gro\u00dfteil der Teilnehmerschaft war j\u00fcnger als 30 Jahre.<\/span><\/p>\n<p><span style=\"font-size: 14pt;\">Hier ein Video, welches Eindr\u00fccke der Veranstaltung wiedergibt:<\/span><\/p>\n<div class=\"fb-video\" data-allowfullscreen=\"true\" data-href=\"https:\/\/www.facebook.com\/IBDresden\/videos\/430875510612764\/?hc_ref=PAGES_TIMELINE\" style=\"background-color: #fff; display: inline-block;\"><\/div>\n<h2><\/h2>\n<h2><strong>Der 17. Juni 2017 hat Vorbildcharakter<\/strong><\/h2>\n<p><span style=\"font-size: 14pt;\">Nicht selten wurde innerhalb rechter Kreise \u00fcber die Sinnhaftigkeit von Demonstrationen, besonders in Gro\u00dfst\u00e4dten wie Berlin, diskutiert. In vergangenen Artikeln haben wir bereits herauskristallisiert, dass der Sieger einer Schlacht meistens bereits vorher feststeht, da er sich das Feld sucht, auf dem er siegen kann und wird. Berlin ist fest in den H\u00e4nden der Multikultis. Der Kiez um den Berliner Gesundbrunnen ist f\u00fcr seine vielen Migranten bekannt. Der Feind im Sinne Carl Schmitts beherrscht und kontrolliert dieses Feld. Letztlich stellt er die Regeln auf und bezahlt die Exekutive sowie die Schergen, die im Jargon der demokratischen Massenmedien als Protestler oder Gegendemonstranten bezeichnet werden. Obgleich sich die <em>Identit\u00e4re Bewegung<\/em> hier auf ein \u201ehei\u00dfes\u201c und schwer zu erstreitenden Feld begeben hat, holte sie aus der Veranstaltung raus, was rauszuholen war. Selbst in den Massenmedien werden die Bilder der jungen Studentinnen und Studenten gezeigt, die keinesfalls mit dem altrechten Klientel gleichzusetzen sind. Hier formt sich allm\u00e4hlich der Widerstand. Wir treten in die n\u00e4chste Phase ein &#8211; die \u201eruhigen\u201c Tage sind vor\u00fcber. Die Reaktion aus dem Regime Merkel wird deutlich forciert. Dies erzeugt eine Erh\u00e4rtung der Standpunkte auf beiden Seiten. Die Findungsphase wird ihren Abschluss finden m\u00fcssen. Dies wird ein hei\u00dfer Sommer.<\/span><\/p>\n<p><span style=\"font-size: 14pt;\"><em>Die Redaktion<\/em><\/span><\/p>","protected":false},"excerpt":{"rendered":"<p>Anl\u00e4sslich des historischen Gedenktages des Aufstands vom 17. Juni 1953 veranstaltete die Identit\u00e4re Bewegung Deutschland (IBD) eine Demonstration unter dem Leitmotto \u201eZukunft Europa\u201c, an der sich ca. 700 Menschen beteiligten. Die Route f\u00fchrte durch den Berliner Ortsteil Wedding, in dem der \u201cGro\u00dfe Austausch\u201c bereits weit vorangeschritten ist. Nach einigen hundert Metern kam der Zug aufgrund [&hellip;]<\/p>","protected":false},"author":28,"featured_media":688,"comment_status":"open","ping_status":"open","sticky":false,"template":"","format":"aside","meta":{"_et_pb_use_builder":"","_et_pb_old_content":"","_et_gb_content_width":"","_jetpack_memberships_contains_paid_content":false,"footnotes":""},"categories":[4],"tags":[80,79,61,81],"class_list":["post-687","post","type-post","status-publish","format-aside","has-post-thumbnail","hentry","category-deutschland-und-die-welt","tag-17-juni","tag-demonstration","tag-identitaere-bewegung","tag-jungeuropa","post_format-post-format-aside"],"yoast_head":"<!-- This site is optimized with the Yoast SEO plugin v26.2 - https:\/\/yoast.com\/wordpress\/plugins\/seo\/ -->\n<title>\u201eZukunft Europa\u201c: 700 Identit\u00e4re in Berliner Multikulti-Stadtteil - Gegenstrom<\/title>\n<meta name=\"robots\" content=\"index, follow, max-snippet:-1, max-image-preview:large, max-video-preview:-1\" \/>\n<link rel=\"canonical\" href=\"https:\/\/gegenstrom.org\/en\/zukunft-europa-700-identitaere-in-berliner-multikulti-stadtteil\/\" \/>\n<meta property=\"og:locale\" content=\"en_US\" \/>\n<meta property=\"og:type\" content=\"article\" \/>\n<meta property=\"og:title\" content=\"\u201eZukunft Europa\u201c: 700 Identit\u00e4re in Berliner Multikulti-Stadtteil - Gegenstrom\" \/>\n<meta property=\"og:description\" content=\"Anl\u00e4sslich des historischen Gedenktages des Aufstands vom 17. Juni 1953 veranstaltete die Identit\u00e4re Bewegung Deutschland (IBD) eine Demonstration unter dem Leitmotto \u201eZukunft Europa\u201c, an der sich ca. 700 Menschen beteiligten. Die Route f\u00fchrte durch den Berliner Ortsteil Wedding, in dem der \u201cGro\u00dfe Austausch\u201c bereits weit vorangeschritten ist. Nach einigen hundert Metern kam der Zug aufgrund [&hellip;]\" \/>\n<meta property=\"og:url\" content=\"https:\/\/gegenstrom.org\/en\/zukunft-europa-700-identitaere-in-berliner-multikulti-stadtteil\/\" \/>\n<meta property=\"og:site_name\" content=\"Gegenstrom\" \/>\n<meta property=\"article:publisher\" content=\"https:\/\/de-de.facebook.com\/rechteMetapolitik\/\" \/>\n<meta property=\"article:published_time\" content=\"2017-06-19T04:53:52+00:00\" \/>\n<meta property=\"article:modified_time\" content=\"2020-02-03T16:28:39+00:00\" \/>\n<meta property=\"og:image\" content=\"https:\/\/gegenstrom.org\/wp-content\/uploads\/2017\/06\/17juni.jpg\" \/>\n\t<meta property=\"og:image:width\" content=\"715\" \/>\n\t<meta property=\"og:image:height\" content=\"300\" \/>\n\t<meta property=\"og:image:type\" content=\"image\/jpeg\" \/>\n<meta name=\"author\" content=\"Redaktion\" \/>\n<meta name=\"twitter:card\" content=\"summary_large_image\" \/>\n<meta name=\"twitter:label1\" content=\"Written by\" \/>\n\t<meta name=\"twitter:data1\" content=\"Redaktion\" \/>\n\t<meta name=\"twitter:label2\" content=\"Est. reading time\" \/>\n\t<meta name=\"twitter:data2\" content=\"3 minutes\" \/>\n<script type=\"application\/ld+json\" class=\"yoast-schema-graph\">{\"@context\":\"https:\/\/schema.org\",\"@graph\":[{\"@type\":\"Article\",\"@id\":\"https:\/\/gegenstrom.org\/zukunft-europa-700-identitaere-in-berliner-multikulti-stadtteil\/#article\",\"isPartOf\":{\"@id\":\"https:\/\/gegenstrom.org\/zukunft-europa-700-identitaere-in-berliner-multikulti-stadtteil\/\"},\"author\":{\"name\":\"Redaktion\",\"@id\":\"https:\/\/gegenstrom.org\/#\/schema\/person\/9adb4188754722c1352b5f101655cd2d\"},\"headline\":\"\u201eZukunft Europa\u201c: 700 Identit\u00e4re in Berliner Multikulti-Stadtteil\",\"datePublished\":\"2017-06-19T04:53:52+00:00\",\"dateModified\":\"2020-02-03T16:28:39+00:00\",\"mainEntityOfPage\":{\"@id\":\"https:\/\/gegenstrom.org\/zukunft-europa-700-identitaere-in-berliner-multikulti-stadtteil\/\"},\"wordCount\":589,\"commentCount\":0,\"publisher\":{\"@id\":\"https:\/\/gegenstrom.org\/#organization\"},\"image\":{\"@id\":\"https:\/\/gegenstrom.org\/zukunft-europa-700-identitaere-in-berliner-multikulti-stadtteil\/#primaryimage\"},\"thumbnailUrl\":\"https:\/\/gegenstrom.org\/wp-content\/uploads\/2017\/06\/17juni.jpg\",\"keywords\":[\"17. Juni\",\"Demonstration\",\"Identit\u00e4re Bewegung\",\"JungEuropa\"],\"articleSection\":[\"Deutschland und die Welt\"],\"inLanguage\":\"en-US\"},{\"@type\":\"WebPage\",\"@id\":\"https:\/\/gegenstrom.org\/zukunft-europa-700-identitaere-in-berliner-multikulti-stadtteil\/\",\"url\":\"https:\/\/gegenstrom.org\/zukunft-europa-700-identitaere-in-berliner-multikulti-stadtteil\/\",\"name\":\"\u201eZukunft Europa\u201c: 700 Identit\u00e4re in Berliner Multikulti-Stadtteil - Gegenstrom\",\"isPartOf\":{\"@id\":\"https:\/\/gegenstrom.org\/#website\"},\"primaryImageOfPage\":{\"@id\":\"https:\/\/gegenstrom.org\/zukunft-europa-700-identitaere-in-berliner-multikulti-stadtteil\/#primaryimage\"},\"image\":{\"@id\":\"https:\/\/gegenstrom.org\/zukunft-europa-700-identitaere-in-berliner-multikulti-stadtteil\/#primaryimage\"},\"thumbnailUrl\":\"https:\/\/gegenstrom.org\/wp-content\/uploads\/2017\/06\/17juni.jpg\",\"datePublished\":\"2017-06-19T04:53:52+00:00\",\"dateModified\":\"2020-02-03T16:28:39+00:00\",\"breadcrumb\":{\"@id\":\"https:\/\/gegenstrom.org\/zukunft-europa-700-identitaere-in-berliner-multikulti-stadtteil\/#breadcrumb\"},\"inLanguage\":\"en-US\",\"potentialAction\":[{\"@type\":\"ReadAction\",\"target\":[\"https:\/\/gegenstrom.org\/zukunft-europa-700-identitaere-in-berliner-multikulti-stadtteil\/\"]}]},{\"@type\":\"ImageObject\",\"inLanguage\":\"en-US\",\"@id\":\"https:\/\/gegenstrom.org\/zukunft-europa-700-identitaere-in-berliner-multikulti-stadtteil\/#primaryimage\",\"url\":\"https:\/\/gegenstrom.org\/wp-content\/uploads\/2017\/06\/17juni.jpg\",\"contentUrl\":\"https:\/\/gegenstrom.org\/wp-content\/uploads\/2017\/06\/17juni.jpg\",\"width\":715,\"height\":300,\"caption\":\"17. Juni 2017\"},{\"@type\":\"BreadcrumbList\",\"@id\":\"https:\/\/gegenstrom.org\/zukunft-europa-700-identitaere-in-berliner-multikulti-stadtteil\/#breadcrumb\",\"itemListElement\":[{\"@type\":\"ListItem\",\"position\":1,\"name\":\"Startseite\",\"item\":\"https:\/\/gegenstrom.org\/\"},{\"@type\":\"ListItem\",\"position\":2,\"name\":\"\u201eZukunft Europa\u201c: 700 Identit\u00e4re in Berliner Multikulti-Stadtteil\"}]},{\"@type\":\"WebSite\",\"@id\":\"https:\/\/gegenstrom.org\/#website\",\"url\":\"https:\/\/gegenstrom.org\/\",\"name\":\"Gegenstrom\",\"description\":\"Plattform f\u00fcr rechte Metapolitik\",\"publisher\":{\"@id\":\"https:\/\/gegenstrom.org\/#organization\"},\"potentialAction\":[{\"@type\":\"SearchAction\",\"target\":{\"@type\":\"EntryPoint\",\"urlTemplate\":\"https:\/\/gegenstrom.org\/?s={search_term_string}\"},\"query-input\":{\"@type\":\"PropertyValueSpecification\",\"valueRequired\":true,\"valueName\":\"search_term_string\"}}],\"inLanguage\":\"en-US\"},{\"@type\":\"Organization\",\"@id\":\"https:\/\/gegenstrom.org\/#organization\",\"name\":\"Metapol Verlag & Medien\",\"url\":\"https:\/\/gegenstrom.org\/\",\"logo\":{\"@type\":\"ImageObject\",\"inLanguage\":\"en-US\",\"@id\":\"https:\/\/gegenstrom.org\/#\/schema\/logo\/image\/\",\"url\":\"https:\/\/gegenstrom.org\/wp-content\/uploads\/2019\/11\/WMB_Senkrecht_Farbe_M-e1574681161133.png\",\"contentUrl\":\"https:\/\/gegenstrom.org\/wp-content\/uploads\/2019\/11\/WMB_Senkrecht_Farbe_M-e1574681161133.png\",\"width\":300,\"height\":219,\"caption\":\"Metapol Verlag & Medien\"},\"image\":{\"@id\":\"https:\/\/gegenstrom.org\/#\/schema\/logo\/image\/\"},\"sameAs\":[\"https:\/\/de-de.facebook.com\/rechteMetapolitik\/\",\"https:\/\/www.youtube.com\/channel\/UCvQizs-yQ8YapMiyuD6wDrw\"]},{\"@type\":\"Person\",\"@id\":\"https:\/\/gegenstrom.org\/#\/schema\/person\/9adb4188754722c1352b5f101655cd2d\",\"name\":\"Redaktion\",\"url\":\"https:\/\/gegenstrom.org\/en\/author\/redaktion\/\"}]}<\/script>\n<!-- \/ Yoast SEO plugin. -->","yoast_head_json":{"title":"\u201eZukunft Europa\u201c: 700 Identit\u00e4re in Berliner Multikulti-Stadtteil - Gegenstrom","robots":{"index":"index","follow":"follow","max-snippet":"max-snippet:-1","max-image-preview":"max-image-preview:large","max-video-preview":"max-video-preview:-1"},"canonical":"https:\/\/gegenstrom.org\/en\/zukunft-europa-700-identitaere-in-berliner-multikulti-stadtteil\/","og_locale":"en_US","og_type":"article","og_title":"\u201eZukunft Europa\u201c: 700 Identit\u00e4re in Berliner Multikulti-Stadtteil - Gegenstrom","og_description":"Anl\u00e4sslich des historischen Gedenktages des Aufstands vom 17. Juni 1953 veranstaltete die Identit\u00e4re Bewegung Deutschland (IBD) eine Demonstration unter dem Leitmotto \u201eZukunft Europa\u201c, an der sich ca. 700 Menschen beteiligten. Die Route f\u00fchrte durch den Berliner Ortsteil Wedding, in dem der \u201cGro\u00dfe Austausch\u201c bereits weit vorangeschritten ist. Nach einigen hundert Metern kam der Zug aufgrund [&hellip;]","og_url":"https:\/\/gegenstrom.org\/en\/zukunft-europa-700-identitaere-in-berliner-multikulti-stadtteil\/","og_site_name":"Gegenstrom","article_publisher":"https:\/\/de-de.facebook.com\/rechteMetapolitik\/","article_published_time":"2017-06-19T04:53:52+00:00","article_modified_time":"2020-02-03T16:28:39+00:00","og_image":[{"width":715,"height":300,"url":"https:\/\/gegenstrom.org\/wp-content\/uploads\/2017\/06\/17juni.jpg","type":"image\/jpeg"}],"author":"Redaktion","twitter_card":"summary_large_image","twitter_misc":{"Written by":"Redaktion","Est. reading time":"3 minutes"},"schema":{"@context":"https:\/\/schema.org","@graph":[{"@type":"Article","@id":"https:\/\/gegenstrom.org\/zukunft-europa-700-identitaere-in-berliner-multikulti-stadtteil\/#article","isPartOf":{"@id":"https:\/\/gegenstrom.org\/zukunft-europa-700-identitaere-in-berliner-multikulti-stadtteil\/"},"author":{"name":"Redaktion","@id":"https:\/\/gegenstrom.org\/#\/schema\/person\/9adb4188754722c1352b5f101655cd2d"},"headline":"\u201eZukunft Europa\u201c: 700 Identit\u00e4re in Berliner Multikulti-Stadtteil","datePublished":"2017-06-19T04:53:52+00:00","dateModified":"2020-02-03T16:28:39+00:00","mainEntityOfPage":{"@id":"https:\/\/gegenstrom.org\/zukunft-europa-700-identitaere-in-berliner-multikulti-stadtteil\/"},"wordCount":589,"commentCount":0,"publisher":{"@id":"https:\/\/gegenstrom.org\/#organization"},"image":{"@id":"https:\/\/gegenstrom.org\/zukunft-europa-700-identitaere-in-berliner-multikulti-stadtteil\/#primaryimage"},"thumbnailUrl":"https:\/\/gegenstrom.org\/wp-content\/uploads\/2017\/06\/17juni.jpg","keywords":["17. Juni","Demonstration","Identit\u00e4re Bewegung","JungEuropa"],"articleSection":["Deutschland und die Welt"],"inLanguage":"en-US"},{"@type":"WebPage","@id":"https:\/\/gegenstrom.org\/zukunft-europa-700-identitaere-in-berliner-multikulti-stadtteil\/","url":"https:\/\/gegenstrom.org\/zukunft-europa-700-identitaere-in-berliner-multikulti-stadtteil\/","name":"\u201eZukunft Europa\u201c: 700 Identit\u00e4re in Berliner Multikulti-Stadtteil - Gegenstrom","isPartOf":{"@id":"https:\/\/gegenstrom.org\/#website"},"primaryImageOfPage":{"@id":"https:\/\/gegenstrom.org\/zukunft-europa-700-identitaere-in-berliner-multikulti-stadtteil\/#primaryimage"},"image":{"@id":"https:\/\/gegenstrom.org\/zukunft-europa-700-identitaere-in-berliner-multikulti-stadtteil\/#primaryimage"},"thumbnailUrl":"https:\/\/gegenstrom.org\/wp-content\/uploads\/2017\/06\/17juni.jpg","datePublished":"2017-06-19T04:53:52+00:00","dateModified":"2020-02-03T16:28:39+00:00","breadcrumb":{"@id":"https:\/\/gegenstrom.org\/zukunft-europa-700-identitaere-in-berliner-multikulti-stadtteil\/#breadcrumb"},"inLanguage":"en-US","potentialAction":[{"@type":"ReadAction","target":["https:\/\/gegenstrom.org\/zukunft-europa-700-identitaere-in-berliner-multikulti-stadtteil\/"]}]},{"@type":"ImageObject","inLanguage":"en-US","@id":"https:\/\/gegenstrom.org\/zukunft-europa-700-identitaere-in-berliner-multikulti-stadtteil\/#primaryimage","url":"https:\/\/gegenstrom.org\/wp-content\/uploads\/2017\/06\/17juni.jpg","contentUrl":"https:\/\/gegenstrom.org\/wp-content\/uploads\/2017\/06\/17juni.jpg","width":715,"height":300,"caption":"17. Juni 2017"},{"@type":"BreadcrumbList","@id":"https:\/\/gegenstrom.org\/zukunft-europa-700-identitaere-in-berliner-multikulti-stadtteil\/#breadcrumb","itemListElement":[{"@type":"ListItem","position":1,"name":"Startseite","item":"https:\/\/gegenstrom.org\/"},{"@type":"ListItem","position":2,"name":"\u201eZukunft Europa\u201c: 700 Identit\u00e4re in Berliner Multikulti-Stadtteil"}]},{"@type":"WebSite","@id":"https:\/\/gegenstrom.org\/#website","url":"https:\/\/gegenstrom.org\/","name":"Gegenstrom","description":"Plattform f\u00fcr rechte Metapolitik","publisher":{"@id":"https:\/\/gegenstrom.org\/#organization"},"potentialAction":[{"@type":"SearchAction","target":{"@type":"EntryPoint","urlTemplate":"https:\/\/gegenstrom.org\/?s={search_term_string}"},"query-input":{"@type":"PropertyValueSpecification","valueRequired":true,"valueName":"search_term_string"}}],"inLanguage":"en-US"},{"@type":"Organization","@id":"https:\/\/gegenstrom.org\/#organization","name":"Metapol Verlag & Medien","url":"https:\/\/gegenstrom.org\/","logo":{"@type":"ImageObject","inLanguage":"en-US","@id":"https:\/\/gegenstrom.org\/#\/schema\/logo\/image\/","url":"https:\/\/gegenstrom.org\/wp-content\/uploads\/2019\/11\/WMB_Senkrecht_Farbe_M-e1574681161133.png","contentUrl":"https:\/\/gegenstrom.org\/wp-content\/uploads\/2019\/11\/WMB_Senkrecht_Farbe_M-e1574681161133.png","width":300,"height":219,"caption":"Metapol Verlag & Medien"},"image":{"@id":"https:\/\/gegenstrom.org\/#\/schema\/logo\/image\/"},"sameAs":["https:\/\/de-de.facebook.com\/rechteMetapolitik\/","https:\/\/www.youtube.com\/channel\/UCvQizs-yQ8YapMiyuD6wDrw"]},{"@type":"Person","@id":"https:\/\/gegenstrom.org\/#\/schema\/person\/9adb4188754722c1352b5f101655cd2d","name":"Redaktion","url":"https:\/\/gegenstrom.org\/en\/author\/redaktion\/"}]}},"jetpack_featured_media_url":"https:\/\/gegenstrom.org\/wp-content\/uploads\/2017\/06\/17juni.jpg","jetpack_sharing_enabled":true,"_links":{"self":[{"href":"https:\/\/gegenstrom.org\/en\/wp-json\/wp\/v2\/posts\/687","targetHints":{"allow":["GET"]}}],"collection":[{"href":"https:\/\/gegenstrom.org\/en\/wp-json\/wp\/v2\/posts"}],"about":[{"href":"https:\/\/gegenstrom.org\/en\/wp-json\/wp\/v2\/types\/post"}],"author":[{"embeddable":true,"href":"https:\/\/gegenstrom.org\/en\/wp-json\/wp\/v2\/users\/28"}],"replies":[{"embeddable":true,"href":"https:\/\/gegenstrom.org\/en\/wp-json\/wp\/v2\/comments?post=687"}],"version-history":[{"count":0,"href":"https:\/\/gegenstrom.org\/en\/wp-json\/wp\/v2\/posts\/687\/revisions"}],"wp:featuredmedia":[{"embeddable":true,"href":"https:\/\/gegenstrom.org\/en\/wp-json\/wp\/v2\/media\/688"}],"wp:attachment":[{"href":"https:\/\/gegenstrom.org\/en\/wp-json\/wp\/v2\/media?parent=687"}],"wp:term":[{"taxonomy":"category","embeddable":true,"href":"https:\/\/gegenstrom.org\/en\/wp-json\/wp\/v2\/categories?post=687"},{"taxonomy":"post_tag","embeddable":true,"href":"https:\/\/gegenstrom.org\/en\/wp-json\/wp\/v2\/tags?post=687"}],"curies":[{"name":"wp","href":"https:\/\/api.w.org\/{rel}","templated":true}]}}