{"id":6812,"date":"2020-04-07T09:56:27","date_gmt":"2020-04-07T07:56:27","guid":{"rendered":"https:\/\/gegenstrom.org\/?p=6812"},"modified":"2020-04-29T17:45:19","modified_gmt":"2020-04-29T15:45:19","slug":"podcast-krise-als-chanche","status":"publish","type":"post","link":"https:\/\/gegenstrom.org\/en\/podcast-krise-als-chanche\/","title":{"rendered":"Im Gespr\u00e4ch mit Frank Kraemer: Krise als Chance"},"content":{"rendered":"<p style=\"text-align: left;\">Unser Autor Peter Steinborn war zu Gast im Podcast des Vloggers Frank Kraemer auf dessen Seite <a href=\"https:\/\/www.derdritteblickwinkel.com\">der\u00a0dritte Blickwinkel<\/a>.<\/p>\n<p style=\"text-align: center;\"><div class=\"BorlabsCookie _brlbs-cb-default\"><div class=\"_brlbs-content-blocker\"> <div class=\"_brlbs-default\"> <p>Klicken Sie auf den unteren Button, um den Inhalt von www.bitchute.com zu laden.<\/p> <p><a class=\"_brlbs-btn\" href=\"#\" data-borlabs-cookie-unblock role=\"button\">Inhalt laden<\/a><\/p> <\/div> <\/div><div class=\"borlabs-hide\" data-borlabs-cookie-type=\"content-blocker\" data-borlabs-cookie-id=\"default\"><script type=\"text\/template\">PGlmcmFtZSBsb2FkaW5nPSJsYXp5IiBzdHlsZT0iYm9yZGVyOiBub25lOyIgc3JjPSJodHRwczovL3d3dy5iaXRjaHV0ZS5jb20vZW1iZWQvMWZlUWQ2bnc0OFdXLyIgd2lkdGg9IjY0MCIgaGVpZ2h0PSIzNjAiIGZyYW1lYm9yZGVyPSIwIiBzY3JvbGxpbmc9Im5vIj48L2lmcmFtZT48L3A+<\/script><\/div><\/div>\n<p style=\"text-align: left;\">Fast 1,5 Stunden spreche ich mit Peter Steinborn von Metapol \u00fcber die aktuelle Krise und was f\u00fcr Chancen sich daraus f\u00fcr die authentische Rechte ergeben. Es war wieder einmal ein sehr spannendes Gespr\u00e4ch, vielen Dank daf\u00fcr!<\/p>\n<p class=\"\">Tatsache ist, da\u00df uns gro\u00dfe Umw\u00e4lzungen bevorstehen, wobei das Corona-Virus nur das Feigenblatt ist, das die wahren Ursachen verdecken soll. Der Zusammenbruch der Wirtschaft fu\u00dft in der Globalisierung und einem kleptokratischen System! Das Virus ist nur die Ausrede einer pseudoelit\u00e4ren Minusauslese, um sich aus der Verantwortung zu ziehen und die Aufmerksam auf einen Nebenkriegsschauplatz abzulenken.<br \/>\nUnsere Aufgabe wird es sein, Alternativen zum Globalismus und einem ausbeuterischen internationalistischen Kapitalismus aufzuzeigen. Unsere Alternative lautet Nationalismus &#8211; denn nur der souver\u00e4ne Nationalstaat ist das Bollwerk, das die V\u00f6lker dieser Erde vor den pl\u00fcndernden Bankstern von Wallstreet und IWF sch\u00fctzen kann! Und genau davor haben die Herrschenden nicht ohne Grund Angst. Denn erst in der Krise wird jedem klar, da\u00df man Toleranz und multikulturelles Wunschdenken nicht essen kann.<\/p>\n<p>Unsere Zeit wird kommen!<\/p>","protected":false},"excerpt":{"rendered":"<p>Unser Autor Peter Steinborn war zu Gast im Podcast des Vloggers Frank Kraemer auf dessen Seite der\u00a0dritte Blickwinkel. Klicken Sie auf den unteren Button, um den Inhalt von www.bitchute.com zu laden. Inhalt laden Fast 1,5 Stunden spreche ich mit Peter Steinborn von Metapol \u00fcber die aktuelle Krise und was f\u00fcr Chancen sich daraus f\u00fcr die [&hellip;]<\/p>","protected":false},"author":28,"featured_media":6855,"comment_status":"open","ping_status":"open","sticky":false,"template":"","format":"standard","meta":{"_et_pb_use_builder":"off","_et_pb_old_content":"","_et_gb_content_width":"","_jetpack_memberships_contains_paid_content":false,"footnotes":""},"categories":[1336],"tags":[],"class_list":["post-6812","post","type-post","status-publish","format-standard","has-post-thumbnail","hentry","category-podcast"],"yoast_head":"<!-- This site is optimized with the Yoast SEO plugin v26.2 - https:\/\/yoast.com\/wordpress\/plugins\/seo\/ -->\n<title>Im Gespr\u00e4ch mit Frank Kraemer: Krise als Chance - Gegenstrom<\/title>\n<meta name=\"robots\" content=\"index, follow, max-snippet:-1, max-image-preview:large, max-video-preview:-1\" \/>\n<link rel=\"canonical\" href=\"https:\/\/gegenstrom.org\/en\/podcast-krise-als-chanche\/\" \/>\n<meta property=\"og:locale\" content=\"en_US\" \/>\n<meta property=\"og:type\" content=\"article\" \/>\n<meta property=\"og:title\" content=\"Im Gespr\u00e4ch mit Frank Kraemer: Krise als Chance - Gegenstrom\" \/>\n<meta property=\"og:description\" content=\"Unser Autor Peter Steinborn war zu Gast im Podcast des Vloggers Frank Kraemer auf dessen Seite der\u00a0dritte Blickwinkel. Klicken Sie auf den unteren Button, um den Inhalt von www.bitchute.com zu laden. Inhalt laden Fast 1,5 Stunden spreche ich mit Peter Steinborn von Metapol \u00fcber die aktuelle Krise und was f\u00fcr Chancen sich daraus f\u00fcr die [&hellip;]\" \/>\n<meta property=\"og:url\" content=\"https:\/\/gegenstrom.org\/en\/podcast-krise-als-chanche\/\" \/>\n<meta property=\"og:site_name\" content=\"Gegenstrom\" \/>\n<meta property=\"article:publisher\" content=\"https:\/\/de-de.facebook.com\/rechteMetapolitik\/\" \/>\n<meta property=\"article:published_time\" content=\"2020-04-07T07:56:27+00:00\" \/>\n<meta property=\"article:modified_time\" content=\"2020-04-29T15:45:19+00:00\" \/>\n<meta property=\"og:image\" content=\"https:\/\/gegenstrom.org\/wp-content\/uploads\/2020\/04\/Podcast.jpg\" \/>\n\t<meta property=\"og:image:width\" content=\"715\" \/>\n\t<meta property=\"og:image:height\" content=\"300\" \/>\n\t<meta property=\"og:image:type\" content=\"image\/jpeg\" \/>\n<meta name=\"author\" content=\"Redaktion\" \/>\n<meta name=\"twitter:card\" content=\"summary_large_image\" \/>\n<meta name=\"twitter:label1\" content=\"Written by\" \/>\n\t<meta name=\"twitter:data1\" content=\"Redaktion\" \/>\n\t<meta name=\"twitter:label2\" content=\"Est. reading time\" \/>\n\t<meta name=\"twitter:data2\" content=\"1 minute\" \/>\n<script type=\"application\/ld+json\" class=\"yoast-schema-graph\">{\"@context\":\"https:\/\/schema.org\",\"@graph\":[{\"@type\":\"Article\",\"@id\":\"https:\/\/gegenstrom.org\/podcast-krise-als-chanche\/#article\",\"isPartOf\":{\"@id\":\"https:\/\/gegenstrom.org\/podcast-krise-als-chanche\/\"},\"author\":{\"name\":\"Redaktion\",\"@id\":\"https:\/\/gegenstrom.org\/#\/schema\/person\/9adb4188754722c1352b5f101655cd2d\"},\"headline\":\"Im Gespr\u00e4ch mit Frank Kraemer: Krise als Chance\",\"datePublished\":\"2020-04-07T07:56:27+00:00\",\"dateModified\":\"2020-04-29T15:45:19+00:00\",\"mainEntityOfPage\":{\"@id\":\"https:\/\/gegenstrom.org\/podcast-krise-als-chanche\/\"},\"wordCount\":203,\"commentCount\":0,\"publisher\":{\"@id\":\"https:\/\/gegenstrom.org\/#organization\"},\"image\":{\"@id\":\"https:\/\/gegenstrom.org\/podcast-krise-als-chanche\/#primaryimage\"},\"thumbnailUrl\":\"https:\/\/gegenstrom.org\/wp-content\/uploads\/2020\/04\/Podcast.jpg\",\"articleSection\":[\"Podcast\"],\"inLanguage\":\"en-US\"},{\"@type\":\"WebPage\",\"@id\":\"https:\/\/gegenstrom.org\/podcast-krise-als-chanche\/\",\"url\":\"https:\/\/gegenstrom.org\/podcast-krise-als-chanche\/\",\"name\":\"Im Gespr\u00e4ch mit Frank Kraemer: Krise als Chance - Gegenstrom\",\"isPartOf\":{\"@id\":\"https:\/\/gegenstrom.org\/#website\"},\"primaryImageOfPage\":{\"@id\":\"https:\/\/gegenstrom.org\/podcast-krise-als-chanche\/#primaryimage\"},\"image\":{\"@id\":\"https:\/\/gegenstrom.org\/podcast-krise-als-chanche\/#primaryimage\"},\"thumbnailUrl\":\"https:\/\/gegenstrom.org\/wp-content\/uploads\/2020\/04\/Podcast.jpg\",\"datePublished\":\"2020-04-07T07:56:27+00:00\",\"dateModified\":\"2020-04-29T15:45:19+00:00\",\"breadcrumb\":{\"@id\":\"https:\/\/gegenstrom.org\/podcast-krise-als-chanche\/#breadcrumb\"},\"inLanguage\":\"en-US\",\"potentialAction\":[{\"@type\":\"ReadAction\",\"target\":[\"https:\/\/gegenstrom.org\/podcast-krise-als-chanche\/\"]}]},{\"@type\":\"ImageObject\",\"inLanguage\":\"en-US\",\"@id\":\"https:\/\/gegenstrom.org\/podcast-krise-als-chanche\/#primaryimage\",\"url\":\"https:\/\/gegenstrom.org\/wp-content\/uploads\/2020\/04\/Podcast.jpg\",\"contentUrl\":\"https:\/\/gegenstrom.org\/wp-content\/uploads\/2020\/04\/Podcast.jpg\",\"width\":715,\"height\":300,\"caption\":\"Gegenstrom Podcast\"},{\"@type\":\"BreadcrumbList\",\"@id\":\"https:\/\/gegenstrom.org\/podcast-krise-als-chanche\/#breadcrumb\",\"itemListElement\":[{\"@type\":\"ListItem\",\"position\":1,\"name\":\"Startseite\",\"item\":\"https:\/\/gegenstrom.org\/\"},{\"@type\":\"ListItem\",\"position\":2,\"name\":\"Im Gespr\u00e4ch mit Frank Kraemer: Krise als Chance\"}]},{\"@type\":\"WebSite\",\"@id\":\"https:\/\/gegenstrom.org\/#website\",\"url\":\"https:\/\/gegenstrom.org\/\",\"name\":\"Gegenstrom\",\"description\":\"Plattform f\u00fcr rechte Metapolitik\",\"publisher\":{\"@id\":\"https:\/\/gegenstrom.org\/#organization\"},\"potentialAction\":[{\"@type\":\"SearchAction\",\"target\":{\"@type\":\"EntryPoint\",\"urlTemplate\":\"https:\/\/gegenstrom.org\/?s={search_term_string}\"},\"query-input\":{\"@type\":\"PropertyValueSpecification\",\"valueRequired\":true,\"valueName\":\"search_term_string\"}}],\"inLanguage\":\"en-US\"},{\"@type\":\"Organization\",\"@id\":\"https:\/\/gegenstrom.org\/#organization\",\"name\":\"Metapol Verlag & Medien\",\"url\":\"https:\/\/gegenstrom.org\/\",\"logo\":{\"@type\":\"ImageObject\",\"inLanguage\":\"en-US\",\"@id\":\"https:\/\/gegenstrom.org\/#\/schema\/logo\/image\/\",\"url\":\"https:\/\/gegenstrom.org\/wp-content\/uploads\/2019\/11\/WMB_Senkrecht_Farbe_M-e1574681161133.png\",\"contentUrl\":\"https:\/\/gegenstrom.org\/wp-content\/uploads\/2019\/11\/WMB_Senkrecht_Farbe_M-e1574681161133.png\",\"width\":300,\"height\":219,\"caption\":\"Metapol Verlag & Medien\"},\"image\":{\"@id\":\"https:\/\/gegenstrom.org\/#\/schema\/logo\/image\/\"},\"sameAs\":[\"https:\/\/de-de.facebook.com\/rechteMetapolitik\/\",\"https:\/\/www.youtube.com\/channel\/UCvQizs-yQ8YapMiyuD6wDrw\"]},{\"@type\":\"Person\",\"@id\":\"https:\/\/gegenstrom.org\/#\/schema\/person\/9adb4188754722c1352b5f101655cd2d\",\"name\":\"Redaktion\",\"url\":\"https:\/\/gegenstrom.org\/en\/author\/redaktion\/\"}]}<\/script>\n<!-- \/ Yoast SEO plugin. -->","yoast_head_json":{"title":"Im Gespr\u00e4ch mit Frank Kraemer: Krise als Chance - Gegenstrom","robots":{"index":"index","follow":"follow","max-snippet":"max-snippet:-1","max-image-preview":"max-image-preview:large","max-video-preview":"max-video-preview:-1"},"canonical":"https:\/\/gegenstrom.org\/en\/podcast-krise-als-chanche\/","og_locale":"en_US","og_type":"article","og_title":"Im Gespr\u00e4ch mit Frank Kraemer: Krise als Chance - Gegenstrom","og_description":"Unser Autor Peter Steinborn war zu Gast im Podcast des Vloggers Frank Kraemer auf dessen Seite der\u00a0dritte Blickwinkel. Klicken Sie auf den unteren Button, um den Inhalt von www.bitchute.com zu laden. Inhalt laden Fast 1,5 Stunden spreche ich mit Peter Steinborn von Metapol \u00fcber die aktuelle Krise und was f\u00fcr Chancen sich daraus f\u00fcr die [&hellip;]","og_url":"https:\/\/gegenstrom.org\/en\/podcast-krise-als-chanche\/","og_site_name":"Gegenstrom","article_publisher":"https:\/\/de-de.facebook.com\/rechteMetapolitik\/","article_published_time":"2020-04-07T07:56:27+00:00","article_modified_time":"2020-04-29T15:45:19+00:00","og_image":[{"width":715,"height":300,"url":"https:\/\/gegenstrom.org\/wp-content\/uploads\/2020\/04\/Podcast.jpg","type":"image\/jpeg"}],"author":"Redaktion","twitter_card":"summary_large_image","twitter_misc":{"Written by":"Redaktion","Est. reading time":"1 minute"},"schema":{"@context":"https:\/\/schema.org","@graph":[{"@type":"Article","@id":"https:\/\/gegenstrom.org\/podcast-krise-als-chanche\/#article","isPartOf":{"@id":"https:\/\/gegenstrom.org\/podcast-krise-als-chanche\/"},"author":{"name":"Redaktion","@id":"https:\/\/gegenstrom.org\/#\/schema\/person\/9adb4188754722c1352b5f101655cd2d"},"headline":"Im Gespr\u00e4ch mit Frank Kraemer: Krise als Chance","datePublished":"2020-04-07T07:56:27+00:00","dateModified":"2020-04-29T15:45:19+00:00","mainEntityOfPage":{"@id":"https:\/\/gegenstrom.org\/podcast-krise-als-chanche\/"},"wordCount":203,"commentCount":0,"publisher":{"@id":"https:\/\/gegenstrom.org\/#organization"},"image":{"@id":"https:\/\/gegenstrom.org\/podcast-krise-als-chanche\/#primaryimage"},"thumbnailUrl":"https:\/\/gegenstrom.org\/wp-content\/uploads\/2020\/04\/Podcast.jpg","articleSection":["Podcast"],"inLanguage":"en-US"},{"@type":"WebPage","@id":"https:\/\/gegenstrom.org\/podcast-krise-als-chanche\/","url":"https:\/\/gegenstrom.org\/podcast-krise-als-chanche\/","name":"Im Gespr\u00e4ch mit Frank Kraemer: Krise als Chance - Gegenstrom","isPartOf":{"@id":"https:\/\/gegenstrom.org\/#website"},"primaryImageOfPage":{"@id":"https:\/\/gegenstrom.org\/podcast-krise-als-chanche\/#primaryimage"},"image":{"@id":"https:\/\/gegenstrom.org\/podcast-krise-als-chanche\/#primaryimage"},"thumbnailUrl":"https:\/\/gegenstrom.org\/wp-content\/uploads\/2020\/04\/Podcast.jpg","datePublished":"2020-04-07T07:56:27+00:00","dateModified":"2020-04-29T15:45:19+00:00","breadcrumb":{"@id":"https:\/\/gegenstrom.org\/podcast-krise-als-chanche\/#breadcrumb"},"inLanguage":"en-US","potentialAction":[{"@type":"ReadAction","target":["https:\/\/gegenstrom.org\/podcast-krise-als-chanche\/"]}]},{"@type":"ImageObject","inLanguage":"en-US","@id":"https:\/\/gegenstrom.org\/podcast-krise-als-chanche\/#primaryimage","url":"https:\/\/gegenstrom.org\/wp-content\/uploads\/2020\/04\/Podcast.jpg","contentUrl":"https:\/\/gegenstrom.org\/wp-content\/uploads\/2020\/04\/Podcast.jpg","width":715,"height":300,"caption":"Gegenstrom Podcast"},{"@type":"BreadcrumbList","@id":"https:\/\/gegenstrom.org\/podcast-krise-als-chanche\/#breadcrumb","itemListElement":[{"@type":"ListItem","position":1,"name":"Startseite","item":"https:\/\/gegenstrom.org\/"},{"@type":"ListItem","position":2,"name":"Im Gespr\u00e4ch mit Frank Kraemer: Krise als Chance"}]},{"@type":"WebSite","@id":"https:\/\/gegenstrom.org\/#website","url":"https:\/\/gegenstrom.org\/","name":"Gegenstrom","description":"Plattform f\u00fcr rechte Metapolitik","publisher":{"@id":"https:\/\/gegenstrom.org\/#organization"},"potentialAction":[{"@type":"SearchAction","target":{"@type":"EntryPoint","urlTemplate":"https:\/\/gegenstrom.org\/?s={search_term_string}"},"query-input":{"@type":"PropertyValueSpecification","valueRequired":true,"valueName":"search_term_string"}}],"inLanguage":"en-US"},{"@type":"Organization","@id":"https:\/\/gegenstrom.org\/#organization","name":"Metapol Verlag & Medien","url":"https:\/\/gegenstrom.org\/","logo":{"@type":"ImageObject","inLanguage":"en-US","@id":"https:\/\/gegenstrom.org\/#\/schema\/logo\/image\/","url":"https:\/\/gegenstrom.org\/wp-content\/uploads\/2019\/11\/WMB_Senkrecht_Farbe_M-e1574681161133.png","contentUrl":"https:\/\/gegenstrom.org\/wp-content\/uploads\/2019\/11\/WMB_Senkrecht_Farbe_M-e1574681161133.png","width":300,"height":219,"caption":"Metapol Verlag & Medien"},"image":{"@id":"https:\/\/gegenstrom.org\/#\/schema\/logo\/image\/"},"sameAs":["https:\/\/de-de.facebook.com\/rechteMetapolitik\/","https:\/\/www.youtube.com\/channel\/UCvQizs-yQ8YapMiyuD6wDrw"]},{"@type":"Person","@id":"https:\/\/gegenstrom.org\/#\/schema\/person\/9adb4188754722c1352b5f101655cd2d","name":"Redaktion","url":"https:\/\/gegenstrom.org\/en\/author\/redaktion\/"}]}},"jetpack_featured_media_url":"https:\/\/gegenstrom.org\/wp-content\/uploads\/2020\/04\/Podcast.jpg","jetpack_sharing_enabled":true,"_links":{"self":[{"href":"https:\/\/gegenstrom.org\/en\/wp-json\/wp\/v2\/posts\/6812","targetHints":{"allow":["GET"]}}],"collection":[{"href":"https:\/\/gegenstrom.org\/en\/wp-json\/wp\/v2\/posts"}],"about":[{"href":"https:\/\/gegenstrom.org\/en\/wp-json\/wp\/v2\/types\/post"}],"author":[{"embeddable":true,"href":"https:\/\/gegenstrom.org\/en\/wp-json\/wp\/v2\/users\/28"}],"replies":[{"embeddable":true,"href":"https:\/\/gegenstrom.org\/en\/wp-json\/wp\/v2\/comments?post=6812"}],"version-history":[{"count":0,"href":"https:\/\/gegenstrom.org\/en\/wp-json\/wp\/v2\/posts\/6812\/revisions"}],"wp:featuredmedia":[{"embeddable":true,"href":"https:\/\/gegenstrom.org\/en\/wp-json\/wp\/v2\/media\/6855"}],"wp:attachment":[{"href":"https:\/\/gegenstrom.org\/en\/wp-json\/wp\/v2\/media?parent=6812"}],"wp:term":[{"taxonomy":"category","embeddable":true,"href":"https:\/\/gegenstrom.org\/en\/wp-json\/wp\/v2\/categories?post=6812"},{"taxonomy":"post_tag","embeddable":true,"href":"https:\/\/gegenstrom.org\/en\/wp-json\/wp\/v2\/tags?post=6812"}],"curies":[{"name":"wp","href":"https:\/\/api.w.org\/{rel}","templated":true}]}}