{"id":451,"date":"2017-01-24T18:53:16","date_gmt":"2017-01-24T18:53:16","guid":{"rendered":"https:\/\/gegenstrom.org\/?p=451"},"modified":"2020-02-03T17:22:24","modified_gmt":"2020-02-03T16:22:24","slug":"gastbeitrag-im-westen-was-neues-teil-1","status":"publish","type":"post","link":"https:\/\/gegenstrom.org\/en\/gastbeitrag-im-westen-was-neues-teil-1\/","title":{"rendered":"&#8222;Im Westen was Neues&#8220;. Teil 1"},"content":{"rendered":"<p style=\"text-align: justify;\"><em>zuvor erschienen in der Zeitschrift &#8222;Volk in Bewegung&#8220;, Ausgabe 6\/ 2016 &#8211;<\/em><\/p>\n<p style=\"text-align: justify;\">Ruhten die Hoffnungen identit\u00e4rer Kr\u00e4fte in Zentraleuropa bis vor einigen Tagen noch in erster Linie auf Impulsen, die von Osteuropa einschlie\u00dflich der Russischen F\u00f6deration ausgingen und war ansonsten der Himmel \u00fcber Deutschlands und Europas Zukunft d\u00fcster und wolkenverhangen, klart sich dieser nun auf und wird heiter. Die Gro\u00dfwetterlage hat sich mit einem Schlag gewandelt. Was niemand \u2013 zumal diesseits des Atlantischen Ozeans \u2013 f\u00fcr m\u00f6glich gehalten h\u00e4tte, ist zur bitteren Realit\u00e4t f\u00fcr das Establishment geworden: Donald J. Trump wurde am 8. November 2016 zum 45. Pr\u00e4sidenten der Vereinigten Staaten von Amerika gew\u00e4hlt.<\/p>\n<h2 style=\"text-align: justify;\"><strong>Schockstarre und \u201ebusiness as usual\u201c <\/strong><\/h2>\n<p style=\"text-align: justify;\"><strong>\u00a0<\/strong><\/p>\n<p style=\"text-align: justify;\">Unter den Eliten h\u00fcben wie dr\u00fcben geht die Angst um, aber viele Polit-Bonzen und Medienmogule sind sich wohl noch nicht ganz sicher, wie sie auf das Eintreten eines solch unerwarteten Szenarios reagieren sollen. Hatte man sich nicht bis am Wahlabend eingeredet, ein Sieg Trumps sei nur noch mithilfe eines Wunders m\u00f6glich? War man der Pr\u00e4sidentschaftskandidatin nicht bereits bis zu den Schultern in den After gekrochen? Oh doch! Umso ungenie\u00dfbarer war f\u00fcr diese Herrschaften das Katerfr\u00fchst\u00fcck, das sie am n\u00e4chsten Morgen hinunterzuw\u00fcrgen gezwungen waren. Hillary Clinton schickte zun\u00e4chst ihren Wahlkampfleiter vor, mochte selbst nicht vor ihren Anh\u00e4ngern sprechen, gestand jedoch gegen\u00fcber Trump telefonisch ihre Niederlage ein. Dem schwarzen Messias, der am Wahlabend noch davor gewarnt hatte, das Schicksal der Welt stehe am Abgrund und die Demokratie mit dieser Wahl zur Abstimmung,<a href=\"#_ftn1\" name=\"_ftnref1\">[1]<\/a> war das Lachen vergangen, als er am n\u00e4chsten Morgen etwas davon faselte, dass alle letztlich im gleichen Team seien. Die Demokratie stand nicht zur Abstimmung, lieber Obama, die Demokratie hat abgestimmt!<\/p>\n<p style=\"text-align: justify;\">In Europa waren die Auftritte der meisten Politiker einfach nur peinlich. Am besten fuhren vermutlich jene, die in eine Schockstarre verfielen und schwiegen. Leider waren es die wenigsten! Die meisten glaubten, die Zeichen der Zeit dabei v\u00f6llig verkennend, zur Tagesordnung \u00fcbergehen und den verhassten Pr\u00e4sidentschaftskandidaten, der bereits die Wahl f\u00fcr sich entschieden hatte, weiterhin despektierlich behandeln zu d\u00fcrfen. So gratulierte beispielsweise Bundesau\u00dfenminister Frank-Walter Steinmeier dem Republikaner Donald Trump, den er zuvor als \u201eHassprediger\u201c tituliert hatte, in seiner Stellungnahme nicht zur Wahl zum Pr\u00e4sidenten \u2013 mit Sicherheit ein Novum in der bundesdeutschen Geschichte.<a href=\"#_ftn2\" name=\"_ftnref2\">[2]<\/a> Und unsere Angela, deren geistige Verfassung von Trump w\u00e4hrend des Wahlkampfes bereits fachm\u00e4nnisch und mithin sicher zutreffend analysiert worden war, bot dem m\u00e4chtigsten Mann der Welt \u201eauf Basis\u201c der Einhaltung demokratischer Grundwerte \u201eeine enge Zusammenarbeit\u201c an.<a href=\"#_ftn3\" name=\"_ftnref3\">[3]<\/a> Ein weiteres Indiz f\u00fcr ihren, vom medizinischen Standpunkt aus gesehen, bedenklichen Gr\u00f6\u00dfenwahn. Es w\u00e4re mir neu, dass der Vasall beim Handgang Forderungen an den Lehnsherren stellt \u2013 und seien es auch nur indirekt formulierte.<\/p>\n<p style=\"text-align: justify;\">\u00c4hnlich weit aus dem Fenster lehnte sich auch der Vorsitzende der Linken-Bundestagsfraktion Dietmar Bartsch, der in einem Interview mit dem Sender n-tv sagte, Deutschland m\u00fcsse zwar die demokratische Wahl der US-B\u00fcrger akzeptieren, jedoch \u201edeutlich machen, wo es Grenzen\u201c gebe. Auch auf ihn passt der lateinische Sinnspruch nach Boethius: Si tacuisses, philosophus mansisses (Wenn du geschwiegen h\u00e4ttest, w\u00e4rst du ein Philosoph geblieben).<a href=\"#_ftn4\" name=\"_ftnref4\">[4]<\/a> Bartsch schwadronierte weiter \u00fcber Trump, wenn er wahr mache, was er gesagt habe, gingen wir schweren Zeiten entgegen. Au\u00dferdem bleibe er dabei, dass die Wahl von Donald Trump ein schwarzer Tag f\u00fcr Amerika und auch f\u00fcr die Welt gewesen sei. Der Linkspolitiker hofft indes darauf, der Wolf werde bald Kreide fressen und mildere T\u00f6ne anschlagen, wobei es aber darauf ankomme, inwieweit der neue Pr\u00e4sident sich von seinem Vizepr\u00e4sidenten und seinen Beratern einhegen lasse.<a href=\"#_ftn5\" name=\"_ftnref5\">[5]<\/a> Im n\u00e4chsten Abschnitt wollen wir er\u00f6rtern, weshalb das keine gute Entwicklung w\u00e4re.<\/p>\n<h2 style=\"text-align: justify;\"><strong>Hatten die Amerikaner wirklich die Wahl zwischen Pest und Cholera?<\/strong><\/h2>\n<p style=\"text-align: justify;\"><strong>\u00a0<\/strong><\/p>\n<p style=\"text-align: justify;\">Wer sich die Fernsehduelle der Pr\u00e4sidentschaftskandidaten und die Debatte zwischen den Running Mates Tim Kaine und Mike Pence angesehen hatte, war wahrscheinlich nicht minder als der Verfasser dieser Zeilen von der besonnenen und sachlichen Art Pence\u2019 eingenommen, der es gleichwohl nicht an Rhetorik hatte fehlen lassen. Als dann das skandaltr\u00e4chtige Video Trumps auftauchte, w\u00fcnschten viele Menschen sicherlich, dieser werde den Hut nehmen und einem chancenreicheren Kandidaten das Rennen gegen Crooked Hillary \u00fcberlassen. Trotzdem gibt es einen wesentlichen Punkt, der f\u00fcr Trump und gegen Hillary oder Pence als einen Pr\u00e4sidenten des Friedens spricht, so eigenartig das f\u00fcr die, an von deutschen Medien unkritisch \u00fcbernommene Clinton-Propaganda gew\u00f6hnten, Ohren der Bundesb\u00fcrger klingen mag. Mit Hillary w\u00e4re eine Intervention in Syrien gegen die Assad-Regierung (Regime w\u00e4re Propaganda-Sprech) und damit auch gegen Russland vorprogrammiert gewesen. Pence\u2019 scharfe Anti-Russland-Rhetorik, die m. E. den Tiefpunkt seines TV-Auftritts gegen Kaine darstellt, der sonst \u00fcberwiegend aus H\u00f6hepunkten bestand, ist beinahe genau auf Linie der Kriegstreiberin Clinton. Sie bem\u00fchte in der zweiten TV-Debatte das Bild des blutverschmierten Jungen in Aleppo, der seine Verletzungen infolge russischer oder syrischer Bombardements erhalten habe. In einer Frage, die den Kandidaten gestellt wurde, verglich man die Situation sogar mit dem Holocaust, vor dem die USA zu lange die Augen verschlossen h\u00e4tten, bevor sie intervenierten. Es ist wirklich erschreckend, wie am Rande eines gro\u00dfen Krieges wieder mit Kindergesichtern Politik gemacht wird! Wer erinnert sich nicht mehr der Brutkastenl\u00fcge, die von einem hervorragend schauspielernden, weinenden M\u00e4dchen der Welt\u00f6ffentlichkeit vorgetragen wurde? Die Folgen sind uns bekannt. Gefragt, ob er sich hinsichtlich der scharfen Kritik an Russland auf einer Linie mit seinem Vize-Pr\u00e4sidentschaftskandidaten befinde, antwortete Trump, dass ihre Ansichten an diesem Punkt auseinandergingen. Sehr staatsm\u00e4nnisch und \u00e4u\u00dferst besonnen warnte er davor, Rebellen zu unterst\u00fctzen, von denen man nicht wisse, wer sie seien, da sich diese Art der Unterst\u00fctzung in der Vergangenheit meist zu einem Desaster entwickelt habe. Trump nannte das Kind beim Namen, als er sagte, Russland und Assad bek\u00e4mpften in Syrien den Islamischen Staat! Die USA dagegen unterst\u00fctzten fadenscheinige Rebellen. Trump wird an Russlands Seite den IS bek\u00e4mpfen und die diplomatischen Beziehungen zu diesem Staat und seinem Pr\u00e4sidenten wieder ins Lot bringen, die durch die desastr\u00f6sen Fehlentscheidungen und das unbedachte S\u00e4belrasseln einer Hillary und eines Friedensnobelpreistr\u00e4gers namens Obama sowie dessen bundesdeutscher Busenfreundin Angela an den Rand eines Krieges und damit einer globalen Katastrophe gebracht worden sind. Der offensichtlich mit mehr Scharfblick als sein Parteigenosse Bartsch ausgestattete Linken-Politiker Oskar Lafontaine nannte die alte Hexe Hillary bei Maischberger eine korrupte Terroristin,<a href=\"#_ftn6\" name=\"_ftnref6\">[6]<\/a> womit er so ziemlich genau ins Schwarze getroffen haben d\u00fcrfte. Nach meinem Daf\u00fcrhalten befand sich der Westen auf der Schwelle eines zweiten Kalten Krieges. Hillary und ihre Kriegstreiberbande warteten nur darauf, den Rubicon zu \u00fcberqueren &#8230; Amerika hatte die Wahl zwischen einem Pr\u00e4sidenten, der wegen sexistischer Spr\u00fcche und ggf. lange Zeit zur\u00fcckliegender Grabschereien in die Kritik geraten war, und einer Pr\u00e4sidentin, die ein Spiel mit dem Feuer trieb, indem sie den an Wahnsinn grenzenden Konfrontationskurs gegen Russland fortzusetzen trachtete.<\/p>\n<p style=\"text-align: justify;\">Es liegt mir nichts ferner als die Wortwahl oder das fr\u00fchere Verhalten des jetzt zum Pr\u00e4sidenten gew\u00e4hlten Milliard\u00e4rs f\u00fcr salonf\u00e4hig zu erkl\u00e4ren oder sonst wie als Apologet f\u00fcr dessen \u00c4u\u00dferungen aufzutreten, doch von einer Wahl zwischen Pest und Cholera zu sprechen, das erscheint in diesem Falle schon etwas \u00fcberspitzt. Treffender w\u00e4re es sicher, wenn man von einer Wahl zwischen Ebola und Schnupfen spr\u00e4che!<\/p>\n<h2 style=\"text-align: justify;\"><strong>Allen Widrigkeiten zum Trotz<\/strong><\/h2>\n<p style=\"text-align: justify;\"><strong>\u00a0<\/strong><\/p>\n<p style=\"text-align: justify;\">Obama trat vor Jahren mit dem Versprechen an, einen Politikwechsel herbeizuf\u00fchren, nachdem er von den Medien zum Pr\u00e4sidenten hochgejubelt worden war: der schwarze Messias zog ins Wei\u00dfe Haus ein und scheiterte in allem, was er anpackte. An den H\u00e4nden dieses Mannes klebt mehr Blut als an den H\u00e4nden vieler seiner Vorg\u00e4nger. Barack Obama und Secretary Clinton standen niemals wirklich f\u00fcr einen Wechsel in der Au\u00dfenpolitik \u2013 und in der Innenpolitik trieb Obama das Randgruppenprogramm mit Hochtouren voran, dem die schweigende Noch-Mehrheit zum Teil ablehnend, wenigstens jedoch kritisch gegen\u00fcbersteht. Wer kann es dieser geduldigen Mehrheit verdenken, dass sie nach vielen Jahren der Zumutungen die Faxen dicke hatte und in ihrer Eigenschaft als Souver\u00e4n die Regierungsverantwortung einem v\u00f6lligen Au\u00dfenseiter, einem Underdog, der nie zuvor ein politisches Amt besessen hatte, \u00fcbertrug. Dieser Wahlzettel war nicht blo\u00df ein Denkzettel f\u00fcr die Polit-Mafia, sondern eine Kampfansage an die verhasste Washingtoner Schickeria.<\/p>\n<p style=\"text-align: justify;\">Der Gesch\u00e4ftsmann, der eines Tages beschloss, Politiker zu werden, hatte vor der notorischen L\u00fcgnerin und Berufspolitikerin nicht nur einen Vertrauensvorschuss beim pragmatischen Amerikaner, sondern namentlich die wei\u00dfen, werkt\u00e4tigen M\u00e4nner hatten es au\u00dferdem gr\u00fcndlich satt, noch l\u00e4nger die benachteiligten Zahlmeister einer Nation sein zu m\u00fcssen, deren Gesicht sich \u00fcber die Jahrzehnte aus ihrer Perspektive merklich zum Negativen ver\u00e4ndert hatte, wobei unter diesen negativen Entwicklungen, das zeigen Statistiken, an erster Stelle die Einwanderung zu nennen ist. Wer m\u00f6chte gerne \u2013 von der hirngewaschenen Studenteska bundesdeutscher und amerikanischer Universit\u00e4ten einmal abgesehen \u2013 sein Land verlieren? Das Land, das die eigenen Gro\u00dfeltern, Urgro\u00dfeltern und vielleicht sogar Ururgro\u00dfeltern zu dem gemacht haben, was es heute <em>noch<\/em> ist, n\u00e4mlich die gr\u00f6\u00dfte Wirtschaftsnation der Welt.<a href=\"#_ftn7\" name=\"_ftnref7\">[7]<\/a> Beatrix von Storch liegt daher ganz und gar nicht falsch, wenn sie sich auf ihrem Facebook-Profil wie folgt zum Wahlsieg des Au\u00dfenseiters \u00e4u\u00dfert: \u201eDies ist ein historischer Wahlerfolg. Der Sieg von Donald Trump ist ein Signal daf\u00fcr, dass die B\u00fcrger in der westlichen Welt einen klaren Politikwechsel wollen. Das ist nur f\u00fcr das Establishment eine \u00dcberraschung, f\u00fcr mich war das zu erwarten. Denn sowohl in den USA als auch in Deutschland w\u00fcnschen sich die B\u00fcrger sichere Grenzen, weniger Globalismus und eine Politik, die sich mit gesundem Menschenverstand mehr auf die Vorg\u00e4nge im eigenen Land konzentriert.\u201c<a href=\"#_ftn8\" name=\"_ftnref8\">[8]<\/a><\/p>\n<p style=\"text-align: left;\"><a href=\"#_ftnref1\" name=\"_ftn1\">[1]<\/a> http:\/\/www.focus.de\/politik\/ausland\/us-wahlen-2016\/us-wahlen-im-news-ticker-obama-warnt-vor-trump-das-schicksal-der-welt-steht-am-abgrund_id_6150721.html<\/p>\n<p style=\"text-align: left;\"><a href=\"#_ftnref2\" name=\"_ftn2\">[2]<\/a> http:\/\/www.n-tv.de\/politik\/Steinmeier-gratuliert-Trump-nicht-article19045691.html<\/p>\n<p style=\"text-align: left;\"><a href=\"#_ftnref3\" name=\"_ftn3\">[3]<\/a> http:\/\/www.n-tv.de\/mediathek\/videos\/politik\/Merkel-bietet-Trump-enge-Zusammenarbeit-an-article19046771.html<\/p>\n<p style=\"text-align: left;\"><a href=\"#_ftnref4\" name=\"_ftn4\">[4]<\/a> Trostbuch der Philosophie II,7<\/p>\n<p style=\"text-align: left;\"><a href=\"#_ftnref5\" name=\"_ftn5\">[5]<\/a> https:\/\/de.sputniknews.com\/politik\/20161109313288125-linke-bartsch-trump-sieg-schwarzer-tag\/<\/p>\n<p style=\"text-align: left;\"><a href=\"#_ftnref6\" name=\"_ftn6\">[6]<\/a> https:\/\/www.welt.de\/vermischtes\/article159394338\/Zwischen-Realitaetsverweigerung-und-bodenlosem-Starrsinn.html<\/p>\n<p style=\"text-align: left;\"><a href=\"#_ftnref7\" name=\"_ftn7\">[7]<\/a> https:\/\/www.welt.de\/finanzen\/geldanlage\/article13920099\/Rangliste-der-Wirtschaftsnationen-sortiert-sich-neu.html<\/p>\n<p style=\"text-align: left;\"><a href=\"#_ftnref8\" name=\"_ftn8\">[8]<\/a> https:\/\/www.facebook.com\/BeatrixVonStorch\/posts\/1303113483063427<\/p>","protected":false},"excerpt":{"rendered":"<p>zuvor erschienen in der Zeitschrift &#8222;Volk in Bewegung&#8220;, Ausgabe 6\/ 2016 &#8211; Ruhten die Hoffnungen identit\u00e4rer Kr\u00e4fte in Zentraleuropa bis vor einigen Tagen noch in erster Linie auf Impulsen, die von Osteuropa einschlie\u00dflich der Russischen F\u00f6deration ausgingen und war ansonsten der Himmel \u00fcber Deutschlands und Europas Zukunft d\u00fcster und wolkenverhangen, klart sich dieser nun auf [&hellip;]<\/p>","protected":false},"author":26,"featured_media":452,"comment_status":"open","ping_status":"open","sticky":false,"template":"","format":"standard","meta":{"_et_pb_use_builder":"","_et_pb_old_content":"","_et_gb_content_width":"","_jetpack_memberships_contains_paid_content":false,"footnotes":""},"categories":[4],"tags":[],"class_list":["post-451","post","type-post","status-publish","format-standard","has-post-thumbnail","hentry","category-deutschland-und-die-welt"],"yoast_head":"<!-- This site is optimized with the Yoast SEO plugin v26.2 - https:\/\/yoast.com\/wordpress\/plugins\/seo\/ -->\n<title>&quot;Im Westen was Neues&quot;. Teil 1 - Gegenstrom<\/title>\n<meta name=\"robots\" content=\"index, follow, max-snippet:-1, max-image-preview:large, max-video-preview:-1\" \/>\n<link rel=\"canonical\" href=\"https:\/\/gegenstrom.org\/en\/gastbeitrag-im-westen-was-neues-teil-1\/\" \/>\n<meta property=\"og:locale\" content=\"en_US\" \/>\n<meta property=\"og:type\" content=\"article\" \/>\n<meta property=\"og:title\" content=\"&quot;Im Westen was Neues&quot;. Teil 1 - Gegenstrom\" \/>\n<meta property=\"og:description\" content=\"zuvor erschienen in der Zeitschrift &#8222;Volk in Bewegung&#8220;, Ausgabe 6\/ 2016 &#8211; Ruhten die Hoffnungen identit\u00e4rer Kr\u00e4fte in Zentraleuropa bis vor einigen Tagen noch in erster Linie auf Impulsen, die von Osteuropa einschlie\u00dflich der Russischen F\u00f6deration ausgingen und war ansonsten der Himmel \u00fcber Deutschlands und Europas Zukunft d\u00fcster und wolkenverhangen, klart sich dieser nun auf [&hellip;]\" \/>\n<meta property=\"og:url\" content=\"https:\/\/gegenstrom.org\/en\/gastbeitrag-im-westen-was-neues-teil-1\/\" \/>\n<meta property=\"og:site_name\" content=\"Gegenstrom\" \/>\n<meta property=\"article:publisher\" content=\"https:\/\/de-de.facebook.com\/rechteMetapolitik\/\" \/>\n<meta property=\"article:published_time\" content=\"2017-01-24T18:53:16+00:00\" \/>\n<meta property=\"article:modified_time\" content=\"2020-02-03T16:22:24+00:00\" \/>\n<meta property=\"og:image\" content=\"https:\/\/gegenstrom.org\/wp-content\/uploads\/2017\/01\/Johannes-Scharf-Header-715x300.jpg\" \/>\n\t<meta property=\"og:image:width\" content=\"715\" \/>\n\t<meta property=\"og:image:height\" content=\"300\" \/>\n\t<meta property=\"og:image:type\" content=\"image\/jpeg\" \/>\n<meta name=\"author\" content=\"Johannes Scharf\" \/>\n<meta name=\"twitter:card\" content=\"summary_large_image\" \/>\n<meta name=\"twitter:label1\" content=\"Written by\" \/>\n\t<meta name=\"twitter:data1\" content=\"Johannes Scharf\" \/>\n\t<meta name=\"twitter:label2\" content=\"Est. reading time\" \/>\n\t<meta name=\"twitter:data2\" content=\"8 minutes\" \/>\n<script type=\"application\/ld+json\" class=\"yoast-schema-graph\">{\"@context\":\"https:\/\/schema.org\",\"@graph\":[{\"@type\":\"Article\",\"@id\":\"https:\/\/gegenstrom.org\/gastbeitrag-im-westen-was-neues-teil-1\/#article\",\"isPartOf\":{\"@id\":\"https:\/\/gegenstrom.org\/gastbeitrag-im-westen-was-neues-teil-1\/\"},\"author\":{\"name\":\"Johannes Scharf\",\"@id\":\"https:\/\/gegenstrom.org\/#\/schema\/person\/89ec228b9c5e870e3ce6c2e8864535ec\"},\"headline\":\"&#8222;Im Westen was Neues&#8220;. Teil 1\",\"datePublished\":\"2017-01-24T18:53:16+00:00\",\"dateModified\":\"2020-02-03T16:22:24+00:00\",\"mainEntityOfPage\":{\"@id\":\"https:\/\/gegenstrom.org\/gastbeitrag-im-westen-was-neues-teil-1\/\"},\"wordCount\":1692,\"commentCount\":0,\"publisher\":{\"@id\":\"https:\/\/gegenstrom.org\/#organization\"},\"image\":{\"@id\":\"https:\/\/gegenstrom.org\/gastbeitrag-im-westen-was-neues-teil-1\/#primaryimage\"},\"thumbnailUrl\":\"https:\/\/gegenstrom.org\/wp-content\/uploads\/2017\/01\/Johannes-Scharf-Header-715x300.jpg\",\"articleSection\":[\"Deutschland und die Welt\"],\"inLanguage\":\"en-US\"},{\"@type\":\"WebPage\",\"@id\":\"https:\/\/gegenstrom.org\/gastbeitrag-im-westen-was-neues-teil-1\/\",\"url\":\"https:\/\/gegenstrom.org\/gastbeitrag-im-westen-was-neues-teil-1\/\",\"name\":\"\\\"Im Westen was Neues\\\". Teil 1 - Gegenstrom\",\"isPartOf\":{\"@id\":\"https:\/\/gegenstrom.org\/#website\"},\"primaryImageOfPage\":{\"@id\":\"https:\/\/gegenstrom.org\/gastbeitrag-im-westen-was-neues-teil-1\/#primaryimage\"},\"image\":{\"@id\":\"https:\/\/gegenstrom.org\/gastbeitrag-im-westen-was-neues-teil-1\/#primaryimage\"},\"thumbnailUrl\":\"https:\/\/gegenstrom.org\/wp-content\/uploads\/2017\/01\/Johannes-Scharf-Header-715x300.jpg\",\"datePublished\":\"2017-01-24T18:53:16+00:00\",\"dateModified\":\"2020-02-03T16:22:24+00:00\",\"breadcrumb\":{\"@id\":\"https:\/\/gegenstrom.org\/gastbeitrag-im-westen-was-neues-teil-1\/#breadcrumb\"},\"inLanguage\":\"en-US\",\"potentialAction\":[{\"@type\":\"ReadAction\",\"target\":[\"https:\/\/gegenstrom.org\/gastbeitrag-im-westen-was-neues-teil-1\/\"]}]},{\"@type\":\"ImageObject\",\"inLanguage\":\"en-US\",\"@id\":\"https:\/\/gegenstrom.org\/gastbeitrag-im-westen-was-neues-teil-1\/#primaryimage\",\"url\":\"https:\/\/gegenstrom.org\/wp-content\/uploads\/2017\/01\/Johannes-Scharf-Header-715x300.jpg\",\"contentUrl\":\"https:\/\/gegenstrom.org\/wp-content\/uploads\/2017\/01\/Johannes-Scharf-Header-715x300.jpg\",\"width\":715,\"height\":300,\"caption\":\"Johannes Scharf\"},{\"@type\":\"BreadcrumbList\",\"@id\":\"https:\/\/gegenstrom.org\/gastbeitrag-im-westen-was-neues-teil-1\/#breadcrumb\",\"itemListElement\":[{\"@type\":\"ListItem\",\"position\":1,\"name\":\"Startseite\",\"item\":\"https:\/\/gegenstrom.org\/\"},{\"@type\":\"ListItem\",\"position\":2,\"name\":\"&#8222;Im Westen was Neues&#8220;. Teil 1\"}]},{\"@type\":\"WebSite\",\"@id\":\"https:\/\/gegenstrom.org\/#website\",\"url\":\"https:\/\/gegenstrom.org\/\",\"name\":\"Gegenstrom\",\"description\":\"Plattform f\u00fcr rechte Metapolitik\",\"publisher\":{\"@id\":\"https:\/\/gegenstrom.org\/#organization\"},\"potentialAction\":[{\"@type\":\"SearchAction\",\"target\":{\"@type\":\"EntryPoint\",\"urlTemplate\":\"https:\/\/gegenstrom.org\/?s={search_term_string}\"},\"query-input\":{\"@type\":\"PropertyValueSpecification\",\"valueRequired\":true,\"valueName\":\"search_term_string\"}}],\"inLanguage\":\"en-US\"},{\"@type\":\"Organization\",\"@id\":\"https:\/\/gegenstrom.org\/#organization\",\"name\":\"Metapol Verlag & Medien\",\"url\":\"https:\/\/gegenstrom.org\/\",\"logo\":{\"@type\":\"ImageObject\",\"inLanguage\":\"en-US\",\"@id\":\"https:\/\/gegenstrom.org\/#\/schema\/logo\/image\/\",\"url\":\"https:\/\/gegenstrom.org\/wp-content\/uploads\/2019\/11\/WMB_Senkrecht_Farbe_M-e1574681161133.png\",\"contentUrl\":\"https:\/\/gegenstrom.org\/wp-content\/uploads\/2019\/11\/WMB_Senkrecht_Farbe_M-e1574681161133.png\",\"width\":300,\"height\":219,\"caption\":\"Metapol Verlag & Medien\"},\"image\":{\"@id\":\"https:\/\/gegenstrom.org\/#\/schema\/logo\/image\/\"},\"sameAs\":[\"https:\/\/de-de.facebook.com\/rechteMetapolitik\/\",\"https:\/\/www.youtube.com\/channel\/UCvQizs-yQ8YapMiyuD6wDrw\"]},{\"@type\":\"Person\",\"@id\":\"https:\/\/gegenstrom.org\/#\/schema\/person\/89ec228b9c5e870e3ce6c2e8864535ec\",\"name\":\"Johannes Scharf\",\"url\":\"https:\/\/gegenstrom.org\/en\/author\/johannes-scharf\/\"}]}<\/script>\n<!-- \/ Yoast SEO plugin. -->","yoast_head_json":{"title":"\"Im Westen was Neues\". Teil 1 - Gegenstrom","robots":{"index":"index","follow":"follow","max-snippet":"max-snippet:-1","max-image-preview":"max-image-preview:large","max-video-preview":"max-video-preview:-1"},"canonical":"https:\/\/gegenstrom.org\/en\/gastbeitrag-im-westen-was-neues-teil-1\/","og_locale":"en_US","og_type":"article","og_title":"\"Im Westen was Neues\". Teil 1 - Gegenstrom","og_description":"zuvor erschienen in der Zeitschrift &#8222;Volk in Bewegung&#8220;, Ausgabe 6\/ 2016 &#8211; Ruhten die Hoffnungen identit\u00e4rer Kr\u00e4fte in Zentraleuropa bis vor einigen Tagen noch in erster Linie auf Impulsen, die von Osteuropa einschlie\u00dflich der Russischen F\u00f6deration ausgingen und war ansonsten der Himmel \u00fcber Deutschlands und Europas Zukunft d\u00fcster und wolkenverhangen, klart sich dieser nun auf [&hellip;]","og_url":"https:\/\/gegenstrom.org\/en\/gastbeitrag-im-westen-was-neues-teil-1\/","og_site_name":"Gegenstrom","article_publisher":"https:\/\/de-de.facebook.com\/rechteMetapolitik\/","article_published_time":"2017-01-24T18:53:16+00:00","article_modified_time":"2020-02-03T16:22:24+00:00","og_image":[{"width":715,"height":300,"url":"https:\/\/gegenstrom.org\/wp-content\/uploads\/2017\/01\/Johannes-Scharf-Header-715x300.jpg","type":"image\/jpeg"}],"author":"Johannes Scharf","twitter_card":"summary_large_image","twitter_misc":{"Written by":"Johannes Scharf","Est. reading time":"8 minutes"},"schema":{"@context":"https:\/\/schema.org","@graph":[{"@type":"Article","@id":"https:\/\/gegenstrom.org\/gastbeitrag-im-westen-was-neues-teil-1\/#article","isPartOf":{"@id":"https:\/\/gegenstrom.org\/gastbeitrag-im-westen-was-neues-teil-1\/"},"author":{"name":"Johannes Scharf","@id":"https:\/\/gegenstrom.org\/#\/schema\/person\/89ec228b9c5e870e3ce6c2e8864535ec"},"headline":"&#8222;Im Westen was Neues&#8220;. Teil 1","datePublished":"2017-01-24T18:53:16+00:00","dateModified":"2020-02-03T16:22:24+00:00","mainEntityOfPage":{"@id":"https:\/\/gegenstrom.org\/gastbeitrag-im-westen-was-neues-teil-1\/"},"wordCount":1692,"commentCount":0,"publisher":{"@id":"https:\/\/gegenstrom.org\/#organization"},"image":{"@id":"https:\/\/gegenstrom.org\/gastbeitrag-im-westen-was-neues-teil-1\/#primaryimage"},"thumbnailUrl":"https:\/\/gegenstrom.org\/wp-content\/uploads\/2017\/01\/Johannes-Scharf-Header-715x300.jpg","articleSection":["Deutschland und die Welt"],"inLanguage":"en-US"},{"@type":"WebPage","@id":"https:\/\/gegenstrom.org\/gastbeitrag-im-westen-was-neues-teil-1\/","url":"https:\/\/gegenstrom.org\/gastbeitrag-im-westen-was-neues-teil-1\/","name":"\"Im Westen was Neues\". Teil 1 - Gegenstrom","isPartOf":{"@id":"https:\/\/gegenstrom.org\/#website"},"primaryImageOfPage":{"@id":"https:\/\/gegenstrom.org\/gastbeitrag-im-westen-was-neues-teil-1\/#primaryimage"},"image":{"@id":"https:\/\/gegenstrom.org\/gastbeitrag-im-westen-was-neues-teil-1\/#primaryimage"},"thumbnailUrl":"https:\/\/gegenstrom.org\/wp-content\/uploads\/2017\/01\/Johannes-Scharf-Header-715x300.jpg","datePublished":"2017-01-24T18:53:16+00:00","dateModified":"2020-02-03T16:22:24+00:00","breadcrumb":{"@id":"https:\/\/gegenstrom.org\/gastbeitrag-im-westen-was-neues-teil-1\/#breadcrumb"},"inLanguage":"en-US","potentialAction":[{"@type":"ReadAction","target":["https:\/\/gegenstrom.org\/gastbeitrag-im-westen-was-neues-teil-1\/"]}]},{"@type":"ImageObject","inLanguage":"en-US","@id":"https:\/\/gegenstrom.org\/gastbeitrag-im-westen-was-neues-teil-1\/#primaryimage","url":"https:\/\/gegenstrom.org\/wp-content\/uploads\/2017\/01\/Johannes-Scharf-Header-715x300.jpg","contentUrl":"https:\/\/gegenstrom.org\/wp-content\/uploads\/2017\/01\/Johannes-Scharf-Header-715x300.jpg","width":715,"height":300,"caption":"Johannes Scharf"},{"@type":"BreadcrumbList","@id":"https:\/\/gegenstrom.org\/gastbeitrag-im-westen-was-neues-teil-1\/#breadcrumb","itemListElement":[{"@type":"ListItem","position":1,"name":"Startseite","item":"https:\/\/gegenstrom.org\/"},{"@type":"ListItem","position":2,"name":"&#8222;Im Westen was Neues&#8220;. Teil 1"}]},{"@type":"WebSite","@id":"https:\/\/gegenstrom.org\/#website","url":"https:\/\/gegenstrom.org\/","name":"Gegenstrom","description":"Plattform f\u00fcr rechte Metapolitik","publisher":{"@id":"https:\/\/gegenstrom.org\/#organization"},"potentialAction":[{"@type":"SearchAction","target":{"@type":"EntryPoint","urlTemplate":"https:\/\/gegenstrom.org\/?s={search_term_string}"},"query-input":{"@type":"PropertyValueSpecification","valueRequired":true,"valueName":"search_term_string"}}],"inLanguage":"en-US"},{"@type":"Organization","@id":"https:\/\/gegenstrom.org\/#organization","name":"Metapol Verlag & Medien","url":"https:\/\/gegenstrom.org\/","logo":{"@type":"ImageObject","inLanguage":"en-US","@id":"https:\/\/gegenstrom.org\/#\/schema\/logo\/image\/","url":"https:\/\/gegenstrom.org\/wp-content\/uploads\/2019\/11\/WMB_Senkrecht_Farbe_M-e1574681161133.png","contentUrl":"https:\/\/gegenstrom.org\/wp-content\/uploads\/2019\/11\/WMB_Senkrecht_Farbe_M-e1574681161133.png","width":300,"height":219,"caption":"Metapol Verlag & Medien"},"image":{"@id":"https:\/\/gegenstrom.org\/#\/schema\/logo\/image\/"},"sameAs":["https:\/\/de-de.facebook.com\/rechteMetapolitik\/","https:\/\/www.youtube.com\/channel\/UCvQizs-yQ8YapMiyuD6wDrw"]},{"@type":"Person","@id":"https:\/\/gegenstrom.org\/#\/schema\/person\/89ec228b9c5e870e3ce6c2e8864535ec","name":"Johannes Scharf","url":"https:\/\/gegenstrom.org\/en\/author\/johannes-scharf\/"}]}},"jetpack_featured_media_url":"https:\/\/gegenstrom.org\/wp-content\/uploads\/2017\/01\/Johannes-Scharf-Header-715x300.jpg","jetpack_sharing_enabled":true,"_links":{"self":[{"href":"https:\/\/gegenstrom.org\/en\/wp-json\/wp\/v2\/posts\/451","targetHints":{"allow":["GET"]}}],"collection":[{"href":"https:\/\/gegenstrom.org\/en\/wp-json\/wp\/v2\/posts"}],"about":[{"href":"https:\/\/gegenstrom.org\/en\/wp-json\/wp\/v2\/types\/post"}],"author":[{"embeddable":true,"href":"https:\/\/gegenstrom.org\/en\/wp-json\/wp\/v2\/users\/26"}],"replies":[{"embeddable":true,"href":"https:\/\/gegenstrom.org\/en\/wp-json\/wp\/v2\/comments?post=451"}],"version-history":[{"count":0,"href":"https:\/\/gegenstrom.org\/en\/wp-json\/wp\/v2\/posts\/451\/revisions"}],"wp:featuredmedia":[{"embeddable":true,"href":"https:\/\/gegenstrom.org\/en\/wp-json\/wp\/v2\/media\/452"}],"wp:attachment":[{"href":"https:\/\/gegenstrom.org\/en\/wp-json\/wp\/v2\/media?parent=451"}],"wp:term":[{"taxonomy":"category","embeddable":true,"href":"https:\/\/gegenstrom.org\/en\/wp-json\/wp\/v2\/categories?post=451"},{"taxonomy":"post_tag","embeddable":true,"href":"https:\/\/gegenstrom.org\/en\/wp-json\/wp\/v2\/tags?post=451"}],"curies":[{"name":"wp","href":"https:\/\/api.w.org\/{rel}","templated":true}]}}