{"id":4204,"date":"2019-12-05T16:55:46","date_gmt":"2019-12-05T15:55:46","guid":{"rendered":"https:\/\/gegenstrom.org\/?p=4204"},"modified":"2020-02-05T08:59:29","modified_gmt":"2020-02-05T07:59:29","slug":"verjagt-die-geister-die-ich-rief","status":"publish","type":"post","link":"https:\/\/gegenstrom.org\/en\/verjagt-die-geister-die-ich-rief\/","title":{"rendered":"Verjagt die Geister, die ich rief"},"content":{"rendered":"<p>Wenn es in der deutschen Rechten ein Ph\u00e4nomen gibt, dann ist es neben einigen anderen vor allem der Drang ihrer Akteure zur \u201eDistanziritis\u201c sowie die allgemeine Diskussion dar\u00fcber. Aus diesem Grund soll dieser Beitrag auch keinen weiteren Meilenstein in dieser Diskussion darstellen. Auf diesem Blog wurde diese Taktik des Distanzierens bereits hinl\u00e4nglich auf ihre Sinnhaftigkeit gepr\u00fcft. Hierbei seien insbesondere die Ausf\u00fchrungen Wolfgang Bendels (<a href=\"https:\/\/gegenstrom.org\/en\/verlierer-distanzieren-sich-sieger-nicht\/\" target=\"_blank\" rel=\"noopener noreferrer\">submitted<\/a>) hervorzuheben, der in seinem Fazit zu dem Urteil gelangte, die Distanziritis als einen \u201e<em>taktischen Fehler von fast schon strategischem Ausma\u00df<\/em>\u201c anzusehen. Immer wieder gibt es aussagekr\u00e4ftige Belege daf\u00fcr, die diese Aussage best\u00e4tigen. Zudem mangelt es an einem Beispiel, bei dem diese Taktik zu einem nachhaltigen Erfolg gef\u00fchrt hat.<\/p>\n<p>Eine Fehlannahme, die dabei immer wieder getroffen wird, ist, dass diejenigen, die der Distanziritis nicht nach dem Mund reden, im gleichen Atemzug f\u00fcr eine Kooperation mit \u201eallem und jedem\u201c zur Verf\u00fcgung st\u00fcnden. Dabei bezieht sich diese lapidare Ausf\u00fchrung des \u201eallem und jedem\u201c auf schlichtweg alle Organisationsformen und personellen Akteure innerhalb der Rechten. Dem ist gewiss nicht so. Dennoch wird diese Annahme gern verbreitet. Bei einem Teil ist davon auszugehen, dass es sich bei den Akteuren schlicht um Menschen handelt, denen es an taktischem Gesp\u00fcr mangelt. Diese wollen sich tats\u00e4chlich mit allem und jedem solidarisieren, ohne dabei zu merken, dass sie dabei ebenso in eine Falle tappen und sich oftmals mit Akteuren auf eine Stufe stellen, die ihrer Sache abtr\u00e4glich sind. Hier kann man letztlich res\u00fcmieren, dass gut gemeint noch lange nicht gut gemacht ist. Nat\u00fcrlich muss diesen Bestrebungen der \u201eEinheit um jeden Preis\u201c eine Absage erteilt werden. Bei dem anderen Teil liegt die Sache jedoch ein wenig anders. Hier ist eher davon auszugehen, dass sie diese Fehlannahme ganz bewusst streuen, um eben eine gewisse Unsicherheit bis hin zur Zwietracht in bestimmten Interessensgruppen zu s\u00e4en, um dann schlussendlich die eigenen Interessen ganz klar durchzusetzen. Dieser Ansatz ist aus einem rein machtpolitischen Gesichtspunkt zun\u00e4chst einmal weder positiv noch negativ zu bewerten. Wenn dabei jedoch bestimmte pers\u00f6nliche Interessen auf Kosten bestimmter Positionen und Inhalte \u00fcberwiegen und diese Inhalte diskreditiert werden sollen, ist Vorsicht geboten.<\/p>\n<p>&nbsp;<\/p>\n<h2>Ein aktueller Fall<\/h2>\n<p>&nbsp;<\/p>\n<p>Ein interessanter Beitrag wurde j\u00fcngst von Martin Sellner auf dem Netztagebuch sezession.de ver\u00f6ffentlicht, in welchem es exakt um die \u2013 aus seiner Sicht \u2013 negativen Auswirkungen eben jener Distanziritis geht (<a href=\"https:\/\/sezession.de\/61766\/rechtspopulisten-gegen-rechts\" target=\"_blank\" rel=\"noopener noreferrer\">submitted<\/a>). Sellner hat dieses Thema in der Vergangenheit durch eigene Vorst\u00f6\u00dfe immer wieder selber in den Fokus ger\u00fcckt und dabei gezielt die These vertreten, dass diejenigen, die eben dieser Distanziritis abschw\u00f6ren wollen, gleichfalls eine Koalition aller Kr\u00e4fte anstreben w\u00fcrden (unabh\u00e4ngig bestimmter weltanschaulicher oder pers\u00f6nlicher Auspr\u00e4gungen). Ein wesentliches Beispiel hierf\u00fcr war der Leitartikel \u201eWer sich distanziert, verliert?\u201c welcher als Gastbeitrag auf der Seite der IB Deutschland erschien (<a href=\"https:\/\/www.identitaere-bewegung.de\/blog\/wer-sich-distanziert-verliert\/\" target=\"_blank\" rel=\"noopener noreferrer\">submitted<\/a>). Allein die Bildauswahl im Header verdeutlichte damals bereits die Denk- und Sto\u00dfrichtung.<\/p>\n<p>Im aktuellen Beitrag geht Sellner zun\u00e4chst einmal auf die derzeitige Krise der \u00f6sterreichisch-parlamentarischen Rechten ein, welche seit dem Bruch der rechts-rechten Koalition, bestehend aus FP\u00d6 und \u00d6VP, offensichtlich vorherrscht. Die FP\u00d6 erntet dabei neben Wahlverlusten vor allem H\u00e4me aufgrund ihrer verbalen Entgleisungen gegen\u00fcber der au\u00dferparlamentarischen Opposition, zumeist vertreten in Form der IB \u00d6sterreich (IB\u00d6). Sellner hat nat\u00fcrlich nicht nur aufgrund seiner lokalen N\u00e4he zu den Geschehnissen hier ganz andere Einblicke und insgesamt kann ihm zugestimmt werden, dass die FP\u00d6 sich, insbesondere seit ihrer damaligen \u00dcbernahme von Mitregierungsverantwortlichkeit, nicht gerade vorteilhaft verhalten hat. Im Gegenteil, gerade sie ist in eben jene Falle getreten, die Wolfgang Bendel in seinem Artikel bereits gezeichnet hatte, n\u00e4mlich den Irrglauben, durch eine Distanzierung die Akzeptanz der herrschenden Klientel zu erlangen und sich somit Pluspunkte f\u00fcr die eigene Wertung zu ergattern. Dieser Plan ist nach hinten losgegangen und auf dem Parkett der Macht f\u00fchrte der finale Ausrutscher in Form von Straches \u201eIbiza Gate\u201c zum beinbrechenden Sturz.<\/p>\n<p>\u00dcber einige detailliertere Ausf\u00fchrungen hinsichtlich des pers\u00f6nlichen Fehlverhaltens einzelner Akteure gelangt Sellner letztlich an den Kern seines Beitrags, welcher die Vorstellung eines Plattformprojektes ist, an dem er selbst mitgewirkt hat. Diese Plattform tr\u00e4gt die URL \u201efreiheitliche-gegen-rechts.at\u201c und ist derzeit zwar geschaltet, jedoch ist ihr Content noch nicht freigegeben. Dies wird damit begr\u00fcndet, dass man nach wie vor die Hoffnung hege, dass sich mutige Kr\u00e4fte innerhalb der Partei, also der FP\u00d6, finden, die den feigen Aussagen einiger Parteimitglieder etwas entgegensetzen. Ziel der Plattform sei es, zuk\u00fcnftig Aussagen sogenannter \u201eDistanzingstars\u201c, also von Politikern, die sich auf eine bestimme Art und Weise dem Sprech des Mainstreams gegen\u00fcber der au\u00dferparlamentarischen Opposition anpassen, um von eben jenem Mainstream Pluspunkte zu ergattern, zu ver\u00f6ffentlichen und so f\u00fcr eine Aufkl\u00e4rung zu sorgen. Soweit, so gut. In der Vorstellung der Plattform hei\u00dft es dann auch wieder fragend \u201eWer sich distanziert, verliert?\u201c, wobei diese Frage an dieser Stelle im Text mit \u201eJa\u201c beantwortet wird. Die Plattform versteht sich als Kontrollorgan gegen\u00fcber den Politikern des eigenen Lagers, in dem es jene \u00f6ffentlich-zug\u00e4nglichen \u00c4u\u00dferungen kommentiert und einordnet. Sollte es zu Klarstellungen seitens der Politiker kommen (bspw. hervorgerufen durch ideologische Begr\u00fcndungen oder Falschzitate) wird die Plattform dies entsprechend ber\u00fccksichtigen. Zudem gibt man an, keinerlei Informationen zu \u201eleaken\u201c, sondern sich ausschlie\u00dflich auf \u00f6ffentlich zug\u00e4ngliche Informationen zu beschr\u00e4nken.<\/p>\n<p>In Anbetracht der sich oftmals \u00fcberschlagenden Ereignisse innerhalb einer Partei, die j\u00fcngst zu reeller Macht und Einflussnahme gelangt ist, erscheint die Idee der Plattform als verl\u00e4ngerte Kontrollinstanz der \u201eBasis\u201c durchaus charmant. Von den parteieigenen Kr\u00e4ften ist eine derartige Gegen\u00f6ffentlichkeit nicht zu erwarten. Die \u00f6ffentlichen Medien haben hingegen nur ein Interesse daran, die Skandale der Partei zu konstruieren oder, bei eigenem Verschulden, entsprechend aufzugreifen und zu verarbeiten. Eine derartige Form der \u00dcberwachung von weltanschaulicher Schw\u00e4che und Abtr\u00fcnnigkeit kann daher nur aus dem au\u00dferparlamentarischen, rechten Lager kommen. Auch in Deutschland h\u00e4tte eine solche Plattform in Anbetracht so mancher Entgleisungen innerhalb der AfD bereits reichlich Content sammeln k\u00f6nnen. Die Tatsache, dass dabei keinerlei Informationen geleakt werden sollen, sondern sich ausschlie\u00dflich aus \u00f6ffentlichen Quellen speisen, ist dabei von besonderer Wichtigkeit. Andernfalls w\u00fcrde ein solches Portal zu einem gef\u00e4hrlichen Machtinstrument verkommen, in dem Falschmeldungen einfach breit gestreut werden k\u00f6nnten. Nichtsdestotrotz ist diese Plattform dennoch als Machtinstrument anzusehen. So sind es am Ende schlie\u00dflich die Betreiber der Plattform, die dar\u00fcber entscheiden, welche Aussagen nun ver\u00f6ffentlicht werden und welche nicht, d. h. entscheidend ist am Ende vermutlich, wer sich von wem \u201edistanziert\u201c hat (oder einfach nicht vorteilhaft verhalten hat aus Sicht der Betreiber). Derlei Portale bergen demnach immer ein gewisses Risiko und ihnen haftet der Ruf des Denunziantentums an. Andererseits ist die Aufnahme \u00f6ffentlicher Aussagen letztlich auch mit einer ernsthaften journalistischen T\u00e4tigkeit zu vergleichen \u2013 und diese sollte beim Befolgen bestimmter Rahmenbedingungen durchaus erlaubt sein.<\/p>\n<p>&nbsp;<\/p>\n<h2>Wem n\u00fctzt es?<\/h2>\n<p>&nbsp;<\/p>\n<p>Bei aller Plausibilit\u00e4t des Rufes nach einer kontrollierenden Instanz mutet die Tatsache, dass diese Plattform gerade von und mit Martin Sellner initiiert wird, dennoch geradezu etwas komisch an. Wie eingangs erw\u00e4hnt, war und ist es gerade Sellner, der in vorauseilendem Gehorsam die politische Grenze allzu oft nicht zwischen den (guten und schlechten) Charakteren zog, sondern stattdessen Merkmale wie die Organisationszugeh\u00f6rigkeit oder die politische Sozialisation zur Grundlage seiner Entscheidung machte. Wenn Sellner nun selbst zu den \u201eSchmuddelkindern\u201c geh\u00f6rt, dann erscheint seine Plattform einfach nur wie ein Hilferuf, mit dem er trachtet, die Geister zu verjagen, die er selbst einst rief. Soll hei\u00dfen: Die Idee hinter Sellners Plattform ist nachvollziehbar, aus seiner Feder fehlt ihm daf\u00fcr jedoch die n\u00f6tige Glaubw\u00fcrdigkeit.\u00a0 Dies befl\u00fcgelt das Gef\u00fchl, dass Sellner, w\u00e4re er wie in diesem Falle nicht selbst unmittelbar betroffen, sich keineswegs in dieser Form f\u00fcr andere au\u00dferparlamentarische Opponenten eingesetzt h\u00e4tte. Aber dies geh\u00f6rt freilich einzig in das Feld der Spekulation und kann nicht bewiesen werden. Insgesamt w\u00e4re es nur begr\u00fc\u00dfenswert, wenn ein Martin Sellner mit seiner enormen Reichweite dazu beitragen k\u00f6nnte, als korrigierender Faktor von rechts, starke Ausrei\u00dfer einzufangen und wieder auf Spur zu bringen oder daf\u00fcr zu sorgen, dass sie in der Gesamtmenge untergehen und keinen nennenswerten Einfluss auf das Gesamtergebnis nehmen. Gleichfalls kann diese Plattform auch als ein Weckruf an die gesamte Rechte gesehen werden, die eingangs erw\u00e4hnten Aussagen Wolfgang Bendels zu ber\u00fccksichtigen. Sie ist insofern auch ein St\u00fcckweit ein \u201evon Sellner-f\u00fcr Sellner\u201c-Korrektiv. Nat\u00fcrlich nicht in seiner Hand, aber ihrem Wesen nach schon. Letztlich f\u00fchrt Sellner seine damaligen Aussagen damit selbst ad absurdum. Die Rechte muss sich dar\u00fcber klar werden, dass jeder, der ein klares Bekenntnis zum Schutz und Erhalt seiner Heimat abgibt und dabei keine niedertr\u00e4chtigen Gedanken hegt, ein potentieller Bestandteil ihrer echten Form sein kann. Die Absicht sollte es sein, die guten, sch\u00f6pferischen Kr\u00e4fte zu b\u00fcndeln und in einem gemeinsamen Profil zu vereinigen. Aus dieser Profilsch\u00e4rfe, welche sich auch unweigerlich im Charakter ihrer Tr\u00e4ger offenbaren muss, wird eine Distanzierung bzw. Abgrenzung zu anderen in verbaler Form nicht mehr n\u00f6tig sein. Diese Position der inneren St\u00e4rke und Konsolidierung gilt es durch eine Sch\u00e4rfung des metapolitischen Konzeptes zu erlangen. Dazu geh\u00f6rt auch die Auseinandersetzung mit verschiedenen Positionen und Akteuren innerhalb des rechten Lagers sowie die Debatte \u00fcber richtungsweisende Themen aus den Bereichen der \u00d6konomie, der Geopolitik und der inwendigen Konstitution der Rechten hinsichtlich ihrer Personalstruktur, Gliederung und visuellen Ausrichtung.<\/p>\n<p>Wenn Sellner aufgrund der Erfahrungen seiner eigenen Person nun auch f\u00fcr derlei Experimente offen ist, dann haben die Entgleisungen der FP\u00d6 final auch ihr Gutes gehabt. Wenn es ihm letztlich jedoch nur darum geht, wieder einen Platz an der Tafel zu bekommen und er daf\u00fcr im letzten Schritt auch wieder bereitwillig andere Opponenten der \u201eKantenschere\u201c (<a href=\"https:\/\/sezession.de\/56928\/sundenbock-und-kantenschere\" target=\"_blank\" rel=\"noopener noreferrer\">submitted<\/a>) zu opfern bereit ist, dann ist Vorsicht geboten.<\/p>","protected":false},"excerpt":{"rendered":"<p>Wenn es in der deutschen Rechten ein Ph\u00e4nomen gibt, dann ist es neben einigen anderen vor allem der Drang ihrer Akteure zur \u201eDistanziritis\u201c sowie die allgemeine Diskussion dar\u00fcber. Aus diesem Grund soll dieser Beitrag auch keinen weiteren Meilenstein in dieser Diskussion darstellen. Auf diesem Blog wurde diese Taktik des Distanzierens bereits hinl\u00e4nglich auf ihre Sinnhaftigkeit [&hellip;]<\/p>","protected":false},"author":31,"featured_media":2671,"comment_status":"open","ping_status":"open","sticky":false,"template":"","format":"standard","meta":{"_et_pb_use_builder":"off","_et_pb_old_content":"","_et_gb_content_width":"","_jetpack_memberships_contains_paid_content":false,"footnotes":""},"categories":[7],"tags":[123,1312,120,1311],"class_list":["post-4204","post","type-post","status-publish","format-standard","has-post-thumbnail","hentry","category-debatte","tag-deutsche-rechte","tag-distanzeritis","tag-fpoe","tag-martin-seller"],"yoast_head":"<!-- This site is optimized with the Yoast SEO plugin v26.2 - https:\/\/yoast.com\/wordpress\/plugins\/seo\/ -->\n<title>Verjagt die Geister, die ich rief - Gegenstrom<\/title>\n<meta name=\"robots\" content=\"index, follow, max-snippet:-1, max-image-preview:large, max-video-preview:-1\" \/>\n<link rel=\"canonical\" href=\"https:\/\/gegenstrom.org\/en\/verjagt-die-geister-die-ich-rief\/\" \/>\n<meta property=\"og:locale\" content=\"en_US\" \/>\n<meta property=\"og:type\" content=\"article\" \/>\n<meta property=\"og:title\" content=\"Verjagt die Geister, die ich rief - Gegenstrom\" \/>\n<meta property=\"og:description\" content=\"Wenn es in der deutschen Rechten ein Ph\u00e4nomen gibt, dann ist es neben einigen anderen vor allem der Drang ihrer Akteure zur \u201eDistanziritis\u201c sowie die allgemeine Diskussion dar\u00fcber. Aus diesem Grund soll dieser Beitrag auch keinen weiteren Meilenstein in dieser Diskussion darstellen. Auf diesem Blog wurde diese Taktik des Distanzierens bereits hinl\u00e4nglich auf ihre Sinnhaftigkeit [&hellip;]\" \/>\n<meta property=\"og:url\" content=\"https:\/\/gegenstrom.org\/en\/verjagt-die-geister-die-ich-rief\/\" \/>\n<meta property=\"og:site_name\" content=\"Gegenstrom\" \/>\n<meta property=\"article:publisher\" content=\"https:\/\/de-de.facebook.com\/rechteMetapolitik\/\" \/>\n<meta property=\"article:published_time\" content=\"2019-12-05T15:55:46+00:00\" \/>\n<meta property=\"article:modified_time\" content=\"2020-02-05T07:59:29+00:00\" \/>\n<meta property=\"og:image\" content=\"https:\/\/gegenstrom.org\/wp-content\/uploads\/2019\/05\/FPO_IB.jpg\" \/>\n\t<meta property=\"og:image:width\" content=\"800\" \/>\n\t<meta property=\"og:image:height\" content=\"300\" \/>\n\t<meta property=\"og:image:type\" content=\"image\/jpeg\" \/>\n<meta name=\"author\" content=\"Tom Dieke\" \/>\n<meta name=\"twitter:card\" content=\"summary_large_image\" \/>\n<meta name=\"twitter:label1\" content=\"Written by\" \/>\n\t<meta name=\"twitter:data1\" content=\"Tom Dieke\" \/>\n\t<meta name=\"twitter:label2\" content=\"Est. reading time\" \/>\n\t<meta name=\"twitter:data2\" content=\"8 minutes\" \/>\n<script type=\"application\/ld+json\" class=\"yoast-schema-graph\">{\"@context\":\"https:\/\/schema.org\",\"@graph\":[{\"@type\":\"Article\",\"@id\":\"https:\/\/gegenstrom.org\/verjagt-die-geister-die-ich-rief\/#article\",\"isPartOf\":{\"@id\":\"https:\/\/gegenstrom.org\/verjagt-die-geister-die-ich-rief\/\"},\"author\":{\"name\":\"Tom Dieke\",\"@id\":\"https:\/\/gegenstrom.org\/#\/schema\/person\/aa5910a9f27eae1e4a1a3b400e1bd5e9\"},\"headline\":\"Verjagt die Geister, die ich rief\",\"datePublished\":\"2019-12-05T15:55:46+00:00\",\"dateModified\":\"2020-02-05T07:59:29+00:00\",\"mainEntityOfPage\":{\"@id\":\"https:\/\/gegenstrom.org\/verjagt-die-geister-die-ich-rief\/\"},\"wordCount\":1658,\"commentCount\":0,\"publisher\":{\"@id\":\"https:\/\/gegenstrom.org\/#organization\"},\"image\":{\"@id\":\"https:\/\/gegenstrom.org\/verjagt-die-geister-die-ich-rief\/#primaryimage\"},\"thumbnailUrl\":\"https:\/\/gegenstrom.org\/wp-content\/uploads\/2019\/05\/FPO_IB.jpg\",\"keywords\":[\"Deutsche Rechte\",\"Distanzeritis\",\"FP\u00d6\",\"Martin Seller\"],\"articleSection\":[\"Debatte\"],\"inLanguage\":\"en-US\"},{\"@type\":\"WebPage\",\"@id\":\"https:\/\/gegenstrom.org\/verjagt-die-geister-die-ich-rief\/\",\"url\":\"https:\/\/gegenstrom.org\/verjagt-die-geister-die-ich-rief\/\",\"name\":\"Verjagt die Geister, die ich rief - Gegenstrom\",\"isPartOf\":{\"@id\":\"https:\/\/gegenstrom.org\/#website\"},\"primaryImageOfPage\":{\"@id\":\"https:\/\/gegenstrom.org\/verjagt-die-geister-die-ich-rief\/#primaryimage\"},\"image\":{\"@id\":\"https:\/\/gegenstrom.org\/verjagt-die-geister-die-ich-rief\/#primaryimage\"},\"thumbnailUrl\":\"https:\/\/gegenstrom.org\/wp-content\/uploads\/2019\/05\/FPO_IB.jpg\",\"datePublished\":\"2019-12-05T15:55:46+00:00\",\"dateModified\":\"2020-02-05T07:59:29+00:00\",\"breadcrumb\":{\"@id\":\"https:\/\/gegenstrom.org\/verjagt-die-geister-die-ich-rief\/#breadcrumb\"},\"inLanguage\":\"en-US\",\"potentialAction\":[{\"@type\":\"ReadAction\",\"target\":[\"https:\/\/gegenstrom.org\/verjagt-die-geister-die-ich-rief\/\"]}]},{\"@type\":\"ImageObject\",\"inLanguage\":\"en-US\",\"@id\":\"https:\/\/gegenstrom.org\/verjagt-die-geister-die-ich-rief\/#primaryimage\",\"url\":\"https:\/\/gegenstrom.org\/wp-content\/uploads\/2019\/05\/FPO_IB.jpg\",\"contentUrl\":\"https:\/\/gegenstrom.org\/wp-content\/uploads\/2019\/05\/FPO_IB.jpg\",\"width\":800,\"height\":300,\"caption\":\"Martin Sellner und die FP\u00d6\"},{\"@type\":\"BreadcrumbList\",\"@id\":\"https:\/\/gegenstrom.org\/verjagt-die-geister-die-ich-rief\/#breadcrumb\",\"itemListElement\":[{\"@type\":\"ListItem\",\"position\":1,\"name\":\"Startseite\",\"item\":\"https:\/\/gegenstrom.org\/\"},{\"@type\":\"ListItem\",\"position\":2,\"name\":\"Verjagt die Geister, die ich rief\"}]},{\"@type\":\"WebSite\",\"@id\":\"https:\/\/gegenstrom.org\/#website\",\"url\":\"https:\/\/gegenstrom.org\/\",\"name\":\"Gegenstrom\",\"description\":\"Plattform f\u00fcr rechte Metapolitik\",\"publisher\":{\"@id\":\"https:\/\/gegenstrom.org\/#organization\"},\"potentialAction\":[{\"@type\":\"SearchAction\",\"target\":{\"@type\":\"EntryPoint\",\"urlTemplate\":\"https:\/\/gegenstrom.org\/?s={search_term_string}\"},\"query-input\":{\"@type\":\"PropertyValueSpecification\",\"valueRequired\":true,\"valueName\":\"search_term_string\"}}],\"inLanguage\":\"en-US\"},{\"@type\":\"Organization\",\"@id\":\"https:\/\/gegenstrom.org\/#organization\",\"name\":\"Metapol Verlag & Medien\",\"url\":\"https:\/\/gegenstrom.org\/\",\"logo\":{\"@type\":\"ImageObject\",\"inLanguage\":\"en-US\",\"@id\":\"https:\/\/gegenstrom.org\/#\/schema\/logo\/image\/\",\"url\":\"https:\/\/gegenstrom.org\/wp-content\/uploads\/2019\/11\/WMB_Senkrecht_Farbe_M-e1574681161133.png\",\"contentUrl\":\"https:\/\/gegenstrom.org\/wp-content\/uploads\/2019\/11\/WMB_Senkrecht_Farbe_M-e1574681161133.png\",\"width\":300,\"height\":219,\"caption\":\"Metapol Verlag & Medien\"},\"image\":{\"@id\":\"https:\/\/gegenstrom.org\/#\/schema\/logo\/image\/\"},\"sameAs\":[\"https:\/\/de-de.facebook.com\/rechteMetapolitik\/\",\"https:\/\/www.youtube.com\/channel\/UCvQizs-yQ8YapMiyuD6wDrw\"]},{\"@type\":\"Person\",\"@id\":\"https:\/\/gegenstrom.org\/#\/schema\/person\/aa5910a9f27eae1e4a1a3b400e1bd5e9\",\"name\":\"Tom Dieke\",\"url\":\"https:\/\/gegenstrom.org\/en\/author\/tom-dieke\/\"}]}<\/script>\n<!-- \/ Yoast SEO plugin. -->","yoast_head_json":{"title":"Verjagt die Geister, die ich rief - Gegenstrom","robots":{"index":"index","follow":"follow","max-snippet":"max-snippet:-1","max-image-preview":"max-image-preview:large","max-video-preview":"max-video-preview:-1"},"canonical":"https:\/\/gegenstrom.org\/en\/verjagt-die-geister-die-ich-rief\/","og_locale":"en_US","og_type":"article","og_title":"Verjagt die Geister, die ich rief - Gegenstrom","og_description":"Wenn es in der deutschen Rechten ein Ph\u00e4nomen gibt, dann ist es neben einigen anderen vor allem der Drang ihrer Akteure zur \u201eDistanziritis\u201c sowie die allgemeine Diskussion dar\u00fcber. Aus diesem Grund soll dieser Beitrag auch keinen weiteren Meilenstein in dieser Diskussion darstellen. Auf diesem Blog wurde diese Taktik des Distanzierens bereits hinl\u00e4nglich auf ihre Sinnhaftigkeit [&hellip;]","og_url":"https:\/\/gegenstrom.org\/en\/verjagt-die-geister-die-ich-rief\/","og_site_name":"Gegenstrom","article_publisher":"https:\/\/de-de.facebook.com\/rechteMetapolitik\/","article_published_time":"2019-12-05T15:55:46+00:00","article_modified_time":"2020-02-05T07:59:29+00:00","og_image":[{"width":800,"height":300,"url":"https:\/\/gegenstrom.org\/wp-content\/uploads\/2019\/05\/FPO_IB.jpg","type":"image\/jpeg"}],"author":"Tom Dieke","twitter_card":"summary_large_image","twitter_misc":{"Written by":"Tom Dieke","Est. reading time":"8 minutes"},"schema":{"@context":"https:\/\/schema.org","@graph":[{"@type":"Article","@id":"https:\/\/gegenstrom.org\/verjagt-die-geister-die-ich-rief\/#article","isPartOf":{"@id":"https:\/\/gegenstrom.org\/verjagt-die-geister-die-ich-rief\/"},"author":{"name":"Tom Dieke","@id":"https:\/\/gegenstrom.org\/#\/schema\/person\/aa5910a9f27eae1e4a1a3b400e1bd5e9"},"headline":"Verjagt die Geister, die ich rief","datePublished":"2019-12-05T15:55:46+00:00","dateModified":"2020-02-05T07:59:29+00:00","mainEntityOfPage":{"@id":"https:\/\/gegenstrom.org\/verjagt-die-geister-die-ich-rief\/"},"wordCount":1658,"commentCount":0,"publisher":{"@id":"https:\/\/gegenstrom.org\/#organization"},"image":{"@id":"https:\/\/gegenstrom.org\/verjagt-die-geister-die-ich-rief\/#primaryimage"},"thumbnailUrl":"https:\/\/gegenstrom.org\/wp-content\/uploads\/2019\/05\/FPO_IB.jpg","keywords":["Deutsche Rechte","Distanzeritis","FP\u00d6","Martin Seller"],"articleSection":["Debatte"],"inLanguage":"en-US"},{"@type":"WebPage","@id":"https:\/\/gegenstrom.org\/verjagt-die-geister-die-ich-rief\/","url":"https:\/\/gegenstrom.org\/verjagt-die-geister-die-ich-rief\/","name":"Verjagt die Geister, die ich rief - Gegenstrom","isPartOf":{"@id":"https:\/\/gegenstrom.org\/#website"},"primaryImageOfPage":{"@id":"https:\/\/gegenstrom.org\/verjagt-die-geister-die-ich-rief\/#primaryimage"},"image":{"@id":"https:\/\/gegenstrom.org\/verjagt-die-geister-die-ich-rief\/#primaryimage"},"thumbnailUrl":"https:\/\/gegenstrom.org\/wp-content\/uploads\/2019\/05\/FPO_IB.jpg","datePublished":"2019-12-05T15:55:46+00:00","dateModified":"2020-02-05T07:59:29+00:00","breadcrumb":{"@id":"https:\/\/gegenstrom.org\/verjagt-die-geister-die-ich-rief\/#breadcrumb"},"inLanguage":"en-US","potentialAction":[{"@type":"ReadAction","target":["https:\/\/gegenstrom.org\/verjagt-die-geister-die-ich-rief\/"]}]},{"@type":"ImageObject","inLanguage":"en-US","@id":"https:\/\/gegenstrom.org\/verjagt-die-geister-die-ich-rief\/#primaryimage","url":"https:\/\/gegenstrom.org\/wp-content\/uploads\/2019\/05\/FPO_IB.jpg","contentUrl":"https:\/\/gegenstrom.org\/wp-content\/uploads\/2019\/05\/FPO_IB.jpg","width":800,"height":300,"caption":"Martin Sellner und die FP\u00d6"},{"@type":"BreadcrumbList","@id":"https:\/\/gegenstrom.org\/verjagt-die-geister-die-ich-rief\/#breadcrumb","itemListElement":[{"@type":"ListItem","position":1,"name":"Startseite","item":"https:\/\/gegenstrom.org\/"},{"@type":"ListItem","position":2,"name":"Verjagt die Geister, die ich rief"}]},{"@type":"WebSite","@id":"https:\/\/gegenstrom.org\/#website","url":"https:\/\/gegenstrom.org\/","name":"Gegenstrom","description":"Plattform f\u00fcr rechte Metapolitik","publisher":{"@id":"https:\/\/gegenstrom.org\/#organization"},"potentialAction":[{"@type":"SearchAction","target":{"@type":"EntryPoint","urlTemplate":"https:\/\/gegenstrom.org\/?s={search_term_string}"},"query-input":{"@type":"PropertyValueSpecification","valueRequired":true,"valueName":"search_term_string"}}],"inLanguage":"en-US"},{"@type":"Organization","@id":"https:\/\/gegenstrom.org\/#organization","name":"Metapol Verlag & Medien","url":"https:\/\/gegenstrom.org\/","logo":{"@type":"ImageObject","inLanguage":"en-US","@id":"https:\/\/gegenstrom.org\/#\/schema\/logo\/image\/","url":"https:\/\/gegenstrom.org\/wp-content\/uploads\/2019\/11\/WMB_Senkrecht_Farbe_M-e1574681161133.png","contentUrl":"https:\/\/gegenstrom.org\/wp-content\/uploads\/2019\/11\/WMB_Senkrecht_Farbe_M-e1574681161133.png","width":300,"height":219,"caption":"Metapol Verlag & Medien"},"image":{"@id":"https:\/\/gegenstrom.org\/#\/schema\/logo\/image\/"},"sameAs":["https:\/\/de-de.facebook.com\/rechteMetapolitik\/","https:\/\/www.youtube.com\/channel\/UCvQizs-yQ8YapMiyuD6wDrw"]},{"@type":"Person","@id":"https:\/\/gegenstrom.org\/#\/schema\/person\/aa5910a9f27eae1e4a1a3b400e1bd5e9","name":"Tom Dieke","url":"https:\/\/gegenstrom.org\/en\/author\/tom-dieke\/"}]}},"jetpack_featured_media_url":"https:\/\/gegenstrom.org\/wp-content\/uploads\/2019\/05\/FPO_IB.jpg","jetpack_sharing_enabled":true,"_links":{"self":[{"href":"https:\/\/gegenstrom.org\/en\/wp-json\/wp\/v2\/posts\/4204","targetHints":{"allow":["GET"]}}],"collection":[{"href":"https:\/\/gegenstrom.org\/en\/wp-json\/wp\/v2\/posts"}],"about":[{"href":"https:\/\/gegenstrom.org\/en\/wp-json\/wp\/v2\/types\/post"}],"author":[{"embeddable":true,"href":"https:\/\/gegenstrom.org\/en\/wp-json\/wp\/v2\/users\/31"}],"replies":[{"embeddable":true,"href":"https:\/\/gegenstrom.org\/en\/wp-json\/wp\/v2\/comments?post=4204"}],"version-history":[{"count":0,"href":"https:\/\/gegenstrom.org\/en\/wp-json\/wp\/v2\/posts\/4204\/revisions"}],"wp:featuredmedia":[{"embeddable":true,"href":"https:\/\/gegenstrom.org\/en\/wp-json\/wp\/v2\/media\/2671"}],"wp:attachment":[{"href":"https:\/\/gegenstrom.org\/en\/wp-json\/wp\/v2\/media?parent=4204"}],"wp:term":[{"taxonomy":"category","embeddable":true,"href":"https:\/\/gegenstrom.org\/en\/wp-json\/wp\/v2\/categories?post=4204"},{"taxonomy":"post_tag","embeddable":true,"href":"https:\/\/gegenstrom.org\/en\/wp-json\/wp\/v2\/tags?post=4204"}],"curies":[{"name":"wp","href":"https:\/\/api.w.org\/{rel}","templated":true}]}}