{"id":212,"date":"2017-01-01T12:00:26","date_gmt":"2017-01-01T12:00:26","guid":{"rendered":"https:\/\/gegenstrom.org\/?p=212"},"modified":"2017-01-09T05:04:10","modified_gmt":"2017-01-09T05:04:10","slug":"gegenstrom-plattform-fuer-rechte-metapolitik","status":"publish","type":"post","link":"https:\/\/gegenstrom.org\/en\/gegenstrom-plattform-fuer-rechte-metapolitik\/","title":{"rendered":"GEGENSTROM &#8211; Plattform f\u00fcr rechte Metapolitik"},"content":{"rendered":"<p style=\"text-align: justify;\">P\u00fcnktlich zum Start des Jahres 2017 m\u00f6chten wir mit diesem Blog einen Beitrag der rechten metapolitischen Kultur im Internet leisten. Dieser Blog ist aus der Erkenntnis heraus geboren, dass es innerhalb der Deutschen Rechten \u2013 damit sind alle patriotischen und identit\u00e4ren Gruppe gemeint, f\u00fcr die Deutschland ihre Heimat ist \u2013 keine einheitliche Strategie und Taktik gibt. Tats\u00e4chlich mussten wir feststellen, dass teilweise gar keine strategischen \u00dcberlegungen innerhalb des rechten Lagers vorhanden sind, sodass jede Aktion und jeder Handschlag, der sicherlich auch edle Beweggr\u00fcnde haben kann, letztlich vergebens sein muss und von Anbeginn zum Scheitern verurteilt ist.<\/p>\n<p style=\"text-align: justify;\">Informative, durchaus auch der Deutschen Rechten zuzuschreibende Medien und Kan\u00e4le gibt es nat\u00fcrlich bereits in einer erfreulich weiten Dimension, doch fehlt uns dabei h\u00e4ufig die Verfolgung und Stellung der f\u00fcr die Bewegung der Deutschen Rechten richtigen Fragen. Denen k\u00f6nnen nur dann auch die richtigen Antworten folgen, wenn die Akteure auf einer sachlich-intellektuellen und auf Tatsachen basierenden Ebene\u00a0 miteinander in Interaktion treten. Es soll also Aufgabe dieses Blogs sein, die Lage genau zu analysieren, daraus die richtigen Fragestellungen zu deduzieren und gemeinsam die Beantwortung ebendieser vorzunehmen. Es sind hierbei alle Str\u00f6mungen der Deutschen von den B\u00fcrgerlichen Patrioten \u00fcber die Rechts- sowie Nationalkonservativen bis hin zu den v\u00f6lkisch orientierten Nationalisten eingeladen, um dies zur Wirklichkeit werden zu lassen.<\/p>\n<p style=\"text-align: justify;\">Das Angebotsportfolio von Gegenstrom soll hierbei nicht auf aktuell-politische Ereignisse beschr\u00e4nkt sein, sondern beinhaltet zudem philosophische und theoretische \u00dcberlegungen zum Hier und Jetzt. Es muss u.a. die Aufgabe dieses Blogs sein, sich ganzheitlich mit den jeweiligen Themenfeldern auseinanderzusetzen. Dies bedeutet, dass auch \u00fcber aktuell-politische Ereignisse nie ohne die Ber\u00fccksichtigung philosophischer und theoretischer Aspekte berichtet werden kann. Wir glauben an die heraklitischen\u00a0 Formel Panta rhei, die auch impliziert, dass wir uns als Deutsche Rechte weiterentwickeln und fortbewegen. In der Natur ist alles im Fluss und Aufgabe wissenschaftlicher Arbeit muss es sein, diesen zu erkennen. In einem weiteren Schritt ist der Pragmatiker dazu da, diese Erkenntnisse in die Lebenswirklichkeit der Menschen umzuformen.<\/p>\n<p style=\"text-align: justify;\">Wir haben nicht umsonst den Begriff der Metapolitik f\u00fcr den Namenszusatz des Blogs ausgew\u00e4hlt. Wer langfristig einen tiefergreifenden politischen Wandel herbeif\u00fchren m\u00f6chte, muss zun\u00e4chst seine Ideen, Haltungen, \u00dcberzeugungen und Werte innerhalb der Gesellschaft verbreiten. Das hei\u00dft, es gilt die \u00f6ffentliche Meinung zu beeinflussen. Metapolitik ist das, was sich hinter bzw. jenseits von der realen Politik befindet. Es geht dabei um die Erringung einer kulturellen Hegemonialstellung innerhalb der Gesellschaft. Wer eine andere von dem Establishment abweichende Politik machen will, muss zun\u00e4chst einen kollektiven Paradigmenwechsel hervorrufen. Wir wollen also die Strategien namentlich der Alten Rechten hinterfragen und neue Strategien entwickeln. Dies unterscheidet \u2013 nach unserer Auffassung \u2013 auch die Alte von der Neuen Rechten. Es ist die \u00dcberwindung alter \u00fcber die Zeit verkrusteter Strukturen, ausgetrampelter Pfade und sich nicht bew\u00e4hrter Gedankeng\u00e4nge. Es die Schaffung einer neuen Denkweise und der korrekten Analyse des Status Quo. Es ist der Versuch der Beantwortung der alles entscheidenden Frage: Was tun?<\/p>","protected":false},"excerpt":{"rendered":"<p>P\u00fcnktlich zum Start des Jahres 2017 m\u00f6chten wir mit diesem Blog einen Beitrag der rechten metapolitischen Kultur im Internet leisten. Dieser Blog ist aus der Erkenntnis heraus geboren, dass es innerhalb der Deutschen Rechten \u2013 damit sind alle patriotischen und identit\u00e4ren Gruppe gemeint, f\u00fcr die Deutschland ihre Heimat ist \u2013 keine einheitliche Strategie und Taktik [&hellip;]<\/p>","protected":false},"author":5,"featured_media":214,"comment_status":"open","ping_status":"open","sticky":false,"template":"","format":"standard","meta":{"_et_pb_use_builder":"","_et_pb_old_content":"","_et_gb_content_width":"","_jetpack_memberships_contains_paid_content":false,"footnotes":""},"categories":[4],"tags":[],"class_list":["post-212","post","type-post","status-publish","format-standard","has-post-thumbnail","hentry","category-deutschland-und-die-welt"],"yoast_head":"<!-- This site is optimized with the Yoast SEO plugin v26.2 - https:\/\/yoast.com\/wordpress\/plugins\/seo\/ -->\n<title>GEGENSTROM - Plattform f\u00fcr rechte Metapolitik - Gegenstrom<\/title>\n<meta name=\"robots\" content=\"index, follow, max-snippet:-1, max-image-preview:large, max-video-preview:-1\" \/>\n<link rel=\"canonical\" href=\"https:\/\/gegenstrom.org\/en\/gegenstrom-plattform-fuer-rechte-metapolitik\/\" \/>\n<meta property=\"og:locale\" content=\"en_US\" \/>\n<meta property=\"og:type\" content=\"article\" \/>\n<meta property=\"og:title\" content=\"GEGENSTROM - Plattform f\u00fcr rechte Metapolitik - Gegenstrom\" \/>\n<meta property=\"og:description\" content=\"P\u00fcnktlich zum Start des Jahres 2017 m\u00f6chten wir mit diesem Blog einen Beitrag der rechten metapolitischen Kultur im Internet leisten. Dieser Blog ist aus der Erkenntnis heraus geboren, dass es innerhalb der Deutschen Rechten \u2013 damit sind alle patriotischen und identit\u00e4ren Gruppe gemeint, f\u00fcr die Deutschland ihre Heimat ist \u2013 keine einheitliche Strategie und Taktik [&hellip;]\" \/>\n<meta property=\"og:url\" content=\"https:\/\/gegenstrom.org\/en\/gegenstrom-plattform-fuer-rechte-metapolitik\/\" \/>\n<meta property=\"og:site_name\" content=\"Gegenstrom\" \/>\n<meta property=\"article:publisher\" content=\"https:\/\/de-de.facebook.com\/rechteMetapolitik\/\" \/>\n<meta property=\"article:published_time\" content=\"2017-01-01T12:00:26+00:00\" \/>\n<meta property=\"article:modified_time\" content=\"2017-01-09T05:04:10+00:00\" \/>\n<meta property=\"og:image\" content=\"https:\/\/gegenstrom.org\/wp-content\/uploads\/2016\/12\/GS-2017-715x300.jpg\" \/>\n\t<meta property=\"og:image:width\" content=\"715\" \/>\n\t<meta property=\"og:image:height\" content=\"300\" \/>\n\t<meta property=\"og:image:type\" content=\"image\/jpeg\" \/>\n<meta name=\"author\" content=\"Allegorie\" \/>\n<meta name=\"twitter:card\" content=\"summary_large_image\" \/>\n<meta name=\"twitter:label1\" content=\"Written by\" \/>\n\t<meta name=\"twitter:data1\" content=\"Allegorie\" \/>\n\t<meta name=\"twitter:label2\" content=\"Est. reading time\" \/>\n\t<meta name=\"twitter:data2\" content=\"2 minutes\" \/>\n<script type=\"application\/ld+json\" class=\"yoast-schema-graph\">{\"@context\":\"https:\/\/schema.org\",\"@graph\":[{\"@type\":\"Article\",\"@id\":\"https:\/\/gegenstrom.org\/gegenstrom-plattform-fuer-rechte-metapolitik\/#article\",\"isPartOf\":{\"@id\":\"https:\/\/gegenstrom.org\/gegenstrom-plattform-fuer-rechte-metapolitik\/\"},\"author\":{\"name\":\"Allegorie\",\"@id\":\"https:\/\/gegenstrom.org\/#\/schema\/person\/16f02729f8cf067117c0e6457071a7e5\"},\"headline\":\"GEGENSTROM &#8211; Plattform f\u00fcr rechte Metapolitik\",\"datePublished\":\"2017-01-01T12:00:26+00:00\",\"dateModified\":\"2017-01-09T05:04:10+00:00\",\"mainEntityOfPage\":{\"@id\":\"https:\/\/gegenstrom.org\/gegenstrom-plattform-fuer-rechte-metapolitik\/\"},\"wordCount\":504,\"commentCount\":0,\"publisher\":{\"@id\":\"https:\/\/gegenstrom.org\/#organization\"},\"image\":{\"@id\":\"https:\/\/gegenstrom.org\/gegenstrom-plattform-fuer-rechte-metapolitik\/#primaryimage\"},\"thumbnailUrl\":\"https:\/\/gegenstrom.org\/wp-content\/uploads\/2016\/12\/GS-2017-715x300.jpg\",\"articleSection\":[\"Deutschland und die Welt\"],\"inLanguage\":\"en-US\"},{\"@type\":\"WebPage\",\"@id\":\"https:\/\/gegenstrom.org\/gegenstrom-plattform-fuer-rechte-metapolitik\/\",\"url\":\"https:\/\/gegenstrom.org\/gegenstrom-plattform-fuer-rechte-metapolitik\/\",\"name\":\"GEGENSTROM - Plattform f\u00fcr rechte Metapolitik - Gegenstrom\",\"isPartOf\":{\"@id\":\"https:\/\/gegenstrom.org\/#website\"},\"primaryImageOfPage\":{\"@id\":\"https:\/\/gegenstrom.org\/gegenstrom-plattform-fuer-rechte-metapolitik\/#primaryimage\"},\"image\":{\"@id\":\"https:\/\/gegenstrom.org\/gegenstrom-plattform-fuer-rechte-metapolitik\/#primaryimage\"},\"thumbnailUrl\":\"https:\/\/gegenstrom.org\/wp-content\/uploads\/2016\/12\/GS-2017-715x300.jpg\",\"datePublished\":\"2017-01-01T12:00:26+00:00\",\"dateModified\":\"2017-01-09T05:04:10+00:00\",\"breadcrumb\":{\"@id\":\"https:\/\/gegenstrom.org\/gegenstrom-plattform-fuer-rechte-metapolitik\/#breadcrumb\"},\"inLanguage\":\"en-US\",\"potentialAction\":[{\"@type\":\"ReadAction\",\"target\":[\"https:\/\/gegenstrom.org\/gegenstrom-plattform-fuer-rechte-metapolitik\/\"]}]},{\"@type\":\"ImageObject\",\"inLanguage\":\"en-US\",\"@id\":\"https:\/\/gegenstrom.org\/gegenstrom-plattform-fuer-rechte-metapolitik\/#primaryimage\",\"url\":\"https:\/\/gegenstrom.org\/wp-content\/uploads\/2016\/12\/GS-2017-715x300.jpg\",\"contentUrl\":\"https:\/\/gegenstrom.org\/wp-content\/uploads\/2016\/12\/GS-2017-715x300.jpg\",\"width\":715,\"height\":300},{\"@type\":\"BreadcrumbList\",\"@id\":\"https:\/\/gegenstrom.org\/gegenstrom-plattform-fuer-rechte-metapolitik\/#breadcrumb\",\"itemListElement\":[{\"@type\":\"ListItem\",\"position\":1,\"name\":\"Startseite\",\"item\":\"https:\/\/gegenstrom.org\/\"},{\"@type\":\"ListItem\",\"position\":2,\"name\":\"GEGENSTROM &#8211; Plattform f\u00fcr rechte Metapolitik\"}]},{\"@type\":\"WebSite\",\"@id\":\"https:\/\/gegenstrom.org\/#website\",\"url\":\"https:\/\/gegenstrom.org\/\",\"name\":\"Gegenstrom\",\"description\":\"Plattform f\u00fcr rechte Metapolitik\",\"publisher\":{\"@id\":\"https:\/\/gegenstrom.org\/#organization\"},\"potentialAction\":[{\"@type\":\"SearchAction\",\"target\":{\"@type\":\"EntryPoint\",\"urlTemplate\":\"https:\/\/gegenstrom.org\/?s={search_term_string}\"},\"query-input\":{\"@type\":\"PropertyValueSpecification\",\"valueRequired\":true,\"valueName\":\"search_term_string\"}}],\"inLanguage\":\"en-US\"},{\"@type\":\"Organization\",\"@id\":\"https:\/\/gegenstrom.org\/#organization\",\"name\":\"Metapol Verlag & Medien\",\"url\":\"https:\/\/gegenstrom.org\/\",\"logo\":{\"@type\":\"ImageObject\",\"inLanguage\":\"en-US\",\"@id\":\"https:\/\/gegenstrom.org\/#\/schema\/logo\/image\/\",\"url\":\"https:\/\/gegenstrom.org\/wp-content\/uploads\/2019\/11\/WMB_Senkrecht_Farbe_M-e1574681161133.png\",\"contentUrl\":\"https:\/\/gegenstrom.org\/wp-content\/uploads\/2019\/11\/WMB_Senkrecht_Farbe_M-e1574681161133.png\",\"width\":300,\"height\":219,\"caption\":\"Metapol Verlag & Medien\"},\"image\":{\"@id\":\"https:\/\/gegenstrom.org\/#\/schema\/logo\/image\/\"},\"sameAs\":[\"https:\/\/de-de.facebook.com\/rechteMetapolitik\/\",\"https:\/\/www.youtube.com\/channel\/UCvQizs-yQ8YapMiyuD6wDrw\"]},{\"@type\":\"Person\",\"@id\":\"https:\/\/gegenstrom.org\/#\/schema\/person\/16f02729f8cf067117c0e6457071a7e5\",\"name\":\"Allegorie\",\"url\":\"https:\/\/gegenstrom.org\/en\/author\/allegorie\/\"}]}<\/script>\n<!-- \/ Yoast SEO plugin. -->","yoast_head_json":{"title":"GEGENSTROM - Plattform f\u00fcr rechte Metapolitik - Gegenstrom","robots":{"index":"index","follow":"follow","max-snippet":"max-snippet:-1","max-image-preview":"max-image-preview:large","max-video-preview":"max-video-preview:-1"},"canonical":"https:\/\/gegenstrom.org\/en\/gegenstrom-plattform-fuer-rechte-metapolitik\/","og_locale":"en_US","og_type":"article","og_title":"GEGENSTROM - Plattform f\u00fcr rechte Metapolitik - Gegenstrom","og_description":"P\u00fcnktlich zum Start des Jahres 2017 m\u00f6chten wir mit diesem Blog einen Beitrag der rechten metapolitischen Kultur im Internet leisten. Dieser Blog ist aus der Erkenntnis heraus geboren, dass es innerhalb der Deutschen Rechten \u2013 damit sind alle patriotischen und identit\u00e4ren Gruppe gemeint, f\u00fcr die Deutschland ihre Heimat ist \u2013 keine einheitliche Strategie und Taktik [&hellip;]","og_url":"https:\/\/gegenstrom.org\/en\/gegenstrom-plattform-fuer-rechte-metapolitik\/","og_site_name":"Gegenstrom","article_publisher":"https:\/\/de-de.facebook.com\/rechteMetapolitik\/","article_published_time":"2017-01-01T12:00:26+00:00","article_modified_time":"2017-01-09T05:04:10+00:00","og_image":[{"width":715,"height":300,"url":"https:\/\/gegenstrom.org\/wp-content\/uploads\/2016\/12\/GS-2017-715x300.jpg","type":"image\/jpeg"}],"author":"Allegorie","twitter_card":"summary_large_image","twitter_misc":{"Written by":"Allegorie","Est. reading time":"2 minutes"},"schema":{"@context":"https:\/\/schema.org","@graph":[{"@type":"Article","@id":"https:\/\/gegenstrom.org\/gegenstrom-plattform-fuer-rechte-metapolitik\/#article","isPartOf":{"@id":"https:\/\/gegenstrom.org\/gegenstrom-plattform-fuer-rechte-metapolitik\/"},"author":{"name":"Allegorie","@id":"https:\/\/gegenstrom.org\/#\/schema\/person\/16f02729f8cf067117c0e6457071a7e5"},"headline":"GEGENSTROM &#8211; Plattform f\u00fcr rechte Metapolitik","datePublished":"2017-01-01T12:00:26+00:00","dateModified":"2017-01-09T05:04:10+00:00","mainEntityOfPage":{"@id":"https:\/\/gegenstrom.org\/gegenstrom-plattform-fuer-rechte-metapolitik\/"},"wordCount":504,"commentCount":0,"publisher":{"@id":"https:\/\/gegenstrom.org\/#organization"},"image":{"@id":"https:\/\/gegenstrom.org\/gegenstrom-plattform-fuer-rechte-metapolitik\/#primaryimage"},"thumbnailUrl":"https:\/\/gegenstrom.org\/wp-content\/uploads\/2016\/12\/GS-2017-715x300.jpg","articleSection":["Deutschland und die Welt"],"inLanguage":"en-US"},{"@type":"WebPage","@id":"https:\/\/gegenstrom.org\/gegenstrom-plattform-fuer-rechte-metapolitik\/","url":"https:\/\/gegenstrom.org\/gegenstrom-plattform-fuer-rechte-metapolitik\/","name":"GEGENSTROM - Plattform f\u00fcr rechte Metapolitik - Gegenstrom","isPartOf":{"@id":"https:\/\/gegenstrom.org\/#website"},"primaryImageOfPage":{"@id":"https:\/\/gegenstrom.org\/gegenstrom-plattform-fuer-rechte-metapolitik\/#primaryimage"},"image":{"@id":"https:\/\/gegenstrom.org\/gegenstrom-plattform-fuer-rechte-metapolitik\/#primaryimage"},"thumbnailUrl":"https:\/\/gegenstrom.org\/wp-content\/uploads\/2016\/12\/GS-2017-715x300.jpg","datePublished":"2017-01-01T12:00:26+00:00","dateModified":"2017-01-09T05:04:10+00:00","breadcrumb":{"@id":"https:\/\/gegenstrom.org\/gegenstrom-plattform-fuer-rechte-metapolitik\/#breadcrumb"},"inLanguage":"en-US","potentialAction":[{"@type":"ReadAction","target":["https:\/\/gegenstrom.org\/gegenstrom-plattform-fuer-rechte-metapolitik\/"]}]},{"@type":"ImageObject","inLanguage":"en-US","@id":"https:\/\/gegenstrom.org\/gegenstrom-plattform-fuer-rechte-metapolitik\/#primaryimage","url":"https:\/\/gegenstrom.org\/wp-content\/uploads\/2016\/12\/GS-2017-715x300.jpg","contentUrl":"https:\/\/gegenstrom.org\/wp-content\/uploads\/2016\/12\/GS-2017-715x300.jpg","width":715,"height":300},{"@type":"BreadcrumbList","@id":"https:\/\/gegenstrom.org\/gegenstrom-plattform-fuer-rechte-metapolitik\/#breadcrumb","itemListElement":[{"@type":"ListItem","position":1,"name":"Startseite","item":"https:\/\/gegenstrom.org\/"},{"@type":"ListItem","position":2,"name":"GEGENSTROM &#8211; Plattform f\u00fcr rechte Metapolitik"}]},{"@type":"WebSite","@id":"https:\/\/gegenstrom.org\/#website","url":"https:\/\/gegenstrom.org\/","name":"Gegenstrom","description":"Plattform f\u00fcr rechte Metapolitik","publisher":{"@id":"https:\/\/gegenstrom.org\/#organization"},"potentialAction":[{"@type":"SearchAction","target":{"@type":"EntryPoint","urlTemplate":"https:\/\/gegenstrom.org\/?s={search_term_string}"},"query-input":{"@type":"PropertyValueSpecification","valueRequired":true,"valueName":"search_term_string"}}],"inLanguage":"en-US"},{"@type":"Organization","@id":"https:\/\/gegenstrom.org\/#organization","name":"Metapol Verlag & Medien","url":"https:\/\/gegenstrom.org\/","logo":{"@type":"ImageObject","inLanguage":"en-US","@id":"https:\/\/gegenstrom.org\/#\/schema\/logo\/image\/","url":"https:\/\/gegenstrom.org\/wp-content\/uploads\/2019\/11\/WMB_Senkrecht_Farbe_M-e1574681161133.png","contentUrl":"https:\/\/gegenstrom.org\/wp-content\/uploads\/2019\/11\/WMB_Senkrecht_Farbe_M-e1574681161133.png","width":300,"height":219,"caption":"Metapol Verlag & Medien"},"image":{"@id":"https:\/\/gegenstrom.org\/#\/schema\/logo\/image\/"},"sameAs":["https:\/\/de-de.facebook.com\/rechteMetapolitik\/","https:\/\/www.youtube.com\/channel\/UCvQizs-yQ8YapMiyuD6wDrw"]},{"@type":"Person","@id":"https:\/\/gegenstrom.org\/#\/schema\/person\/16f02729f8cf067117c0e6457071a7e5","name":"Allegorie","url":"https:\/\/gegenstrom.org\/en\/author\/allegorie\/"}]}},"jetpack_featured_media_url":"https:\/\/gegenstrom.org\/wp-content\/uploads\/2016\/12\/GS-2017-715x300.jpg","jetpack_sharing_enabled":true,"_links":{"self":[{"href":"https:\/\/gegenstrom.org\/en\/wp-json\/wp\/v2\/posts\/212","targetHints":{"allow":["GET"]}}],"collection":[{"href":"https:\/\/gegenstrom.org\/en\/wp-json\/wp\/v2\/posts"}],"about":[{"href":"https:\/\/gegenstrom.org\/en\/wp-json\/wp\/v2\/types\/post"}],"author":[{"embeddable":true,"href":"https:\/\/gegenstrom.org\/en\/wp-json\/wp\/v2\/users\/5"}],"replies":[{"embeddable":true,"href":"https:\/\/gegenstrom.org\/en\/wp-json\/wp\/v2\/comments?post=212"}],"version-history":[{"count":0,"href":"https:\/\/gegenstrom.org\/en\/wp-json\/wp\/v2\/posts\/212\/revisions"}],"wp:featuredmedia":[{"embeddable":true,"href":"https:\/\/gegenstrom.org\/en\/wp-json\/wp\/v2\/media\/214"}],"wp:attachment":[{"href":"https:\/\/gegenstrom.org\/en\/wp-json\/wp\/v2\/media?parent=212"}],"wp:term":[{"taxonomy":"category","embeddable":true,"href":"https:\/\/gegenstrom.org\/en\/wp-json\/wp\/v2\/categories?post=212"},{"taxonomy":"post_tag","embeddable":true,"href":"https:\/\/gegenstrom.org\/en\/wp-json\/wp\/v2\/tags?post=212"}],"curies":[{"name":"wp","href":"https:\/\/api.w.org\/{rel}","templated":true}]}}