{"id":1579,"date":"2019-02-26T17:47:47","date_gmt":"2019-02-26T16:47:47","guid":{"rendered":"https:\/\/gegenstrom.org\/?p=1579"},"modified":"2020-02-04T13:34:15","modified_gmt":"2020-02-04T12:34:15","slug":"bolsonaro-umweltpolitik-und-verhaeltnis-zum-zionismus","status":"publish","type":"post","link":"https:\/\/gegenstrom.org\/en\/bolsonaro-umweltpolitik-und-verhaeltnis-zum-zionismus\/","title":{"rendered":"Bolsonaro: Umweltpolitik und Verh\u00e4ltnis zum Zionismus"},"content":{"rendered":"<p><span style=\"font-size: 14pt;\">Es wird in Europa kritisiert, die Regierung Bolsonaro stelle die Interessen der Landwirtschaft \u00fcber die der Umwelt, speziell den Schutz des Regenwaldes im Amazonasgebiet und seiner Bewohner. Einige Rechte wiederum bef\u00fcrchten zus\u00e4tzlich, Bolsonaro sei eine Marionette des Zionismus und Israels.<\/span><\/p>\n<p><span style=\"font-size: 14pt;\">Wenn man von Bras\u00edlia in das gut 1000 km entfernte, im Bundesstaat Par\u00e1 liegende Marab\u00e1 fliegt \u00fcberquert man weite Gebiete des Amazonasbeckens, die noch vor wenigen Jahrzehnten mit Prim\u00e4rwald bedeckt waren. Inzwischen ist dieser weitgehend verschwunden und es entstand eine steppenartige Landschaft, in der nur noch extensive Viehwirtschaft m\u00f6glich ist. Gelegentlich sieht man am Horizont Rauchs\u00e4ulen aufsteigen. Kommt das Flugzeug n\u00e4her, erkennt man schnell, dass gerade die letzten Waldreste abgebrannt werden.<\/span><\/p>\n<p><span style=\"font-size: 14pt;\">Ein anderes Beispiel stammt ebenfalls aus dem Bundesstaat Par\u00e1, der neben dem Bundesstaat Amazonas der andere wichtige Staat ist, der diese tropische Gro\u00dflandschaft administrativ umfasst: Hier wurde vor wenigen Jahren am Unterlauf des Rio Xingu, eines bedeutenden Amazonaszuflusses, das riesige Belo-Monte-Wasserkraftwerk gebaut, dessen wirtschaftlicher Nutzen mehr als fragw\u00fcrdig ist. Ein Gro\u00dfteil bislang nahezu unber\u00fchrten Urwalds wurde dabei zerst\u00f6rt, von den Bedrohungen f\u00fcr die Wasserfauna am gesamten Fluss ganz zu schweigen. Der entstandene Stausee entspricht der Gr\u00f6\u00dfe des Bodensees.<\/span><\/p>\n<p><span style=\"font-size: 14pt;\">Sowohl die gro\u00dffl\u00e4chige Abholzung als auch der Bau des Staudamms geschahen w\u00e4hrend der Regierungszeit linker Regierungen, Dilma Rousseff pers\u00f6nlich er\u00f6ffnete das Stauwerk 2016. Regierungen also, die in Europa den unbegr\u00fcndeten Ruf haben, sich f\u00fcr die Interessen der Umwelt und der indigenen V\u00f6lker einzusetzen. Eine ernsthafte Kritik deutscher Medien, Umweltorganisationen oder gar der Bundesregierung an diesen Zerst\u00f6rungen ist nicht bekannt geworden. Kein Wunder, denn es h\u00e4tte die heile linke Welt besch\u00e4digt.<\/span><\/p>\n<p><span style=\"font-size: 14pt;\">Daf\u00fcr ist das Geschrei jetzt umso hysterischer und schriller, weil die Regierung Bolsonaro die Interessen der Landwirtschaft \u00fcber die der Umwelt setzen k\u00f6nnte. Bolsonaro erw\u00e4hnte, dass er die indigenen V\u00f6lker am Wirtschaftskreislauf beteiligen wolle. Au\u00dferdem wolle er die Macht der Nichtregierungsorganisationen (NGOs) brechen, die mittels Manipulierung der Indianerv\u00f6lker de facto die Herrschaft \u00fcber eine riesige Fl\u00e4che Brasiliens \u00fcbernommen haben. Dass es ihnen dabei nicht um den Schutz der indigenen V\u00f6lker und deren Lebensraum geht, haben sie immer wieder bewiesen. Es sind vor allem strategische und wirtschaftliche Interessen, die unz\u00e4hlige NGOs (es ist von 100 000 die Rede) in diese abgelegene Weltgegend treiben. Die Stichworte S\u00fc\u00dfwasservorr\u00e4te und das selten vorkommende Metall Niob m\u00f6gen hier gen\u00fcgen. Diese Dinge will Bolsonaro den Besitzern der NGOs streitig machen, und genau diese Absicht erkl\u00e4rt das Gezeter in den Medien des Mainstreams.<\/span><\/p>\n<p><span style=\"font-size: 14pt;\">Fassen wir es so zusammen: Die linken Regierungen setzten die Interessen der NGO-Besitzer \u00fcber die der Natur und der Indianerv\u00f6lker, Bolsonaro will die Interessen der Landwirtschaft mehr ber\u00fccksichtigen. Das ist der ganze Unterschied. Verteilungsk\u00e4mpfe zwischen den Ausbeutergruppen. Mir pers\u00f6nlich sind dabei mittelst\u00e4ndische Bauern sympathischer als anonyme Kapitalgesellschaften. Solange Demokratie und Kapitalismus herrschen, wird die Natur immer verlieren, da beide Systeme an die Habgier im Menschen appellieren.<\/span><\/p>\n<p><span style=\"font-size: 14pt;\">Von anderen wird Bolsonaro bezichtigt ein \u00fcbertrieben positives Verh\u00e4ltnis zu Israel zu haben, ja in ein Abh\u00e4ngigkeitsverh\u00e4ltnis geraten zu sein. Die Beziehungen zu diesem Land sind wirklich auff\u00e4llig und nur teilweise mit einer Abwendung von der Dritte-Welt-Romantik seiner Vorg\u00e4nger oder gar wirtschaftlichen Notwendigkeiten zu erkl\u00e4ren.<\/span><\/p>\n<p><span style=\"font-size: 14pt;\">An dieser Stelle muss ich, was ich nur sehr ungern tue, den Bereich der Spekulationen betreten. Es gibt Ger\u00fcchte, nach denen Bolsonaro das Attentat auf seine Person \u00fcberlebte, weil ein oder einige Mossad-Agenten eingegriffen h\u00e4tten. Vor allem der Messersto\u00df soll entscheidend abgewehrt worden sein und zwar von jemandem, der mit Kampfsportarten sehr vertraut ist. Die Bolsonaro-S\u00f6hne liefen zudem mit T-Shirts herum, die die Aufschrift &#8222;Mossad&#8220; trugen. Sicher auff\u00e4llig, aber nur ein schwaches Indiz. Ich selbst habe dazu keine Meinung, weil mir schlicht die dazu n\u00f6tigen Informationen fehlen.<\/span><\/p>\n<p><span style=\"font-size: 14pt;\">Eine andere Spekulation lautet, dass die ganz gro\u00dfen Strippenzieher weite Teile Europas dem aggressiven Islam \u00fcberlassen haben, nicht aber Amerika. Es ist schon bemerkenswert, dass in den beiden bedeutendsten L\u00e4ndern beider Amerikas &#8211; den USA und Brasilien &#8211; kurz hintereinander Pr\u00e4sidenten an die Macht gelangten, die ganz sicher keinerlei Sympathien oder Verst\u00e4ndnis f\u00fcr den Islam haben. Bei Obama und Lula bzw. Rousseff war das noch ganz anders. Ob das Zufall ist oder eine Strategie dahintersteckt &#8211; ich kann es nicht entscheiden.<\/span><\/p>\n<p><span style=\"font-size: 14pt;\">Fakt ist, dass Bolsonaro seinen Wahlsieg neben unz\u00e4hligen Idealisten dem Milit\u00e4r und den Evangelikalen zu verdanken hat. Dass letztere \u00fcberaus israelfreundlich sind, ist kein Geheimnis. Fakt ist leider auch, dass die Regierung Bolsonaro bereits in die erste Krise taumelte. Der Vorsitzende der Regierungspartei PSL, Jair Bebianno, wurde als Minister entlassen, weil er offensichtlich seine Loyalit\u00e4ten falsch gesetzt hatte, um es sehr zur\u00fcckhaltend auszudr\u00fccken. Brasilianische Politik wird oft zu einem unentwirrbaren Kn\u00e4uel aus Korruption, Opportunismus, Gesch\u00e4ftemacherei und pers\u00f6nlichen Feindschaften, welches Au\u00dfenstehende nicht aufl\u00f6sen k\u00f6nnen. Zum Schluss bleibt mir die keineswegs neue Erkenntnis, dass demokratische Politik in erster Linie und vor allem ein \u00fcberaus schmutziges Gesch\u00e4ft ist &#8211; und das weitgehend unabh\u00e4ngig von ihren Protagonisten. Da tr\u00f6stet es wenig, dass ich trotz allem Bolsonaro nach wie vor f\u00fcr das kleinere \u00dcbel halte.<\/span><\/p>\n<p>&nbsp;<\/p>\n<p><em><span style=\"font-size: 14pt;\">Wolfgang Bendels\u00a0neueste Streitschrift \u201eAristokratie\u201c ist im Jungeuropa-Verlag erschienen und auch in unserem <a href=\"https:\/\/gegenstrom.org\/en\/produkt\/aristokratie-eine-streitschrift\/\">Webshop<\/a>\u00a0erh\u00e4ltlich. Die Redaktion<\/span><\/em><\/p>","protected":false},"excerpt":{"rendered":"<p>Es wird in Europa kritisiert, die Regierung Bolsonaro stelle die Interessen der Landwirtschaft \u00fcber die der Umwelt, speziell den Schutz des Regenwaldes im Amazonasgebiet und seiner Bewohner. Einige Rechte wiederum bef\u00fcrchten zus\u00e4tzlich, Bolsonaro sei eine Marionette des Zionismus und Israels. Wenn man von Bras\u00edlia in das gut 1000 km entfernte, im Bundesstaat Par\u00e1 liegende Marab\u00e1 [&hellip;]<\/p>","protected":false},"author":30,"featured_media":1375,"comment_status":"open","ping_status":"open","sticky":false,"template":"","format":"standard","meta":{"_et_pb_use_builder":"","_et_pb_old_content":"","_et_gb_content_width":"","_jetpack_memberships_contains_paid_content":false,"footnotes":""},"categories":[4],"tags":[394,41,177,393,451],"class_list":["post-1579","post","type-post","status-publish","format-standard","has-post-thumbnail","hentry","category-deutschland-und-die-welt","tag-brasilien","tag-demokratie","tag-israel","tag-jair-bolsonaro","tag-ngo"],"yoast_head":"<!-- This site is optimized with the Yoast SEO plugin v26.2 - https:\/\/yoast.com\/wordpress\/plugins\/seo\/ -->\n<title>Bolsonaro: Umweltpolitik und Verh\u00e4ltnis zum Zionismus - Gegenstrom<\/title>\n<meta name=\"robots\" content=\"index, follow, max-snippet:-1, max-image-preview:large, max-video-preview:-1\" \/>\n<link rel=\"canonical\" href=\"https:\/\/gegenstrom.org\/en\/bolsonaro-umweltpolitik-und-verhaeltnis-zum-zionismus\/\" \/>\n<meta property=\"og:locale\" content=\"en_US\" \/>\n<meta property=\"og:type\" content=\"article\" \/>\n<meta property=\"og:title\" content=\"Bolsonaro: Umweltpolitik und Verh\u00e4ltnis zum Zionismus - Gegenstrom\" \/>\n<meta property=\"og:description\" content=\"Es wird in Europa kritisiert, die Regierung Bolsonaro stelle die Interessen der Landwirtschaft \u00fcber die der Umwelt, speziell den Schutz des Regenwaldes im Amazonasgebiet und seiner Bewohner. Einige Rechte wiederum bef\u00fcrchten zus\u00e4tzlich, Bolsonaro sei eine Marionette des Zionismus und Israels. Wenn man von Bras\u00edlia in das gut 1000 km entfernte, im Bundesstaat Par\u00e1 liegende Marab\u00e1 [&hellip;]\" \/>\n<meta property=\"og:url\" content=\"https:\/\/gegenstrom.org\/en\/bolsonaro-umweltpolitik-und-verhaeltnis-zum-zionismus\/\" \/>\n<meta property=\"og:site_name\" content=\"Gegenstrom\" \/>\n<meta property=\"article:publisher\" content=\"https:\/\/de-de.facebook.com\/rechteMetapolitik\/\" \/>\n<meta property=\"article:published_time\" content=\"2019-02-26T16:47:47+00:00\" \/>\n<meta property=\"article:modified_time\" content=\"2020-02-04T12:34:15+00:00\" \/>\n<meta property=\"og:image\" content=\"https:\/\/gegenstrom.org\/wp-content\/uploads\/2018\/11\/Bolsonaro.jpeg\" \/>\n\t<meta property=\"og:image:width\" content=\"715\" \/>\n\t<meta property=\"og:image:height\" content=\"300\" \/>\n\t<meta property=\"og:image:type\" content=\"image\/jpeg\" \/>\n<meta name=\"author\" content=\"Wolfgang Bendel\" \/>\n<meta name=\"twitter:card\" content=\"summary_large_image\" \/>\n<meta name=\"twitter:label1\" content=\"Written by\" \/>\n\t<meta name=\"twitter:data1\" content=\"Wolfgang Bendel\" \/>\n\t<meta name=\"twitter:label2\" content=\"Est. reading time\" \/>\n\t<meta name=\"twitter:data2\" content=\"4 minutes\" \/>\n<script type=\"application\/ld+json\" class=\"yoast-schema-graph\">{\"@context\":\"https:\/\/schema.org\",\"@graph\":[{\"@type\":\"Article\",\"@id\":\"https:\/\/gegenstrom.org\/bolsonaro-umweltpolitik-und-verhaeltnis-zum-zionismus\/#article\",\"isPartOf\":{\"@id\":\"https:\/\/gegenstrom.org\/bolsonaro-umweltpolitik-und-verhaeltnis-zum-zionismus\/\"},\"author\":{\"name\":\"Wolfgang Bendel\",\"@id\":\"https:\/\/gegenstrom.org\/#\/schema\/person\/f66ff503338e73401f34d63323d7f48f\"},\"headline\":\"Bolsonaro: Umweltpolitik und Verh\u00e4ltnis zum Zionismus\",\"datePublished\":\"2019-02-26T16:47:47+00:00\",\"dateModified\":\"2020-02-04T12:34:15+00:00\",\"mainEntityOfPage\":{\"@id\":\"https:\/\/gegenstrom.org\/bolsonaro-umweltpolitik-und-verhaeltnis-zum-zionismus\/\"},\"wordCount\":901,\"commentCount\":0,\"publisher\":{\"@id\":\"https:\/\/gegenstrom.org\/#organization\"},\"image\":{\"@id\":\"https:\/\/gegenstrom.org\/bolsonaro-umweltpolitik-und-verhaeltnis-zum-zionismus\/#primaryimage\"},\"thumbnailUrl\":\"https:\/\/gegenstrom.org\/wp-content\/uploads\/2018\/11\/Bolsonaro.jpeg\",\"keywords\":[\"Brasilien\",\"Demokratie\",\"Israel\",\"Jair Bolsonaro\",\"NGO\"],\"articleSection\":[\"Deutschland und die Welt\"],\"inLanguage\":\"en-US\"},{\"@type\":\"WebPage\",\"@id\":\"https:\/\/gegenstrom.org\/bolsonaro-umweltpolitik-und-verhaeltnis-zum-zionismus\/\",\"url\":\"https:\/\/gegenstrom.org\/bolsonaro-umweltpolitik-und-verhaeltnis-zum-zionismus\/\",\"name\":\"Bolsonaro: Umweltpolitik und Verh\u00e4ltnis zum Zionismus - Gegenstrom\",\"isPartOf\":{\"@id\":\"https:\/\/gegenstrom.org\/#website\"},\"primaryImageOfPage\":{\"@id\":\"https:\/\/gegenstrom.org\/bolsonaro-umweltpolitik-und-verhaeltnis-zum-zionismus\/#primaryimage\"},\"image\":{\"@id\":\"https:\/\/gegenstrom.org\/bolsonaro-umweltpolitik-und-verhaeltnis-zum-zionismus\/#primaryimage\"},\"thumbnailUrl\":\"https:\/\/gegenstrom.org\/wp-content\/uploads\/2018\/11\/Bolsonaro.jpeg\",\"datePublished\":\"2019-02-26T16:47:47+00:00\",\"dateModified\":\"2020-02-04T12:34:15+00:00\",\"breadcrumb\":{\"@id\":\"https:\/\/gegenstrom.org\/bolsonaro-umweltpolitik-und-verhaeltnis-zum-zionismus\/#breadcrumb\"},\"inLanguage\":\"en-US\",\"potentialAction\":[{\"@type\":\"ReadAction\",\"target\":[\"https:\/\/gegenstrom.org\/bolsonaro-umweltpolitik-und-verhaeltnis-zum-zionismus\/\"]}]},{\"@type\":\"ImageObject\",\"inLanguage\":\"en-US\",\"@id\":\"https:\/\/gegenstrom.org\/bolsonaro-umweltpolitik-und-verhaeltnis-zum-zionismus\/#primaryimage\",\"url\":\"https:\/\/gegenstrom.org\/wp-content\/uploads\/2018\/11\/Bolsonaro.jpeg\",\"contentUrl\":\"https:\/\/gegenstrom.org\/wp-content\/uploads\/2018\/11\/Bolsonaro.jpeg\",\"width\":715,\"height\":300,\"caption\":\"Bolsonaro: Umweltpolitik und Verh\u00e4ltnis zum Zionismus\"},{\"@type\":\"BreadcrumbList\",\"@id\":\"https:\/\/gegenstrom.org\/bolsonaro-umweltpolitik-und-verhaeltnis-zum-zionismus\/#breadcrumb\",\"itemListElement\":[{\"@type\":\"ListItem\",\"position\":1,\"name\":\"Startseite\",\"item\":\"https:\/\/gegenstrom.org\/\"},{\"@type\":\"ListItem\",\"position\":2,\"name\":\"Bolsonaro: Umweltpolitik und Verh\u00e4ltnis zum Zionismus\"}]},{\"@type\":\"WebSite\",\"@id\":\"https:\/\/gegenstrom.org\/#website\",\"url\":\"https:\/\/gegenstrom.org\/\",\"name\":\"Gegenstrom\",\"description\":\"Plattform f\u00fcr rechte Metapolitik\",\"publisher\":{\"@id\":\"https:\/\/gegenstrom.org\/#organization\"},\"potentialAction\":[{\"@type\":\"SearchAction\",\"target\":{\"@type\":\"EntryPoint\",\"urlTemplate\":\"https:\/\/gegenstrom.org\/?s={search_term_string}\"},\"query-input\":{\"@type\":\"PropertyValueSpecification\",\"valueRequired\":true,\"valueName\":\"search_term_string\"}}],\"inLanguage\":\"en-US\"},{\"@type\":\"Organization\",\"@id\":\"https:\/\/gegenstrom.org\/#organization\",\"name\":\"Metapol Verlag & Medien\",\"url\":\"https:\/\/gegenstrom.org\/\",\"logo\":{\"@type\":\"ImageObject\",\"inLanguage\":\"en-US\",\"@id\":\"https:\/\/gegenstrom.org\/#\/schema\/logo\/image\/\",\"url\":\"https:\/\/gegenstrom.org\/wp-content\/uploads\/2019\/11\/WMB_Senkrecht_Farbe_M-e1574681161133.png\",\"contentUrl\":\"https:\/\/gegenstrom.org\/wp-content\/uploads\/2019\/11\/WMB_Senkrecht_Farbe_M-e1574681161133.png\",\"width\":300,\"height\":219,\"caption\":\"Metapol Verlag & Medien\"},\"image\":{\"@id\":\"https:\/\/gegenstrom.org\/#\/schema\/logo\/image\/\"},\"sameAs\":[\"https:\/\/de-de.facebook.com\/rechteMetapolitik\/\",\"https:\/\/www.youtube.com\/channel\/UCvQizs-yQ8YapMiyuD6wDrw\"]},{\"@type\":\"Person\",\"@id\":\"https:\/\/gegenstrom.org\/#\/schema\/person\/f66ff503338e73401f34d63323d7f48f\",\"name\":\"Wolfgang Bendel\",\"url\":\"https:\/\/gegenstrom.org\/en\/author\/wolfgang-bendel\/\"}]}<\/script>\n<!-- \/ Yoast SEO plugin. -->","yoast_head_json":{"title":"Bolsonaro: Umweltpolitik und Verh\u00e4ltnis zum Zionismus - Gegenstrom","robots":{"index":"index","follow":"follow","max-snippet":"max-snippet:-1","max-image-preview":"max-image-preview:large","max-video-preview":"max-video-preview:-1"},"canonical":"https:\/\/gegenstrom.org\/en\/bolsonaro-umweltpolitik-und-verhaeltnis-zum-zionismus\/","og_locale":"en_US","og_type":"article","og_title":"Bolsonaro: Umweltpolitik und Verh\u00e4ltnis zum Zionismus - Gegenstrom","og_description":"Es wird in Europa kritisiert, die Regierung Bolsonaro stelle die Interessen der Landwirtschaft \u00fcber die der Umwelt, speziell den Schutz des Regenwaldes im Amazonasgebiet und seiner Bewohner. Einige Rechte wiederum bef\u00fcrchten zus\u00e4tzlich, Bolsonaro sei eine Marionette des Zionismus und Israels. Wenn man von Bras\u00edlia in das gut 1000 km entfernte, im Bundesstaat Par\u00e1 liegende Marab\u00e1 [&hellip;]","og_url":"https:\/\/gegenstrom.org\/en\/bolsonaro-umweltpolitik-und-verhaeltnis-zum-zionismus\/","og_site_name":"Gegenstrom","article_publisher":"https:\/\/de-de.facebook.com\/rechteMetapolitik\/","article_published_time":"2019-02-26T16:47:47+00:00","article_modified_time":"2020-02-04T12:34:15+00:00","og_image":[{"width":715,"height":300,"url":"https:\/\/gegenstrom.org\/wp-content\/uploads\/2018\/11\/Bolsonaro.jpeg","type":"image\/jpeg"}],"author":"Wolfgang Bendel","twitter_card":"summary_large_image","twitter_misc":{"Written by":"Wolfgang Bendel","Est. reading time":"4 minutes"},"schema":{"@context":"https:\/\/schema.org","@graph":[{"@type":"Article","@id":"https:\/\/gegenstrom.org\/bolsonaro-umweltpolitik-und-verhaeltnis-zum-zionismus\/#article","isPartOf":{"@id":"https:\/\/gegenstrom.org\/bolsonaro-umweltpolitik-und-verhaeltnis-zum-zionismus\/"},"author":{"name":"Wolfgang Bendel","@id":"https:\/\/gegenstrom.org\/#\/schema\/person\/f66ff503338e73401f34d63323d7f48f"},"headline":"Bolsonaro: Umweltpolitik und Verh\u00e4ltnis zum Zionismus","datePublished":"2019-02-26T16:47:47+00:00","dateModified":"2020-02-04T12:34:15+00:00","mainEntityOfPage":{"@id":"https:\/\/gegenstrom.org\/bolsonaro-umweltpolitik-und-verhaeltnis-zum-zionismus\/"},"wordCount":901,"commentCount":0,"publisher":{"@id":"https:\/\/gegenstrom.org\/#organization"},"image":{"@id":"https:\/\/gegenstrom.org\/bolsonaro-umweltpolitik-und-verhaeltnis-zum-zionismus\/#primaryimage"},"thumbnailUrl":"https:\/\/gegenstrom.org\/wp-content\/uploads\/2018\/11\/Bolsonaro.jpeg","keywords":["Brasilien","Demokratie","Israel","Jair Bolsonaro","NGO"],"articleSection":["Deutschland und die Welt"],"inLanguage":"en-US"},{"@type":"WebPage","@id":"https:\/\/gegenstrom.org\/bolsonaro-umweltpolitik-und-verhaeltnis-zum-zionismus\/","url":"https:\/\/gegenstrom.org\/bolsonaro-umweltpolitik-und-verhaeltnis-zum-zionismus\/","name":"Bolsonaro: Umweltpolitik und Verh\u00e4ltnis zum Zionismus - Gegenstrom","isPartOf":{"@id":"https:\/\/gegenstrom.org\/#website"},"primaryImageOfPage":{"@id":"https:\/\/gegenstrom.org\/bolsonaro-umweltpolitik-und-verhaeltnis-zum-zionismus\/#primaryimage"},"image":{"@id":"https:\/\/gegenstrom.org\/bolsonaro-umweltpolitik-und-verhaeltnis-zum-zionismus\/#primaryimage"},"thumbnailUrl":"https:\/\/gegenstrom.org\/wp-content\/uploads\/2018\/11\/Bolsonaro.jpeg","datePublished":"2019-02-26T16:47:47+00:00","dateModified":"2020-02-04T12:34:15+00:00","breadcrumb":{"@id":"https:\/\/gegenstrom.org\/bolsonaro-umweltpolitik-und-verhaeltnis-zum-zionismus\/#breadcrumb"},"inLanguage":"en-US","potentialAction":[{"@type":"ReadAction","target":["https:\/\/gegenstrom.org\/bolsonaro-umweltpolitik-und-verhaeltnis-zum-zionismus\/"]}]},{"@type":"ImageObject","inLanguage":"en-US","@id":"https:\/\/gegenstrom.org\/bolsonaro-umweltpolitik-und-verhaeltnis-zum-zionismus\/#primaryimage","url":"https:\/\/gegenstrom.org\/wp-content\/uploads\/2018\/11\/Bolsonaro.jpeg","contentUrl":"https:\/\/gegenstrom.org\/wp-content\/uploads\/2018\/11\/Bolsonaro.jpeg","width":715,"height":300,"caption":"Bolsonaro: Umweltpolitik und Verh\u00e4ltnis zum Zionismus"},{"@type":"BreadcrumbList","@id":"https:\/\/gegenstrom.org\/bolsonaro-umweltpolitik-und-verhaeltnis-zum-zionismus\/#breadcrumb","itemListElement":[{"@type":"ListItem","position":1,"name":"Startseite","item":"https:\/\/gegenstrom.org\/"},{"@type":"ListItem","position":2,"name":"Bolsonaro: Umweltpolitik und Verh\u00e4ltnis zum Zionismus"}]},{"@type":"WebSite","@id":"https:\/\/gegenstrom.org\/#website","url":"https:\/\/gegenstrom.org\/","name":"Gegenstrom","description":"Plattform f\u00fcr rechte Metapolitik","publisher":{"@id":"https:\/\/gegenstrom.org\/#organization"},"potentialAction":[{"@type":"SearchAction","target":{"@type":"EntryPoint","urlTemplate":"https:\/\/gegenstrom.org\/?s={search_term_string}"},"query-input":{"@type":"PropertyValueSpecification","valueRequired":true,"valueName":"search_term_string"}}],"inLanguage":"en-US"},{"@type":"Organization","@id":"https:\/\/gegenstrom.org\/#organization","name":"Metapol Verlag & Medien","url":"https:\/\/gegenstrom.org\/","logo":{"@type":"ImageObject","inLanguage":"en-US","@id":"https:\/\/gegenstrom.org\/#\/schema\/logo\/image\/","url":"https:\/\/gegenstrom.org\/wp-content\/uploads\/2019\/11\/WMB_Senkrecht_Farbe_M-e1574681161133.png","contentUrl":"https:\/\/gegenstrom.org\/wp-content\/uploads\/2019\/11\/WMB_Senkrecht_Farbe_M-e1574681161133.png","width":300,"height":219,"caption":"Metapol Verlag & Medien"},"image":{"@id":"https:\/\/gegenstrom.org\/#\/schema\/logo\/image\/"},"sameAs":["https:\/\/de-de.facebook.com\/rechteMetapolitik\/","https:\/\/www.youtube.com\/channel\/UCvQizs-yQ8YapMiyuD6wDrw"]},{"@type":"Person","@id":"https:\/\/gegenstrom.org\/#\/schema\/person\/f66ff503338e73401f34d63323d7f48f","name":"Wolfgang Bendel","url":"https:\/\/gegenstrom.org\/en\/author\/wolfgang-bendel\/"}]}},"jetpack_featured_media_url":"https:\/\/gegenstrom.org\/wp-content\/uploads\/2018\/11\/Bolsonaro.jpeg","jetpack_sharing_enabled":true,"_links":{"self":[{"href":"https:\/\/gegenstrom.org\/en\/wp-json\/wp\/v2\/posts\/1579","targetHints":{"allow":["GET"]}}],"collection":[{"href":"https:\/\/gegenstrom.org\/en\/wp-json\/wp\/v2\/posts"}],"about":[{"href":"https:\/\/gegenstrom.org\/en\/wp-json\/wp\/v2\/types\/post"}],"author":[{"embeddable":true,"href":"https:\/\/gegenstrom.org\/en\/wp-json\/wp\/v2\/users\/30"}],"replies":[{"embeddable":true,"href":"https:\/\/gegenstrom.org\/en\/wp-json\/wp\/v2\/comments?post=1579"}],"version-history":[{"count":0,"href":"https:\/\/gegenstrom.org\/en\/wp-json\/wp\/v2\/posts\/1579\/revisions"}],"wp:featuredmedia":[{"embeddable":true,"href":"https:\/\/gegenstrom.org\/en\/wp-json\/wp\/v2\/media\/1375"}],"wp:attachment":[{"href":"https:\/\/gegenstrom.org\/en\/wp-json\/wp\/v2\/media?parent=1579"}],"wp:term":[{"taxonomy":"category","embeddable":true,"href":"https:\/\/gegenstrom.org\/en\/wp-json\/wp\/v2\/categories?post=1579"},{"taxonomy":"post_tag","embeddable":true,"href":"https:\/\/gegenstrom.org\/en\/wp-json\/wp\/v2\/tags?post=1579"}],"curies":[{"name":"wp","href":"https:\/\/api.w.org\/{rel}","templated":true}]}}