{"id":1441,"date":"2019-01-04T19:30:29","date_gmt":"2019-01-04T18:30:29","guid":{"rendered":"https:\/\/gegenstrom.org\/?p=1441"},"modified":"2020-02-04T12:33:00","modified_gmt":"2020-02-04T11:33:00","slug":"bolsonaro-uebernimmt-praesidentenamt-in-brasilien","status":"publish","type":"post","link":"https:\/\/gegenstrom.org\/en\/bolsonaro-uebernimmt-praesidentenamt-in-brasilien\/","title":{"rendered":"Bolsonaro \u00fcbernimmt Pr\u00e4sidentenamt in Brasilien"},"content":{"rendered":"<p><span style=\"font-size: 14pt;\"><em>Der nachfolgende Text stammt von <strong>Wolfgang Bendel<\/strong>, einem heute in Brasilien lebenden Deutschen, der die Entwicklungen der letzten Monate in Brasilien hautnah miterlebte. Bendel schrieb bereits kurz nach dem fulminanten Wahlsieg des heutigen brasilianischen Pr\u00e4sidenten auf diesem Blog (<a href=\"https:\/\/gegenstrom.org\/en\/die-wahl-in-brasilien-und-ihre-bedeutung-fuer-uns\/\">submitted<\/a> zu lesen). Bereits sein Buch \u201eDer phantastische Kontinent\u201c, war nicht nur ein Reisebericht \u00fcber Lateinamerika, sondern eine Schrift mit politischem Biss. Seine neueste Streitschrift \u201eAristokratie\u201c ist im <a href=\"https:\/\/www.jungeuropa.de\/detail\/index\/sArticle\/181\/sCategory\/37\">Jungeuropa-Verlag<\/a>\u00a0 erschienen <a href=\"https:\/\/gegenstrom.org\/en\/shop\/buecher\/philosophie\/aristokratie-eine-streitschrift\/\">und auch bei uns zu erhalten<\/a>. Die Redaktion<\/em><\/span><\/p>\n<p><span style=\"font-size: 14pt;\">Am 1. Januar fand in Brasilia die Zeremonie anl\u00e4sslich der offiziellen Amts\u00fcbernahme durch Bolsonaro statt. Unter dem Beisein von mehr als 100 000 Brasilianern legte Bolsonaro den Amtseid ab und bekam die Amtssch\u00e4rpe umgelegt. Vor dem Parlament und anschlie\u00dfend an die Menschenmenge gerichtet hielt er zwei kurze Ansprachen. W\u00e4hrend die Rede vor den Abgeordneten haupts\u00e4chlich die \u00fcblichen Politikerfloskeln enthielt, die hier nicht von Interesse sind, war die Ansprache an das Volk wesentlich deutlicher und enthielt zentrale Forderungen aus seiner Wahlkampagne. Bek\u00e4mpfung der B\u00fcrokratie, die sowohl die Gr\u00fcndung und F\u00fchrung von Unternehmen behindert, aber auch das Leben des einfachen Brasilianers verkompliziert, Entideologisierung der Schulen und Universit\u00e4ten, in denen mehr linke Ideologie als Fachwissen gelehrt wird und die Verbesserung der darniederliegenden Infrastruktur. Bemerkenswert war, dass er hinzuf\u00fcgte, das Volk habe sich durch die Wahl &#8222;vom Sozialismus befreit&#8220;, von der &#8222;Umwertung aller Werte&#8220;, von &#8222;staatlichem Gigantismus&#8220; und der &#8222;politischen Korrektheit&#8220;. Er schloss seine kurze Rede, indem er die brasilianische Flagge in die Hand nahm, wobei er sagte: &#8222;Das ist unsere Flagge, die niemals rot sein wird.&#8220;<a href=\"#_edn1\" name=\"_ednref1\">[1]<\/a> Ich erw\u00e4hne dies alles, da in den deutschen und \u00f6sterreichischen Medien sorgf\u00e4ltig vermieden wird, dar\u00fcber zu berichten, was Bolsonaro tats\u00e4chlich sagte. Die Wahrheit wird hierzulande inzwischen wie ein Staatsgeheimnis behandelt.<\/span><\/p>\n<p><span style=\"font-size: 14pt;\">Eine der ersten Ma\u00dfnahmen findet Beachtung. Mit sofortiger Wirkung wurden ca. 300 Regierungsfunktion\u00e4re aus dem linksextremen Spektrum entlassen bzw. werden auf ihre Loyalit\u00e4t \u00fcberpr\u00fcft. Dass die westlichen Medien sofort von S\u00e4uberung und politischer Verfolgung redeten, war nicht anders zu erwarten gewesen. Nichts als geballte Heuchelei. Als ob in linken Regierungen rechte oder gar rechtsradikale Funktion\u00e4re geduldet werden w\u00fcrden. Wie der Fall Maa\u00dfen zeigt, \u00fcberleben dort nicht einmal Spitzenbeamte, die nicht parteiisch, sondern nur ihrer Amtspflicht entsprechend arbeiten. Diese Entlassungen waren unvermeidlich, denn keine Regierung kann sich Beamte in hohen Funktionen leisten, die nichts anderes im Sinn haben, als die Arbeit der neuen Administration zu sabotieren und zu erschweren. Und dass sie dies vorhatten, hatten viele bereits w\u00e4hrend des Wahlkampfs bekr\u00e4ftigt.\u00a0<\/span><\/p>\n<p><span style=\"font-size: 14pt;\">Vor Bolsonaros zweiter Ansprache hatte seine Frau Michelle f\u00fcr erhebliches Aufsehen gesorgt, als sie sich in Geb\u00e4rdensprache<a href=\"#_edn2\" name=\"_ednref2\">[2]<\/a> an die taubstummen Brasilianer wandte. Dabei f\u00fchrte sie die dazu notwendigen Handbewegungen aus. Eine dieser Bewegungen erinnerte oberfl\u00e4chlich betrachtet an den milit\u00e4rischen Gru\u00df. Die US-amerikanische Zeitung Washington Post machte daraus folgende Schlagzeile: &#8222;Brazil\u00b4s new first lady Michelle Bolsonaro gives a military salute\u2026&#8220;<a href=\"#_edn3\" name=\"_ednref3\">[3]<\/a>. Einige Stunden sp\u00e4ter wurde diese plumpe F\u00e4lschung dann klammheimlich von der Zeitung entfernt und durch die Version ersetzt, die Millionen Brasilianer gesehen hatten. &#8222;Leider&#8220; war es dann schon zu sp\u00e4t und der gef\u00e4lschte Begleittext samt Bild war bereits um die ganze Welt gegangen. Ein weiteres Beispiel, dass die linken Medien vor \u00fcberhaupt nichts mehr zur\u00fcckschrecken, wenn es um die Verleumdung und Kriminalisierung Andersdenkender geht. Andererseits und aus der Distanz betrachtet, war das aber nur eine weitere linke Idiotie, denn Millionen Brasilianer wissen jetzt, dass die Washington Post bewusst l\u00fcgt und die Menschen f\u00fcr dumm verkaufen will.<\/span><\/p>\n<p><span style=\"font-size: 14pt;\">Wie wird es jetzt in Brasilien weitergehen? Bolsonaro hat wie Trump das Problem, dass er Mehrheiten im Kongress braucht, die er noch nicht hat. Seine PSL verf\u00fcgt, obwohl zweitst\u00e4rkste Partei, nur \u00fcber circa 15% der Sitze<a href=\"#_edn4\" name=\"_ednref4\">[4]<\/a> und aus diesem Grund braucht er die Unterst\u00fctzung anderer Parteien. Es ist davon auszugehen, dass in den n\u00e4chsten Monaten einige Abgeordnete, die \u00fcber Klein- und Kleinstparteien ins Parlament gew\u00e4hlt wurden, zur PSL \u00fcberlaufen werden<a href=\"#_edn5\" name=\"_ednref5\">[5]<\/a>. Allerdings wird auch das nicht f\u00fcr eine Mehrheit reichen. Also muss er mit dem diffusen Haufen der Parteien zusammenarbeiten, die man nur oberfl\u00e4chlich betrachtet der politischen Mitte zuordnen kann. In Wahrheit handelt es sich um Gruppen ohne erkennbare ideologische Orientierung, die nur gegr\u00fcndet wurden, um ihren Funktion\u00e4ren den Zugang zu \u00f6ffentlichen \u00c4mtern und Geldern zu erleichtern.<\/span><\/p>\n<p><span style=\"font-size: 14pt;\">Derweil spaltete sich die linke Opposition in zwei etwa gleichgro\u00dfe Gruppen auf. Einerseits die PT von Ex-Pr\u00e4sident Lula, andererseits eine Koalition aus der linkspopulistischen PDT und zwei linksextremen Kleinparteien (PCdoB und PSOL). Der Spaltung liegen keine ideologischen Gr\u00fcnde, sondern pers\u00f6nliche Feindschaften zu Grunde. Einig ist man sich nat\u00fcrlich in der Ablehnung Bolsonaros. PT, PSOL und PCdoB boykottierten \u00fcbrigens die Feierlichkeiten anl\u00e4sslich der Amts\u00fcbernahme durch Bolsonaro. Einmal mehr zeigt sich hier der weltweite Trend, dass linke Parteien immer weniger bereit sind, Wahlniederlagen zu akzeptieren. Von dem gro\u00dfm\u00e4ulig angek\u00fcndigten Widerstand von links gegen die neue Regierung ist hingegen interessanterweise bis heute nichts zu sehen. Im Gegenteil, die Zustimmung f\u00fcr Bolsonaro steigt. Zuletzt wurde er von 65% der Brasilianer unterst\u00fctzt, was bedeutet, dass inzwischen auch ein Teil der ehemaligen PT-W\u00e4hler zu ihm \u00fcbergelaufen sind, denn bei den Wahlen hatte er lediglich 55% der Stimmen erhalten. Bolsonaro wei\u00df, worum es geht. Er erkl\u00e4rte \u00f6ffentlich, seine Regierung d\u00fcrfe keine Fehler machen, denn wenn die PT wieder an die Macht k\u00e4me, w\u00fcrde sie diese nie mehr abgeben.<\/span><\/p>\n<p><span style=\"font-size: 14pt;\">Noch ein eher kurioses Detail zum Schluss. Der neue Au\u00dfenminister Ernesto Ara\u00fajo ist hochgebildet, weshalb er gelegentlich erw\u00e4hnte, dass er Spengler, Evola und Gu\u00e9non gelesen habe. Da diese Personen im bislang linksdominierten Brasilien so unbekannt sind, wie im heutigen Deutschland, musste die Zeitschrift &#8222;Veja&#8220; (sozusagen der Spiegel Brasiliens) ihren Lesern erst einmal vorstellen, von wem da \u00fcberhaupt die Rede ist. Insofern machte also ausgerechnet eine linksliberale Zeitschrift Werbung f\u00fcr Denker, die dem durchschnittlichen Brasilianer bislang so fern lagen wie der Mond. Ein vergleichbares Ereignis l\u00f6ste \u00fcbrigens die Wahl von Trump aus. Dort erw\u00e4hnte sein damaliger Berater Bannon, dass er Anh\u00e4nger von Evola sei, was dazu f\u00fchrte, dass Evola zunehmend bekannter wurde und mit ihm nat\u00fcrlich auch seine Werke. Auf eines kann man sich inzwischen ganz fest verlassen: die Ignoranz der Linken, die sich f\u00fcr intelligent h\u00e4lt.<\/span><\/p>\n<p><span style=\"font-size: 14pt;\">In jedem Fall bleibt es in Brasilien weiterhin interessant und spannend, weshalb ich an dieser Stelle auch in Zukunft gelegentlich und aus erster Hand \u00fcber die dortigen Ereignisse berichten werde.<\/span><\/p>\n<h2>Quellen und Anmerkungen<\/h2>\n<p><span style=\"font-size: 14pt;\"><a href=\"#_ednref1\" name=\"_edn1\">[1]<\/a> Alle Zitate hier: https:\/\/g1.globo.com\/politica\/noticia\/2019\/01\/01\/discursos-de-bolsonaro-na-posse-frases.ghtml<\/span><\/p>\n<p><span style=\"font-size: 14pt;\"><a href=\"#_ednref2\" name=\"_edn2\">[2]<\/a> Michelle Bolsonaro ist von Beruf Geb\u00e4rdensprachdolmetscherin.<\/span><\/p>\n<p><span style=\"font-size: 14pt;\"><a href=\"#_ednref3\" name=\"_edn3\">[3]<\/a> &#8222;Die neue erste Dame Michelle Bolsonaro gr\u00fc\u00dft milit\u00e4risch&#8230;.&#8220; Washington Post vom 1.1.2019 . http:\/\/www.caneta.org\/noticias\/jornal-americano-transforma-discurso-de-michelle-em-saudacao-militar\/<\/span><\/p>\n<p><span style=\"font-size: 14pt;\"><a href=\"#_ednref4\" name=\"_edn4\">[4]<\/a> Das Parlament ist unglaublich zersplittert. Es sind \u00fcber 30 Parteien vertreten.<\/span><\/p>\n<p><span style=\"font-size: 14pt;\"><a href=\"#_ednref5\" name=\"_edn5\">[5]<\/a> Parteien, die weniger als 1,5% der Stimmen erhielten, bekommen keine staatlichen Gelder mehr, auch wenn sie im Parlament vertreten sind.<\/span><\/p>","protected":false},"excerpt":{"rendered":"<p>Der nachfolgende Text stammt von Wolfgang Bendel, einem heute in Brasilien lebenden Deutschen, der die Entwicklungen der letzten Monate in Brasilien hautnah miterlebte. Bendel schrieb bereits kurz nach dem fulminanten Wahlsieg des heutigen brasilianischen Pr\u00e4sidenten auf diesem Blog (hier zu lesen). Bereits sein Buch \u201eDer phantastische Kontinent\u201c, war nicht nur ein Reisebericht \u00fcber Lateinamerika, sondern [&hellip;]<\/p>","protected":false},"author":30,"featured_media":1375,"comment_status":"open","ping_status":"open","sticky":false,"template":"","format":"standard","meta":{"_et_pb_use_builder":"","_et_pb_old_content":"","_et_gb_content_width":"","_jetpack_memberships_contains_paid_content":false,"footnotes":""},"categories":[4],"tags":[394,41,271,59,393,75],"class_list":["post-1441","post","type-post","status-publish","format-standard","has-post-thumbnail","hentry","category-deutschland-und-die-welt","tag-brasilien","tag-demokratie","tag-der-westen","tag-donald-trump","tag-jair-bolsonaro","tag-liberalismus"],"yoast_head":"<!-- This site is optimized with the Yoast SEO plugin v26.2 - https:\/\/yoast.com\/wordpress\/plugins\/seo\/ -->\n<title>Bolsonaro \u00fcbernimmt Pr\u00e4sidentenamt in Brasilien - Gegenstrom<\/title>\n<meta name=\"robots\" content=\"index, follow, max-snippet:-1, max-image-preview:large, max-video-preview:-1\" \/>\n<link rel=\"canonical\" href=\"https:\/\/gegenstrom.org\/en\/bolsonaro-uebernimmt-praesidentenamt-in-brasilien\/\" \/>\n<meta property=\"og:locale\" content=\"en_US\" \/>\n<meta property=\"og:type\" content=\"article\" \/>\n<meta property=\"og:title\" content=\"Bolsonaro \u00fcbernimmt Pr\u00e4sidentenamt in Brasilien - Gegenstrom\" \/>\n<meta property=\"og:description\" content=\"Der nachfolgende Text stammt von Wolfgang Bendel, einem heute in Brasilien lebenden Deutschen, der die Entwicklungen der letzten Monate in Brasilien hautnah miterlebte. Bendel schrieb bereits kurz nach dem fulminanten Wahlsieg des heutigen brasilianischen Pr\u00e4sidenten auf diesem Blog (hier zu lesen). Bereits sein Buch \u201eDer phantastische Kontinent\u201c, war nicht nur ein Reisebericht \u00fcber Lateinamerika, sondern [&hellip;]\" \/>\n<meta property=\"og:url\" content=\"https:\/\/gegenstrom.org\/en\/bolsonaro-uebernimmt-praesidentenamt-in-brasilien\/\" \/>\n<meta property=\"og:site_name\" content=\"Gegenstrom\" \/>\n<meta property=\"article:publisher\" content=\"https:\/\/de-de.facebook.com\/rechteMetapolitik\/\" \/>\n<meta property=\"article:published_time\" content=\"2019-01-04T18:30:29+00:00\" \/>\n<meta property=\"article:modified_time\" content=\"2020-02-04T11:33:00+00:00\" \/>\n<meta property=\"og:image\" content=\"https:\/\/gegenstrom.org\/wp-content\/uploads\/2018\/11\/Bolsonaro.jpeg\" \/>\n\t<meta property=\"og:image:width\" content=\"715\" \/>\n\t<meta property=\"og:image:height\" content=\"300\" \/>\n\t<meta property=\"og:image:type\" content=\"image\/jpeg\" \/>\n<meta name=\"author\" content=\"Wolfgang Bendel\" \/>\n<meta name=\"twitter:card\" content=\"summary_large_image\" \/>\n<meta name=\"twitter:label1\" content=\"Written by\" \/>\n\t<meta name=\"twitter:data1\" content=\"Wolfgang Bendel\" \/>\n\t<meta name=\"twitter:label2\" content=\"Est. reading time\" \/>\n\t<meta name=\"twitter:data2\" content=\"6 minutes\" \/>\n<script type=\"application\/ld+json\" class=\"yoast-schema-graph\">{\"@context\":\"https:\/\/schema.org\",\"@graph\":[{\"@type\":\"Article\",\"@id\":\"https:\/\/gegenstrom.org\/bolsonaro-uebernimmt-praesidentenamt-in-brasilien\/#article\",\"isPartOf\":{\"@id\":\"https:\/\/gegenstrom.org\/bolsonaro-uebernimmt-praesidentenamt-in-brasilien\/\"},\"author\":{\"name\":\"Wolfgang Bendel\",\"@id\":\"https:\/\/gegenstrom.org\/#\/schema\/person\/f66ff503338e73401f34d63323d7f48f\"},\"headline\":\"Bolsonaro \u00fcbernimmt Pr\u00e4sidentenamt in Brasilien\",\"datePublished\":\"2019-01-04T18:30:29+00:00\",\"dateModified\":\"2020-02-04T11:33:00+00:00\",\"mainEntityOfPage\":{\"@id\":\"https:\/\/gegenstrom.org\/bolsonaro-uebernimmt-praesidentenamt-in-brasilien\/\"},\"wordCount\":1163,\"commentCount\":0,\"publisher\":{\"@id\":\"https:\/\/gegenstrom.org\/#organization\"},\"image\":{\"@id\":\"https:\/\/gegenstrom.org\/bolsonaro-uebernimmt-praesidentenamt-in-brasilien\/#primaryimage\"},\"thumbnailUrl\":\"https:\/\/gegenstrom.org\/wp-content\/uploads\/2018\/11\/Bolsonaro.jpeg\",\"keywords\":[\"Brasilien\",\"Demokratie\",\"der Westen\",\"Donald Trump\",\"Jair Bolsonaro\",\"Liberalismus\"],\"articleSection\":[\"Deutschland und die Welt\"],\"inLanguage\":\"en-US\"},{\"@type\":\"WebPage\",\"@id\":\"https:\/\/gegenstrom.org\/bolsonaro-uebernimmt-praesidentenamt-in-brasilien\/\",\"url\":\"https:\/\/gegenstrom.org\/bolsonaro-uebernimmt-praesidentenamt-in-brasilien\/\",\"name\":\"Bolsonaro \u00fcbernimmt Pr\u00e4sidentenamt in Brasilien - Gegenstrom\",\"isPartOf\":{\"@id\":\"https:\/\/gegenstrom.org\/#website\"},\"primaryImageOfPage\":{\"@id\":\"https:\/\/gegenstrom.org\/bolsonaro-uebernimmt-praesidentenamt-in-brasilien\/#primaryimage\"},\"image\":{\"@id\":\"https:\/\/gegenstrom.org\/bolsonaro-uebernimmt-praesidentenamt-in-brasilien\/#primaryimage\"},\"thumbnailUrl\":\"https:\/\/gegenstrom.org\/wp-content\/uploads\/2018\/11\/Bolsonaro.jpeg\",\"datePublished\":\"2019-01-04T18:30:29+00:00\",\"dateModified\":\"2020-02-04T11:33:00+00:00\",\"breadcrumb\":{\"@id\":\"https:\/\/gegenstrom.org\/bolsonaro-uebernimmt-praesidentenamt-in-brasilien\/#breadcrumb\"},\"inLanguage\":\"en-US\",\"potentialAction\":[{\"@type\":\"ReadAction\",\"target\":[\"https:\/\/gegenstrom.org\/bolsonaro-uebernimmt-praesidentenamt-in-brasilien\/\"]}]},{\"@type\":\"ImageObject\",\"inLanguage\":\"en-US\",\"@id\":\"https:\/\/gegenstrom.org\/bolsonaro-uebernimmt-praesidentenamt-in-brasilien\/#primaryimage\",\"url\":\"https:\/\/gegenstrom.org\/wp-content\/uploads\/2018\/11\/Bolsonaro.jpeg\",\"contentUrl\":\"https:\/\/gegenstrom.org\/wp-content\/uploads\/2018\/11\/Bolsonaro.jpeg\",\"width\":715,\"height\":300,\"caption\":\"Bolsonaro: Umweltpolitik und Verh\u00e4ltnis zum Zionismus\"},{\"@type\":\"BreadcrumbList\",\"@id\":\"https:\/\/gegenstrom.org\/bolsonaro-uebernimmt-praesidentenamt-in-brasilien\/#breadcrumb\",\"itemListElement\":[{\"@type\":\"ListItem\",\"position\":1,\"name\":\"Startseite\",\"item\":\"https:\/\/gegenstrom.org\/\"},{\"@type\":\"ListItem\",\"position\":2,\"name\":\"Bolsonaro \u00fcbernimmt Pr\u00e4sidentenamt in Brasilien\"}]},{\"@type\":\"WebSite\",\"@id\":\"https:\/\/gegenstrom.org\/#website\",\"url\":\"https:\/\/gegenstrom.org\/\",\"name\":\"Gegenstrom\",\"description\":\"Plattform f\u00fcr rechte Metapolitik\",\"publisher\":{\"@id\":\"https:\/\/gegenstrom.org\/#organization\"},\"potentialAction\":[{\"@type\":\"SearchAction\",\"target\":{\"@type\":\"EntryPoint\",\"urlTemplate\":\"https:\/\/gegenstrom.org\/?s={search_term_string}\"},\"query-input\":{\"@type\":\"PropertyValueSpecification\",\"valueRequired\":true,\"valueName\":\"search_term_string\"}}],\"inLanguage\":\"en-US\"},{\"@type\":\"Organization\",\"@id\":\"https:\/\/gegenstrom.org\/#organization\",\"name\":\"Metapol Verlag & Medien\",\"url\":\"https:\/\/gegenstrom.org\/\",\"logo\":{\"@type\":\"ImageObject\",\"inLanguage\":\"en-US\",\"@id\":\"https:\/\/gegenstrom.org\/#\/schema\/logo\/image\/\",\"url\":\"https:\/\/gegenstrom.org\/wp-content\/uploads\/2019\/11\/WMB_Senkrecht_Farbe_M-e1574681161133.png\",\"contentUrl\":\"https:\/\/gegenstrom.org\/wp-content\/uploads\/2019\/11\/WMB_Senkrecht_Farbe_M-e1574681161133.png\",\"width\":300,\"height\":219,\"caption\":\"Metapol Verlag & Medien\"},\"image\":{\"@id\":\"https:\/\/gegenstrom.org\/#\/schema\/logo\/image\/\"},\"sameAs\":[\"https:\/\/de-de.facebook.com\/rechteMetapolitik\/\",\"https:\/\/www.youtube.com\/channel\/UCvQizs-yQ8YapMiyuD6wDrw\"]},{\"@type\":\"Person\",\"@id\":\"https:\/\/gegenstrom.org\/#\/schema\/person\/f66ff503338e73401f34d63323d7f48f\",\"name\":\"Wolfgang Bendel\",\"url\":\"https:\/\/gegenstrom.org\/en\/author\/wolfgang-bendel\/\"}]}<\/script>\n<!-- \/ Yoast SEO plugin. -->","yoast_head_json":{"title":"Bolsonaro \u00fcbernimmt Pr\u00e4sidentenamt in Brasilien - Gegenstrom","robots":{"index":"index","follow":"follow","max-snippet":"max-snippet:-1","max-image-preview":"max-image-preview:large","max-video-preview":"max-video-preview:-1"},"canonical":"https:\/\/gegenstrom.org\/en\/bolsonaro-uebernimmt-praesidentenamt-in-brasilien\/","og_locale":"en_US","og_type":"article","og_title":"Bolsonaro \u00fcbernimmt Pr\u00e4sidentenamt in Brasilien - Gegenstrom","og_description":"Der nachfolgende Text stammt von Wolfgang Bendel, einem heute in Brasilien lebenden Deutschen, der die Entwicklungen der letzten Monate in Brasilien hautnah miterlebte. Bendel schrieb bereits kurz nach dem fulminanten Wahlsieg des heutigen brasilianischen Pr\u00e4sidenten auf diesem Blog (hier zu lesen). Bereits sein Buch \u201eDer phantastische Kontinent\u201c, war nicht nur ein Reisebericht \u00fcber Lateinamerika, sondern [&hellip;]","og_url":"https:\/\/gegenstrom.org\/en\/bolsonaro-uebernimmt-praesidentenamt-in-brasilien\/","og_site_name":"Gegenstrom","article_publisher":"https:\/\/de-de.facebook.com\/rechteMetapolitik\/","article_published_time":"2019-01-04T18:30:29+00:00","article_modified_time":"2020-02-04T11:33:00+00:00","og_image":[{"width":715,"height":300,"url":"https:\/\/gegenstrom.org\/wp-content\/uploads\/2018\/11\/Bolsonaro.jpeg","type":"image\/jpeg"}],"author":"Wolfgang Bendel","twitter_card":"summary_large_image","twitter_misc":{"Written by":"Wolfgang Bendel","Est. reading time":"6 minutes"},"schema":{"@context":"https:\/\/schema.org","@graph":[{"@type":"Article","@id":"https:\/\/gegenstrom.org\/bolsonaro-uebernimmt-praesidentenamt-in-brasilien\/#article","isPartOf":{"@id":"https:\/\/gegenstrom.org\/bolsonaro-uebernimmt-praesidentenamt-in-brasilien\/"},"author":{"name":"Wolfgang Bendel","@id":"https:\/\/gegenstrom.org\/#\/schema\/person\/f66ff503338e73401f34d63323d7f48f"},"headline":"Bolsonaro \u00fcbernimmt Pr\u00e4sidentenamt in Brasilien","datePublished":"2019-01-04T18:30:29+00:00","dateModified":"2020-02-04T11:33:00+00:00","mainEntityOfPage":{"@id":"https:\/\/gegenstrom.org\/bolsonaro-uebernimmt-praesidentenamt-in-brasilien\/"},"wordCount":1163,"commentCount":0,"publisher":{"@id":"https:\/\/gegenstrom.org\/#organization"},"image":{"@id":"https:\/\/gegenstrom.org\/bolsonaro-uebernimmt-praesidentenamt-in-brasilien\/#primaryimage"},"thumbnailUrl":"https:\/\/gegenstrom.org\/wp-content\/uploads\/2018\/11\/Bolsonaro.jpeg","keywords":["Brasilien","Demokratie","der Westen","Donald Trump","Jair Bolsonaro","Liberalismus"],"articleSection":["Deutschland und die Welt"],"inLanguage":"en-US"},{"@type":"WebPage","@id":"https:\/\/gegenstrom.org\/bolsonaro-uebernimmt-praesidentenamt-in-brasilien\/","url":"https:\/\/gegenstrom.org\/bolsonaro-uebernimmt-praesidentenamt-in-brasilien\/","name":"Bolsonaro \u00fcbernimmt Pr\u00e4sidentenamt in Brasilien - Gegenstrom","isPartOf":{"@id":"https:\/\/gegenstrom.org\/#website"},"primaryImageOfPage":{"@id":"https:\/\/gegenstrom.org\/bolsonaro-uebernimmt-praesidentenamt-in-brasilien\/#primaryimage"},"image":{"@id":"https:\/\/gegenstrom.org\/bolsonaro-uebernimmt-praesidentenamt-in-brasilien\/#primaryimage"},"thumbnailUrl":"https:\/\/gegenstrom.org\/wp-content\/uploads\/2018\/11\/Bolsonaro.jpeg","datePublished":"2019-01-04T18:30:29+00:00","dateModified":"2020-02-04T11:33:00+00:00","breadcrumb":{"@id":"https:\/\/gegenstrom.org\/bolsonaro-uebernimmt-praesidentenamt-in-brasilien\/#breadcrumb"},"inLanguage":"en-US","potentialAction":[{"@type":"ReadAction","target":["https:\/\/gegenstrom.org\/bolsonaro-uebernimmt-praesidentenamt-in-brasilien\/"]}]},{"@type":"ImageObject","inLanguage":"en-US","@id":"https:\/\/gegenstrom.org\/bolsonaro-uebernimmt-praesidentenamt-in-brasilien\/#primaryimage","url":"https:\/\/gegenstrom.org\/wp-content\/uploads\/2018\/11\/Bolsonaro.jpeg","contentUrl":"https:\/\/gegenstrom.org\/wp-content\/uploads\/2018\/11\/Bolsonaro.jpeg","width":715,"height":300,"caption":"Bolsonaro: Umweltpolitik und Verh\u00e4ltnis zum Zionismus"},{"@type":"BreadcrumbList","@id":"https:\/\/gegenstrom.org\/bolsonaro-uebernimmt-praesidentenamt-in-brasilien\/#breadcrumb","itemListElement":[{"@type":"ListItem","position":1,"name":"Startseite","item":"https:\/\/gegenstrom.org\/"},{"@type":"ListItem","position":2,"name":"Bolsonaro \u00fcbernimmt Pr\u00e4sidentenamt in Brasilien"}]},{"@type":"WebSite","@id":"https:\/\/gegenstrom.org\/#website","url":"https:\/\/gegenstrom.org\/","name":"Gegenstrom","description":"Plattform f\u00fcr rechte Metapolitik","publisher":{"@id":"https:\/\/gegenstrom.org\/#organization"},"potentialAction":[{"@type":"SearchAction","target":{"@type":"EntryPoint","urlTemplate":"https:\/\/gegenstrom.org\/?s={search_term_string}"},"query-input":{"@type":"PropertyValueSpecification","valueRequired":true,"valueName":"search_term_string"}}],"inLanguage":"en-US"},{"@type":"Organization","@id":"https:\/\/gegenstrom.org\/#organization","name":"Metapol Verlag & Medien","url":"https:\/\/gegenstrom.org\/","logo":{"@type":"ImageObject","inLanguage":"en-US","@id":"https:\/\/gegenstrom.org\/#\/schema\/logo\/image\/","url":"https:\/\/gegenstrom.org\/wp-content\/uploads\/2019\/11\/WMB_Senkrecht_Farbe_M-e1574681161133.png","contentUrl":"https:\/\/gegenstrom.org\/wp-content\/uploads\/2019\/11\/WMB_Senkrecht_Farbe_M-e1574681161133.png","width":300,"height":219,"caption":"Metapol Verlag & Medien"},"image":{"@id":"https:\/\/gegenstrom.org\/#\/schema\/logo\/image\/"},"sameAs":["https:\/\/de-de.facebook.com\/rechteMetapolitik\/","https:\/\/www.youtube.com\/channel\/UCvQizs-yQ8YapMiyuD6wDrw"]},{"@type":"Person","@id":"https:\/\/gegenstrom.org\/#\/schema\/person\/f66ff503338e73401f34d63323d7f48f","name":"Wolfgang Bendel","url":"https:\/\/gegenstrom.org\/en\/author\/wolfgang-bendel\/"}]}},"jetpack_featured_media_url":"https:\/\/gegenstrom.org\/wp-content\/uploads\/2018\/11\/Bolsonaro.jpeg","jetpack_sharing_enabled":true,"_links":{"self":[{"href":"https:\/\/gegenstrom.org\/en\/wp-json\/wp\/v2\/posts\/1441","targetHints":{"allow":["GET"]}}],"collection":[{"href":"https:\/\/gegenstrom.org\/en\/wp-json\/wp\/v2\/posts"}],"about":[{"href":"https:\/\/gegenstrom.org\/en\/wp-json\/wp\/v2\/types\/post"}],"author":[{"embeddable":true,"href":"https:\/\/gegenstrom.org\/en\/wp-json\/wp\/v2\/users\/30"}],"replies":[{"embeddable":true,"href":"https:\/\/gegenstrom.org\/en\/wp-json\/wp\/v2\/comments?post=1441"}],"version-history":[{"count":0,"href":"https:\/\/gegenstrom.org\/en\/wp-json\/wp\/v2\/posts\/1441\/revisions"}],"wp:featuredmedia":[{"embeddable":true,"href":"https:\/\/gegenstrom.org\/en\/wp-json\/wp\/v2\/media\/1375"}],"wp:attachment":[{"href":"https:\/\/gegenstrom.org\/en\/wp-json\/wp\/v2\/media?parent=1441"}],"wp:term":[{"taxonomy":"category","embeddable":true,"href":"https:\/\/gegenstrom.org\/en\/wp-json\/wp\/v2\/categories?post=1441"},{"taxonomy":"post_tag","embeddable":true,"href":"https:\/\/gegenstrom.org\/en\/wp-json\/wp\/v2\/tags?post=1441"}],"curies":[{"name":"wp","href":"https:\/\/api.w.org\/{rel}","templated":true}]}}