{"id":1301,"date":"2018-10-01T15:02:38","date_gmt":"2018-10-01T13:02:38","guid":{"rendered":"https:\/\/gegenstrom.org\/?p=1301"},"modified":"2020-02-04T12:54:53","modified_gmt":"2020-02-04T11:54:53","slug":"sackgasse-asylprotest","status":"publish","type":"post","link":"https:\/\/gegenstrom.org\/en\/sackgasse-asylprotest\/","title":{"rendered":"Sackgasse Asylprotest"},"content":{"rendered":"<p style=\"font-size: 18px;\"><em>Der nachfolgende Text wurde uns von einem Leser dieses Blogs zugeschickt und enth\u00e4lt pers\u00f6nliche Gedanken zu dem Protestgeschehen in Deutschland. Den Beitrag verfasste Peter Preu\u00df.<\/em><\/p>\r\n\r\n\r\n\r\n<p style=\"font-size: 18px;\">Man soll es kaum glauben, seit 2015 kennt das dritte Lager in Deutschland nur noch ein Thema: Asylanten. Nach einem zwischenzeitlichen Abflauen ergreift j\u00fcngst nach den Morden in Chemnitz und K\u00f6then wieder eine Welle des Aktionismus die Szene und tr\u00e4gt Sie zusammen mit dem b\u00fcrgerlich-konservativem Lager auf die Stra\u00dfe. Jetzt endlich muss das deutsche Volk doch aufwachen, meint man. Noch drastischer und wahrnehmbarer kann der Volkstod von den etablierten Verr\u00e4tern schlie\u00dflich kaum betrieben werden. Und tats\u00e4chlich kann man sich in der Emp\u00f6rung der Volksgenossen sonnen und endlich kraftvoll mit Tausenden spontan auf die Stra\u00dfe gehen. Aber wozu eigentlich? Bringen emp\u00f6rte Demonstrationen das System ins Wanken? Und wie sinnvoll ist es eigentlich, dazu mit dem b\u00fcrgerlich-konservativen Lager ins Bett zu steigen?<\/p>\r\n\r\n\r\n\r\n<p style=\"font-size: 18px;\">Es wird sicherlich nicht von allen verstanden werden, aber grade wenn jetzt der seit 2015 (und eigentlich schon viel l\u00e4nger) andauernde Anti-Asyl-Aktivismus wieder eine neue Hochphase feiert, wird es Zeit sich die Fragen nach dem Wieso, Wozu und Wohin zu stellen. Fakt ist, die aktuellen Demonstrationen in Chemnitz, K\u00f6then und anderen St\u00e4dten werden das BRD-System genauso wenig direkt bedrohen wie die inzwischen fast bedeutungslosen PEGIDA-Demonstrationen. Diese Demonstrationen und die zugrundeliegenden Ereignisse sind aber trotzdem in der Grundrichtung f\u00fcr das dritte Lager positiv. Sie sind das sichtbare Bild einer vorangehenden Re-Politisierung. W\u00e4hrend\u00a0 \u00fcber Jahrzehnte hinweg durch Umerziehung, Konsum und einen relativen Wohlstand\u00a0 die Menschen in Deutschland fast vollst\u00e4ndig entpolitisiert wurden, vollzieht sich\u00a0 hier seit einigen Jahren eine Wende und mehr und mehr Menschen beginnen sich wieder f\u00fcr Politik zu interessieren. Tats\u00e4chlich sehen wir nur einen kleinen Teil dieser Leute bei den verschiedenen Anti-Asylprotesten. Das mag zum einen an den vielfachen Repressionen liegen. Zum anderen aber an der Tatsache, dass die meisten Deutschen mit menschenfeindlicher Hetze nichts anfangen k\u00f6nnen.<\/p>\r\n\r\n\r\n\r\n<p style=\"font-size: 18px;\">Beginnen wir mit einer kurzen Standortbetrachtung. Das heutige BRD-Regime ist vereinfacht ausgedr\u00fcckt links. Seit dem Marsch durch die Institutionen der 68er hat es sich in allen Bereichen in diese Richtung entwickelt und vertritt heute rein linke Positionen. Damit hat es effektiv das, was sich heute als links bezeichnet, als Opposition ausgeschaltet und marginalisiert. Es verbleiben nur wenige au\u00dferparlamentarische linksextreme Splittergruppen, von denen keine Impulse ausgehen. In den letzten Jahren haben wir die Auferstehung der Rechten erlebt. Mit neurechten Zirkeln aufbauend auf der konservativen Revolution rund um die Zeitschrift Sezession oder die Identit\u00e4re Bewegung f\u00fchrte dies schlie\u00dflich durch verschiedene Faktoren, beg\u00fcnstigt zur vorl\u00e4ufigen Etablierung der AfD, die damit den ersten Ruck im BRD-System nach rechts darstellt. Die Partei profitiert mit populistischer Aufstellung von den Anti-Asylprotesten und lenkt diese in geordnete Bahnen. Sie tut dies aber trotz eines sicher vorhandenen konservativ revolution\u00e4ren Fl\u00fcgels innerhalb des BRD-Systems und seines Denkens.<\/p>\r\n\r\n\r\n\r\n<p style=\"font-size: 18px;\">Heute erleben wir, dass sich das dritte Lager in Deutschland immer noch spiegelverkehrt zu linksextremen Splittergruppen in derselben Bedeutungslosigkeit positioniert. Gemeint ist eine bei allen Gruppen, Parteien usw. des dritten Lagers aktuell vorherrschende Fokussierung auf die Asyl- und Einwanderungsthematik als scheinbar dr\u00e4ngendstes Problem. Zur Abgrenzung von den um die AfD versammelten und dort geb\u00e4ndigten Kr\u00e4ften erfolgt dies mit einer tats\u00e4chlich rechtsextremistischen Positionierung, die sich von den rechts-konservativen Kr\u00e4ften durch ein militanteres Auftreten und eine h\u00e4rtere Rhetorik unterscheidet. Die mit diesem Kurs in den letzten Jahren erreichten Erfolge sind dabei marginal.<\/p>\r\n\r\n\r\n\r\n<p style=\"font-size: 18px;\">Damit sind wir bei der Frage, ob das dritte Lager seine Positionierung grundlegend revisionieren sollte. Es ist Zeit, sich zu besinnen und hinzusehen. Unsere Weltanschauung basiert auf der Seele unseres Volkes. Sicher wird der Gutmensch in seiner Hilfsbereitschaft heute vielfach ausgenutzt. Er opfert sich und sein Volk selber auf, um die Folgen von Kriegen und Armut zu lindern, die die von ihm gew\u00e4hlten Regierungen zu verantworten haben. Der Gutmensch ist damit heute eine tragische Person, der nicht sehen kann und helfen will, ohne an die Ursachen zu gehen. In ihrer Grundregung ist die Hilfsbereitschaft der Gutmenschen aber sicherlich eine der edelsten Eigenschaften unseres deutschen Volkes. Nicht einmal ihre \u00dcbertreibung ist zu unserem Leidwesen neu oder undeutsch. Schon Bismarck wusste: \u201eDie Neigung, sich f\u00fcr fremde Nationalit\u00e4ten und Nationalbestrebungen zu begeistern, auch dann, wenn dieselben nur auf Kosten des eigenen Vaterlandes verwirklicht werden k\u00f6nnen, ist eine politische Krankheitsform, deren geographische Verbreitung sich auf Deutschland leider beschr\u00e4nkt.\u201c.<\/p>\r\n\r\n\r\n\r\n<p style=\"font-size: 18px;\">Trotzdem bleibt der Gutmensch in seinem Ergebnis f\u00fcr unser Volk heute vernichtend. Wir m\u00fcssen aber den Schritt weitergehen und uns fragen: wenn der Gutmensch letztlich eine deutsche Seele zeigt &#8211; ist er dann die Ursache f\u00fcr die Zerst\u00f6rung unseres Volkes? Ist er der Feind? Das dritte Lage muss sich darauf zur\u00fcckbesinnen, dass es nicht das Lager der Ultra-Nationalisten ist, sondern eigentlich ein Lager des Erkennens und des nat\u00fcrlichen Ausgleichs. Es hat einmal den \u00fcberh\u00f6hten Nationalismus mit dem fehlgeleiteten Sozialismus zusammengebracht und \u00a0das Gute aus beidem in sich vereint und mit der Seele unseres Volkes wieder in Einklang gebracht. Genau vor dieser Aufgabe stehen wir heute. Es gilt, die seelisch richtigen Regungen von allen Teilen unseres Volkes aufzunehmen und zu einer Vision f\u00fcr die Zukunft zu schmieden. Konkreter: es gilt, einen Weg zu finden jenseits von selbstzerst\u00f6rerischem Aufopfern aus humanistischem Ges\u00fclze auf der einen und einer b\u00fcrgerlich feigen Abschottung auf der anderen Seite. Dieser Weg r\u00fcckt die Ursachen in den Fokus, entbl\u00f6\u00dft die treibenden Kr\u00e4fte der Weltfinanz und ist bereit, Jedem im ehrlichen Kampf gegen diese Kr\u00e4fte die Hand zu reichen. Jedem die Hand zu reichen, der ehrlich gegen diese Kr\u00e4fte k\u00e4mpft, hei\u00dft auch, nicht mehr im Spiel Bauer gegen Bauer mitzumachen. Es hei\u00dft auch, nicht mehr im Asylanten per se den Feind zu sehen. Sondern auch hier jenseits jeder verliebten humanistischen Argumentation die gemeinsame Interessenlage und den gemeinsamen Feind zu erkennen und die erwachenden Kr\u00e4fte des schwarzen Kontinents und der arabischen Welt gegen diesen zu mobilisieren.<\/p>\r\n\r\n\r\n\r\n<p style=\"font-size: 18px;\"><strong>F\u00fcr das \u00dcberleben der V\u00f6lker und Kulturen.<\/strong><\/p>","protected":false},"excerpt":{"rendered":"<p>Der nachfolgende Text wurde uns von einem Leser dieses Blogs zugeschickt und enth\u00e4lt pers\u00f6nliche Gedanken zu dem Protestgeschehen in Deutschland. Den Beitrag verfasste Peter Preu\u00df. Man soll es kaum glauben, seit 2015 kennt das dritte Lager in Deutschland nur noch ein Thema: Asylanten. Nach einem zwischenzeitlichen Abflauen ergreift j\u00fcngst nach den Morden in Chemnitz und [&hellip;]<\/p>","protected":false},"author":28,"featured_media":1302,"comment_status":"open","ping_status":"open","sticky":false,"template":"","format":"standard","meta":{"_et_pb_use_builder":"","_et_pb_old_content":"","_et_gb_content_width":"","_jetpack_memberships_contains_paid_content":false,"footnotes":""},"categories":[7],"tags":[21,123,124,61,66,252,202],"class_list":["post-1301","post","type-post","status-publish","format-standard","has-post-thumbnail","hentry","category-debatte","tag-afd","tag-deutsche-rechte","tag-dritte-position","tag-identitaere-bewegung","tag-neue-rechte","tag-rechtspopulismus","tag-sezession-im-netz"],"yoast_head":"<!-- This site is optimized with the Yoast SEO plugin v26.2 - https:\/\/yoast.com\/wordpress\/plugins\/seo\/ -->\n<title>Sackgasse Asylprotest - Gegenstrom<\/title>\n<meta name=\"robots\" content=\"index, follow, max-snippet:-1, max-image-preview:large, max-video-preview:-1\" \/>\n<link rel=\"canonical\" href=\"https:\/\/gegenstrom.org\/en\/sackgasse-asylprotest\/\" \/>\n<meta property=\"og:locale\" content=\"en_US\" \/>\n<meta property=\"og:type\" content=\"article\" \/>\n<meta property=\"og:title\" content=\"Sackgasse Asylprotest - Gegenstrom\" \/>\n<meta property=\"og:description\" content=\"Der nachfolgende Text wurde uns von einem Leser dieses Blogs zugeschickt und enth\u00e4lt pers\u00f6nliche Gedanken zu dem Protestgeschehen in Deutschland. Den Beitrag verfasste Peter Preu\u00df. Man soll es kaum glauben, seit 2015 kennt das dritte Lager in Deutschland nur noch ein Thema: Asylanten. Nach einem zwischenzeitlichen Abflauen ergreift j\u00fcngst nach den Morden in Chemnitz und [&hellip;]\" \/>\n<meta property=\"og:url\" content=\"https:\/\/gegenstrom.org\/en\/sackgasse-asylprotest\/\" \/>\n<meta property=\"og:site_name\" content=\"Gegenstrom\" \/>\n<meta property=\"article:publisher\" content=\"https:\/\/de-de.facebook.com\/rechteMetapolitik\/\" \/>\n<meta property=\"article:published_time\" content=\"2018-10-01T13:02:38+00:00\" \/>\n<meta property=\"article:modified_time\" content=\"2020-02-04T11:54:53+00:00\" \/>\n<meta property=\"og:image\" content=\"https:\/\/gegenstrom.org\/wp-content\/uploads\/2018\/10\/Sackgasse-Asylprotest.jpg\" \/>\n\t<meta property=\"og:image:width\" content=\"715\" \/>\n\t<meta property=\"og:image:height\" content=\"300\" \/>\n\t<meta property=\"og:image:type\" content=\"image\/jpeg\" \/>\n<meta name=\"author\" content=\"Redaktion\" \/>\n<meta name=\"twitter:card\" content=\"summary_large_image\" \/>\n<meta name=\"twitter:label1\" content=\"Written by\" \/>\n\t<meta name=\"twitter:data1\" content=\"Redaktion\" \/>\n\t<meta name=\"twitter:label2\" content=\"Est. reading time\" \/>\n\t<meta name=\"twitter:data2\" content=\"5 minutes\" \/>\n<script type=\"application\/ld+json\" class=\"yoast-schema-graph\">{\"@context\":\"https:\/\/schema.org\",\"@graph\":[{\"@type\":\"Article\",\"@id\":\"https:\/\/gegenstrom.org\/sackgasse-asylprotest\/#article\",\"isPartOf\":{\"@id\":\"https:\/\/gegenstrom.org\/sackgasse-asylprotest\/\"},\"author\":{\"name\":\"Redaktion\",\"@id\":\"https:\/\/gegenstrom.org\/#\/schema\/person\/9adb4188754722c1352b5f101655cd2d\"},\"headline\":\"Sackgasse Asylprotest\",\"datePublished\":\"2018-10-01T13:02:38+00:00\",\"dateModified\":\"2020-02-04T11:54:53+00:00\",\"mainEntityOfPage\":{\"@id\":\"https:\/\/gegenstrom.org\/sackgasse-asylprotest\/\"},\"wordCount\":1021,\"commentCount\":0,\"publisher\":{\"@id\":\"https:\/\/gegenstrom.org\/#organization\"},\"image\":{\"@id\":\"https:\/\/gegenstrom.org\/sackgasse-asylprotest\/#primaryimage\"},\"thumbnailUrl\":\"https:\/\/gegenstrom.org\/wp-content\/uploads\/2018\/10\/Sackgasse-Asylprotest.jpg\",\"keywords\":[\"AfD\",\"Deutsche Rechte\",\"Dritte Position\",\"Identit\u00e4re Bewegung\",\"Neue Rechte\",\"Rechtspopulismus\",\"Sezession im Netz\"],\"articleSection\":[\"Debatte\"],\"inLanguage\":\"en-US\"},{\"@type\":\"WebPage\",\"@id\":\"https:\/\/gegenstrom.org\/sackgasse-asylprotest\/\",\"url\":\"https:\/\/gegenstrom.org\/sackgasse-asylprotest\/\",\"name\":\"Sackgasse Asylprotest - Gegenstrom\",\"isPartOf\":{\"@id\":\"https:\/\/gegenstrom.org\/#website\"},\"primaryImageOfPage\":{\"@id\":\"https:\/\/gegenstrom.org\/sackgasse-asylprotest\/#primaryimage\"},\"image\":{\"@id\":\"https:\/\/gegenstrom.org\/sackgasse-asylprotest\/#primaryimage\"},\"thumbnailUrl\":\"https:\/\/gegenstrom.org\/wp-content\/uploads\/2018\/10\/Sackgasse-Asylprotest.jpg\",\"datePublished\":\"2018-10-01T13:02:38+00:00\",\"dateModified\":\"2020-02-04T11:54:53+00:00\",\"breadcrumb\":{\"@id\":\"https:\/\/gegenstrom.org\/sackgasse-asylprotest\/#breadcrumb\"},\"inLanguage\":\"en-US\",\"potentialAction\":[{\"@type\":\"ReadAction\",\"target\":[\"https:\/\/gegenstrom.org\/sackgasse-asylprotest\/\"]}]},{\"@type\":\"ImageObject\",\"inLanguage\":\"en-US\",\"@id\":\"https:\/\/gegenstrom.org\/sackgasse-asylprotest\/#primaryimage\",\"url\":\"https:\/\/gegenstrom.org\/wp-content\/uploads\/2018\/10\/Sackgasse-Asylprotest.jpg\",\"contentUrl\":\"https:\/\/gegenstrom.org\/wp-content\/uploads\/2018\/10\/Sackgasse-Asylprotest.jpg\",\"width\":715,\"height\":300},{\"@type\":\"BreadcrumbList\",\"@id\":\"https:\/\/gegenstrom.org\/sackgasse-asylprotest\/#breadcrumb\",\"itemListElement\":[{\"@type\":\"ListItem\",\"position\":1,\"name\":\"Startseite\",\"item\":\"https:\/\/gegenstrom.org\/\"},{\"@type\":\"ListItem\",\"position\":2,\"name\":\"Sackgasse Asylprotest\"}]},{\"@type\":\"WebSite\",\"@id\":\"https:\/\/gegenstrom.org\/#website\",\"url\":\"https:\/\/gegenstrom.org\/\",\"name\":\"Gegenstrom\",\"description\":\"Plattform f\u00fcr rechte Metapolitik\",\"publisher\":{\"@id\":\"https:\/\/gegenstrom.org\/#organization\"},\"potentialAction\":[{\"@type\":\"SearchAction\",\"target\":{\"@type\":\"EntryPoint\",\"urlTemplate\":\"https:\/\/gegenstrom.org\/?s={search_term_string}\"},\"query-input\":{\"@type\":\"PropertyValueSpecification\",\"valueRequired\":true,\"valueName\":\"search_term_string\"}}],\"inLanguage\":\"en-US\"},{\"@type\":\"Organization\",\"@id\":\"https:\/\/gegenstrom.org\/#organization\",\"name\":\"Metapol Verlag & Medien\",\"url\":\"https:\/\/gegenstrom.org\/\",\"logo\":{\"@type\":\"ImageObject\",\"inLanguage\":\"en-US\",\"@id\":\"https:\/\/gegenstrom.org\/#\/schema\/logo\/image\/\",\"url\":\"https:\/\/gegenstrom.org\/wp-content\/uploads\/2019\/11\/WMB_Senkrecht_Farbe_M-e1574681161133.png\",\"contentUrl\":\"https:\/\/gegenstrom.org\/wp-content\/uploads\/2019\/11\/WMB_Senkrecht_Farbe_M-e1574681161133.png\",\"width\":300,\"height\":219,\"caption\":\"Metapol Verlag & Medien\"},\"image\":{\"@id\":\"https:\/\/gegenstrom.org\/#\/schema\/logo\/image\/\"},\"sameAs\":[\"https:\/\/de-de.facebook.com\/rechteMetapolitik\/\",\"https:\/\/www.youtube.com\/channel\/UCvQizs-yQ8YapMiyuD6wDrw\"]},{\"@type\":\"Person\",\"@id\":\"https:\/\/gegenstrom.org\/#\/schema\/person\/9adb4188754722c1352b5f101655cd2d\",\"name\":\"Redaktion\",\"url\":\"https:\/\/gegenstrom.org\/en\/author\/redaktion\/\"}]}<\/script>\n<!-- \/ Yoast SEO plugin. -->","yoast_head_json":{"title":"Sackgasse Asylprotest - Gegenstrom","robots":{"index":"index","follow":"follow","max-snippet":"max-snippet:-1","max-image-preview":"max-image-preview:large","max-video-preview":"max-video-preview:-1"},"canonical":"https:\/\/gegenstrom.org\/en\/sackgasse-asylprotest\/","og_locale":"en_US","og_type":"article","og_title":"Sackgasse Asylprotest - Gegenstrom","og_description":"Der nachfolgende Text wurde uns von einem Leser dieses Blogs zugeschickt und enth\u00e4lt pers\u00f6nliche Gedanken zu dem Protestgeschehen in Deutschland. Den Beitrag verfasste Peter Preu\u00df. Man soll es kaum glauben, seit 2015 kennt das dritte Lager in Deutschland nur noch ein Thema: Asylanten. Nach einem zwischenzeitlichen Abflauen ergreift j\u00fcngst nach den Morden in Chemnitz und [&hellip;]","og_url":"https:\/\/gegenstrom.org\/en\/sackgasse-asylprotest\/","og_site_name":"Gegenstrom","article_publisher":"https:\/\/de-de.facebook.com\/rechteMetapolitik\/","article_published_time":"2018-10-01T13:02:38+00:00","article_modified_time":"2020-02-04T11:54:53+00:00","og_image":[{"width":715,"height":300,"url":"https:\/\/gegenstrom.org\/wp-content\/uploads\/2018\/10\/Sackgasse-Asylprotest.jpg","type":"image\/jpeg"}],"author":"Redaktion","twitter_card":"summary_large_image","twitter_misc":{"Written by":"Redaktion","Est. reading time":"5 minutes"},"schema":{"@context":"https:\/\/schema.org","@graph":[{"@type":"Article","@id":"https:\/\/gegenstrom.org\/sackgasse-asylprotest\/#article","isPartOf":{"@id":"https:\/\/gegenstrom.org\/sackgasse-asylprotest\/"},"author":{"name":"Redaktion","@id":"https:\/\/gegenstrom.org\/#\/schema\/person\/9adb4188754722c1352b5f101655cd2d"},"headline":"Sackgasse Asylprotest","datePublished":"2018-10-01T13:02:38+00:00","dateModified":"2020-02-04T11:54:53+00:00","mainEntityOfPage":{"@id":"https:\/\/gegenstrom.org\/sackgasse-asylprotest\/"},"wordCount":1021,"commentCount":0,"publisher":{"@id":"https:\/\/gegenstrom.org\/#organization"},"image":{"@id":"https:\/\/gegenstrom.org\/sackgasse-asylprotest\/#primaryimage"},"thumbnailUrl":"https:\/\/gegenstrom.org\/wp-content\/uploads\/2018\/10\/Sackgasse-Asylprotest.jpg","keywords":["AfD","Deutsche Rechte","Dritte Position","Identit\u00e4re Bewegung","Neue Rechte","Rechtspopulismus","Sezession im Netz"],"articleSection":["Debatte"],"inLanguage":"en-US"},{"@type":"WebPage","@id":"https:\/\/gegenstrom.org\/sackgasse-asylprotest\/","url":"https:\/\/gegenstrom.org\/sackgasse-asylprotest\/","name":"Sackgasse Asylprotest - Gegenstrom","isPartOf":{"@id":"https:\/\/gegenstrom.org\/#website"},"primaryImageOfPage":{"@id":"https:\/\/gegenstrom.org\/sackgasse-asylprotest\/#primaryimage"},"image":{"@id":"https:\/\/gegenstrom.org\/sackgasse-asylprotest\/#primaryimage"},"thumbnailUrl":"https:\/\/gegenstrom.org\/wp-content\/uploads\/2018\/10\/Sackgasse-Asylprotest.jpg","datePublished":"2018-10-01T13:02:38+00:00","dateModified":"2020-02-04T11:54:53+00:00","breadcrumb":{"@id":"https:\/\/gegenstrom.org\/sackgasse-asylprotest\/#breadcrumb"},"inLanguage":"en-US","potentialAction":[{"@type":"ReadAction","target":["https:\/\/gegenstrom.org\/sackgasse-asylprotest\/"]}]},{"@type":"ImageObject","inLanguage":"en-US","@id":"https:\/\/gegenstrom.org\/sackgasse-asylprotest\/#primaryimage","url":"https:\/\/gegenstrom.org\/wp-content\/uploads\/2018\/10\/Sackgasse-Asylprotest.jpg","contentUrl":"https:\/\/gegenstrom.org\/wp-content\/uploads\/2018\/10\/Sackgasse-Asylprotest.jpg","width":715,"height":300},{"@type":"BreadcrumbList","@id":"https:\/\/gegenstrom.org\/sackgasse-asylprotest\/#breadcrumb","itemListElement":[{"@type":"ListItem","position":1,"name":"Startseite","item":"https:\/\/gegenstrom.org\/"},{"@type":"ListItem","position":2,"name":"Sackgasse Asylprotest"}]},{"@type":"WebSite","@id":"https:\/\/gegenstrom.org\/#website","url":"https:\/\/gegenstrom.org\/","name":"Gegenstrom","description":"Plattform f\u00fcr rechte Metapolitik","publisher":{"@id":"https:\/\/gegenstrom.org\/#organization"},"potentialAction":[{"@type":"SearchAction","target":{"@type":"EntryPoint","urlTemplate":"https:\/\/gegenstrom.org\/?s={search_term_string}"},"query-input":{"@type":"PropertyValueSpecification","valueRequired":true,"valueName":"search_term_string"}}],"inLanguage":"en-US"},{"@type":"Organization","@id":"https:\/\/gegenstrom.org\/#organization","name":"Metapol Verlag & Medien","url":"https:\/\/gegenstrom.org\/","logo":{"@type":"ImageObject","inLanguage":"en-US","@id":"https:\/\/gegenstrom.org\/#\/schema\/logo\/image\/","url":"https:\/\/gegenstrom.org\/wp-content\/uploads\/2019\/11\/WMB_Senkrecht_Farbe_M-e1574681161133.png","contentUrl":"https:\/\/gegenstrom.org\/wp-content\/uploads\/2019\/11\/WMB_Senkrecht_Farbe_M-e1574681161133.png","width":300,"height":219,"caption":"Metapol Verlag & Medien"},"image":{"@id":"https:\/\/gegenstrom.org\/#\/schema\/logo\/image\/"},"sameAs":["https:\/\/de-de.facebook.com\/rechteMetapolitik\/","https:\/\/www.youtube.com\/channel\/UCvQizs-yQ8YapMiyuD6wDrw"]},{"@type":"Person","@id":"https:\/\/gegenstrom.org\/#\/schema\/person\/9adb4188754722c1352b5f101655cd2d","name":"Redaktion","url":"https:\/\/gegenstrom.org\/en\/author\/redaktion\/"}]}},"jetpack_featured_media_url":"https:\/\/gegenstrom.org\/wp-content\/uploads\/2018\/10\/Sackgasse-Asylprotest.jpg","jetpack_sharing_enabled":true,"_links":{"self":[{"href":"https:\/\/gegenstrom.org\/en\/wp-json\/wp\/v2\/posts\/1301","targetHints":{"allow":["GET"]}}],"collection":[{"href":"https:\/\/gegenstrom.org\/en\/wp-json\/wp\/v2\/posts"}],"about":[{"href":"https:\/\/gegenstrom.org\/en\/wp-json\/wp\/v2\/types\/post"}],"author":[{"embeddable":true,"href":"https:\/\/gegenstrom.org\/en\/wp-json\/wp\/v2\/users\/28"}],"replies":[{"embeddable":true,"href":"https:\/\/gegenstrom.org\/en\/wp-json\/wp\/v2\/comments?post=1301"}],"version-history":[{"count":0,"href":"https:\/\/gegenstrom.org\/en\/wp-json\/wp\/v2\/posts\/1301\/revisions"}],"wp:featuredmedia":[{"embeddable":true,"href":"https:\/\/gegenstrom.org\/en\/wp-json\/wp\/v2\/media\/1302"}],"wp:attachment":[{"href":"https:\/\/gegenstrom.org\/en\/wp-json\/wp\/v2\/media?parent=1301"}],"wp:term":[{"taxonomy":"category","embeddable":true,"href":"https:\/\/gegenstrom.org\/en\/wp-json\/wp\/v2\/categories?post=1301"},{"taxonomy":"post_tag","embeddable":true,"href":"https:\/\/gegenstrom.org\/en\/wp-json\/wp\/v2\/tags?post=1301"}],"curies":[{"name":"wp","href":"https:\/\/api.w.org\/{rel}","templated":true}]}}