{"id":1269,"date":"2018-09-02T08:15:09","date_gmt":"2018-09-02T06:15:09","guid":{"rendered":"https:\/\/gegenstrom.org\/?p=1269"},"modified":"2020-02-04T12:59:06","modified_gmt":"2020-02-04T11:59:06","slug":"das-beben-von-chemnitz-wieso-das-system-zum-scheitern-verurteilt-ist","status":"publish","type":"post","link":"https:\/\/gegenstrom.org\/en\/das-beben-von-chemnitz-wieso-das-system-zum-scheitern-verurteilt-ist\/","title":{"rendered":"Das Beben von Chemnitz: Wieso das System zum Scheitern verurteilt ist?"},"content":{"rendered":"<p style=\"font-size: 18px;\"><strong>Der Osten kommt derzeit nicht zur Ruhe. Die Presse \u00fcberschl\u00e4gt sich in ihren Hetztiraden gegen angebliche Ausschreitungen von sogenannten Rechtsextremisten in Chemnitz, w\u00e4hrend andere trauern um einen 35-j\u00e4hrigen, der sein Leben verlor, weil die Politik versagt hat. Egal ob wir die Zeitung aufschlagen, das Radio anschalten oder die abendlichen Nachrichten sehen wollen. \u00dcberall wird von dem Problem des Rechtsextremismus berichtet. Einige Politiker fabulieren hierbei von der oftmals schon bem\u00fchten \u201ewehrhaften Demokratie\u201c. Andere f\u00fcrchten dieselbe in Gefahr, wenn nicht bald etwas gegen die \u201eUnruhen\u201c unternommen w\u00fcrde. Wir sagen, die zweite Gruppe hat allen Grund dies zu bef\u00fcrchten. Die Stunde der Rechten r\u00fcckt immer n\u00e4her.<\/strong><\/p>\r\n\r\n\r\n\r\n<h2 class=\"wp-block-heading\">Chemnitz, eine Stadt in \u201eDunkeldeutschland\u201c<\/h2>\r\n\r\n\r\n\r\n<p style=\"font-size: 18px;\">Sachsen hat in der j\u00fcngsten Vergangenheit wiederholt Schlagzeilen als Ort des Widerstandes gemacht. In den Massenmedien wird das komplette Bundesland als unkontrolliertes und mit einem \u201eNazi\u201c-Problem behaftetes Gebiet diffamiert. Es werden daher auch Bilder alter Tage aus Hoyerswerda wiederbelebt, um zu zeigen, dass es in Sachsen schon immer ein Problem mit Rechtsextremismus gab. Im Allgemeinen d\u00fcrfte der Osten mit Brandenburg, Sachsen, Sachsen-Anhalt und Th\u00fcringen als rotes Tuch f\u00fcr einige gelten. Oder, um es mit den Worten einer Annetta Kahane zu formulieren: Der Osten ist zu wei\u00df.<\/p>\r\n\r\n\r\n\r\n<h2 class=\"wp-block-heading\">Dresden \u2013 Cottbus \u2013 Kandel \u2013 Chemnitz: Der Widerstand w\u00e4chst<\/h2>\r\n\r\n\r\n\r\n<p style=\"font-size: 18px;\">Mit zunehmenden Angriffen auf Deutsche, ver\u00fcbt von Merkels Migranten und Asylsuchenden, w\u00e4chst die Wut innerhalb der Mitte. Die Mitte, die jetzt wieder herhalten muss, um sich zwischen Links und Rechts zu positionieren und Balance in die eigentlich konservative Gesellschaft hineinzubekommen. Dabei existiert die Mitte in Wirklichkeit gar nicht und wenn, dann nur als knetbare Verschiebemasse. Sie ist weder dynamisch, noch kann sie gestaltend wirken.<\/p>\r\n\r\n\r\n\r\n<p style=\"font-size: 18px;\">Als die Kanzlerin 2015 ihr Willkommensgehei\u00df an die Welt richtete, \u00f6ffnete sie die B\u00fcchse der Pandora, womit diese Gesellschaft endlich einer Polarisierung und somit einer Dynamisierung unterzogen wurde. Mit jedem weiteren Messerstich, der mithilfe von Migrantenh\u00e4nden in Richtung deutscher Herzen gef\u00fchrt wird, vergr\u00f6\u00dfert sich das Bed\u00fcrfnis nach Sicherheit bei den Deutschen. Dieses Bed\u00fcrfnis entsteht deshalb, weil ein Mangel aufgetreten ist. Zun\u00e4chst begann dies in Dresden mit der PEGIDA-Bewegung, die in ihrer Hochzeit mehrere Zehntausend B\u00fcrger auf die Stra\u00dfe zog und erstreckt sich mittlerweile \u00fcber einen nicht unerheblichen Teil der Republik. Insbesondere in Cottbus und durch den feigen Mord an einen 35-j\u00e4hrigen in Chemnitz, werden die Br\u00fcche dieser Gesellschaft immer tiefer.<\/p>\r\n\r\n\r\n\r\n<p style=\"font-size: 18px;\">Je mehr Menschen f\u00fcr Sicherheit auf die Stra\u00dfe gehen, desto mehr werden sich auf der anderen Seite versammeln, um Protest gegen die \u201eAusl\u00e4nderfeinde\u201c und \u201eRechtsextremisten\u201c zu leisten.<\/p>\r\n\r\n\r\n\r\n<h2 class=\"wp-block-heading\">Die Polarisation w\u00e4chst: Die Gesellschaft droht zu kollabieren<\/h2>\r\n\r\n\r\n\r\n<p style=\"font-size: 18px;\">Dadurch entsteht eine immer weiter auseinanderklaffende Schere zwischen jenen, die nicht mehr l\u00e4nger bereit sind, diese Verh\u00e4ltnisse und das regelrechte von der Regierung verursachte Chaos zu akzeptieren und jenen, die diese Realit\u00e4t nicht wahrnehmen k\u00f6nnen oder wollen. Die Mitte droht also in die rechte und linke Seite dieser Gesellschaft aufzugehen. Dabei vermengen sich die Bed\u00fcrfnisse nach mehr Sicherheit mit einer Sozialneiddebatte, die angesichts der neuen Mentalit\u00e4t \u201eder offenen Sozialkassen\u201c, welche ausschlie\u00dflich f\u00fcr die Asylsuchenden gilt, folgerichtig ist. Hier entsteht ein viel gr\u00f6\u00dferes Problem f\u00fcr die Demokratie, als der angebliche Hass auf die messerstechenden \u201eSchutzsuchenden\u201c. Das Vertrauen in den Staat geht fl\u00f6ten. Durch die offensichtlichen Falschmeldungen \u2013 allgemein mittlerweile als FakeNews bekannt \u2013 versch\u00e4rft sich diese Situation weiter. F\u00fcr jene, die laut Grundgesetz das Staatsvolk ausmachen und \u00fcber Jahrzehnte in die Sozialkassen eingezahlt haben, hat der Staat lediglich ein schn\u00f6des Versprechen f\u00fcr eine mickrige Rente \u00fcbrig, w\u00e4hrend er auf der anderen Seite Gelder in Unmengen freisetzt, die dann f\u00fcr Menschen ausgegeben werden, die nicht einen Cent einzahlten und zum Teil keinen Respekt vor den Regeln und Gesetzen des Wirtsvolkes haben. Das ist feinster Sprengstoff und wird die demokratische Gesellschaft, die ohnehin nur ein auf Pump finanziertes Kollektiv darstellt, auseinanderdividieren.<\/p>\r\n\r\n\r\n\r\n<h2 class=\"wp-block-heading\">Die Sackgasse der Demokratie<\/h2>\r\n\r\n\r\n\r\n<p style=\"font-size: 18px;\">So paradox das klingen mag, aber die Situation f\u00fcr die deutschen Rechten ist besser als je zuvor. Durch die Unf\u00e4higkeit des Staates seine B\u00fcrger zu sch\u00fctzen, f\u00fcr ihre \u00f6konomische Sicherheit zu sorgen und Fehler einzugestehen, um daraus zu lernen, wird derselbe fr\u00fcher oder sp\u00e4ter das Zeitliche segnen m\u00fcssen. Das Vertrauen in die Massenmedien und den Staat schwindet zunehmend und immer mehr Menschen sind mittlerweile bereit ihre gute Situation zu opfern und Widerstand zu leisten. Der Einsatz des s\u00e4chsischen Justizbeamten, Daniel Zabel, der ein Dokument im Zusammenhang mit der Verhaftung eines der Messerstecher von Chemnitz leakte, sei hierbei beispielhaft erw\u00e4hnt.<\/p>\r\n\r\n\r\n\r\n<p style=\"font-size: 19px;\">Die j\u00fcngsten Ereignisse in Chemnitz sind daf\u00fcr ein Paradebeispiel. Anstatt zu trauern und zur Einigkeit aufzurufen, verunglimpfen die Vertreter des Staates die protestierenden Menschen als \u201eNazis\u201c und \u201eRechtsextremisten\u201c. Anstatt Fehler in der Migrations- und Asylpolitik einzugestehen und das ohnehin nur noch peinlich wirkende \u201eWir schaffen das\u201c zu revidieren, warnen die Verantwortlichen dieser Tat \u2013 und das sind letztlich die Vertreter der Regierung \u2013 ihre \u201eSch\u00e4fchen\u201c vor dem b\u00f6sen rechten Wolf, der als einziger trotz vieler Angriffe auf ihn vor diesem Chaos warnte. Anstatt nun zumindest zu suggerieren, dass man sich f\u00fcr die Belange seiner W\u00e4hler interessiert und ihnen Sicherheit verspricht, trifft man sich mit Repr\u00e4sentanten linker demokratischer Vereine, die sich im Kampf gegen rechts engagieren, um zu \u00fcberlegen, wie man diese noch besser alimentieren kann.<\/p>\r\n\r\n\r\n\r\n<p style=\"font-size: 18px;\">Die Vertreter der Demokratie machen falsch, was man in dieser Situation nur falsch machen kann. Tats\u00e4chlich allerdings befinden diese sich in einer Sackgasse. Es gibt f\u00fcr diese Leute nur zwei M\u00f6glichkeiten. Entweder suggerieren sie den Menschen wenigstens, dass sie sich f\u00fcr ihre Wehwehchen interessieren und riskieren damit eine signifikante Erweiterung des <em>Overton Windows<\/em> <em>(Der Rahmen des in der \u00d6ffentlichkeit Sagbaren, Anm. d. Red.<\/em>) nach rechts oder sie halten dagegen, wie sie es derzeit auch tun, und versch\u00e4rfen die Situation damit nur, was zu einer Radikalisierung des b\u00fcrgerlichen Lagers f\u00fchren wird. Egal, wie sich die Herrschenden verhalten, sie st\u00e4rken damit die Position rechter Gruppen und Parteien in Deutschland.<\/p>\r\n\r\n\r\n\r\n<p style=\"font-size: 18px;\"><strong>Die Rechte hat hier beste Ausgangsbedingungen. Momentan wachen immer mehr aus dem Dornr\u00f6schenschlaf auf, weil sie die unangenehme Luft des demokratischen Establishments vernehmen. Doch sie werden bald nach Antworten, nach echten Alternativen suchen. Da werden populistische \u00c4u\u00dferungen nicht mehr ausreichen. Dann hei\u00dft es Antworten auf die soziale Frage, auf die Rentenfrage, auf die wirtschaftlichen und finanzpolitischen Probleme dieses Landes zu haben. Dann hei\u00dft es, konkrete Vorschl\u00e4ge zu machen und den Mut zu haben und die \u00c4rmel hochzukrempeln. Dann hei\u00dft es \u201eAnpacken!\u201c<\/strong><\/p>","protected":false},"excerpt":{"rendered":"<p>Der Osten kommt derzeit nicht zur Ruhe. Die Presse \u00fcberschl\u00e4gt sich in ihren Hetztiraden gegen angebliche Ausschreitungen von sogenannten Rechtsextremisten in Chemnitz, w\u00e4hrend andere trauern um einen 35-j\u00e4hrigen, der sein Leben verlor, weil die Politik versagt hat. Egal ob wir die Zeitung aufschlagen, das Radio anschalten oder die abendlichen Nachrichten sehen wollen. \u00dcberall wird von [&hellip;]<\/p>","protected":false},"author":23,"featured_media":1263,"comment_status":"open","ping_status":"open","sticky":false,"template":"","format":"standard","meta":{"_et_pb_use_builder":"","_et_pb_old_content":"","_et_gb_content_width":"","_jetpack_memberships_contains_paid_content":false,"footnotes":""},"categories":[4],"tags":[62,123,238,36,89,173],"class_list":["post-1269","post","type-post","status-publish","format-standard","has-post-thumbnail","hentry","category-deutschland-und-die-welt","tag-buergerbewegung","tag-deutsche-rechte","tag-deutschland","tag-massengesellschaft","tag-nationaler-widerstand","tag-patriotischer-widerstand"],"yoast_head":"<!-- This site is optimized with the Yoast SEO plugin v26.2 - https:\/\/yoast.com\/wordpress\/plugins\/seo\/ -->\n<title>Das Beben von Chemnitz: Wieso das System zum Scheitern verurteilt ist? - Gegenstrom<\/title>\n<meta name=\"robots\" content=\"index, follow, max-snippet:-1, max-image-preview:large, max-video-preview:-1\" \/>\n<link rel=\"canonical\" href=\"https:\/\/gegenstrom.org\/en\/das-beben-von-chemnitz-wieso-das-system-zum-scheitern-verurteilt-ist\/\" \/>\n<meta property=\"og:locale\" content=\"en_US\" \/>\n<meta property=\"og:type\" content=\"article\" \/>\n<meta property=\"og:title\" content=\"Das Beben von Chemnitz: Wieso das System zum Scheitern verurteilt ist? - Gegenstrom\" \/>\n<meta property=\"og:description\" content=\"Der Osten kommt derzeit nicht zur Ruhe. Die Presse \u00fcberschl\u00e4gt sich in ihren Hetztiraden gegen angebliche Ausschreitungen von sogenannten Rechtsextremisten in Chemnitz, w\u00e4hrend andere trauern um einen 35-j\u00e4hrigen, der sein Leben verlor, weil die Politik versagt hat. Egal ob wir die Zeitung aufschlagen, das Radio anschalten oder die abendlichen Nachrichten sehen wollen. \u00dcberall wird von [&hellip;]\" \/>\n<meta property=\"og:url\" content=\"https:\/\/gegenstrom.org\/en\/das-beben-von-chemnitz-wieso-das-system-zum-scheitern-verurteilt-ist\/\" \/>\n<meta property=\"og:site_name\" content=\"Gegenstrom\" \/>\n<meta property=\"article:publisher\" content=\"https:\/\/de-de.facebook.com\/rechteMetapolitik\/\" \/>\n<meta property=\"article:published_time\" content=\"2018-09-02T06:15:09+00:00\" \/>\n<meta property=\"article:modified_time\" content=\"2020-02-04T11:59:06+00:00\" \/>\n<meta property=\"og:image\" content=\"https:\/\/gegenstrom.org\/wp-content\/uploads\/2018\/08\/Chemnitz2.jpg\" \/>\n\t<meta property=\"og:image:width\" content=\"715\" \/>\n\t<meta property=\"og:image:height\" content=\"300\" \/>\n\t<meta property=\"og:image:type\" content=\"image\/jpeg\" \/>\n<meta name=\"author\" content=\"John Trichet\" \/>\n<meta name=\"twitter:card\" content=\"summary_large_image\" \/>\n<meta name=\"twitter:label1\" content=\"Written by\" \/>\n\t<meta name=\"twitter:data1\" content=\"John Trichet\" \/>\n\t<meta name=\"twitter:label2\" content=\"Est. reading time\" \/>\n\t<meta name=\"twitter:data2\" content=\"5 minutes\" \/>\n<script type=\"application\/ld+json\" class=\"yoast-schema-graph\">{\"@context\":\"https:\/\/schema.org\",\"@graph\":[{\"@type\":\"Article\",\"@id\":\"https:\/\/gegenstrom.org\/das-beben-von-chemnitz-wieso-das-system-zum-scheitern-verurteilt-ist\/#article\",\"isPartOf\":{\"@id\":\"https:\/\/gegenstrom.org\/das-beben-von-chemnitz-wieso-das-system-zum-scheitern-verurteilt-ist\/\"},\"author\":{\"name\":\"John Trichet\",\"@id\":\"https:\/\/gegenstrom.org\/#\/schema\/person\/59c71ec640f1ed0fc2084081387f83bb\"},\"headline\":\"Das Beben von Chemnitz: Wieso das System zum Scheitern verurteilt ist?\",\"datePublished\":\"2018-09-02T06:15:09+00:00\",\"dateModified\":\"2020-02-04T11:59:06+00:00\",\"mainEntityOfPage\":{\"@id\":\"https:\/\/gegenstrom.org\/das-beben-von-chemnitz-wieso-das-system-zum-scheitern-verurteilt-ist\/\"},\"wordCount\":1110,\"commentCount\":2,\"publisher\":{\"@id\":\"https:\/\/gegenstrom.org\/#organization\"},\"image\":{\"@id\":\"https:\/\/gegenstrom.org\/das-beben-von-chemnitz-wieso-das-system-zum-scheitern-verurteilt-ist\/#primaryimage\"},\"thumbnailUrl\":\"https:\/\/gegenstrom.org\/wp-content\/uploads\/2018\/08\/Chemnitz2.jpg\",\"keywords\":[\"B\u00fcrgerbewegung\",\"Deutsche Rechte\",\"Deutschland\",\"Massengesellschaft\",\"Nationaler Widerstand\",\"Patriotischer Widerstand\"],\"articleSection\":[\"Deutschland und die Welt\"],\"inLanguage\":\"en-US\"},{\"@type\":\"WebPage\",\"@id\":\"https:\/\/gegenstrom.org\/das-beben-von-chemnitz-wieso-das-system-zum-scheitern-verurteilt-ist\/\",\"url\":\"https:\/\/gegenstrom.org\/das-beben-von-chemnitz-wieso-das-system-zum-scheitern-verurteilt-ist\/\",\"name\":\"Das Beben von Chemnitz: Wieso das System zum Scheitern verurteilt ist? - Gegenstrom\",\"isPartOf\":{\"@id\":\"https:\/\/gegenstrom.org\/#website\"},\"primaryImageOfPage\":{\"@id\":\"https:\/\/gegenstrom.org\/das-beben-von-chemnitz-wieso-das-system-zum-scheitern-verurteilt-ist\/#primaryimage\"},\"image\":{\"@id\":\"https:\/\/gegenstrom.org\/das-beben-von-chemnitz-wieso-das-system-zum-scheitern-verurteilt-ist\/#primaryimage\"},\"thumbnailUrl\":\"https:\/\/gegenstrom.org\/wp-content\/uploads\/2018\/08\/Chemnitz2.jpg\",\"datePublished\":\"2018-09-02T06:15:09+00:00\",\"dateModified\":\"2020-02-04T11:59:06+00:00\",\"breadcrumb\":{\"@id\":\"https:\/\/gegenstrom.org\/das-beben-von-chemnitz-wieso-das-system-zum-scheitern-verurteilt-ist\/#breadcrumb\"},\"inLanguage\":\"en-US\",\"potentialAction\":[{\"@type\":\"ReadAction\",\"target\":[\"https:\/\/gegenstrom.org\/das-beben-von-chemnitz-wieso-das-system-zum-scheitern-verurteilt-ist\/\"]}]},{\"@type\":\"ImageObject\",\"inLanguage\":\"en-US\",\"@id\":\"https:\/\/gegenstrom.org\/das-beben-von-chemnitz-wieso-das-system-zum-scheitern-verurteilt-ist\/#primaryimage\",\"url\":\"https:\/\/gegenstrom.org\/wp-content\/uploads\/2018\/08\/Chemnitz2.jpg\",\"contentUrl\":\"https:\/\/gegenstrom.org\/wp-content\/uploads\/2018\/08\/Chemnitz2.jpg\",\"width\":715,\"height\":300},{\"@type\":\"BreadcrumbList\",\"@id\":\"https:\/\/gegenstrom.org\/das-beben-von-chemnitz-wieso-das-system-zum-scheitern-verurteilt-ist\/#breadcrumb\",\"itemListElement\":[{\"@type\":\"ListItem\",\"position\":1,\"name\":\"Startseite\",\"item\":\"https:\/\/gegenstrom.org\/\"},{\"@type\":\"ListItem\",\"position\":2,\"name\":\"Das Beben von Chemnitz: Wieso das System zum Scheitern verurteilt ist?\"}]},{\"@type\":\"WebSite\",\"@id\":\"https:\/\/gegenstrom.org\/#website\",\"url\":\"https:\/\/gegenstrom.org\/\",\"name\":\"Gegenstrom\",\"description\":\"Plattform f\u00fcr rechte Metapolitik\",\"publisher\":{\"@id\":\"https:\/\/gegenstrom.org\/#organization\"},\"potentialAction\":[{\"@type\":\"SearchAction\",\"target\":{\"@type\":\"EntryPoint\",\"urlTemplate\":\"https:\/\/gegenstrom.org\/?s={search_term_string}\"},\"query-input\":{\"@type\":\"PropertyValueSpecification\",\"valueRequired\":true,\"valueName\":\"search_term_string\"}}],\"inLanguage\":\"en-US\"},{\"@type\":\"Organization\",\"@id\":\"https:\/\/gegenstrom.org\/#organization\",\"name\":\"Metapol Verlag & Medien\",\"url\":\"https:\/\/gegenstrom.org\/\",\"logo\":{\"@type\":\"ImageObject\",\"inLanguage\":\"en-US\",\"@id\":\"https:\/\/gegenstrom.org\/#\/schema\/logo\/image\/\",\"url\":\"https:\/\/gegenstrom.org\/wp-content\/uploads\/2019\/11\/WMB_Senkrecht_Farbe_M-e1574681161133.png\",\"contentUrl\":\"https:\/\/gegenstrom.org\/wp-content\/uploads\/2019\/11\/WMB_Senkrecht_Farbe_M-e1574681161133.png\",\"width\":300,\"height\":219,\"caption\":\"Metapol Verlag & Medien\"},\"image\":{\"@id\":\"https:\/\/gegenstrom.org\/#\/schema\/logo\/image\/\"},\"sameAs\":[\"https:\/\/de-de.facebook.com\/rechteMetapolitik\/\",\"https:\/\/www.youtube.com\/channel\/UCvQizs-yQ8YapMiyuD6wDrw\"]},{\"@type\":\"Person\",\"@id\":\"https:\/\/gegenstrom.org\/#\/schema\/person\/59c71ec640f1ed0fc2084081387f83bb\",\"name\":\"John Trichet\",\"url\":\"https:\/\/gegenstrom.org\/en\/author\/john-trichet\/\"}]}<\/script>\n<!-- \/ Yoast SEO plugin. -->","yoast_head_json":{"title":"Das Beben von Chemnitz: Wieso das System zum Scheitern verurteilt ist? - Gegenstrom","robots":{"index":"index","follow":"follow","max-snippet":"max-snippet:-1","max-image-preview":"max-image-preview:large","max-video-preview":"max-video-preview:-1"},"canonical":"https:\/\/gegenstrom.org\/en\/das-beben-von-chemnitz-wieso-das-system-zum-scheitern-verurteilt-ist\/","og_locale":"en_US","og_type":"article","og_title":"Das Beben von Chemnitz: Wieso das System zum Scheitern verurteilt ist? - Gegenstrom","og_description":"Der Osten kommt derzeit nicht zur Ruhe. Die Presse \u00fcberschl\u00e4gt sich in ihren Hetztiraden gegen angebliche Ausschreitungen von sogenannten Rechtsextremisten in Chemnitz, w\u00e4hrend andere trauern um einen 35-j\u00e4hrigen, der sein Leben verlor, weil die Politik versagt hat. Egal ob wir die Zeitung aufschlagen, das Radio anschalten oder die abendlichen Nachrichten sehen wollen. \u00dcberall wird von [&hellip;]","og_url":"https:\/\/gegenstrom.org\/en\/das-beben-von-chemnitz-wieso-das-system-zum-scheitern-verurteilt-ist\/","og_site_name":"Gegenstrom","article_publisher":"https:\/\/de-de.facebook.com\/rechteMetapolitik\/","article_published_time":"2018-09-02T06:15:09+00:00","article_modified_time":"2020-02-04T11:59:06+00:00","og_image":[{"width":715,"height":300,"url":"https:\/\/gegenstrom.org\/wp-content\/uploads\/2018\/08\/Chemnitz2.jpg","type":"image\/jpeg"}],"author":"John Trichet","twitter_card":"summary_large_image","twitter_misc":{"Written by":"John Trichet","Est. reading time":"5 minutes"},"schema":{"@context":"https:\/\/schema.org","@graph":[{"@type":"Article","@id":"https:\/\/gegenstrom.org\/das-beben-von-chemnitz-wieso-das-system-zum-scheitern-verurteilt-ist\/#article","isPartOf":{"@id":"https:\/\/gegenstrom.org\/das-beben-von-chemnitz-wieso-das-system-zum-scheitern-verurteilt-ist\/"},"author":{"name":"John Trichet","@id":"https:\/\/gegenstrom.org\/#\/schema\/person\/59c71ec640f1ed0fc2084081387f83bb"},"headline":"Das Beben von Chemnitz: Wieso das System zum Scheitern verurteilt ist?","datePublished":"2018-09-02T06:15:09+00:00","dateModified":"2020-02-04T11:59:06+00:00","mainEntityOfPage":{"@id":"https:\/\/gegenstrom.org\/das-beben-von-chemnitz-wieso-das-system-zum-scheitern-verurteilt-ist\/"},"wordCount":1110,"commentCount":2,"publisher":{"@id":"https:\/\/gegenstrom.org\/#organization"},"image":{"@id":"https:\/\/gegenstrom.org\/das-beben-von-chemnitz-wieso-das-system-zum-scheitern-verurteilt-ist\/#primaryimage"},"thumbnailUrl":"https:\/\/gegenstrom.org\/wp-content\/uploads\/2018\/08\/Chemnitz2.jpg","keywords":["B\u00fcrgerbewegung","Deutsche Rechte","Deutschland","Massengesellschaft","Nationaler Widerstand","Patriotischer Widerstand"],"articleSection":["Deutschland und die Welt"],"inLanguage":"en-US"},{"@type":"WebPage","@id":"https:\/\/gegenstrom.org\/das-beben-von-chemnitz-wieso-das-system-zum-scheitern-verurteilt-ist\/","url":"https:\/\/gegenstrom.org\/das-beben-von-chemnitz-wieso-das-system-zum-scheitern-verurteilt-ist\/","name":"Das Beben von Chemnitz: Wieso das System zum Scheitern verurteilt ist? - Gegenstrom","isPartOf":{"@id":"https:\/\/gegenstrom.org\/#website"},"primaryImageOfPage":{"@id":"https:\/\/gegenstrom.org\/das-beben-von-chemnitz-wieso-das-system-zum-scheitern-verurteilt-ist\/#primaryimage"},"image":{"@id":"https:\/\/gegenstrom.org\/das-beben-von-chemnitz-wieso-das-system-zum-scheitern-verurteilt-ist\/#primaryimage"},"thumbnailUrl":"https:\/\/gegenstrom.org\/wp-content\/uploads\/2018\/08\/Chemnitz2.jpg","datePublished":"2018-09-02T06:15:09+00:00","dateModified":"2020-02-04T11:59:06+00:00","breadcrumb":{"@id":"https:\/\/gegenstrom.org\/das-beben-von-chemnitz-wieso-das-system-zum-scheitern-verurteilt-ist\/#breadcrumb"},"inLanguage":"en-US","potentialAction":[{"@type":"ReadAction","target":["https:\/\/gegenstrom.org\/das-beben-von-chemnitz-wieso-das-system-zum-scheitern-verurteilt-ist\/"]}]},{"@type":"ImageObject","inLanguage":"en-US","@id":"https:\/\/gegenstrom.org\/das-beben-von-chemnitz-wieso-das-system-zum-scheitern-verurteilt-ist\/#primaryimage","url":"https:\/\/gegenstrom.org\/wp-content\/uploads\/2018\/08\/Chemnitz2.jpg","contentUrl":"https:\/\/gegenstrom.org\/wp-content\/uploads\/2018\/08\/Chemnitz2.jpg","width":715,"height":300},{"@type":"BreadcrumbList","@id":"https:\/\/gegenstrom.org\/das-beben-von-chemnitz-wieso-das-system-zum-scheitern-verurteilt-ist\/#breadcrumb","itemListElement":[{"@type":"ListItem","position":1,"name":"Startseite","item":"https:\/\/gegenstrom.org\/"},{"@type":"ListItem","position":2,"name":"Das Beben von Chemnitz: Wieso das System zum Scheitern verurteilt ist?"}]},{"@type":"WebSite","@id":"https:\/\/gegenstrom.org\/#website","url":"https:\/\/gegenstrom.org\/","name":"Gegenstrom","description":"Plattform f\u00fcr rechte Metapolitik","publisher":{"@id":"https:\/\/gegenstrom.org\/#organization"},"potentialAction":[{"@type":"SearchAction","target":{"@type":"EntryPoint","urlTemplate":"https:\/\/gegenstrom.org\/?s={search_term_string}"},"query-input":{"@type":"PropertyValueSpecification","valueRequired":true,"valueName":"search_term_string"}}],"inLanguage":"en-US"},{"@type":"Organization","@id":"https:\/\/gegenstrom.org\/#organization","name":"Metapol Verlag & Medien","url":"https:\/\/gegenstrom.org\/","logo":{"@type":"ImageObject","inLanguage":"en-US","@id":"https:\/\/gegenstrom.org\/#\/schema\/logo\/image\/","url":"https:\/\/gegenstrom.org\/wp-content\/uploads\/2019\/11\/WMB_Senkrecht_Farbe_M-e1574681161133.png","contentUrl":"https:\/\/gegenstrom.org\/wp-content\/uploads\/2019\/11\/WMB_Senkrecht_Farbe_M-e1574681161133.png","width":300,"height":219,"caption":"Metapol Verlag & Medien"},"image":{"@id":"https:\/\/gegenstrom.org\/#\/schema\/logo\/image\/"},"sameAs":["https:\/\/de-de.facebook.com\/rechteMetapolitik\/","https:\/\/www.youtube.com\/channel\/UCvQizs-yQ8YapMiyuD6wDrw"]},{"@type":"Person","@id":"https:\/\/gegenstrom.org\/#\/schema\/person\/59c71ec640f1ed0fc2084081387f83bb","name":"John Trichet","url":"https:\/\/gegenstrom.org\/en\/author\/john-trichet\/"}]}},"jetpack_featured_media_url":"https:\/\/gegenstrom.org\/wp-content\/uploads\/2018\/08\/Chemnitz2.jpg","jetpack_sharing_enabled":true,"_links":{"self":[{"href":"https:\/\/gegenstrom.org\/en\/wp-json\/wp\/v2\/posts\/1269","targetHints":{"allow":["GET"]}}],"collection":[{"href":"https:\/\/gegenstrom.org\/en\/wp-json\/wp\/v2\/posts"}],"about":[{"href":"https:\/\/gegenstrom.org\/en\/wp-json\/wp\/v2\/types\/post"}],"author":[{"embeddable":true,"href":"https:\/\/gegenstrom.org\/en\/wp-json\/wp\/v2\/users\/23"}],"replies":[{"embeddable":true,"href":"https:\/\/gegenstrom.org\/en\/wp-json\/wp\/v2\/comments?post=1269"}],"version-history":[{"count":0,"href":"https:\/\/gegenstrom.org\/en\/wp-json\/wp\/v2\/posts\/1269\/revisions"}],"wp:featuredmedia":[{"embeddable":true,"href":"https:\/\/gegenstrom.org\/en\/wp-json\/wp\/v2\/media\/1263"}],"wp:attachment":[{"href":"https:\/\/gegenstrom.org\/en\/wp-json\/wp\/v2\/media?parent=1269"}],"wp:term":[{"taxonomy":"category","embeddable":true,"href":"https:\/\/gegenstrom.org\/en\/wp-json\/wp\/v2\/categories?post=1269"},{"taxonomy":"post_tag","embeddable":true,"href":"https:\/\/gegenstrom.org\/en\/wp-json\/wp\/v2\/tags?post=1269"}],"curies":[{"name":"wp","href":"https:\/\/api.w.org\/{rel}","templated":true}]}}