{"id":1223,"date":"2018-07-31T08:19:03","date_gmt":"2018-07-31T07:19:03","guid":{"rendered":"https:\/\/gegenstrom.org\/?p=1223"},"modified":"2020-02-04T12:15:18","modified_gmt":"2020-02-04T11:15:18","slug":"eu-in-der-zerreissprobe-dualismus-zwischen-ost-und-westeuropa-innerhalb-der-europaeischen-union-teil-ii","status":"publish","type":"post","link":"https:\/\/gegenstrom.org\/en\/eu-in-der-zerreissprobe-dualismus-zwischen-ost-und-westeuropa-innerhalb-der-europaeischen-union-teil-ii\/","title":{"rendered":"EU in der Zerrei\u00dfprobe? Dualismus zwischen Ost &#8211; und Westeuropa innerhalb der Europ\u00e4ischen Union Teil II"},"content":{"rendered":"<h1>Visegrad als Hoffnungtr\u00e4ger f\u00fcr Europas Rechte?<\/h1>\n<p><span style=\"font-size: 14pt;\">Durch die eher ablehnende\u00a0 Haltung der Visegradstaaten gegen\u00fcber der Eurokratie und ihre Fl\u00fcchtlingspolitik k\u00f6nnten sie durchaus einen wichtigen Partner f\u00fcr die europ\u00e4ische Rechte darstellen. Erst im Juni diesen Jahres trafen sich die \u00f6sterreichischen Koalitionspartner \u00d6VP\/FP\u00d6 mit den Visegradstaaten.<a href=\"#_edn1\" name=\"_ednref1\">[1]<\/a> Es deutet vieles darauf hin, dass \u00d6sterreich st\u00e4rker an Ungarn heranr\u00fcckt.<a href=\"#_edn2\" name=\"_ednref2\">[2]<\/a> Und die Beziehungen k\u00f6nnten vielversprechend sein, sind doch beide L\u00e4nder durch k. u. k. Monarchie geschichtlich eng verbandelt.<\/span><\/p>\n<h2>Italien als weiterer Akteur im Visegrad-B\u00fcndnis?<\/h2>\n<p><span style=\"font-size: 14pt;\">Nach dem Wahlsieg der \u201eRechtspopulisten\u201c um Salvini tritt mit Italien ein weiteres Land in den Kreis der euroskeptischen L\u00e4nder. Der amtierende italienische Vize- und Innenminister Matteo Salvini k\u00fcndigte an, mit dem \u201eF\u00fchrer der Antimigrationskoalition\u201c Viktor Orban f\u00fcr einen Kurswechsel in der Fl\u00fcchtlingspolitik eng zusammenarbeiten zu wollen. Demzufolge ist es gut m\u00f6glich, dass auch Italien sich dem Visegradb\u00fcndnis anschlie\u00dft, oder zumindest eng mit diesem zusammenarbeitet.<a href=\"#_edn3\" name=\"_ednref3\">[3]<\/a> Sollte dies der Fall sein, stellt das Visegradb\u00fcndnis einen Machtfaktor dar, der sich von Mittelosteuropa bis S\u00fcdeuropa erstreckt. Tritt \u00d6sterreich noch mit hinzu, erweitert sich Visegrad um einen wirtschaftlichen starken Partner, wodurch sich der Einfluss von Visegrad innerhalb der EU nochmals verst\u00e4rkt. Durch die identit\u00e4tsstiftende Politik der Visegradl\u00e4nder, welche ganz kontr\u00e4r zur politischen Ausrichtung der EU steht, ist es m\u00f6glich, dass weitere rechtspopulistisch regierte europ\u00e4ische L\u00e4nder sich Visegrad zuwenden. Bereits jetzt sind die V4 stark genug, um Forderungen der EU zur Fl\u00fcchtlingsquote entgegenzutreten, wie es sich beim letzten Asylgipfel gezeigt hat. Dort gelang den 4 Visegrads immerhin ein Etappensieg. So werden die Mitgliedsstaaten von der EU nicht mehr per Sanktionen\u00a0 gezwungen, Fl\u00fcchtlinge aufzunehmen. Von jetzt an solle eine Aufnahme nur in Einklang mit internationalem Recht auf Basis der Freiwilligkeit erfolgen.<\/span><\/p>\n<h2>Visegrad als geopolitisches Bindeglied zu Eurasien<\/h2>\n<blockquote><p><span style=\"font-size: 14pt;\">In einem Interview der <em>Visegradpost <\/em>mit dem russischen Philosophen und angeblichen Berater Putins, Alexander Dugin, antwortete dieser auf die Frage, was er vom Visegradb\u00fcndnis h\u00e4lt, \u201e<em>dass die Visegr\u00e1d-Gruppe ein sehr interessanter und revolution\u00e4rer Gedanke ist, um einige der osteurop\u00e4ischen M\u00e4chte zu vereinen, und zwar namentlich diejenigen, die zunehmend ihre Differenzen gegen\u00fcber den Rest von Europa in Bezug auf Werte, soziale Standards und die traditionelle Orientierung ihrer Gesellschaften empfinden. Das ist die Art einer besonderen Identit\u00e4t, die den osteurop\u00e4ischen L\u00e4ndern eigen ist: polnische Identit\u00e4t, ungarische Identit\u00e4t, tschechische Identit\u00e4t, slowakische Identit\u00e4t usw. Diese osteurop\u00e4ischen L\u00e4nder haben eine besondere geopolitische Mission, eine besondere Geschichte und eine besondere Rolle innerhalb des europ\u00e4ischen Zusammenhangs zu spielen.<\/em>\u201c Dugin h\u00e4lt sogar eine komplette Losl\u00f6sung von der EU f\u00fcr m\u00f6glich. \u201e<em>Der wesentlichste Trennpunkt, der derzeit zwischen der Visegr\u00e1d-Gruppe und dem Rest der EU vonstattengeht, ist ein Schritt in Richtung eines m\u00f6glichen Austritts Osteuropas aus der EU.<\/em>\u201c<a href=\"#_edn4\" name=\"_ednref4\">[4]<\/a><\/span><\/p><\/blockquote>\n<p><span style=\"font-size: 14pt;\">Sollte es tats\u00e4chlich mal zur Losl\u00f6sung der Visegradl\u00e4nder kommen, k\u00f6nnte die geographische Lage zu Russland einen geostrategischen Vorteil hinsichtlich der Bindung an den Osten darstellen. Dem bedarf es jedoch einer einheitlichen Linie zu Russland, was das B\u00fcndnis aufgrund der Haltung Polens nicht hat. F\u00fcr den Westen w\u00fcrde dies auf jeden Fall bedeuten, dass es die \u201e<em>Cordon Sanit\u00e4re\u201c <\/em>als Pufferzone zu Russland verlieren w\u00fcrde, wovon auch die Vereinigten Staaten von Amerika einen wichtigen geopolitischen Verlust hinnehmen m\u00fcssen. Da dieses Bindeglied f\u00fcr beide Superstaaten von enormer Bedeutung ist, muss einer der Staaten um die Gunst der V4 f\u00f6rmlich werben. Somit ist dieses osteurop\u00e4ische B\u00fcndnis in der Lage, recht gro\u00dfen Einfluss auf beide Superm\u00e4chte auszu\u00fcben.<\/span><\/p>\n<h2>Visegrad als Chance f\u00fcr Mittel- bzw. Ostdeutschland?<\/h2>\n<p><span style=\"font-size: 14pt;\">Der Autor Johannes Scharf erw\u00e4hnt in seinem Werk \u201eDer wei\u00dfe Ethnostaat\u201c, dass die Bundesl\u00e4nder in Mitteldeutschland, allen voran Sachsen, die einzige Chance sind, einen wei\u00dfen oder \u201ebiodeutschen\u201c Ethnostaat auf deutschem Boden zu erhalten. Selbstverst\u00e4ndlich bedarf eine Separation der Zustimmung des Staates, auch wenn eigentlich die Stimme des Souver\u00e4ns, also des Volkes, z\u00e4hlen sollte. Die Praxis sieht jedoch anders aus und so braucht eine Separation ein starkes B\u00fcndnis im Hintergrund, das Einfluss hat und m\u00f6glicherweise seine Zustimmung dazu gibt. Ein separiertes Sachsen oder Mitteldeutschland wird sich allein innerhalb der EU durchsetzen k\u00f6nnen. Ein aus der europ\u00e4ischen Gemeinschaft getretenes Visegradb\u00fcndnis h\u00e4tte diesen Einfluss. So w\u00e4re es in der Lage beispielsweise die USA unter Druck zu setzen, sollte sie sich bei einer Separation Sachsens oder gar der \u00f6stlichen BRD quer stellen. Denn, wie obig bereits erw\u00e4hnt wurde, haben die Vereinigten Staaten ein enormes geopolitisches Interesse an dieser Peripherie. Allein daher kann dieses innereurop\u00e4ische B\u00fcndnis, das eine Renaissance der Nationalstaaten in Europa einl\u00e4utet, durchaus als Chance f\u00fcr europ\u00e4ische Identit\u00e4re bzw. Patrioten betrachtet werden.<\/span><\/p>\n<h2>\u00a0Quellenangaben<\/h2>\n<p><span style=\"font-size: 14pt;\"><a href=\"#_ednref1\" name=\"_edn1\">[1]<\/a> Vgl. Unbekannt (21.06.2018), Kanzler Kurz trifft Visegrad-Staaten in Ungarn, in: <a href=\"http:\/\/de.euronews.com\/2018\/06\/21\/kanzler-kurz-trifft-visegrad-staaten-in-ungarn\">http:\/\/de.euronews.com\/2018\/06\/21\/kanzler-kurz-trifft-visegrad-staaten-in-ungarn<\/a> (Abgerufen am 15.07.2018).<\/span><\/p>\n<p><span style=\"font-size: 14pt;\"><a href=\"#_ednref2\" name=\"_edn2\">[2]<\/a> Vgl. Boris K\u00e1lnoky (16.11.2017), \u201eWas meinst du, wie verl\u00e4sslich ist Sebastian Kurz?\u201c, in: <a href=\"https:\/\/www.welt.de\/politik\/ausland\/article170682747\/Was-meinst-du-wie-verlaesslich-ist-Sebastian-Kurz.html\">https:\/\/www.welt.de\/politik\/ausland\/article170682747\/Was-meinst-du-wie-verlaesslich-ist-Sebastian-Kurz.html<\/a> (Abgerufen am 11.07.2018).<\/span><\/p>\n<p><span style=\"font-size: 14pt;\"><a href=\"#_ednref3\" name=\"_edn3\">[3]<\/a> Vgl. Alice Scarsi (04.06.2018), italy\u00b4s deputy PM vows to \u201echange EU rules\u201c with hungary\u00b4s Viktor Orban, in: <a href=\"https:\/\/www.express.co.uk\/news\/world\/969429\/italy-news-migrant-crisis-salvini-lega-hungary-orban-coalition-populism\">https:\/\/www.express.co.uk\/news\/world\/969429\/italy-news-migrant-crisis-salvini-lega-hungary-orban-coalition-populism<\/a> (Abgerufen am 11.07.2018).<\/span><\/p>\n<p><span style=\"font-size: 14pt;\"><a href=\"#_ednref4\" name=\"_edn4\">[4]<\/a> Unbekannt (30.05.2018), Interview mit dem Philosophen Alexander Dugin, in: <a href=\"https:\/\/visegradpost.com\/de\/2018\/05\/30\/interview-mit-dem-philosophen-alexander-dugin-ueber-mitteleuropa-und-die-visegrad-gruppe\/\">https:\/\/visegradpost.com\/de\/2018\/05\/30\/interview-mit-dem-philosophen-alexander-dugin-ueber-mitteleuropa-und-die-visegrad-gruppe\/<\/a> (Angerufen am 14.07.2018).<\/span><\/p>","protected":false},"excerpt":{"rendered":"<p>Visegrad als Hoffnungtr\u00e4ger f\u00fcr Europas Rechte? Durch die eher ablehnende\u00a0 Haltung der Visegradstaaten gegen\u00fcber der Eurokratie und ihre Fl\u00fcchtlingspolitik k\u00f6nnten sie durchaus einen wichtigen Partner f\u00fcr die europ\u00e4ische Rechte darstellen. Erst im Juni diesen Jahres trafen sich die \u00f6sterreichischen Koalitionspartner \u00d6VP\/FP\u00d6 mit den Visegradstaaten.[1] Es deutet vieles darauf hin, dass \u00d6sterreich st\u00e4rker an Ungarn heranr\u00fcckt.[2] [&hellip;]<\/p>","protected":false},"author":20,"featured_media":1177,"comment_status":"open","ping_status":"open","sticky":false,"template":"","format":"standard","meta":{"_et_pb_use_builder":"","_et_pb_old_content":"","_et_gb_content_width":"","_jetpack_memberships_contains_paid_content":false,"footnotes":""},"categories":[4],"tags":[165,123,214,253,94,288],"class_list":["post-1223","post","type-post","status-publish","format-standard","has-post-thumbnail","hentry","category-deutschland-und-die-welt","tag-alexander-dugin","tag-deutsche-rechte","tag-eurasien","tag-europa","tag-europaeische-rechte","tag-visegrad-staaten"],"yoast_head":"<!-- This site is optimized with the Yoast SEO plugin v26.2 - https:\/\/yoast.com\/wordpress\/plugins\/seo\/ -->\n<title>EU in der Zerrei\u00dfprobe? Dualismus zwischen Ost - und Westeuropa innerhalb der Europ\u00e4ischen Union Teil II - Gegenstrom<\/title>\n<meta name=\"robots\" content=\"index, follow, max-snippet:-1, max-image-preview:large, max-video-preview:-1\" \/>\n<link rel=\"canonical\" href=\"https:\/\/gegenstrom.org\/en\/eu-in-der-zerreissprobe-dualismus-zwischen-ost-und-westeuropa-innerhalb-der-europaeischen-union-teil-ii\/\" \/>\n<meta property=\"og:locale\" content=\"en_US\" \/>\n<meta property=\"og:type\" content=\"article\" \/>\n<meta property=\"og:title\" content=\"EU in der Zerrei\u00dfprobe? Dualismus zwischen Ost - und Westeuropa innerhalb der Europ\u00e4ischen Union Teil II - Gegenstrom\" \/>\n<meta property=\"og:description\" content=\"Visegrad als Hoffnungtr\u00e4ger f\u00fcr Europas Rechte? Durch die eher ablehnende\u00a0 Haltung der Visegradstaaten gegen\u00fcber der Eurokratie und ihre Fl\u00fcchtlingspolitik k\u00f6nnten sie durchaus einen wichtigen Partner f\u00fcr die europ\u00e4ische Rechte darstellen. Erst im Juni diesen Jahres trafen sich die \u00f6sterreichischen Koalitionspartner \u00d6VP\/FP\u00d6 mit den Visegradstaaten.[1] Es deutet vieles darauf hin, dass \u00d6sterreich st\u00e4rker an Ungarn heranr\u00fcckt.[2] [&hellip;]\" \/>\n<meta property=\"og:url\" content=\"https:\/\/gegenstrom.org\/en\/eu-in-der-zerreissprobe-dualismus-zwischen-ost-und-westeuropa-innerhalb-der-europaeischen-union-teil-ii\/\" \/>\n<meta property=\"og:site_name\" content=\"Gegenstrom\" \/>\n<meta property=\"article:publisher\" content=\"https:\/\/de-de.facebook.com\/rechteMetapolitik\/\" \/>\n<meta property=\"article:published_time\" content=\"2018-07-31T07:19:03+00:00\" \/>\n<meta property=\"article:modified_time\" content=\"2020-02-04T11:15:18+00:00\" \/>\n<meta property=\"og:image\" content=\"https:\/\/gegenstrom.org\/wp-content\/uploads\/2018\/06\/EU-in-der-Zerrei\u00dfprobe_Rolf-Gradmann.jpg\" \/>\n\t<meta property=\"og:image:width\" content=\"715\" \/>\n\t<meta property=\"og:image:height\" content=\"300\" \/>\n\t<meta property=\"og:image:type\" content=\"image\/jpeg\" \/>\n<meta name=\"author\" content=\"Rolf Gradmann\" \/>\n<meta name=\"twitter:card\" content=\"summary_large_image\" \/>\n<meta name=\"twitter:label1\" content=\"Written by\" \/>\n\t<meta name=\"twitter:data1\" content=\"Rolf Gradmann\" \/>\n\t<meta name=\"twitter:label2\" content=\"Est. reading time\" \/>\n\t<meta name=\"twitter:data2\" content=\"4 minutes\" \/>\n<script type=\"application\/ld+json\" class=\"yoast-schema-graph\">{\"@context\":\"https:\/\/schema.org\",\"@graph\":[{\"@type\":\"Article\",\"@id\":\"https:\/\/gegenstrom.org\/eu-in-der-zerreissprobe-dualismus-zwischen-ost-und-westeuropa-innerhalb-der-europaeischen-union-teil-ii\/#article\",\"isPartOf\":{\"@id\":\"https:\/\/gegenstrom.org\/eu-in-der-zerreissprobe-dualismus-zwischen-ost-und-westeuropa-innerhalb-der-europaeischen-union-teil-ii\/\"},\"author\":{\"name\":\"Rolf Gradmann\",\"@id\":\"https:\/\/gegenstrom.org\/#\/schema\/person\/a51dd6cfc2234a8deb4b8374c3c1ad71\"},\"headline\":\"EU in der Zerrei\u00dfprobe? Dualismus zwischen Ost &#8211; und Westeuropa innerhalb der Europ\u00e4ischen Union Teil II\",\"datePublished\":\"2018-07-31T07:19:03+00:00\",\"dateModified\":\"2020-02-04T11:15:18+00:00\",\"mainEntityOfPage\":{\"@id\":\"https:\/\/gegenstrom.org\/eu-in-der-zerreissprobe-dualismus-zwischen-ost-und-westeuropa-innerhalb-der-europaeischen-union-teil-ii\/\"},\"wordCount\":911,\"commentCount\":0,\"publisher\":{\"@id\":\"https:\/\/gegenstrom.org\/#organization\"},\"image\":{\"@id\":\"https:\/\/gegenstrom.org\/eu-in-der-zerreissprobe-dualismus-zwischen-ost-und-westeuropa-innerhalb-der-europaeischen-union-teil-ii\/#primaryimage\"},\"thumbnailUrl\":\"https:\/\/gegenstrom.org\/wp-content\/uploads\/2018\/06\/EU-in-der-Zerrei\u00dfprobe_Rolf-Gradmann.jpg\",\"keywords\":[\"Alexander Dugin\",\"Deutsche Rechte\",\"Eurasien\",\"Europa\",\"Europ\u00e4ische Rechte\",\"Visegrad-Staaten\"],\"articleSection\":[\"Deutschland und die Welt\"],\"inLanguage\":\"en-US\"},{\"@type\":\"WebPage\",\"@id\":\"https:\/\/gegenstrom.org\/eu-in-der-zerreissprobe-dualismus-zwischen-ost-und-westeuropa-innerhalb-der-europaeischen-union-teil-ii\/\",\"url\":\"https:\/\/gegenstrom.org\/eu-in-der-zerreissprobe-dualismus-zwischen-ost-und-westeuropa-innerhalb-der-europaeischen-union-teil-ii\/\",\"name\":\"EU in der Zerrei\u00dfprobe? Dualismus zwischen Ost - und Westeuropa innerhalb der Europ\u00e4ischen Union Teil II - Gegenstrom\",\"isPartOf\":{\"@id\":\"https:\/\/gegenstrom.org\/#website\"},\"primaryImageOfPage\":{\"@id\":\"https:\/\/gegenstrom.org\/eu-in-der-zerreissprobe-dualismus-zwischen-ost-und-westeuropa-innerhalb-der-europaeischen-union-teil-ii\/#primaryimage\"},\"image\":{\"@id\":\"https:\/\/gegenstrom.org\/eu-in-der-zerreissprobe-dualismus-zwischen-ost-und-westeuropa-innerhalb-der-europaeischen-union-teil-ii\/#primaryimage\"},\"thumbnailUrl\":\"https:\/\/gegenstrom.org\/wp-content\/uploads\/2018\/06\/EU-in-der-Zerrei\u00dfprobe_Rolf-Gradmann.jpg\",\"datePublished\":\"2018-07-31T07:19:03+00:00\",\"dateModified\":\"2020-02-04T11:15:18+00:00\",\"breadcrumb\":{\"@id\":\"https:\/\/gegenstrom.org\/eu-in-der-zerreissprobe-dualismus-zwischen-ost-und-westeuropa-innerhalb-der-europaeischen-union-teil-ii\/#breadcrumb\"},\"inLanguage\":\"en-US\",\"potentialAction\":[{\"@type\":\"ReadAction\",\"target\":[\"https:\/\/gegenstrom.org\/eu-in-der-zerreissprobe-dualismus-zwischen-ost-und-westeuropa-innerhalb-der-europaeischen-union-teil-ii\/\"]}]},{\"@type\":\"ImageObject\",\"inLanguage\":\"en-US\",\"@id\":\"https:\/\/gegenstrom.org\/eu-in-der-zerreissprobe-dualismus-zwischen-ost-und-westeuropa-innerhalb-der-europaeischen-union-teil-ii\/#primaryimage\",\"url\":\"https:\/\/gegenstrom.org\/wp-content\/uploads\/2018\/06\/EU-in-der-Zerrei\u00dfprobe_Rolf-Gradmann.jpg\",\"contentUrl\":\"https:\/\/gegenstrom.org\/wp-content\/uploads\/2018\/06\/EU-in-der-Zerrei\u00dfprobe_Rolf-Gradmann.jpg\",\"width\":715,\"height\":300},{\"@type\":\"BreadcrumbList\",\"@id\":\"https:\/\/gegenstrom.org\/eu-in-der-zerreissprobe-dualismus-zwischen-ost-und-westeuropa-innerhalb-der-europaeischen-union-teil-ii\/#breadcrumb\",\"itemListElement\":[{\"@type\":\"ListItem\",\"position\":1,\"name\":\"Startseite\",\"item\":\"https:\/\/gegenstrom.org\/\"},{\"@type\":\"ListItem\",\"position\":2,\"name\":\"EU in der Zerrei\u00dfprobe? Dualismus zwischen Ost &#8211; und Westeuropa innerhalb der Europ\u00e4ischen Union Teil II\"}]},{\"@type\":\"WebSite\",\"@id\":\"https:\/\/gegenstrom.org\/#website\",\"url\":\"https:\/\/gegenstrom.org\/\",\"name\":\"Gegenstrom\",\"description\":\"Plattform f\u00fcr rechte Metapolitik\",\"publisher\":{\"@id\":\"https:\/\/gegenstrom.org\/#organization\"},\"potentialAction\":[{\"@type\":\"SearchAction\",\"target\":{\"@type\":\"EntryPoint\",\"urlTemplate\":\"https:\/\/gegenstrom.org\/?s={search_term_string}\"},\"query-input\":{\"@type\":\"PropertyValueSpecification\",\"valueRequired\":true,\"valueName\":\"search_term_string\"}}],\"inLanguage\":\"en-US\"},{\"@type\":\"Organization\",\"@id\":\"https:\/\/gegenstrom.org\/#organization\",\"name\":\"Metapol Verlag & Medien\",\"url\":\"https:\/\/gegenstrom.org\/\",\"logo\":{\"@type\":\"ImageObject\",\"inLanguage\":\"en-US\",\"@id\":\"https:\/\/gegenstrom.org\/#\/schema\/logo\/image\/\",\"url\":\"https:\/\/gegenstrom.org\/wp-content\/uploads\/2019\/11\/WMB_Senkrecht_Farbe_M-e1574681161133.png\",\"contentUrl\":\"https:\/\/gegenstrom.org\/wp-content\/uploads\/2019\/11\/WMB_Senkrecht_Farbe_M-e1574681161133.png\",\"width\":300,\"height\":219,\"caption\":\"Metapol Verlag & Medien\"},\"image\":{\"@id\":\"https:\/\/gegenstrom.org\/#\/schema\/logo\/image\/\"},\"sameAs\":[\"https:\/\/de-de.facebook.com\/rechteMetapolitik\/\",\"https:\/\/www.youtube.com\/channel\/UCvQizs-yQ8YapMiyuD6wDrw\"]},{\"@type\":\"Person\",\"@id\":\"https:\/\/gegenstrom.org\/#\/schema\/person\/a51dd6cfc2234a8deb4b8374c3c1ad71\",\"name\":\"Rolf Gradmann\",\"url\":\"https:\/\/gegenstrom.org\/en\/author\/rolf-gradmann\/\"}]}<\/script>\n<!-- \/ Yoast SEO plugin. -->","yoast_head_json":{"title":"EU in der Zerrei\u00dfprobe? Dualismus zwischen Ost - und Westeuropa innerhalb der Europ\u00e4ischen Union Teil II - Gegenstrom","robots":{"index":"index","follow":"follow","max-snippet":"max-snippet:-1","max-image-preview":"max-image-preview:large","max-video-preview":"max-video-preview:-1"},"canonical":"https:\/\/gegenstrom.org\/en\/eu-in-der-zerreissprobe-dualismus-zwischen-ost-und-westeuropa-innerhalb-der-europaeischen-union-teil-ii\/","og_locale":"en_US","og_type":"article","og_title":"EU in der Zerrei\u00dfprobe? Dualismus zwischen Ost - und Westeuropa innerhalb der Europ\u00e4ischen Union Teil II - Gegenstrom","og_description":"Visegrad als Hoffnungtr\u00e4ger f\u00fcr Europas Rechte? Durch die eher ablehnende\u00a0 Haltung der Visegradstaaten gegen\u00fcber der Eurokratie und ihre Fl\u00fcchtlingspolitik k\u00f6nnten sie durchaus einen wichtigen Partner f\u00fcr die europ\u00e4ische Rechte darstellen. Erst im Juni diesen Jahres trafen sich die \u00f6sterreichischen Koalitionspartner \u00d6VP\/FP\u00d6 mit den Visegradstaaten.[1] Es deutet vieles darauf hin, dass \u00d6sterreich st\u00e4rker an Ungarn heranr\u00fcckt.[2] [&hellip;]","og_url":"https:\/\/gegenstrom.org\/en\/eu-in-der-zerreissprobe-dualismus-zwischen-ost-und-westeuropa-innerhalb-der-europaeischen-union-teil-ii\/","og_site_name":"Gegenstrom","article_publisher":"https:\/\/de-de.facebook.com\/rechteMetapolitik\/","article_published_time":"2018-07-31T07:19:03+00:00","article_modified_time":"2020-02-04T11:15:18+00:00","og_image":[{"width":715,"height":300,"url":"https:\/\/gegenstrom.org\/wp-content\/uploads\/2018\/06\/EU-in-der-Zerrei\u00dfprobe_Rolf-Gradmann.jpg","type":"image\/jpeg"}],"author":"Rolf Gradmann","twitter_card":"summary_large_image","twitter_misc":{"Written by":"Rolf Gradmann","Est. reading time":"4 minutes"},"schema":{"@context":"https:\/\/schema.org","@graph":[{"@type":"Article","@id":"https:\/\/gegenstrom.org\/eu-in-der-zerreissprobe-dualismus-zwischen-ost-und-westeuropa-innerhalb-der-europaeischen-union-teil-ii\/#article","isPartOf":{"@id":"https:\/\/gegenstrom.org\/eu-in-der-zerreissprobe-dualismus-zwischen-ost-und-westeuropa-innerhalb-der-europaeischen-union-teil-ii\/"},"author":{"name":"Rolf Gradmann","@id":"https:\/\/gegenstrom.org\/#\/schema\/person\/a51dd6cfc2234a8deb4b8374c3c1ad71"},"headline":"EU in der Zerrei\u00dfprobe? Dualismus zwischen Ost &#8211; und Westeuropa innerhalb der Europ\u00e4ischen Union Teil II","datePublished":"2018-07-31T07:19:03+00:00","dateModified":"2020-02-04T11:15:18+00:00","mainEntityOfPage":{"@id":"https:\/\/gegenstrom.org\/eu-in-der-zerreissprobe-dualismus-zwischen-ost-und-westeuropa-innerhalb-der-europaeischen-union-teil-ii\/"},"wordCount":911,"commentCount":0,"publisher":{"@id":"https:\/\/gegenstrom.org\/#organization"},"image":{"@id":"https:\/\/gegenstrom.org\/eu-in-der-zerreissprobe-dualismus-zwischen-ost-und-westeuropa-innerhalb-der-europaeischen-union-teil-ii\/#primaryimage"},"thumbnailUrl":"https:\/\/gegenstrom.org\/wp-content\/uploads\/2018\/06\/EU-in-der-Zerrei\u00dfprobe_Rolf-Gradmann.jpg","keywords":["Alexander Dugin","Deutsche Rechte","Eurasien","Europa","Europ\u00e4ische Rechte","Visegrad-Staaten"],"articleSection":["Deutschland und die Welt"],"inLanguage":"en-US"},{"@type":"WebPage","@id":"https:\/\/gegenstrom.org\/eu-in-der-zerreissprobe-dualismus-zwischen-ost-und-westeuropa-innerhalb-der-europaeischen-union-teil-ii\/","url":"https:\/\/gegenstrom.org\/eu-in-der-zerreissprobe-dualismus-zwischen-ost-und-westeuropa-innerhalb-der-europaeischen-union-teil-ii\/","name":"EU in der Zerrei\u00dfprobe? Dualismus zwischen Ost - und Westeuropa innerhalb der Europ\u00e4ischen Union Teil II - Gegenstrom","isPartOf":{"@id":"https:\/\/gegenstrom.org\/#website"},"primaryImageOfPage":{"@id":"https:\/\/gegenstrom.org\/eu-in-der-zerreissprobe-dualismus-zwischen-ost-und-westeuropa-innerhalb-der-europaeischen-union-teil-ii\/#primaryimage"},"image":{"@id":"https:\/\/gegenstrom.org\/eu-in-der-zerreissprobe-dualismus-zwischen-ost-und-westeuropa-innerhalb-der-europaeischen-union-teil-ii\/#primaryimage"},"thumbnailUrl":"https:\/\/gegenstrom.org\/wp-content\/uploads\/2018\/06\/EU-in-der-Zerrei\u00dfprobe_Rolf-Gradmann.jpg","datePublished":"2018-07-31T07:19:03+00:00","dateModified":"2020-02-04T11:15:18+00:00","breadcrumb":{"@id":"https:\/\/gegenstrom.org\/eu-in-der-zerreissprobe-dualismus-zwischen-ost-und-westeuropa-innerhalb-der-europaeischen-union-teil-ii\/#breadcrumb"},"inLanguage":"en-US","potentialAction":[{"@type":"ReadAction","target":["https:\/\/gegenstrom.org\/eu-in-der-zerreissprobe-dualismus-zwischen-ost-und-westeuropa-innerhalb-der-europaeischen-union-teil-ii\/"]}]},{"@type":"ImageObject","inLanguage":"en-US","@id":"https:\/\/gegenstrom.org\/eu-in-der-zerreissprobe-dualismus-zwischen-ost-und-westeuropa-innerhalb-der-europaeischen-union-teil-ii\/#primaryimage","url":"https:\/\/gegenstrom.org\/wp-content\/uploads\/2018\/06\/EU-in-der-Zerrei\u00dfprobe_Rolf-Gradmann.jpg","contentUrl":"https:\/\/gegenstrom.org\/wp-content\/uploads\/2018\/06\/EU-in-der-Zerrei\u00dfprobe_Rolf-Gradmann.jpg","width":715,"height":300},{"@type":"BreadcrumbList","@id":"https:\/\/gegenstrom.org\/eu-in-der-zerreissprobe-dualismus-zwischen-ost-und-westeuropa-innerhalb-der-europaeischen-union-teil-ii\/#breadcrumb","itemListElement":[{"@type":"ListItem","position":1,"name":"Startseite","item":"https:\/\/gegenstrom.org\/"},{"@type":"ListItem","position":2,"name":"EU in der Zerrei\u00dfprobe? Dualismus zwischen Ost &#8211; und Westeuropa innerhalb der Europ\u00e4ischen Union Teil II"}]},{"@type":"WebSite","@id":"https:\/\/gegenstrom.org\/#website","url":"https:\/\/gegenstrom.org\/","name":"Gegenstrom","description":"Plattform f\u00fcr rechte Metapolitik","publisher":{"@id":"https:\/\/gegenstrom.org\/#organization"},"potentialAction":[{"@type":"SearchAction","target":{"@type":"EntryPoint","urlTemplate":"https:\/\/gegenstrom.org\/?s={search_term_string}"},"query-input":{"@type":"PropertyValueSpecification","valueRequired":true,"valueName":"search_term_string"}}],"inLanguage":"en-US"},{"@type":"Organization","@id":"https:\/\/gegenstrom.org\/#organization","name":"Metapol Verlag & Medien","url":"https:\/\/gegenstrom.org\/","logo":{"@type":"ImageObject","inLanguage":"en-US","@id":"https:\/\/gegenstrom.org\/#\/schema\/logo\/image\/","url":"https:\/\/gegenstrom.org\/wp-content\/uploads\/2019\/11\/WMB_Senkrecht_Farbe_M-e1574681161133.png","contentUrl":"https:\/\/gegenstrom.org\/wp-content\/uploads\/2019\/11\/WMB_Senkrecht_Farbe_M-e1574681161133.png","width":300,"height":219,"caption":"Metapol Verlag & Medien"},"image":{"@id":"https:\/\/gegenstrom.org\/#\/schema\/logo\/image\/"},"sameAs":["https:\/\/de-de.facebook.com\/rechteMetapolitik\/","https:\/\/www.youtube.com\/channel\/UCvQizs-yQ8YapMiyuD6wDrw"]},{"@type":"Person","@id":"https:\/\/gegenstrom.org\/#\/schema\/person\/a51dd6cfc2234a8deb4b8374c3c1ad71","name":"Rolf Gradmann","url":"https:\/\/gegenstrom.org\/en\/author\/rolf-gradmann\/"}]}},"jetpack_featured_media_url":"https:\/\/gegenstrom.org\/wp-content\/uploads\/2018\/06\/EU-in-der-Zerrei\u00dfprobe_Rolf-Gradmann.jpg","jetpack_sharing_enabled":true,"_links":{"self":[{"href":"https:\/\/gegenstrom.org\/en\/wp-json\/wp\/v2\/posts\/1223","targetHints":{"allow":["GET"]}}],"collection":[{"href":"https:\/\/gegenstrom.org\/en\/wp-json\/wp\/v2\/posts"}],"about":[{"href":"https:\/\/gegenstrom.org\/en\/wp-json\/wp\/v2\/types\/post"}],"author":[{"embeddable":true,"href":"https:\/\/gegenstrom.org\/en\/wp-json\/wp\/v2\/users\/20"}],"replies":[{"embeddable":true,"href":"https:\/\/gegenstrom.org\/en\/wp-json\/wp\/v2\/comments?post=1223"}],"version-history":[{"count":0,"href":"https:\/\/gegenstrom.org\/en\/wp-json\/wp\/v2\/posts\/1223\/revisions"}],"wp:featuredmedia":[{"embeddable":true,"href":"https:\/\/gegenstrom.org\/en\/wp-json\/wp\/v2\/media\/1177"}],"wp:attachment":[{"href":"https:\/\/gegenstrom.org\/en\/wp-json\/wp\/v2\/media?parent=1223"}],"wp:term":[{"taxonomy":"category","embeddable":true,"href":"https:\/\/gegenstrom.org\/en\/wp-json\/wp\/v2\/categories?post=1223"},{"taxonomy":"post_tag","embeddable":true,"href":"https:\/\/gegenstrom.org\/en\/wp-json\/wp\/v2\/tags?post=1223"}],"curies":[{"name":"wp","href":"https:\/\/api.w.org\/{rel}","templated":true}]}}