{"id":1215,"date":"2018-07-27T09:22:06","date_gmt":"2018-07-27T08:22:06","guid":{"rendered":"https:\/\/gegenstrom.org\/?p=1215"},"modified":"2020-02-04T12:15:50","modified_gmt":"2020-02-04T11:15:50","slug":"das-wissen-als-metaphysisches-konzept-mythos-und-waffe-im-kulturkampf","status":"publish","type":"post","link":"https:\/\/gegenstrom.org\/en\/das-wissen-als-metaphysisches-konzept-mythos-und-waffe-im-kulturkampf\/","title":{"rendered":"Das Wissen als metaphysisches Konzept,  Mythos und Waffe im Kulturkampf"},"content":{"rendered":"<h1>Was ist das Wissen und wie kann das Wissen den Kulturkampf definitiv entscheiden?<\/h1>\n<p><span style=\"font-size: 14pt;\">Die Errungenschaft der Weisheit und das Konzept des Wissens waren schon in vorsokratischer Zeit ein Thema der griechischen und ostasiatischen Philosophien und Religionen. So sehr sogar, dass das Theoretisieren \u00fcber das Wissen zu einer separaten, philosophischen Disziplin (Epistemologie oder Erkenntnistheorie) geworden ist.\u00a0 Eine strikte Antwort und Definition zur Frage \u201e<em>Was ist das Wissen?<\/em>\u201c gibt es nicht. Stattdessen h\u00e4ngt das Wissen von drei Faktoren ab. Wissen ist ein \u201e<em>Endprodukt<\/em>\u201c konstruiert von einer dreiteiligen Basis, die aus <strong>Glauben<\/strong>, <strong>Wahrheit<\/strong> and <strong>Rechtfertigung<\/strong> besteht.<\/span><\/p>\n<p><span style=\"font-size: 14pt;\">Der Glaube ist etwas, was jeder Mensch hat. Aus Glauben kommen Gedanken und aus den Gedanken formt sich eine Definition einer zuerst subjektiven \u201eWahrheit\u201c \u00fcber einen bestimmten Begriff oder eine bestimmte Problematik. Um definitiv aus diesem Glauben und der subjektiven Wahrheit Wissen zu erlangen, muss man den Glauben an die bestimmte Wahrheit auch rechtfertigen k\u00f6nnen.<\/span><\/p>\n<p><span style=\"font-size: 14pt;\">Im politischen Ringen bedeutet dies, die Behauptung, dass Europa und die europ\u00e4ische Identit\u00e4t immer mehr den Abgrund n\u00e4her r\u00fccken und dass die Masseneinwanderung zu einer ethnisch-kulturellen Umwandlung Europas f\u00fchrt, auch rechtfertigen zu k\u00f6nnen.\u00a0 Obwohl die Fakten f\u00fcr sich alleine sprechen, die Menschen in ihren Alltag die gesellschaftliche Transformation als Resultat der Masseneinwanderung sehen und sp\u00fcren, will der Durchschnittseurop\u00e4er dies nicht wahrnehmen bzw. wahrhaben und lehnt ein vorstehendes apokalyptisches Szenario des Gesellschaftsuntergangs als Wahrheit ab. Hier kommen wir auch zu einem philosophischen Problem, welches Immanuel Kant als \u201eWahrheits- und Wissensmanipulation\u201c beschreibt. Es ist der Einfluss verschiedener Faktoren auf Fakten und Wahrheit, um ein anderes Bild von der Realit\u00e4t zu erzeugen und damit auch ein anderes Wissen zu schaffen, das Menschen und Gesellschaft in eine gezielte Richtung steuert. <\/span><\/p>\n<p><span style=\"font-size: 14pt;\">Die vorhin erw\u00e4hnte Ablehnung der Realit\u00e4t des Durchschnittseurop\u00e4ers ist ein simples Beispiel, wie durch die orwell&#8217;sche Manipulation der Wahrheit durch die Mainstream-Politik, die Medien und das Schulsystem ein neuer Glaube f\u00fcr die Massen erschaffen wird. Durch diesen neuen Glauben entsteht eine neue Wahrheit und wird gerechtfertigt durch die Umstellung sowie Falsifikation der Geschichte. Wir sehen also, wenn man den Einfluss auf die drei Bausteine des Wissens hat, entsteht auch die M\u00f6glichkeit, eine alternative \u201eWahrheit\u201c zu konstruieren, die die Massen als absolute Wahrheit empfinden. Wahres oder auch ein falsches Wissen ist das Fundament, auf dem die Pers\u00f6nlichkeit, das Weltbild und das Leben selbst von jedem individuellen Menschen beruhen.\u00a0 Mit Wissen, das auf Tatsachen fu\u00dft, ist es immer noch schwer die Leute von der echten Wahrheit zu \u00fcberzeugen, denn jede Theorie und jeder Fakt, der sich dem Weltbild unserer weltanschaulichen Kontrahenten entgegensetzt, gef\u00e4hrdet ihr politisches und ideologisches Konstrukt. Wenn wir unsere weltanschaulichen und politischen Gegner mit Wissen \u201ein die Ecke\u201c dr\u00e4ngen und ihnen mit Fakten beweisen wollen, dass ihre Ideologie falsch ist, dann bezwingen wir nicht nur ihr Weltbild, sondern wir zerst\u00f6ren das Fundament, auf dem sich das Leben dieser Person aufgebaut hat. Dieses Verh\u00e4ltnis ist in der menschlichen Natur inbegriffen. Hier hat das Ego fast immer die Oberhand \u00fcber Verstand und Logik, oder wie es der amerikanische Regierungsbedienstete Darius William Gaskins Jr. Sagte: \u201e<em>Die einzigen, die dich hassen wenn du die Wahrheit sagst, sind die, die in einer L\u00fcge leben<\/em>\u201c.<\/span><\/p>\n<p><span style=\"font-size: 14pt;\">Individuelle Debatten mit politischen Gegnern bringen nicht viel Erfolg, wenn man sie von einer anderen Denkweise \u00fcberzeugen m\u00f6chte. Um das zu schaffen ist eine Bewegung der <em>Kontrakultur<\/em> zum liberalen und neo-marxistischen Mainstream n\u00f6tig. Wissen spielt hier die Schl\u00fcsselrolle. <\/span><br \/>\n<span style=\"font-size: 14pt;\">Wer das\u00a0 Wissen hat, hat auch die M\u00f6glichkeit, die politische Macht zu ergreifen.\u00a0 Wie heute war auch in der Vergangenheit das Monopol \u00fcber die Staats- und Schulungsinstitutionen entscheidend, um eine Machtposition zu sichern. Wissen war nur in den H\u00e4nden einer bestimmten Gesellschaftsklasse, meistens dem Klerus. Der Klerus schulte auch die regierenden Adligen, K\u00f6nige und Kaiser. Mit anderen Worten, auch die Staatsmacht war in den H\u00e4nden der Kirche bzw. der Einfluss auf die Staatspolitik war gro\u00df. Somit konnte mittels religi\u00f6sem Einfluss Kontrolle \u00fcber die Massen und das Monopol \u00fcber das Wissen ausge\u00fcbt werden. Schulung war nur f\u00fcr wenige Menschen offen und bestimmt.<\/span><\/p>\n<p><span style=\"font-size: 14pt;\">Das Wissen an sich selbst hat nicht nur eine weltliche, philosophische oder theoretische Form. Wissen wurde aus der neugierigen und wissenshungrigen Natur des Menschen zu einem sakralen, mystischen Schatz erhoben, der den Menschen n\u00e4her zu Gott bringt und ihn gesellschaftlich und geistig auf eine h\u00f6here Stufe erhebt. Wissen als ein Heiligtum, wurde oft in den alten Mythologien und Religionen materialisiert. So war es in der griechischen Mythologie der Titan Prometheus, der Menschen aus Ton kreierte, den Olymp bestieg, \u201edas Feuer der G\u00f6tter\u201c stahl und es den Menschen gab. Dies kann als Schl\u00fcsselfolge bezeichnet werden, in der der Aufbau und die Entwicklung der Zivilisation beschrieben wurden. Prometheus wurde von den G\u00f6ttern bestraft, aber f\u00fcr die Menschen blieb Prometheus ein Vork\u00e4mpfer. Die Flamme, die der Titan von den G\u00f6ttern stahl, kann man als Wissen in Form einer Flamme interpretieren.<\/span><\/p>\n<p><span style=\"font-size: 14pt;\">In der europ\u00e4ischen Geschichte k\u00f6nnte man Martin Luther als Prometheus seiner Zeit bezeichnen. Dieser stellte das Monopol der Kirche und des Staates in Frage. Durch die Reformationsbewegung und seine theologische Theorie schuf er die Bedingungen f\u00fcr eine gesellschaftliche Entwicklung, die dazu f\u00fchrte, dass heute jeder Mensch freien Zugang zur Bildung hat.<\/span><\/p>\n<p><span style=\"font-size: 14pt;\">Auch in der Bibel wird dieser Mythos durch die Geschichte von Adam und Eva deutlich. Die Fr\u00fcchte vom Baum der Erkenntnis sind ein Synonym f\u00fcr das heilige Wissen. Der sogenannte verbotene Apfel im Zentrum des Garten Eden ist das Wissen selbst.<\/span><\/p>\n<p><span style=\"font-size: 14pt;\">Buch Mose, Kapitel 2:<\/span><\/p>\n<blockquote><p><span style=\"font-size: 14pt;\"><em>Und Gott pflanzte einen Garten in Eden gegen Morgen und setzte den Menschen hinein, den er gemacht hatte. Und Gott der Herr lie\u00df aufwachsen aus der Erde allerlei B\u00e4ume, lustig anzusehen und gut zu essen, und den Baum des Lebens mitten im Garten und den Baum der Erkenntnis des Guten und B\u00f6sen.<\/em><\/span><\/p>\n<p><span style=\"font-size: 14pt;\"><em>Und Gott gebot dem Menschen und sprach: Du sollst essen von allerlei B\u00e4umen im Garten; aber von dem Baum der Erkenntnis des Guten und des B\u00f6sen sollst du nicht essen; denn welches Tages du davon i\u00dft, wirst du des Todes sterben.<\/em><\/span><\/p><\/blockquote>\n<p><span style=\"font-size: 14pt;\">Abh\u00e4ngig von Religion und Mythos variiert der Charakter der G\u00f6tter oder Gottes. In der Bibel werden \u00a0Adam und Eva von Gott bestraft und aus dem Garten Eden verbannt, weil sie die verbotene Frucht gegessen haben und dadurch Erkentnis und Weisheit erlangten.<\/span><\/p>\n<p><span style=\"font-size: 14pt;\">Buch Mose, Kapitel 3:<\/span><\/p>\n<blockquote><p><span style=\"font-size: 14pt;\"><em>Und sie [Eva] nahm von der Frucht und a\u00df und gab ihrem Mann, der bei ihr war, auch davon, und er a\u00df. Da wurden ihnen beiden die Augen aufgetan, und sie wurden gewahr, dass sie nackt waren, und flochten Feigenbl\u00e4tter zusammen und machten sich Schurze.<\/em><\/span><\/p><\/blockquote>\n<p><span style=\"font-size: 14pt;\">Der Verzehr der \u00c4pfel vom Baum der Erkenntnis f\u00fchrte beim Menschen zum Erwachen des Selbstbewusstseins, des Verstandes. Die vorbewu\u00dfte Zeit der Menschheit war beendet. Die Folgen sind gravierend und werden in der Bibel, 1. Buch Mose, Kapitel 4, so beschrieben:<\/span><\/p>\n<blockquote><p><span style=\"font-size: 14pt;\"><em>Und zum Weibe sprach er [Gott]: Ich will dir viel M\u00fchsal schaffen, wenn du schwanger wirst; unter M\u00fchen sollst du Kinder geb\u00e4ren. Und dein Verlangen soll nach deinem Manne sein, aber er soll dein Herr sein.<\/em><\/span><\/p><\/blockquote>\n<p><span style=\"font-size: 14pt;\">Die G\u00f6tter der griechischen Antike und Gott aus der Bibel k\u00f6nnen in der heutigen Zeit mit der regierenden Klasse und ihrer liberalen Ideologie verglichen werden und dessen Monopol auf die Bildungsinstitutionen, in dessen keine alternativen Weltanschauungen erw\u00fcnscht oder m\u00f6glich sind. <\/span><br \/>\n<span style=\"font-size: 14pt;\">Das konstruierte Wissen und die absolute Wahrheit der 1968er Generation sind der irdische Schatz der regierenden G\u00f6tter, den kein moderner Prometheus oder Luther stehlen oder \u00e4ndern kann. <\/span><\/p>\n<p><span style=\"font-size: 14pt;\">Der Kulturkampf und der Kampf um die Schl\u00fcsselinstitutionen durch Bildung und Wissen ist fast ein Selbstopfer. Im Gegensatz zu den griechischen G\u00f6ttern oder dem biblischen Gott, finden wir in der Edda ein ganz anderes Prinzip und Ansatz zum Wissen. Der Gott Odin opfert sich selbst, um die Weisheit der Runen zu erlangen und sp\u00e4ter gibt er sogar sein Auge im Austausch f\u00fcr das Wasser aus dem Brunnen der Weisheit. \u00a0In Odins Runenlied in der Edda steht:<\/span><\/p>\n<blockquote><p><span style=\"font-size: 14pt;\"><em>Wohl wei\u00df ich, da\u00df ich am\u00a0Windbaum\u00a0hing,<\/em><\/span><\/p>\n<p><span style=\"font-size: 14pt;\"><em>neun ganze N\u00e4chte speerverwundet dem\u00a0Odin\u00a0geopfert<\/em><\/span><\/p>\n<p><span style=\"font-size: 14pt;\"><em>ich selber mir selbst- an jenem Holz,<\/em><\/span><\/p>\n<p><span style=\"font-size: 14pt;\"><em>von dem niemand wei\u00df aus welchen Wurzeln es aufw\u00e4chst.<\/em><\/span><\/p>\n<p><span style=\"font-size: 14pt;\"><em>\u00a0<\/em><\/span><\/p>\n<p><span style=\"font-size: 14pt;\"><em>Sie reichten mir weder ein Brot noch ein Trinkhorn;<\/em><\/span><\/p>\n<p><span style=\"font-size: 14pt;\"><em>da sp\u00e4hte ich nieder, erraffte die\u00a0Rune<\/em><\/span><\/p>\n<p><span style=\"font-size: 14pt;\"><em>\u00a0schreiend erraffte ich sie und fiel dann vom Holz ab<\/em>.<\/span><\/p><\/blockquote>\n<p><span style=\"font-size: 14pt;\">In dem W\u00f6luspa-Lied in der Edda wird kurz beschrieben wie Odin sein Auge Mimir dem W\u00e4chter der Quelle des Wissens gab:<\/span><\/p>\n<blockquote><p><span style=\"font-size: 14pt;\">\u201e<em>Allein sa\u00df sie au\u00dfen, da der Alte kam,<\/em><\/span><\/p>\n<p><span style=\"font-size: 14pt;\"><em>Der gr\u00fcbelnde Ase, und ihr ins Auge sah.<\/em><\/span><\/p>\n<p><span style=\"font-size: 14pt;\"><em>Warum fragt ihr mich? Was erforscht ihr mich?<\/em><\/span><\/p>\n<p><span style=\"font-size: 14pt;\"><em>Alles wei\u00df ich, Odin, wo du dein Auge bargst:<\/em><\/span><\/p>\n<p><span style=\"font-size: 14pt;\"><em>In der Wissensquelle Mimirs.<\/em><\/span><\/p>\n<p><span style=\"font-size: 14pt;\"><em>Met trinkt Mimir allmorgentlich <\/em><\/span><\/p>\n<p><span style=\"font-size: 14pt;\"><em>aus Allvaters Pfand!\u201c<\/em><\/span><\/p><\/blockquote>\n<p><span style=\"font-size: 14pt;\">Odin opfert sich nicht nur um Weisheit zu erlangen. Er gibt sein Wissen an die Menscheit weiter. <\/span><br \/>\n<span style=\"font-size: 14pt;\">Um den Kulturkampf zu gewinnen, ist Bildung die st\u00e4rkste Waffe, um Schritt f\u00fcr Schritt unsere Schl\u00fcsselpositionen wieder zur\u00fcckzuholen. Wissen durch Bildung ist ein Opfer an sich selbst, dessen Fr\u00fcchte wir sp\u00e4ter ernten k\u00f6nnen. Wissen und Bildung \u00f6ffnen uns alle T\u00fcren und erm\u00f6glichen uns, unsere weltanschaulichen Feinde verbal zu bezwingen und unsere Theorien und Ideen den Menschen n\u00e4her zu bringen. So wie Prometheus mit der Flamme des Wissens der Menscheit das Licht zum Aufbau der Zivilisation erm\u00f6glichte, so m\u00fcssen wir wie Odin opferbereit sein, um mit der Flamme unseres Wissens die Zukunft des Abendlandes zu sichern.<\/span><\/p>\n<p><span style=\"font-size: 14pt;\">Abschlie\u00dfend entlasse ich den Leser mit den Worten des englischen Philosophen Herbert Spencer: \u201e<em>Das gro\u00dfe Ziel der Bildung ist nicht nur Wissen, sondern handeln<\/em>\u201c.<\/span><\/p>","protected":false},"excerpt":{"rendered":"<p>Was ist das Wissen und wie kann das Wissen den Kulturkampf definitiv entscheiden? Die Errungenschaft der Weisheit und das Konzept des Wissens waren schon in vorsokratischer Zeit ein Thema der griechischen und ostasiatischen Philosophien und Religionen. So sehr sogar, dass das Theoretisieren \u00fcber das Wissen zu einer separaten, philosophischen Disziplin (Epistemologie oder Erkenntnistheorie) geworden ist.\u00a0 [&hellip;]<\/p>","protected":false},"author":27,"featured_media":1216,"comment_status":"open","ping_status":"open","sticky":false,"template":"","format":"standard","meta":{"_et_pb_use_builder":"","_et_pb_old_content":"","_et_gb_content_width":"","_jetpack_memberships_contains_paid_content":false,"footnotes":""},"categories":[11],"tags":[71,341,285,72,343,342,295],"class_list":["post-1215","post","type-post","status-publish","format-standard","has-post-thumbnail","hentry","category-philosophie-theorie","tag-christentum","tag-germanismus","tag-gott","tag-kirche","tag-mythos","tag-odi","tag-wille-zur-macht"],"yoast_head":"<!-- This site is optimized with the Yoast SEO plugin v26.2 - https:\/\/yoast.com\/wordpress\/plugins\/seo\/ -->\n<title>Das Wissen als metaphysisches Konzept, Mythos und Waffe im Kulturkampf - Gegenstrom<\/title>\n<meta name=\"robots\" content=\"index, follow, max-snippet:-1, max-image-preview:large, max-video-preview:-1\" \/>\n<link rel=\"canonical\" href=\"https:\/\/gegenstrom.org\/en\/das-wissen-als-metaphysisches-konzept-mythos-und-waffe-im-kulturkampf\/\" \/>\n<meta property=\"og:locale\" content=\"en_US\" \/>\n<meta property=\"og:type\" content=\"article\" \/>\n<meta property=\"og:title\" content=\"Das Wissen als metaphysisches Konzept, Mythos und Waffe im Kulturkampf - Gegenstrom\" \/>\n<meta property=\"og:description\" content=\"Was ist das Wissen und wie kann das Wissen den Kulturkampf definitiv entscheiden? Die Errungenschaft der Weisheit und das Konzept des Wissens waren schon in vorsokratischer Zeit ein Thema der griechischen und ostasiatischen Philosophien und Religionen. So sehr sogar, dass das Theoretisieren \u00fcber das Wissen zu einer separaten, philosophischen Disziplin (Epistemologie oder Erkenntnistheorie) geworden ist.\u00a0 [&hellip;]\" \/>\n<meta property=\"og:url\" content=\"https:\/\/gegenstrom.org\/en\/das-wissen-als-metaphysisches-konzept-mythos-und-waffe-im-kulturkampf\/\" \/>\n<meta property=\"og:site_name\" content=\"Gegenstrom\" \/>\n<meta property=\"article:publisher\" content=\"https:\/\/de-de.facebook.com\/rechteMetapolitik\/\" \/>\n<meta property=\"article:published_time\" content=\"2018-07-27T08:22:06+00:00\" \/>\n<meta property=\"article:modified_time\" content=\"2020-02-04T11:15:50+00:00\" \/>\n<meta property=\"og:image\" content=\"https:\/\/gegenstrom.org\/wp-content\/uploads\/2018\/07\/Prometheus1-1.jpg\" \/>\n\t<meta property=\"og:image:width\" content=\"715\" \/>\n\t<meta property=\"og:image:height\" content=\"300\" \/>\n\t<meta property=\"og:image:type\" content=\"image\/jpeg\" \/>\n<meta name=\"author\" content=\"Ivan Bilokapic\" \/>\n<meta name=\"twitter:card\" content=\"summary_large_image\" \/>\n<meta name=\"twitter:label1\" content=\"Written by\" \/>\n\t<meta name=\"twitter:data1\" content=\"Ivan Bilokapic\" \/>\n\t<meta name=\"twitter:label2\" content=\"Est. reading time\" \/>\n\t<meta name=\"twitter:data2\" content=\"8 minutes\" \/>\n<script type=\"application\/ld+json\" class=\"yoast-schema-graph\">{\"@context\":\"https:\/\/schema.org\",\"@graph\":[{\"@type\":\"Article\",\"@id\":\"https:\/\/gegenstrom.org\/das-wissen-als-metaphysisches-konzept-mythos-und-waffe-im-kulturkampf\/#article\",\"isPartOf\":{\"@id\":\"https:\/\/gegenstrom.org\/das-wissen-als-metaphysisches-konzept-mythos-und-waffe-im-kulturkampf\/\"},\"author\":{\"name\":\"Ivan Bilokapic\",\"@id\":\"https:\/\/gegenstrom.org\/#\/schema\/person\/98826ad3dd03455771b055c139c5b989\"},\"headline\":\"Das Wissen als metaphysisches Konzept, Mythos und Waffe im Kulturkampf\",\"datePublished\":\"2018-07-27T08:22:06+00:00\",\"dateModified\":\"2020-02-04T11:15:50+00:00\",\"mainEntityOfPage\":{\"@id\":\"https:\/\/gegenstrom.org\/das-wissen-als-metaphysisches-konzept-mythos-und-waffe-im-kulturkampf\/\"},\"wordCount\":1643,\"commentCount\":1,\"publisher\":{\"@id\":\"https:\/\/gegenstrom.org\/#organization\"},\"image\":{\"@id\":\"https:\/\/gegenstrom.org\/das-wissen-als-metaphysisches-konzept-mythos-und-waffe-im-kulturkampf\/#primaryimage\"},\"thumbnailUrl\":\"https:\/\/gegenstrom.org\/wp-content\/uploads\/2018\/07\/Prometheus1-1.jpg\",\"keywords\":[\"Christentum\",\"Germanismus\",\"Gott\",\"Kirche\",\"Mythos\",\"Odi\",\"Wille zur Macht\"],\"articleSection\":[\"Philosophie &amp; Theorie\"],\"inLanguage\":\"en-US\"},{\"@type\":\"WebPage\",\"@id\":\"https:\/\/gegenstrom.org\/das-wissen-als-metaphysisches-konzept-mythos-und-waffe-im-kulturkampf\/\",\"url\":\"https:\/\/gegenstrom.org\/das-wissen-als-metaphysisches-konzept-mythos-und-waffe-im-kulturkampf\/\",\"name\":\"Das Wissen als metaphysisches Konzept, Mythos und Waffe im Kulturkampf - Gegenstrom\",\"isPartOf\":{\"@id\":\"https:\/\/gegenstrom.org\/#website\"},\"primaryImageOfPage\":{\"@id\":\"https:\/\/gegenstrom.org\/das-wissen-als-metaphysisches-konzept-mythos-und-waffe-im-kulturkampf\/#primaryimage\"},\"image\":{\"@id\":\"https:\/\/gegenstrom.org\/das-wissen-als-metaphysisches-konzept-mythos-und-waffe-im-kulturkampf\/#primaryimage\"},\"thumbnailUrl\":\"https:\/\/gegenstrom.org\/wp-content\/uploads\/2018\/07\/Prometheus1-1.jpg\",\"datePublished\":\"2018-07-27T08:22:06+00:00\",\"dateModified\":\"2020-02-04T11:15:50+00:00\",\"breadcrumb\":{\"@id\":\"https:\/\/gegenstrom.org\/das-wissen-als-metaphysisches-konzept-mythos-und-waffe-im-kulturkampf\/#breadcrumb\"},\"inLanguage\":\"en-US\",\"potentialAction\":[{\"@type\":\"ReadAction\",\"target\":[\"https:\/\/gegenstrom.org\/das-wissen-als-metaphysisches-konzept-mythos-und-waffe-im-kulturkampf\/\"]}]},{\"@type\":\"ImageObject\",\"inLanguage\":\"en-US\",\"@id\":\"https:\/\/gegenstrom.org\/das-wissen-als-metaphysisches-konzept-mythos-und-waffe-im-kulturkampf\/#primaryimage\",\"url\":\"https:\/\/gegenstrom.org\/wp-content\/uploads\/2018\/07\/Prometheus1-1.jpg\",\"contentUrl\":\"https:\/\/gegenstrom.org\/wp-content\/uploads\/2018\/07\/Prometheus1-1.jpg\",\"width\":715,\"height\":300},{\"@type\":\"BreadcrumbList\",\"@id\":\"https:\/\/gegenstrom.org\/das-wissen-als-metaphysisches-konzept-mythos-und-waffe-im-kulturkampf\/#breadcrumb\",\"itemListElement\":[{\"@type\":\"ListItem\",\"position\":1,\"name\":\"Startseite\",\"item\":\"https:\/\/gegenstrom.org\/\"},{\"@type\":\"ListItem\",\"position\":2,\"name\":\"Das Wissen als metaphysisches Konzept, Mythos und Waffe im Kulturkampf\"}]},{\"@type\":\"WebSite\",\"@id\":\"https:\/\/gegenstrom.org\/#website\",\"url\":\"https:\/\/gegenstrom.org\/\",\"name\":\"Gegenstrom\",\"description\":\"Plattform f\u00fcr rechte Metapolitik\",\"publisher\":{\"@id\":\"https:\/\/gegenstrom.org\/#organization\"},\"potentialAction\":[{\"@type\":\"SearchAction\",\"target\":{\"@type\":\"EntryPoint\",\"urlTemplate\":\"https:\/\/gegenstrom.org\/?s={search_term_string}\"},\"query-input\":{\"@type\":\"PropertyValueSpecification\",\"valueRequired\":true,\"valueName\":\"search_term_string\"}}],\"inLanguage\":\"en-US\"},{\"@type\":\"Organization\",\"@id\":\"https:\/\/gegenstrom.org\/#organization\",\"name\":\"Metapol Verlag & Medien\",\"url\":\"https:\/\/gegenstrom.org\/\",\"logo\":{\"@type\":\"ImageObject\",\"inLanguage\":\"en-US\",\"@id\":\"https:\/\/gegenstrom.org\/#\/schema\/logo\/image\/\",\"url\":\"https:\/\/gegenstrom.org\/wp-content\/uploads\/2019\/11\/WMB_Senkrecht_Farbe_M-e1574681161133.png\",\"contentUrl\":\"https:\/\/gegenstrom.org\/wp-content\/uploads\/2019\/11\/WMB_Senkrecht_Farbe_M-e1574681161133.png\",\"width\":300,\"height\":219,\"caption\":\"Metapol Verlag & Medien\"},\"image\":{\"@id\":\"https:\/\/gegenstrom.org\/#\/schema\/logo\/image\/\"},\"sameAs\":[\"https:\/\/de-de.facebook.com\/rechteMetapolitik\/\",\"https:\/\/www.youtube.com\/channel\/UCvQizs-yQ8YapMiyuD6wDrw\"]},{\"@type\":\"Person\",\"@id\":\"https:\/\/gegenstrom.org\/#\/schema\/person\/98826ad3dd03455771b055c139c5b989\",\"name\":\"Ivan Bilokapic\",\"url\":\"https:\/\/gegenstrom.org\/en\/author\/ivan-bilokapic\/\"}]}<\/script>\n<!-- \/ Yoast SEO plugin. -->","yoast_head_json":{"title":"Das Wissen als metaphysisches Konzept, Mythos und Waffe im Kulturkampf - Gegenstrom","robots":{"index":"index","follow":"follow","max-snippet":"max-snippet:-1","max-image-preview":"max-image-preview:large","max-video-preview":"max-video-preview:-1"},"canonical":"https:\/\/gegenstrom.org\/en\/das-wissen-als-metaphysisches-konzept-mythos-und-waffe-im-kulturkampf\/","og_locale":"en_US","og_type":"article","og_title":"Das Wissen als metaphysisches Konzept, Mythos und Waffe im Kulturkampf - Gegenstrom","og_description":"Was ist das Wissen und wie kann das Wissen den Kulturkampf definitiv entscheiden? Die Errungenschaft der Weisheit und das Konzept des Wissens waren schon in vorsokratischer Zeit ein Thema der griechischen und ostasiatischen Philosophien und Religionen. So sehr sogar, dass das Theoretisieren \u00fcber das Wissen zu einer separaten, philosophischen Disziplin (Epistemologie oder Erkenntnistheorie) geworden ist.\u00a0 [&hellip;]","og_url":"https:\/\/gegenstrom.org\/en\/das-wissen-als-metaphysisches-konzept-mythos-und-waffe-im-kulturkampf\/","og_site_name":"Gegenstrom","article_publisher":"https:\/\/de-de.facebook.com\/rechteMetapolitik\/","article_published_time":"2018-07-27T08:22:06+00:00","article_modified_time":"2020-02-04T11:15:50+00:00","og_image":[{"width":715,"height":300,"url":"https:\/\/gegenstrom.org\/wp-content\/uploads\/2018\/07\/Prometheus1-1.jpg","type":"image\/jpeg"}],"author":"Ivan Bilokapic","twitter_card":"summary_large_image","twitter_misc":{"Written by":"Ivan Bilokapic","Est. reading time":"8 minutes"},"schema":{"@context":"https:\/\/schema.org","@graph":[{"@type":"Article","@id":"https:\/\/gegenstrom.org\/das-wissen-als-metaphysisches-konzept-mythos-und-waffe-im-kulturkampf\/#article","isPartOf":{"@id":"https:\/\/gegenstrom.org\/das-wissen-als-metaphysisches-konzept-mythos-und-waffe-im-kulturkampf\/"},"author":{"name":"Ivan Bilokapic","@id":"https:\/\/gegenstrom.org\/#\/schema\/person\/98826ad3dd03455771b055c139c5b989"},"headline":"Das Wissen als metaphysisches Konzept, Mythos und Waffe im Kulturkampf","datePublished":"2018-07-27T08:22:06+00:00","dateModified":"2020-02-04T11:15:50+00:00","mainEntityOfPage":{"@id":"https:\/\/gegenstrom.org\/das-wissen-als-metaphysisches-konzept-mythos-und-waffe-im-kulturkampf\/"},"wordCount":1643,"commentCount":1,"publisher":{"@id":"https:\/\/gegenstrom.org\/#organization"},"image":{"@id":"https:\/\/gegenstrom.org\/das-wissen-als-metaphysisches-konzept-mythos-und-waffe-im-kulturkampf\/#primaryimage"},"thumbnailUrl":"https:\/\/gegenstrom.org\/wp-content\/uploads\/2018\/07\/Prometheus1-1.jpg","keywords":["Christentum","Germanismus","Gott","Kirche","Mythos","Odi","Wille zur Macht"],"articleSection":["Philosophie &amp; Theorie"],"inLanguage":"en-US"},{"@type":"WebPage","@id":"https:\/\/gegenstrom.org\/das-wissen-als-metaphysisches-konzept-mythos-und-waffe-im-kulturkampf\/","url":"https:\/\/gegenstrom.org\/das-wissen-als-metaphysisches-konzept-mythos-und-waffe-im-kulturkampf\/","name":"Das Wissen als metaphysisches Konzept, Mythos und Waffe im Kulturkampf - Gegenstrom","isPartOf":{"@id":"https:\/\/gegenstrom.org\/#website"},"primaryImageOfPage":{"@id":"https:\/\/gegenstrom.org\/das-wissen-als-metaphysisches-konzept-mythos-und-waffe-im-kulturkampf\/#primaryimage"},"image":{"@id":"https:\/\/gegenstrom.org\/das-wissen-als-metaphysisches-konzept-mythos-und-waffe-im-kulturkampf\/#primaryimage"},"thumbnailUrl":"https:\/\/gegenstrom.org\/wp-content\/uploads\/2018\/07\/Prometheus1-1.jpg","datePublished":"2018-07-27T08:22:06+00:00","dateModified":"2020-02-04T11:15:50+00:00","breadcrumb":{"@id":"https:\/\/gegenstrom.org\/das-wissen-als-metaphysisches-konzept-mythos-und-waffe-im-kulturkampf\/#breadcrumb"},"inLanguage":"en-US","potentialAction":[{"@type":"ReadAction","target":["https:\/\/gegenstrom.org\/das-wissen-als-metaphysisches-konzept-mythos-und-waffe-im-kulturkampf\/"]}]},{"@type":"ImageObject","inLanguage":"en-US","@id":"https:\/\/gegenstrom.org\/das-wissen-als-metaphysisches-konzept-mythos-und-waffe-im-kulturkampf\/#primaryimage","url":"https:\/\/gegenstrom.org\/wp-content\/uploads\/2018\/07\/Prometheus1-1.jpg","contentUrl":"https:\/\/gegenstrom.org\/wp-content\/uploads\/2018\/07\/Prometheus1-1.jpg","width":715,"height":300},{"@type":"BreadcrumbList","@id":"https:\/\/gegenstrom.org\/das-wissen-als-metaphysisches-konzept-mythos-und-waffe-im-kulturkampf\/#breadcrumb","itemListElement":[{"@type":"ListItem","position":1,"name":"Startseite","item":"https:\/\/gegenstrom.org\/"},{"@type":"ListItem","position":2,"name":"Das Wissen als metaphysisches Konzept, Mythos und Waffe im Kulturkampf"}]},{"@type":"WebSite","@id":"https:\/\/gegenstrom.org\/#website","url":"https:\/\/gegenstrom.org\/","name":"Gegenstrom","description":"Plattform f\u00fcr rechte Metapolitik","publisher":{"@id":"https:\/\/gegenstrom.org\/#organization"},"potentialAction":[{"@type":"SearchAction","target":{"@type":"EntryPoint","urlTemplate":"https:\/\/gegenstrom.org\/?s={search_term_string}"},"query-input":{"@type":"PropertyValueSpecification","valueRequired":true,"valueName":"search_term_string"}}],"inLanguage":"en-US"},{"@type":"Organization","@id":"https:\/\/gegenstrom.org\/#organization","name":"Metapol Verlag & Medien","url":"https:\/\/gegenstrom.org\/","logo":{"@type":"ImageObject","inLanguage":"en-US","@id":"https:\/\/gegenstrom.org\/#\/schema\/logo\/image\/","url":"https:\/\/gegenstrom.org\/wp-content\/uploads\/2019\/11\/WMB_Senkrecht_Farbe_M-e1574681161133.png","contentUrl":"https:\/\/gegenstrom.org\/wp-content\/uploads\/2019\/11\/WMB_Senkrecht_Farbe_M-e1574681161133.png","width":300,"height":219,"caption":"Metapol Verlag & Medien"},"image":{"@id":"https:\/\/gegenstrom.org\/#\/schema\/logo\/image\/"},"sameAs":["https:\/\/de-de.facebook.com\/rechteMetapolitik\/","https:\/\/www.youtube.com\/channel\/UCvQizs-yQ8YapMiyuD6wDrw"]},{"@type":"Person","@id":"https:\/\/gegenstrom.org\/#\/schema\/person\/98826ad3dd03455771b055c139c5b989","name":"Ivan Bilokapic","url":"https:\/\/gegenstrom.org\/en\/author\/ivan-bilokapic\/"}]}},"jetpack_featured_media_url":"https:\/\/gegenstrom.org\/wp-content\/uploads\/2018\/07\/Prometheus1-1.jpg","jetpack_sharing_enabled":true,"_links":{"self":[{"href":"https:\/\/gegenstrom.org\/en\/wp-json\/wp\/v2\/posts\/1215","targetHints":{"allow":["GET"]}}],"collection":[{"href":"https:\/\/gegenstrom.org\/en\/wp-json\/wp\/v2\/posts"}],"about":[{"href":"https:\/\/gegenstrom.org\/en\/wp-json\/wp\/v2\/types\/post"}],"author":[{"embeddable":true,"href":"https:\/\/gegenstrom.org\/en\/wp-json\/wp\/v2\/users\/27"}],"replies":[{"embeddable":true,"href":"https:\/\/gegenstrom.org\/en\/wp-json\/wp\/v2\/comments?post=1215"}],"version-history":[{"count":0,"href":"https:\/\/gegenstrom.org\/en\/wp-json\/wp\/v2\/posts\/1215\/revisions"}],"wp:featuredmedia":[{"embeddable":true,"href":"https:\/\/gegenstrom.org\/en\/wp-json\/wp\/v2\/media\/1216"}],"wp:attachment":[{"href":"https:\/\/gegenstrom.org\/en\/wp-json\/wp\/v2\/media?parent=1215"}],"wp:term":[{"taxonomy":"category","embeddable":true,"href":"https:\/\/gegenstrom.org\/en\/wp-json\/wp\/v2\/categories?post=1215"},{"taxonomy":"post_tag","embeddable":true,"href":"https:\/\/gegenstrom.org\/en\/wp-json\/wp\/v2\/tags?post=1215"}],"curies":[{"name":"wp","href":"https:\/\/api.w.org\/{rel}","templated":true}]}}