{"id":1187,"date":"2018-06-25T08:35:11","date_gmt":"2018-06-25T07:35:11","guid":{"rendered":"https:\/\/gegenstrom.org\/?p=1187"},"modified":"2020-02-04T12:24:39","modified_gmt":"2020-02-04T11:24:39","slug":"open-society-stiftung-kommt-nach-berlin","status":"publish","type":"post","link":"https:\/\/gegenstrom.org\/en\/open-society-stiftung-kommt-nach-berlin\/","title":{"rendered":"\u201eOpen Society\u201c-Stiftung kommt nach Berlin"},"content":{"rendered":"<p><span style=\"font-size: 14pt;\">Mitte April wurde bekannt, dass die \u201eOpen-Society\u201c-Stiftung des US-Milliard\u00e4rs und \u201ePhilanthropen\u201c George Soros plant, ihr B\u00fcro in Budapest aufzugeben und stattdessen im Laufe des Sommers eine Filiale in Berlin zu er\u00f6ffnen. Die Stiftung beugt sich damit offenbar dem <a href=\"https:\/\/diepresse.com\/home\/ausland\/aussenpolitik\/5403574\/Analyse_Der-Umbau-Ungarns-geht-rasant-weiter?direct=5408919&amp;_vl_backlink=\/home\/ausland\/aussenpolitik\/5408919\/index.do&amp;selChannel=\">Druck der Regierung Viktor Orb\u00e1ns und seiner Fidesz-Partei<\/a>, die sp\u00e4testens seit Beginn der sogenannten \u201eFl\u00fcchtlingskrise\u201c vor drei Jahren verst\u00e4rkt gegen Soros vorgeht. F\u00fcr uns ist der geplante Umzug von Soros nach Berlin an dieser Stelle einmal Anlass, n\u00e4her hinzusehen und etwas Licht in das Dickicht zu bringen, ist doch der \u201eFall Soros\u201c wie kein zweiter Gegenstand f\u00fcr den immer wieder aufkommenden Streit zwischen einerseits denen, die den tieferliegenden Ursachen des \u201egro\u00dfen Austausches\u201c auf den Grund gehen wollen, und andererseits jenen \u201eAnti-Verschw\u00f6rungstheoretikern\u201c, die die Besch\u00e4ftigung mit dieser Problematik aufgrund der j\u00fcdischen Herkunft von Soros als blo\u00dfes \u201eantisemitisches Hirngespinst\u201c abtun.<\/span><\/p>\n<h2>George Soros und der \u201egro\u00dfe Austausch\u201c<\/h2>\n<p><span style=\"font-size: 14pt;\">Im rechten Milieu d\u00fcrfte George Soros l\u00e4ngst kein Unbekannter mehr sein, wird er doch oft als ma\u00dfgeblicher Akteur bei der Umsetzung einer \u201eNew World Order\u201c gesehen. Dass Soros tats\u00e4chlich unter dem Deckmantel der Menschenfreundlichkeit mit seinem Stiftungsnetzwerk \u201eOpen Society Foundations\u201c die Migration nach Europa und damit die Umvolkung Europas f\u00f6rdert, ist bereits an vielen Stellen detailliert dargelegt worden (1). Das alles hindert jedoch die kosmopolitisch orientierten Linksliberalen bis heute nicht, dies alles als \u201erechte Hetze\u201c abzutun. So erschien beispielsweise Mitte Mai ein Artikel auf \u201eBelltower News\u201c \u2013 einem \u201eWatchblog\u201c der umstrittenen Amadeu-Antonio-Stiftung\u201c \u2013 in dem Soros vor allem als blo\u00dfes Opfer rechter Verschw\u00f6rungstheoretiker stilisiert wird (2). Die Strategie von \u201eBelltower News\u201c \u2013 fr\u00fcher \u00fcbrigens bekannt unter dem Namen \u201eNetz gegen Nazis\u201c \u2013 ist dabei durchschaubar: Indem man die j\u00fcdische Komponente der \u00a0\u201eCausa Soros\u201c in bizarrer Art und Weise \u00fcberbetont (\u201eGeorge Soros wurde der Familie Rothschild beim antisemitischen Mythos an die Seite gestellt\u201c), soll die berechtigte Kritik am \u201egro\u00dfen Austausch\u201c entkr\u00e4ftet und als blo\u00dfe Verschw\u00f6rungstheorie diskreditiert werden. Dabei besteht in Wirklichkeit gar keine Notwendigkeit zur Entwicklung von irgendwelchen antisemitischen Verschw\u00f6rungstheorien, liegt die Neue Weltordnung als Ziel der westlichen Eliten nach Ansicht des Publizisten Manfred Kleine-Hartlage doch klar auf der Hand (3).<\/span><\/p>\n<h2>Die perfideste aller denkbaren T\u00e4uschungen<\/h2>\n<p><span style=\"font-size: 14pt;\">Ob die \u201eF\u00f6rderung des Kosmopolitismus\u201c, die nach Auffassung des emeritierten Professors an der California State University Kevin MacDonald von einem historischen Standpunkt ausgehend durchaus als Teil einer \u201egruppenevolution\u00e4ren Strategie\u201c des Judentums gesehen werden kann (4), auch im Fall von George Soros eine Rolle spielt oder nicht, ist f\u00fcr uns von au\u00dfen nat\u00fcrlich kaum zu erkennen oder zu beweisen. Doch selbst wenn es Soros und seiner Stiftung \u201enur\u201c darum ginge, im Dienste der \u201eMenschenfreundlichkeit\u201c die Globalisierung und damit die Atomisierung des Menschen voranzutreiben, so w\u00e4re die Durchsetzung des Inhumanen im Zeichen der Humanit\u00e4t doch die perfideste aller denkbaren T\u00e4uschungen. Fest steht, dass die F\u00f6rderung der \u00dcberfremdung durchaus funktional im Sinne der Schaffung einer Neuen Weltordnung ist, da auf diese Weise die R\u00fcckbindung des Menschen an Institutionen wie Familie, Nation und Religion dauerhaft zerst\u00f6rt wird. Vor diesem Hintergrund sollten wir die Er\u00f6ffnung eines B\u00fcros der Open Society Foundations in Berlin zum Anlass f\u00fcr eine verst\u00e4rkte und m\u00f6glichst differenzierte Aufkl\u00e4rungsarbeit nehmen.<\/span><\/p>\n<h2>Literaturhinweise<\/h2>\n<p><span style=\"font-size: 14pt;\">(1) siehe z.B. von R\u00e9tyi, Andreas (2016): George Soros. Der Multimilliard\u00e4r, sein globales Netzwerk und das Ende der Welt, wie wir sie kennen. Kopp Verlag, 271 S.<\/span><\/p>\n<p><span style=\"font-size: 14pt;\">(2) <a href=\"http:\/\/www.belltower.news\/artikel\/der-antisemitische-hass-auf-george-soros-13686\">http:\/\/www.belltower.news\/artikel\/der-antisemitische-hass-auf-george-soros-13686<\/a><\/span><\/p>\n<p><span style=\"font-size: 14pt;\">(3) Kleine-Hartlage, Manfred (2012): \u201eNeue Weltordnung\u201c \u2013 Zukunftsplan oder Verschw\u00f6rungstheorie? Reihe <em>kaplaken<\/em>, Edition Antaios, Schnellroda, 94 S.<\/span><\/p>\n<p><span style=\"font-size: 14pt;\">(4) Vonderach, Andreas (2013): Kevin MacDonald und die j\u00fcdische Gruppenstrategie. <em>Sezession<\/em> 55: 50-51<\/span><\/p>\n<p>&nbsp;<\/p>\n<p>&nbsp;<\/p>\n<p>&nbsp;<\/p>\n<p>&nbsp;<\/p>\n<p>&nbsp;<\/p>\n<p>&nbsp;<\/p>","protected":false},"excerpt":{"rendered":"<p>Mitte April wurde bekannt, dass die \u201eOpen-Society\u201c-Stiftung des US-Milliard\u00e4rs und \u201ePhilanthropen\u201c George Soros plant, ihr B\u00fcro in Budapest aufzugeben und stattdessen im Laufe des Sommers eine Filiale in Berlin zu er\u00f6ffnen. Die Stiftung beugt sich damit offenbar dem Druck der Regierung Viktor Orb\u00e1ns und seiner Fidesz-Partei, die sp\u00e4testens seit Beginn der sogenannten \u201eFl\u00fcchtlingskrise\u201c vor drei [&hellip;]<\/p>","protected":false},"author":21,"featured_media":1188,"comment_status":"open","ping_status":"open","sticky":false,"template":"","format":"standard","meta":{"_et_pb_use_builder":"","_et_pb_old_content":"","_et_gb_content_width":"","_jetpack_memberships_contains_paid_content":false,"footnotes":""},"categories":[4],"tags":[283,46,340],"class_list":["post-1187","post","type-post","status-publish","format-standard","has-post-thumbnail","hentry","category-deutschland-und-die-welt","tag-globalisierung","tag-globalismus","tag-open-society-foundation"],"yoast_head":"<!-- This site is optimized with the Yoast SEO plugin v26.2 - https:\/\/yoast.com\/wordpress\/plugins\/seo\/ -->\n<title>\u201eOpen Society\u201c-Stiftung kommt nach Berlin - Gegenstrom<\/title>\n<meta name=\"robots\" content=\"index, follow, max-snippet:-1, max-image-preview:large, max-video-preview:-1\" \/>\n<link rel=\"canonical\" href=\"https:\/\/gegenstrom.org\/en\/open-society-stiftung-kommt-nach-berlin\/\" \/>\n<meta property=\"og:locale\" content=\"en_US\" \/>\n<meta property=\"og:type\" content=\"article\" \/>\n<meta property=\"og:title\" content=\"\u201eOpen Society\u201c-Stiftung kommt nach Berlin - Gegenstrom\" \/>\n<meta property=\"og:description\" content=\"Mitte April wurde bekannt, dass die \u201eOpen-Society\u201c-Stiftung des US-Milliard\u00e4rs und \u201ePhilanthropen\u201c George Soros plant, ihr B\u00fcro in Budapest aufzugeben und stattdessen im Laufe des Sommers eine Filiale in Berlin zu er\u00f6ffnen. Die Stiftung beugt sich damit offenbar dem Druck der Regierung Viktor Orb\u00e1ns und seiner Fidesz-Partei, die sp\u00e4testens seit Beginn der sogenannten \u201eFl\u00fcchtlingskrise\u201c vor drei [&hellip;]\" \/>\n<meta property=\"og:url\" content=\"https:\/\/gegenstrom.org\/en\/open-society-stiftung-kommt-nach-berlin\/\" \/>\n<meta property=\"og:site_name\" content=\"Gegenstrom\" \/>\n<meta property=\"article:publisher\" content=\"https:\/\/de-de.facebook.com\/rechteMetapolitik\/\" \/>\n<meta property=\"article:published_time\" content=\"2018-06-25T07:35:11+00:00\" \/>\n<meta property=\"article:modified_time\" content=\"2020-02-04T11:24:39+00:00\" \/>\n<meta property=\"og:image\" content=\"https:\/\/gegenstrom.org\/wp-content\/uploads\/2018\/06\/George-Soros.jpg\" \/>\n\t<meta property=\"og:image:width\" content=\"715\" \/>\n\t<meta property=\"og:image:height\" content=\"300\" \/>\n\t<meta property=\"og:image:type\" content=\"image\/jpeg\" \/>\n<meta name=\"author\" content=\"Moritz Meerheym\" \/>\n<meta name=\"twitter:card\" content=\"summary_large_image\" \/>\n<meta name=\"twitter:label1\" content=\"Written by\" \/>\n\t<meta name=\"twitter:data1\" content=\"Moritz Meerheym\" \/>\n\t<meta name=\"twitter:label2\" content=\"Est. reading time\" \/>\n\t<meta name=\"twitter:data2\" content=\"3 minutes\" \/>\n<script type=\"application\/ld+json\" class=\"yoast-schema-graph\">{\"@context\":\"https:\/\/schema.org\",\"@graph\":[{\"@type\":\"Article\",\"@id\":\"https:\/\/gegenstrom.org\/open-society-stiftung-kommt-nach-berlin\/#article\",\"isPartOf\":{\"@id\":\"https:\/\/gegenstrom.org\/open-society-stiftung-kommt-nach-berlin\/\"},\"author\":{\"name\":\"Moritz Meerheym\",\"@id\":\"https:\/\/gegenstrom.org\/#\/schema\/person\/7e0c8f409ad46ac326bda55403d40a8f\"},\"headline\":\"\u201eOpen Society\u201c-Stiftung kommt nach Berlin\",\"datePublished\":\"2018-06-25T07:35:11+00:00\",\"dateModified\":\"2020-02-04T11:24:39+00:00\",\"mainEntityOfPage\":{\"@id\":\"https:\/\/gegenstrom.org\/open-society-stiftung-kommt-nach-berlin\/\"},\"wordCount\":617,\"commentCount\":0,\"publisher\":{\"@id\":\"https:\/\/gegenstrom.org\/#organization\"},\"image\":{\"@id\":\"https:\/\/gegenstrom.org\/open-society-stiftung-kommt-nach-berlin\/#primaryimage\"},\"thumbnailUrl\":\"https:\/\/gegenstrom.org\/wp-content\/uploads\/2018\/06\/George-Soros.jpg\",\"keywords\":[\"Globalisierung\",\"Globalismus\",\"Open Society Foundation\"],\"articleSection\":[\"Deutschland und die Welt\"],\"inLanguage\":\"en-US\"},{\"@type\":\"WebPage\",\"@id\":\"https:\/\/gegenstrom.org\/open-society-stiftung-kommt-nach-berlin\/\",\"url\":\"https:\/\/gegenstrom.org\/open-society-stiftung-kommt-nach-berlin\/\",\"name\":\"\u201eOpen Society\u201c-Stiftung kommt nach Berlin - Gegenstrom\",\"isPartOf\":{\"@id\":\"https:\/\/gegenstrom.org\/#website\"},\"primaryImageOfPage\":{\"@id\":\"https:\/\/gegenstrom.org\/open-society-stiftung-kommt-nach-berlin\/#primaryimage\"},\"image\":{\"@id\":\"https:\/\/gegenstrom.org\/open-society-stiftung-kommt-nach-berlin\/#primaryimage\"},\"thumbnailUrl\":\"https:\/\/gegenstrom.org\/wp-content\/uploads\/2018\/06\/George-Soros.jpg\",\"datePublished\":\"2018-06-25T07:35:11+00:00\",\"dateModified\":\"2020-02-04T11:24:39+00:00\",\"breadcrumb\":{\"@id\":\"https:\/\/gegenstrom.org\/open-society-stiftung-kommt-nach-berlin\/#breadcrumb\"},\"inLanguage\":\"en-US\",\"potentialAction\":[{\"@type\":\"ReadAction\",\"target\":[\"https:\/\/gegenstrom.org\/open-society-stiftung-kommt-nach-berlin\/\"]}]},{\"@type\":\"ImageObject\",\"inLanguage\":\"en-US\",\"@id\":\"https:\/\/gegenstrom.org\/open-society-stiftung-kommt-nach-berlin\/#primaryimage\",\"url\":\"https:\/\/gegenstrom.org\/wp-content\/uploads\/2018\/06\/George-Soros.jpg\",\"contentUrl\":\"https:\/\/gegenstrom.org\/wp-content\/uploads\/2018\/06\/George-Soros.jpg\",\"width\":715,\"height\":300,\"caption\":\"George Soros\"},{\"@type\":\"BreadcrumbList\",\"@id\":\"https:\/\/gegenstrom.org\/open-society-stiftung-kommt-nach-berlin\/#breadcrumb\",\"itemListElement\":[{\"@type\":\"ListItem\",\"position\":1,\"name\":\"Startseite\",\"item\":\"https:\/\/gegenstrom.org\/\"},{\"@type\":\"ListItem\",\"position\":2,\"name\":\"\u201eOpen Society\u201c-Stiftung kommt nach Berlin\"}]},{\"@type\":\"WebSite\",\"@id\":\"https:\/\/gegenstrom.org\/#website\",\"url\":\"https:\/\/gegenstrom.org\/\",\"name\":\"Gegenstrom\",\"description\":\"Plattform f\u00fcr rechte Metapolitik\",\"publisher\":{\"@id\":\"https:\/\/gegenstrom.org\/#organization\"},\"potentialAction\":[{\"@type\":\"SearchAction\",\"target\":{\"@type\":\"EntryPoint\",\"urlTemplate\":\"https:\/\/gegenstrom.org\/?s={search_term_string}\"},\"query-input\":{\"@type\":\"PropertyValueSpecification\",\"valueRequired\":true,\"valueName\":\"search_term_string\"}}],\"inLanguage\":\"en-US\"},{\"@type\":\"Organization\",\"@id\":\"https:\/\/gegenstrom.org\/#organization\",\"name\":\"Metapol Verlag & Medien\",\"url\":\"https:\/\/gegenstrom.org\/\",\"logo\":{\"@type\":\"ImageObject\",\"inLanguage\":\"en-US\",\"@id\":\"https:\/\/gegenstrom.org\/#\/schema\/logo\/image\/\",\"url\":\"https:\/\/gegenstrom.org\/wp-content\/uploads\/2019\/11\/WMB_Senkrecht_Farbe_M-e1574681161133.png\",\"contentUrl\":\"https:\/\/gegenstrom.org\/wp-content\/uploads\/2019\/11\/WMB_Senkrecht_Farbe_M-e1574681161133.png\",\"width\":300,\"height\":219,\"caption\":\"Metapol Verlag & Medien\"},\"image\":{\"@id\":\"https:\/\/gegenstrom.org\/#\/schema\/logo\/image\/\"},\"sameAs\":[\"https:\/\/de-de.facebook.com\/rechteMetapolitik\/\",\"https:\/\/www.youtube.com\/channel\/UCvQizs-yQ8YapMiyuD6wDrw\"]},{\"@type\":\"Person\",\"@id\":\"https:\/\/gegenstrom.org\/#\/schema\/person\/7e0c8f409ad46ac326bda55403d40a8f\",\"name\":\"Moritz Meerheym\",\"url\":\"https:\/\/gegenstrom.org\/en\/author\/moritz-meerheym\/\"}]}<\/script>\n<!-- \/ Yoast SEO plugin. -->","yoast_head_json":{"title":"\u201eOpen Society\u201c-Stiftung kommt nach Berlin - Gegenstrom","robots":{"index":"index","follow":"follow","max-snippet":"max-snippet:-1","max-image-preview":"max-image-preview:large","max-video-preview":"max-video-preview:-1"},"canonical":"https:\/\/gegenstrom.org\/en\/open-society-stiftung-kommt-nach-berlin\/","og_locale":"en_US","og_type":"article","og_title":"\u201eOpen Society\u201c-Stiftung kommt nach Berlin - Gegenstrom","og_description":"Mitte April wurde bekannt, dass die \u201eOpen-Society\u201c-Stiftung des US-Milliard\u00e4rs und \u201ePhilanthropen\u201c George Soros plant, ihr B\u00fcro in Budapest aufzugeben und stattdessen im Laufe des Sommers eine Filiale in Berlin zu er\u00f6ffnen. Die Stiftung beugt sich damit offenbar dem Druck der Regierung Viktor Orb\u00e1ns und seiner Fidesz-Partei, die sp\u00e4testens seit Beginn der sogenannten \u201eFl\u00fcchtlingskrise\u201c vor drei [&hellip;]","og_url":"https:\/\/gegenstrom.org\/en\/open-society-stiftung-kommt-nach-berlin\/","og_site_name":"Gegenstrom","article_publisher":"https:\/\/de-de.facebook.com\/rechteMetapolitik\/","article_published_time":"2018-06-25T07:35:11+00:00","article_modified_time":"2020-02-04T11:24:39+00:00","og_image":[{"width":715,"height":300,"url":"https:\/\/gegenstrom.org\/wp-content\/uploads\/2018\/06\/George-Soros.jpg","type":"image\/jpeg"}],"author":"Moritz Meerheym","twitter_card":"summary_large_image","twitter_misc":{"Written by":"Moritz Meerheym","Est. reading time":"3 minutes"},"schema":{"@context":"https:\/\/schema.org","@graph":[{"@type":"Article","@id":"https:\/\/gegenstrom.org\/open-society-stiftung-kommt-nach-berlin\/#article","isPartOf":{"@id":"https:\/\/gegenstrom.org\/open-society-stiftung-kommt-nach-berlin\/"},"author":{"name":"Moritz Meerheym","@id":"https:\/\/gegenstrom.org\/#\/schema\/person\/7e0c8f409ad46ac326bda55403d40a8f"},"headline":"\u201eOpen Society\u201c-Stiftung kommt nach Berlin","datePublished":"2018-06-25T07:35:11+00:00","dateModified":"2020-02-04T11:24:39+00:00","mainEntityOfPage":{"@id":"https:\/\/gegenstrom.org\/open-society-stiftung-kommt-nach-berlin\/"},"wordCount":617,"commentCount":0,"publisher":{"@id":"https:\/\/gegenstrom.org\/#organization"},"image":{"@id":"https:\/\/gegenstrom.org\/open-society-stiftung-kommt-nach-berlin\/#primaryimage"},"thumbnailUrl":"https:\/\/gegenstrom.org\/wp-content\/uploads\/2018\/06\/George-Soros.jpg","keywords":["Globalisierung","Globalismus","Open Society Foundation"],"articleSection":["Deutschland und die Welt"],"inLanguage":"en-US"},{"@type":"WebPage","@id":"https:\/\/gegenstrom.org\/open-society-stiftung-kommt-nach-berlin\/","url":"https:\/\/gegenstrom.org\/open-society-stiftung-kommt-nach-berlin\/","name":"\u201eOpen Society\u201c-Stiftung kommt nach Berlin - Gegenstrom","isPartOf":{"@id":"https:\/\/gegenstrom.org\/#website"},"primaryImageOfPage":{"@id":"https:\/\/gegenstrom.org\/open-society-stiftung-kommt-nach-berlin\/#primaryimage"},"image":{"@id":"https:\/\/gegenstrom.org\/open-society-stiftung-kommt-nach-berlin\/#primaryimage"},"thumbnailUrl":"https:\/\/gegenstrom.org\/wp-content\/uploads\/2018\/06\/George-Soros.jpg","datePublished":"2018-06-25T07:35:11+00:00","dateModified":"2020-02-04T11:24:39+00:00","breadcrumb":{"@id":"https:\/\/gegenstrom.org\/open-society-stiftung-kommt-nach-berlin\/#breadcrumb"},"inLanguage":"en-US","potentialAction":[{"@type":"ReadAction","target":["https:\/\/gegenstrom.org\/open-society-stiftung-kommt-nach-berlin\/"]}]},{"@type":"ImageObject","inLanguage":"en-US","@id":"https:\/\/gegenstrom.org\/open-society-stiftung-kommt-nach-berlin\/#primaryimage","url":"https:\/\/gegenstrom.org\/wp-content\/uploads\/2018\/06\/George-Soros.jpg","contentUrl":"https:\/\/gegenstrom.org\/wp-content\/uploads\/2018\/06\/George-Soros.jpg","width":715,"height":300,"caption":"George Soros"},{"@type":"BreadcrumbList","@id":"https:\/\/gegenstrom.org\/open-society-stiftung-kommt-nach-berlin\/#breadcrumb","itemListElement":[{"@type":"ListItem","position":1,"name":"Startseite","item":"https:\/\/gegenstrom.org\/"},{"@type":"ListItem","position":2,"name":"\u201eOpen Society\u201c-Stiftung kommt nach Berlin"}]},{"@type":"WebSite","@id":"https:\/\/gegenstrom.org\/#website","url":"https:\/\/gegenstrom.org\/","name":"Gegenstrom","description":"Plattform f\u00fcr rechte Metapolitik","publisher":{"@id":"https:\/\/gegenstrom.org\/#organization"},"potentialAction":[{"@type":"SearchAction","target":{"@type":"EntryPoint","urlTemplate":"https:\/\/gegenstrom.org\/?s={search_term_string}"},"query-input":{"@type":"PropertyValueSpecification","valueRequired":true,"valueName":"search_term_string"}}],"inLanguage":"en-US"},{"@type":"Organization","@id":"https:\/\/gegenstrom.org\/#organization","name":"Metapol Verlag & Medien","url":"https:\/\/gegenstrom.org\/","logo":{"@type":"ImageObject","inLanguage":"en-US","@id":"https:\/\/gegenstrom.org\/#\/schema\/logo\/image\/","url":"https:\/\/gegenstrom.org\/wp-content\/uploads\/2019\/11\/WMB_Senkrecht_Farbe_M-e1574681161133.png","contentUrl":"https:\/\/gegenstrom.org\/wp-content\/uploads\/2019\/11\/WMB_Senkrecht_Farbe_M-e1574681161133.png","width":300,"height":219,"caption":"Metapol Verlag & Medien"},"image":{"@id":"https:\/\/gegenstrom.org\/#\/schema\/logo\/image\/"},"sameAs":["https:\/\/de-de.facebook.com\/rechteMetapolitik\/","https:\/\/www.youtube.com\/channel\/UCvQizs-yQ8YapMiyuD6wDrw"]},{"@type":"Person","@id":"https:\/\/gegenstrom.org\/#\/schema\/person\/7e0c8f409ad46ac326bda55403d40a8f","name":"Moritz Meerheym","url":"https:\/\/gegenstrom.org\/en\/author\/moritz-meerheym\/"}]}},"jetpack_featured_media_url":"https:\/\/gegenstrom.org\/wp-content\/uploads\/2018\/06\/George-Soros.jpg","jetpack_sharing_enabled":true,"_links":{"self":[{"href":"https:\/\/gegenstrom.org\/en\/wp-json\/wp\/v2\/posts\/1187","targetHints":{"allow":["GET"]}}],"collection":[{"href":"https:\/\/gegenstrom.org\/en\/wp-json\/wp\/v2\/posts"}],"about":[{"href":"https:\/\/gegenstrom.org\/en\/wp-json\/wp\/v2\/types\/post"}],"author":[{"embeddable":true,"href":"https:\/\/gegenstrom.org\/en\/wp-json\/wp\/v2\/users\/21"}],"replies":[{"embeddable":true,"href":"https:\/\/gegenstrom.org\/en\/wp-json\/wp\/v2\/comments?post=1187"}],"version-history":[{"count":0,"href":"https:\/\/gegenstrom.org\/en\/wp-json\/wp\/v2\/posts\/1187\/revisions"}],"wp:featuredmedia":[{"embeddable":true,"href":"https:\/\/gegenstrom.org\/en\/wp-json\/wp\/v2\/media\/1188"}],"wp:attachment":[{"href":"https:\/\/gegenstrom.org\/en\/wp-json\/wp\/v2\/media?parent=1187"}],"wp:term":[{"taxonomy":"category","embeddable":true,"href":"https:\/\/gegenstrom.org\/en\/wp-json\/wp\/v2\/categories?post=1187"},{"taxonomy":"post_tag","embeddable":true,"href":"https:\/\/gegenstrom.org\/en\/wp-json\/wp\/v2\/tags?post=1187"}],"curies":[{"name":"wp","href":"https:\/\/api.w.org\/{rel}","templated":true}]}}