{"id":1176,"date":"2018-06-18T06:53:44","date_gmt":"2018-06-18T05:53:44","guid":{"rendered":"https:\/\/gegenstrom.org\/?p=1176"},"modified":"2020-02-04T12:26:10","modified_gmt":"2020-02-04T11:26:10","slug":"eu-in-der-zerreissprobe-dualismus-zwischen-ost-und-westeuropa-innerhalb-der-europaeischen-union","status":"publish","type":"post","link":"https:\/\/gegenstrom.org\/en\/eu-in-der-zerreissprobe-dualismus-zwischen-ost-und-westeuropa-innerhalb-der-europaeischen-union\/","title":{"rendered":"EU in der Zerrei\u00dfprobe? Dualismus zwischen Ost- und Westeuropa innerhalb der Europ\u00e4ischen Union"},"content":{"rendered":"<p><span style=\"font-size: 14pt;\">W\u00e4hrend die Europ\u00e4ische Union osteurop\u00e4ische Mitgliedsstaaten wegen \u201efehlender Kooperation\u201c mit Sanktionen zu \u00fcberziehen sucht, entsteht ein tiefer Riss und es scheint sich ein europ\u00e4ischer Dualismus zwischen den Visegradstaaten und Westeuropa anzubahnen. Auch wenn Visegrad bisher ein halboffizielles Binnenb\u00fcndnis zwischen den osteurop\u00e4ischen EU-Mitgliedsstaaten darstellte, droht es zu einem nicht unerheblichen machtpolitischen Gegenpol innerhalb der EU zu werden.<\/span><\/p>\n<h2>Aufnahmezwang von \u201eFl\u00fcchtlingen\u201c erh\u00e4rtet Polarisierung<\/h2>\n<p><span style=\"font-size: 14pt;\">Die Gr\u00fcnde f\u00fcr die Polarisierung innerhalb der EU d\u00fcrften wohl haupts\u00e4chlich darin liegen, dass die Eurokratie den Mitgliedsstaaten vorschreibt, wie viele \u201eFl\u00fcchtlinge\u201c sie aufzunehmen haben, was die osteurop\u00e4ischen L\u00e4nder strikt ablehnen.<a href=\"#_edn1\" name=\"_ednref1\">[1]<\/a> Sie machen von ihrem Selbstbestimmungsrecht Gebrauch, das ihnen nun zu ihrem Verh\u00e4ngnis werden soll. So hat die EU ein Vertragsverletzungsverfahren gegen diese L\u00e4nder eingeleitet. Auch EU-F\u00f6rdergelder sollen entzogen werden, verlangt die deutsche Bundeskanzlerin Angela Merkel. Ungarn und Polen nehmen bei der Weigerung der Fl\u00fcchtlingsaufnahme die Vorreiterrolle ein. Erst in einem Treffen der Visegradstaaten mit den Beneluxl\u00e4ndern unterstrichen erstere ihre Ablehnung zur Aufnahme von weiteren \u201eFl\u00fcchtlingen\u201c erneut und begr\u00fcndeten ihre Haltung mit der Sicherung der EU-Au\u00dfengrenzen.<a href=\"#_edn2\" name=\"_ednref2\">[2]<\/a> Und erst j\u00fcngst signalisierte Polen, dass es selbst bestimme, wer Polen betreten darf und wer nicht.<\/span><\/p>\n<h2>Ungarns Heranr\u00fccken an Russland<\/h2>\n<p><span style=\"font-size: 14pt;\">Die Polarisierung innerhalb der EU ist auch an Ungarns Haltung zu Russland zu sehen, die sehr kooperativer Natur zu sein scheint. So wird Ungarn von Washington gar als milit\u00e4rische Hintert\u00fcr zur EU bezeichnet. Tats\u00e4chlich pflegt Ungarn ein gutes Verh\u00e4ltnis mit Russland. Das trifft auf Polen jedoch weniger zu, denn Polen unterst\u00fctzt immerhin die Mobilmachung der Amerikaner und anderer NATO-Kampfeinheiten nahe der russischen Grenze.<a href=\"#_edn3\" name=\"_ednref3\">[3]<\/a> Trotz der verschiedenen Verh\u00e4ltnisse zu Russland scheinen die Beziehungen der Visegradstaaten allerdings nicht gest\u00f6rt zu sein. Im Gegenteil, erst Anfang 2018 zeigten Ungarn und Polen Solidarit\u00e4tsgesten.<\/span><a href=\"#_edn4\" name=\"_ednref4\"><span style=\"font-size: 14pt;\">[4]<\/span><\/a><\/p>\n<h2>Visegrad gegen \u201eEU-Imperium\u201c<\/h2>\n<p><span style=\"font-size: 14pt;\">Ebenfalls zum Jahresbeginn 2018 hatten die Visegradstaaten bei einem Treffen nochmals ihre ablehnende Haltung zu einem EU-Superstaat zum Ausdruck gebracht. \u201eWir brauchen nicht ein (EU-) Imperium, sondern einen Bund freier Nationen\u201c, betonte der ungarische Ministerpr\u00e4sident Viktor Orban nach dem Visegradgipfeltreffen. Erst Mitte Mai besuchte der frisch wiedergew\u00e4hlte ungarische Ministerpr\u00e4sident Orban Polen, wo er gemeinsam mit dem polnischen Ministerpr\u00e4sidenten Mateusz Morawiecki den Ausbau der Kooperation zwischen den Visegradnationen abermals betonte. Allerdings geht es bei Visegrad neben der politischen Behauptung gegen\u00fcber Br\u00fcssel zugleich um wirtschaftliche Macht und weitestgehende Unabh\u00e4ngigkeit. So verdeutlichten sie das Ziel, die Nord-S\u00fcd-Transportwege von Polen bis Bulgarien und Griechenland ausbauen zu wollen, statt die Ost-West-Verbindungen zu st\u00e4rken, die vor allem der deutschen Wirtschaft helfen. Dadurch will das B\u00fcndnis bis zum Jahr 2030 wirtschaftlich den EU-Durchschnitt erreichen, womit sie in absehbarer Zeit Nettozahler werden. Das Ziel sei, unabh\u00e4ngiger zu werden und nicht mehr mit Drohungen eines Entzugs von EU-Geldern \u201eerpressbar\u201c zu sein.<a href=\"#_edn5\" name=\"_ednref5\">[5]<\/a> Im Visegradb\u00fcndnis kann also durchaus ein machtpolitischer Block gesehen werden, der zu einer ernstzunehmenden Bipolarit\u00e4t innerhalb der EU und damit zum weiteren Auseinanderrei\u00dfen f\u00fchrt.<\/span><\/p>\n<h2>\u00a0Quellen<\/h2>\n<p><span style=\"font-size: 14pt;\"><a href=\"#_ednref1\" name=\"_edn1\">[1]<\/a> Vgl. D. Drewes (24.02.2018), Aufnahme von Fl\u00fcchtlingen. Merkel bringt Osteuropa gegen sich auf, in: <a href=\"https:\/\/www.augsburger-allgemeine.de\/politik\/Aufnahme-von-Fluechtlingen-Merkel-bringt-Osteuropa-gegen-sich-auf-id44313241.html\">https:\/\/www.augsburger-allgemeine.de\/politik\/Aufnahme-von-Fluechtlingen-Merkel-bringt-Osteuropa-gegen-sich-auf-id44313241.html<\/a> (Abgerufen am 30.05.2018).<\/span><\/p>\n<p><span style=\"font-size: 14pt;\"><a href=\"#_ednref2\" name=\"_edn2\">[2]<\/a> Vgl. Unbekannt (20.06.2017), Visegrad-L\u00e4nder weiter gegen EU-Fl\u00fcchtlingsquoten, in: <a href=\"https:\/\/rp-online.de\/politik\/eu\/visegrad-laender-weiter-gegen-eu-fluechtlingsquoten_aid-17893919\">https:\/\/rp-online.de\/politik\/eu\/visegrad-laender-weiter-gegen-eu-fluechtlingsquoten_aid-17893919<\/a> (Abgerufen am 30.05.2018).<\/span><\/p>\n<p><span style=\"font-size: 14pt;\"><a href=\"#_ednref3\" name=\"_edn3\">[3]<\/a> Vgl. Unbekannt (02.02.2017), Orban pflegt Sonder-Verh\u00e4ltnis zu Putin, in: <a href=\"http:\/\/www.handelsblatt.com\/politik\/international\/ungarn-und-russland-spezielles-internationales-umfeld\/19336908-2.html\">http:\/\/www.handelsblatt.com\/politik\/international\/ungarn-und-russland-spezielles-internationales-umfeld\/19336908-2.html<\/a> (abgerufen am 30.05.2018).<\/span><\/p>\n<p><span style=\"font-size: 14pt;\"><a href=\"#_ednref4\" name=\"_edn4\">[4]<\/a> Vgl. D. Doering (12.02.2018), Wie gef\u00e4hrlich ist der Block um Polen und Ungarn f\u00fcr die EU? In: <a href=\"https:\/\/www.focus.de\/politik\/experten\/visegrad-gruppe-wie-gefaehrlich-ist-der-block-um-polen-und-ungarn-fuer-die-eu_id_8454166.html\">https:\/\/www.focus.de\/politik\/experten\/visegrad-gruppe-wie-gefaehrlich-ist-der-block-um-polen-und-ungarn-fuer-die-eu_id_8454166.html<\/a> (Abgerufen am 30.05.2018).<\/span><\/p>\n<p><span style=\"font-size: 14pt;\"><a href=\"#_ednref5\" name=\"_edn5\">[5]<\/a> Vgl. B. K\u00e1lnoky (14.05.2018), Gemeinsam gegen den Rest der EU, in: <a href=\"https:\/\/www.welt.de\/politik\/ausland\/article176347522\/Orban-in-Polen-Gemeinsam-gegen-den-Rest-der-EU.html\">https:\/\/www.welt.de\/politik\/ausland\/article176347522\/Orban-in-Polen-Gemeinsam-gegen-den-Rest-der-EU.html<\/a> (Abgerufen am 30.05.2018).<\/span><\/p>","protected":false},"excerpt":{"rendered":"<p>W\u00e4hrend die Europ\u00e4ische Union osteurop\u00e4ische Mitgliedsstaaten wegen \u201efehlender Kooperation\u201c mit Sanktionen zu \u00fcberziehen sucht, entsteht ein tiefer Riss und es scheint sich ein europ\u00e4ischer Dualismus zwischen den Visegradstaaten und Westeuropa anzubahnen. Auch wenn Visegrad bisher ein halboffizielles Binnenb\u00fcndnis zwischen den osteurop\u00e4ischen EU-Mitgliedsstaaten darstellte, droht es zu einem nicht unerheblichen machtpolitischen Gegenpol innerhalb der EU zu [&hellip;]<\/p>","protected":false},"author":20,"featured_media":1177,"comment_status":"open","ping_status":"open","sticky":false,"template":"","format":"standard","meta":{"_et_pb_use_builder":"","_et_pb_old_content":"","_et_gb_content_width":"","_jetpack_memberships_contains_paid_content":false,"footnotes":""},"categories":[4],"tags":[239,253,156,158,288],"class_list":["post-1176","post","type-post","status-publish","format-standard","has-post-thumbnail","hentry","category-deutschland-und-die-welt","tag-eu","tag-europa","tag-intermarium","tag-osteuropa","tag-visegrad-staaten"],"yoast_head":"<!-- This site is optimized with the Yoast SEO plugin v26.2 - https:\/\/yoast.com\/wordpress\/plugins\/seo\/ -->\n<title>EU in der Zerrei\u00dfprobe? Dualismus zwischen Ost- und Westeuropa innerhalb der Europ\u00e4ischen Union - Gegenstrom<\/title>\n<meta name=\"robots\" content=\"index, follow, max-snippet:-1, max-image-preview:large, max-video-preview:-1\" \/>\n<link rel=\"canonical\" href=\"https:\/\/gegenstrom.org\/en\/eu-in-der-zerreissprobe-dualismus-zwischen-ost-und-westeuropa-innerhalb-der-europaeischen-union\/\" \/>\n<meta property=\"og:locale\" content=\"en_US\" \/>\n<meta property=\"og:type\" content=\"article\" \/>\n<meta property=\"og:title\" content=\"EU in der Zerrei\u00dfprobe? Dualismus zwischen Ost- und Westeuropa innerhalb der Europ\u00e4ischen Union - Gegenstrom\" \/>\n<meta property=\"og:description\" content=\"W\u00e4hrend die Europ\u00e4ische Union osteurop\u00e4ische Mitgliedsstaaten wegen \u201efehlender Kooperation\u201c mit Sanktionen zu \u00fcberziehen sucht, entsteht ein tiefer Riss und es scheint sich ein europ\u00e4ischer Dualismus zwischen den Visegradstaaten und Westeuropa anzubahnen. Auch wenn Visegrad bisher ein halboffizielles Binnenb\u00fcndnis zwischen den osteurop\u00e4ischen EU-Mitgliedsstaaten darstellte, droht es zu einem nicht unerheblichen machtpolitischen Gegenpol innerhalb der EU zu [&hellip;]\" \/>\n<meta property=\"og:url\" content=\"https:\/\/gegenstrom.org\/en\/eu-in-der-zerreissprobe-dualismus-zwischen-ost-und-westeuropa-innerhalb-der-europaeischen-union\/\" \/>\n<meta property=\"og:site_name\" content=\"Gegenstrom\" \/>\n<meta property=\"article:publisher\" content=\"https:\/\/de-de.facebook.com\/rechteMetapolitik\/\" \/>\n<meta property=\"article:published_time\" content=\"2018-06-18T05:53:44+00:00\" \/>\n<meta property=\"article:modified_time\" content=\"2020-02-04T11:26:10+00:00\" \/>\n<meta property=\"og:image\" content=\"https:\/\/gegenstrom.org\/wp-content\/uploads\/2018\/06\/EU-in-der-Zerrei\u00dfprobe_Rolf-Gradmann.jpg\" \/>\n\t<meta property=\"og:image:width\" content=\"715\" \/>\n\t<meta property=\"og:image:height\" content=\"300\" \/>\n\t<meta property=\"og:image:type\" content=\"image\/jpeg\" \/>\n<meta name=\"author\" content=\"Rolf Gradmann\" \/>\n<meta name=\"twitter:card\" content=\"summary_large_image\" \/>\n<meta name=\"twitter:label1\" content=\"Written by\" \/>\n\t<meta name=\"twitter:data1\" content=\"Rolf Gradmann\" \/>\n\t<meta name=\"twitter:label2\" content=\"Est. reading time\" \/>\n\t<meta name=\"twitter:data2\" content=\"3 minutes\" \/>\n<script type=\"application\/ld+json\" class=\"yoast-schema-graph\">{\"@context\":\"https:\/\/schema.org\",\"@graph\":[{\"@type\":\"Article\",\"@id\":\"https:\/\/gegenstrom.org\/eu-in-der-zerreissprobe-dualismus-zwischen-ost-und-westeuropa-innerhalb-der-europaeischen-union\/#article\",\"isPartOf\":{\"@id\":\"https:\/\/gegenstrom.org\/eu-in-der-zerreissprobe-dualismus-zwischen-ost-und-westeuropa-innerhalb-der-europaeischen-union\/\"},\"author\":{\"name\":\"Rolf Gradmann\",\"@id\":\"https:\/\/gegenstrom.org\/#\/schema\/person\/a51dd6cfc2234a8deb4b8374c3c1ad71\"},\"headline\":\"EU in der Zerrei\u00dfprobe? Dualismus zwischen Ost- und Westeuropa innerhalb der Europ\u00e4ischen Union\",\"datePublished\":\"2018-06-18T05:53:44+00:00\",\"dateModified\":\"2020-02-04T11:26:10+00:00\",\"mainEntityOfPage\":{\"@id\":\"https:\/\/gegenstrom.org\/eu-in-der-zerreissprobe-dualismus-zwischen-ost-und-westeuropa-innerhalb-der-europaeischen-union\/\"},\"wordCount\":628,\"commentCount\":0,\"publisher\":{\"@id\":\"https:\/\/gegenstrom.org\/#organization\"},\"image\":{\"@id\":\"https:\/\/gegenstrom.org\/eu-in-der-zerreissprobe-dualismus-zwischen-ost-und-westeuropa-innerhalb-der-europaeischen-union\/#primaryimage\"},\"thumbnailUrl\":\"https:\/\/gegenstrom.org\/wp-content\/uploads\/2018\/06\/EU-in-der-Zerrei\u00dfprobe_Rolf-Gradmann.jpg\",\"keywords\":[\"EU\",\"Europa\",\"Intermarium\",\"Osteuropa\",\"Visegrad-Staaten\"],\"articleSection\":[\"Deutschland und die Welt\"],\"inLanguage\":\"en-US\"},{\"@type\":\"WebPage\",\"@id\":\"https:\/\/gegenstrom.org\/eu-in-der-zerreissprobe-dualismus-zwischen-ost-und-westeuropa-innerhalb-der-europaeischen-union\/\",\"url\":\"https:\/\/gegenstrom.org\/eu-in-der-zerreissprobe-dualismus-zwischen-ost-und-westeuropa-innerhalb-der-europaeischen-union\/\",\"name\":\"EU in der Zerrei\u00dfprobe? Dualismus zwischen Ost- und Westeuropa innerhalb der Europ\u00e4ischen Union - Gegenstrom\",\"isPartOf\":{\"@id\":\"https:\/\/gegenstrom.org\/#website\"},\"primaryImageOfPage\":{\"@id\":\"https:\/\/gegenstrom.org\/eu-in-der-zerreissprobe-dualismus-zwischen-ost-und-westeuropa-innerhalb-der-europaeischen-union\/#primaryimage\"},\"image\":{\"@id\":\"https:\/\/gegenstrom.org\/eu-in-der-zerreissprobe-dualismus-zwischen-ost-und-westeuropa-innerhalb-der-europaeischen-union\/#primaryimage\"},\"thumbnailUrl\":\"https:\/\/gegenstrom.org\/wp-content\/uploads\/2018\/06\/EU-in-der-Zerrei\u00dfprobe_Rolf-Gradmann.jpg\",\"datePublished\":\"2018-06-18T05:53:44+00:00\",\"dateModified\":\"2020-02-04T11:26:10+00:00\",\"breadcrumb\":{\"@id\":\"https:\/\/gegenstrom.org\/eu-in-der-zerreissprobe-dualismus-zwischen-ost-und-westeuropa-innerhalb-der-europaeischen-union\/#breadcrumb\"},\"inLanguage\":\"en-US\",\"potentialAction\":[{\"@type\":\"ReadAction\",\"target\":[\"https:\/\/gegenstrom.org\/eu-in-der-zerreissprobe-dualismus-zwischen-ost-und-westeuropa-innerhalb-der-europaeischen-union\/\"]}]},{\"@type\":\"ImageObject\",\"inLanguage\":\"en-US\",\"@id\":\"https:\/\/gegenstrom.org\/eu-in-der-zerreissprobe-dualismus-zwischen-ost-und-westeuropa-innerhalb-der-europaeischen-union\/#primaryimage\",\"url\":\"https:\/\/gegenstrom.org\/wp-content\/uploads\/2018\/06\/EU-in-der-Zerrei\u00dfprobe_Rolf-Gradmann.jpg\",\"contentUrl\":\"https:\/\/gegenstrom.org\/wp-content\/uploads\/2018\/06\/EU-in-der-Zerrei\u00dfprobe_Rolf-Gradmann.jpg\",\"width\":715,\"height\":300},{\"@type\":\"BreadcrumbList\",\"@id\":\"https:\/\/gegenstrom.org\/eu-in-der-zerreissprobe-dualismus-zwischen-ost-und-westeuropa-innerhalb-der-europaeischen-union\/#breadcrumb\",\"itemListElement\":[{\"@type\":\"ListItem\",\"position\":1,\"name\":\"Startseite\",\"item\":\"https:\/\/gegenstrom.org\/\"},{\"@type\":\"ListItem\",\"position\":2,\"name\":\"EU in der Zerrei\u00dfprobe? Dualismus zwischen Ost- und Westeuropa innerhalb der Europ\u00e4ischen Union\"}]},{\"@type\":\"WebSite\",\"@id\":\"https:\/\/gegenstrom.org\/#website\",\"url\":\"https:\/\/gegenstrom.org\/\",\"name\":\"Gegenstrom\",\"description\":\"Plattform f\u00fcr rechte Metapolitik\",\"publisher\":{\"@id\":\"https:\/\/gegenstrom.org\/#organization\"},\"potentialAction\":[{\"@type\":\"SearchAction\",\"target\":{\"@type\":\"EntryPoint\",\"urlTemplate\":\"https:\/\/gegenstrom.org\/?s={search_term_string}\"},\"query-input\":{\"@type\":\"PropertyValueSpecification\",\"valueRequired\":true,\"valueName\":\"search_term_string\"}}],\"inLanguage\":\"en-US\"},{\"@type\":\"Organization\",\"@id\":\"https:\/\/gegenstrom.org\/#organization\",\"name\":\"Metapol Verlag & Medien\",\"url\":\"https:\/\/gegenstrom.org\/\",\"logo\":{\"@type\":\"ImageObject\",\"inLanguage\":\"en-US\",\"@id\":\"https:\/\/gegenstrom.org\/#\/schema\/logo\/image\/\",\"url\":\"https:\/\/gegenstrom.org\/wp-content\/uploads\/2019\/11\/WMB_Senkrecht_Farbe_M-e1574681161133.png\",\"contentUrl\":\"https:\/\/gegenstrom.org\/wp-content\/uploads\/2019\/11\/WMB_Senkrecht_Farbe_M-e1574681161133.png\",\"width\":300,\"height\":219,\"caption\":\"Metapol Verlag & Medien\"},\"image\":{\"@id\":\"https:\/\/gegenstrom.org\/#\/schema\/logo\/image\/\"},\"sameAs\":[\"https:\/\/de-de.facebook.com\/rechteMetapolitik\/\",\"https:\/\/www.youtube.com\/channel\/UCvQizs-yQ8YapMiyuD6wDrw\"]},{\"@type\":\"Person\",\"@id\":\"https:\/\/gegenstrom.org\/#\/schema\/person\/a51dd6cfc2234a8deb4b8374c3c1ad71\",\"name\":\"Rolf Gradmann\",\"url\":\"https:\/\/gegenstrom.org\/en\/author\/rolf-gradmann\/\"}]}<\/script>\n<!-- \/ Yoast SEO plugin. -->","yoast_head_json":{"title":"EU in der Zerrei\u00dfprobe? Dualismus zwischen Ost- und Westeuropa innerhalb der Europ\u00e4ischen Union - Gegenstrom","robots":{"index":"index","follow":"follow","max-snippet":"max-snippet:-1","max-image-preview":"max-image-preview:large","max-video-preview":"max-video-preview:-1"},"canonical":"https:\/\/gegenstrom.org\/en\/eu-in-der-zerreissprobe-dualismus-zwischen-ost-und-westeuropa-innerhalb-der-europaeischen-union\/","og_locale":"en_US","og_type":"article","og_title":"EU in der Zerrei\u00dfprobe? Dualismus zwischen Ost- und Westeuropa innerhalb der Europ\u00e4ischen Union - Gegenstrom","og_description":"W\u00e4hrend die Europ\u00e4ische Union osteurop\u00e4ische Mitgliedsstaaten wegen \u201efehlender Kooperation\u201c mit Sanktionen zu \u00fcberziehen sucht, entsteht ein tiefer Riss und es scheint sich ein europ\u00e4ischer Dualismus zwischen den Visegradstaaten und Westeuropa anzubahnen. Auch wenn Visegrad bisher ein halboffizielles Binnenb\u00fcndnis zwischen den osteurop\u00e4ischen EU-Mitgliedsstaaten darstellte, droht es zu einem nicht unerheblichen machtpolitischen Gegenpol innerhalb der EU zu [&hellip;]","og_url":"https:\/\/gegenstrom.org\/en\/eu-in-der-zerreissprobe-dualismus-zwischen-ost-und-westeuropa-innerhalb-der-europaeischen-union\/","og_site_name":"Gegenstrom","article_publisher":"https:\/\/de-de.facebook.com\/rechteMetapolitik\/","article_published_time":"2018-06-18T05:53:44+00:00","article_modified_time":"2020-02-04T11:26:10+00:00","og_image":[{"width":715,"height":300,"url":"https:\/\/gegenstrom.org\/wp-content\/uploads\/2018\/06\/EU-in-der-Zerrei\u00dfprobe_Rolf-Gradmann.jpg","type":"image\/jpeg"}],"author":"Rolf Gradmann","twitter_card":"summary_large_image","twitter_misc":{"Written by":"Rolf Gradmann","Est. reading time":"3 minutes"},"schema":{"@context":"https:\/\/schema.org","@graph":[{"@type":"Article","@id":"https:\/\/gegenstrom.org\/eu-in-der-zerreissprobe-dualismus-zwischen-ost-und-westeuropa-innerhalb-der-europaeischen-union\/#article","isPartOf":{"@id":"https:\/\/gegenstrom.org\/eu-in-der-zerreissprobe-dualismus-zwischen-ost-und-westeuropa-innerhalb-der-europaeischen-union\/"},"author":{"name":"Rolf Gradmann","@id":"https:\/\/gegenstrom.org\/#\/schema\/person\/a51dd6cfc2234a8deb4b8374c3c1ad71"},"headline":"EU in der Zerrei\u00dfprobe? Dualismus zwischen Ost- und Westeuropa innerhalb der Europ\u00e4ischen Union","datePublished":"2018-06-18T05:53:44+00:00","dateModified":"2020-02-04T11:26:10+00:00","mainEntityOfPage":{"@id":"https:\/\/gegenstrom.org\/eu-in-der-zerreissprobe-dualismus-zwischen-ost-und-westeuropa-innerhalb-der-europaeischen-union\/"},"wordCount":628,"commentCount":0,"publisher":{"@id":"https:\/\/gegenstrom.org\/#organization"},"image":{"@id":"https:\/\/gegenstrom.org\/eu-in-der-zerreissprobe-dualismus-zwischen-ost-und-westeuropa-innerhalb-der-europaeischen-union\/#primaryimage"},"thumbnailUrl":"https:\/\/gegenstrom.org\/wp-content\/uploads\/2018\/06\/EU-in-der-Zerrei\u00dfprobe_Rolf-Gradmann.jpg","keywords":["EU","Europa","Intermarium","Osteuropa","Visegrad-Staaten"],"articleSection":["Deutschland und die Welt"],"inLanguage":"en-US"},{"@type":"WebPage","@id":"https:\/\/gegenstrom.org\/eu-in-der-zerreissprobe-dualismus-zwischen-ost-und-westeuropa-innerhalb-der-europaeischen-union\/","url":"https:\/\/gegenstrom.org\/eu-in-der-zerreissprobe-dualismus-zwischen-ost-und-westeuropa-innerhalb-der-europaeischen-union\/","name":"EU in der Zerrei\u00dfprobe? Dualismus zwischen Ost- und Westeuropa innerhalb der Europ\u00e4ischen Union - Gegenstrom","isPartOf":{"@id":"https:\/\/gegenstrom.org\/#website"},"primaryImageOfPage":{"@id":"https:\/\/gegenstrom.org\/eu-in-der-zerreissprobe-dualismus-zwischen-ost-und-westeuropa-innerhalb-der-europaeischen-union\/#primaryimage"},"image":{"@id":"https:\/\/gegenstrom.org\/eu-in-der-zerreissprobe-dualismus-zwischen-ost-und-westeuropa-innerhalb-der-europaeischen-union\/#primaryimage"},"thumbnailUrl":"https:\/\/gegenstrom.org\/wp-content\/uploads\/2018\/06\/EU-in-der-Zerrei\u00dfprobe_Rolf-Gradmann.jpg","datePublished":"2018-06-18T05:53:44+00:00","dateModified":"2020-02-04T11:26:10+00:00","breadcrumb":{"@id":"https:\/\/gegenstrom.org\/eu-in-der-zerreissprobe-dualismus-zwischen-ost-und-westeuropa-innerhalb-der-europaeischen-union\/#breadcrumb"},"inLanguage":"en-US","potentialAction":[{"@type":"ReadAction","target":["https:\/\/gegenstrom.org\/eu-in-der-zerreissprobe-dualismus-zwischen-ost-und-westeuropa-innerhalb-der-europaeischen-union\/"]}]},{"@type":"ImageObject","inLanguage":"en-US","@id":"https:\/\/gegenstrom.org\/eu-in-der-zerreissprobe-dualismus-zwischen-ost-und-westeuropa-innerhalb-der-europaeischen-union\/#primaryimage","url":"https:\/\/gegenstrom.org\/wp-content\/uploads\/2018\/06\/EU-in-der-Zerrei\u00dfprobe_Rolf-Gradmann.jpg","contentUrl":"https:\/\/gegenstrom.org\/wp-content\/uploads\/2018\/06\/EU-in-der-Zerrei\u00dfprobe_Rolf-Gradmann.jpg","width":715,"height":300},{"@type":"BreadcrumbList","@id":"https:\/\/gegenstrom.org\/eu-in-der-zerreissprobe-dualismus-zwischen-ost-und-westeuropa-innerhalb-der-europaeischen-union\/#breadcrumb","itemListElement":[{"@type":"ListItem","position":1,"name":"Startseite","item":"https:\/\/gegenstrom.org\/"},{"@type":"ListItem","position":2,"name":"EU in der Zerrei\u00dfprobe? Dualismus zwischen Ost- und Westeuropa innerhalb der Europ\u00e4ischen Union"}]},{"@type":"WebSite","@id":"https:\/\/gegenstrom.org\/#website","url":"https:\/\/gegenstrom.org\/","name":"Gegenstrom","description":"Plattform f\u00fcr rechte Metapolitik","publisher":{"@id":"https:\/\/gegenstrom.org\/#organization"},"potentialAction":[{"@type":"SearchAction","target":{"@type":"EntryPoint","urlTemplate":"https:\/\/gegenstrom.org\/?s={search_term_string}"},"query-input":{"@type":"PropertyValueSpecification","valueRequired":true,"valueName":"search_term_string"}}],"inLanguage":"en-US"},{"@type":"Organization","@id":"https:\/\/gegenstrom.org\/#organization","name":"Metapol Verlag & Medien","url":"https:\/\/gegenstrom.org\/","logo":{"@type":"ImageObject","inLanguage":"en-US","@id":"https:\/\/gegenstrom.org\/#\/schema\/logo\/image\/","url":"https:\/\/gegenstrom.org\/wp-content\/uploads\/2019\/11\/WMB_Senkrecht_Farbe_M-e1574681161133.png","contentUrl":"https:\/\/gegenstrom.org\/wp-content\/uploads\/2019\/11\/WMB_Senkrecht_Farbe_M-e1574681161133.png","width":300,"height":219,"caption":"Metapol Verlag & Medien"},"image":{"@id":"https:\/\/gegenstrom.org\/#\/schema\/logo\/image\/"},"sameAs":["https:\/\/de-de.facebook.com\/rechteMetapolitik\/","https:\/\/www.youtube.com\/channel\/UCvQizs-yQ8YapMiyuD6wDrw"]},{"@type":"Person","@id":"https:\/\/gegenstrom.org\/#\/schema\/person\/a51dd6cfc2234a8deb4b8374c3c1ad71","name":"Rolf Gradmann","url":"https:\/\/gegenstrom.org\/en\/author\/rolf-gradmann\/"}]}},"jetpack_featured_media_url":"https:\/\/gegenstrom.org\/wp-content\/uploads\/2018\/06\/EU-in-der-Zerrei\u00dfprobe_Rolf-Gradmann.jpg","jetpack_sharing_enabled":true,"_links":{"self":[{"href":"https:\/\/gegenstrom.org\/en\/wp-json\/wp\/v2\/posts\/1176","targetHints":{"allow":["GET"]}}],"collection":[{"href":"https:\/\/gegenstrom.org\/en\/wp-json\/wp\/v2\/posts"}],"about":[{"href":"https:\/\/gegenstrom.org\/en\/wp-json\/wp\/v2\/types\/post"}],"author":[{"embeddable":true,"href":"https:\/\/gegenstrom.org\/en\/wp-json\/wp\/v2\/users\/20"}],"replies":[{"embeddable":true,"href":"https:\/\/gegenstrom.org\/en\/wp-json\/wp\/v2\/comments?post=1176"}],"version-history":[{"count":0,"href":"https:\/\/gegenstrom.org\/en\/wp-json\/wp\/v2\/posts\/1176\/revisions"}],"wp:featuredmedia":[{"embeddable":true,"href":"https:\/\/gegenstrom.org\/en\/wp-json\/wp\/v2\/media\/1177"}],"wp:attachment":[{"href":"https:\/\/gegenstrom.org\/en\/wp-json\/wp\/v2\/media?parent=1176"}],"wp:term":[{"taxonomy":"category","embeddable":true,"href":"https:\/\/gegenstrom.org\/en\/wp-json\/wp\/v2\/categories?post=1176"},{"taxonomy":"post_tag","embeddable":true,"href":"https:\/\/gegenstrom.org\/en\/wp-json\/wp\/v2\/tags?post=1176"}],"curies":[{"name":"wp","href":"https:\/\/api.w.org\/{rel}","templated":true}]}}