{"id":11344,"date":"2026-04-21T12:00:36","date_gmt":"2026-04-21T10:00:36","guid":{"rendered":"https:\/\/gegenstrom.org\/?p=11344"},"modified":"2026-04-21T12:00:36","modified_gmt":"2026-04-21T10:00:36","slug":"aufbruch-kultur-und-europaeischer-austausch-metapol-auf-der-iliade-konferenz-2026-in-paris","status":"publish","type":"post","link":"https:\/\/gegenstrom.org\/en\/aufbruch-kultur-und-europaeischer-austausch-metapol-auf-der-iliade-konferenz-2026-in-paris\/","title":{"rendered":"Aufbruch, Kultur und europ\u00e4ischer Austausch &#8211; MetaPol auf der Iliade-Konferenz 2026 in Paris"},"content":{"rendered":"<p style=\"text-align: justify;\">MetaPol Verlag &amp; Medien hat in diesem Jahr erstmalig an der vom Institut Iliade ausgerichteten Konferenz als Aussteller teilgenommen. In den repr\u00e4sentativen R\u00e4umlichkeiten der Maison de la Chimie, im Herzen der franz\u00f6sischen Hauptstadt und unweit der Nationalversammlung gelegen, entstand an diesem Wochenende ein Forum, das Dynamik, Austausch und Zukunftsorientierung auf bemerkenswerte Weise verband.<br \/>\nBereits bei der Ankunft wurde deutlich, mit welcher Sorgfalt und Professionalit\u00e4t diese Veranstaltung organisiert war. Die Logistik und die repr\u00e4sentativen R\u00e4umlichkeiten werden dem Geist einer avantgardistischen europ\u00e4ischen Kulturbewegung wahrlich gerecht. Die freundliche Begr\u00fc\u00dfung durch den Veranstalter und die insgesamt ungeheuer offene Atmosph\u00e4re schufen vom ersten Moment an den passenden Rahmen f\u00fcr intensive Gespr\u00e4che, neue Begegnungen und inspirierende Impulse.<\/p>\n<p style=\"text-align: justify;\">Besonders beeindruckend war die Vielfalt der vertretenen Aussteller. Verlage, Kunstaussteller, Initiativen, Netzwerke, Rechtshilfestrukturen und unterst\u00fctzende Projekte unterschiedlichster Ausrichtung machten die Konferenz zu einem lebendigen Marktplatz. Gerade der internationale Austausch verlieh dem Wochenende besondere Strahlkraft. Es bot sich die Gelegenheit mit Teilnehmern und Akteuren aus zahlreichen L\u00e4ndern ins Gespr\u00e4ch zu kommen &#8211; unter anderem aus Spanien, Portugal, Norwegen, Frankreich, Schweden, Serbien und Italien. \u00dcber Sprach- und Landesgrenzen hinweg wurde deutlich, dass viele Menschen an \u00e4hnlichen Fragen arbeiten und an einer selbstbewussten europ\u00e4ischen Zukunft interessiert sind.<\/p>\n<p>&nbsp;<\/p>\n<p style=\"text-align: justify;\"><strong>Agora Europa International \u2013 die Premiere<\/strong><\/p>\n<p style=\"text-align: justify;\">Auch <strong>MetaPol<\/strong> war mit einem eigenen Stand in der Ecke der europ\u00e4ischen Verleger vertreten. Im Mittelpunkt unseres Auftritts stand die erste internationale Ausgabe der <strong>Agora Europa<\/strong> mit dem Titel <strong>\u201eA New European Era\u201c.<\/strong> Dass ein deutsches Verlagshaus ein englischsprachiges metapolitisches Magazin mit europ\u00e4ischem Anspruch herausbringt, stie\u00df auf gro\u00dfes Interesse und f\u00fchrte zu zahlreichen interessanten Gespr\u00e4chen mit den Besuchern. MetaPol ist damit der einzige deutschsprachige Verlag, der eine rechte Zeitschrift f\u00fcr Metapolitik in englischer Sprache ver\u00f6ffentlicht. Dies erscheint uns in Anbetracht der Komplexit\u00e4t und des notwendigen Vernetzungsaufwands zur Beantwortung dr\u00e4ngender europ\u00e4ischer Fragen als der richtige Schritt.<\/p>\n<p style=\"text-align: justify;\">Wie in unserem Verlagsprogramm kommt auch auf der Konferenz neben Vortr\u00e4gen, Begegnungen und Diskussionen die kulturelle Dimension nicht zu kurz. Traditionalistische Darbietungen von Musik und Volkstanz verliehen der Veranstaltung zus\u00e4tzliche Lebendigkeit und erinnerten daran, dass Identit\u00e4t nicht nur gedacht, sondern auch gelebt und gefeiert geh\u00f6rt. Ebenso pr\u00e4gend war das insgesamt stilvolle und \u00e4sthetische Auftreten der Besucher. Die Iliade-Konferenz vermittelt damit auch im Erscheinungsbild ein Gef\u00fchl von Formbewusstsein, Haltung und kultureller Ernsthaftigkeit. Freundlichkeit, gegenseitiger Respekt und ein sp\u00fcrbar optimistischer Geist bestimmten das Miteinander und geh\u00f6rten genauso wie Bier und Wein auf charmante franz\u00f6sische Weise zu diesem Wochenende dazu.<\/p>\n<p style=\"text-align: justify;\">Unser herzlicher Dank gilt den Organisatoren der Iliade-Konferenz f\u00fcr ihre Gastfreundschaft und ihren Einsatz, welcher uns diesen sch\u00f6nen Aufenthalt erm\u00f6glichte. Wir hoffen sehr auf ein baldiges Wiedersehen \u2013 sp\u00e4testens bei der n\u00e4chsten Seitenwechsel-Messe in Halle.<\/p>","protected":false},"excerpt":{"rendered":"<p>MetaPol Verlag &amp; Medien hat in diesem Jahr erstmalig an der vom Institut Iliade ausgerichteten Konferenz als Aussteller teilgenommen. In den repr\u00e4sentativen R\u00e4umlichkeiten der Maison de la Chimie, im Herzen der franz\u00f6sischen Hauptstadt und unweit der Nationalversammlung gelegen, entstand an diesem Wochenende ein Forum, das Dynamik, Austausch und Zukunftsorientierung auf bemerkenswerte Weise verband. Bereits bei [&hellip;]<\/p>","protected":false},"author":28,"featured_media":11345,"comment_status":"closed","ping_status":"closed","sticky":false,"template":"","format":"standard","meta":{"_et_pb_use_builder":"","_et_pb_old_content":"","_et_gb_content_width":"","_jetpack_memberships_contains_paid_content":false,"footnotes":""},"categories":[1725],"tags":[302,253,94,263,18],"class_list":["post-11344","post","type-post","status-publish","format-standard","has-post-thumbnail","hentry","category-stellungnahme","tag-echte-rechte","tag-europa","tag-europaeische-rechte","tag-metapol","tag-metapolitik"],"yoast_head":"<!-- This site is optimized with the Yoast SEO plugin v26.2 - https:\/\/yoast.com\/wordpress\/plugins\/seo\/ -->\n<title>Aufbruch, Kultur und europ\u00e4ischer Austausch - MetaPol auf der Iliade-Konferenz 2026 in Paris - Gegenstrom<\/title>\n<meta name=\"robots\" content=\"index, follow, max-snippet:-1, max-image-preview:large, max-video-preview:-1\" \/>\n<link rel=\"canonical\" href=\"https:\/\/gegenstrom.org\/en\/aufbruch-kultur-und-europaeischer-austausch-metapol-auf-der-iliade-konferenz-2026-in-paris\/\" \/>\n<meta property=\"og:locale\" content=\"en_US\" \/>\n<meta property=\"og:type\" content=\"article\" \/>\n<meta property=\"og:title\" content=\"Aufbruch, Kultur und europ\u00e4ischer Austausch - MetaPol auf der Iliade-Konferenz 2026 in Paris - Gegenstrom\" \/>\n<meta property=\"og:description\" content=\"MetaPol Verlag &amp; Medien hat in diesem Jahr erstmalig an der vom Institut Iliade ausgerichteten Konferenz als Aussteller teilgenommen. In den repr\u00e4sentativen R\u00e4umlichkeiten der Maison de la Chimie, im Herzen der franz\u00f6sischen Hauptstadt und unweit der Nationalversammlung gelegen, entstand an diesem Wochenende ein Forum, das Dynamik, Austausch und Zukunftsorientierung auf bemerkenswerte Weise verband. Bereits bei [&hellip;]\" \/>\n<meta property=\"og:url\" content=\"https:\/\/gegenstrom.org\/en\/aufbruch-kultur-und-europaeischer-austausch-metapol-auf-der-iliade-konferenz-2026-in-paris\/\" \/>\n<meta property=\"og:site_name\" content=\"Gegenstrom\" \/>\n<meta property=\"article:publisher\" content=\"https:\/\/de-de.facebook.com\/rechteMetapolitik\/\" \/>\n<meta property=\"article:published_time\" content=\"2026-04-21T10:00:36+00:00\" \/>\n<meta property=\"og:image\" content=\"https:\/\/gegenstrom.org\/wp-content\/uploads\/2026\/04\/signal-2026-04-18-230859.jpeg\" \/>\n\t<meta property=\"og:image:width\" content=\"1536\" \/>\n\t<meta property=\"og:image:height\" content=\"1024\" \/>\n\t<meta property=\"og:image:type\" content=\"image\/jpeg\" \/>\n<meta name=\"author\" content=\"Redaktion\" \/>\n<meta name=\"twitter:card\" content=\"summary_large_image\" \/>\n<meta name=\"twitter:label1\" content=\"Written by\" \/>\n\t<meta name=\"twitter:data1\" content=\"Redaktion\" \/>\n\t<meta name=\"twitter:label2\" content=\"Est. reading time\" \/>\n\t<meta name=\"twitter:data2\" content=\"3 minutes\" \/>\n<script type=\"application\/ld+json\" class=\"yoast-schema-graph\">{\"@context\":\"https:\/\/schema.org\",\"@graph\":[{\"@type\":\"Article\",\"@id\":\"https:\/\/gegenstrom.org\/aufbruch-kultur-und-europaeischer-austausch-metapol-auf-der-iliade-konferenz-2026-in-paris\/#article\",\"isPartOf\":{\"@id\":\"https:\/\/gegenstrom.org\/aufbruch-kultur-und-europaeischer-austausch-metapol-auf-der-iliade-konferenz-2026-in-paris\/\"},\"author\":{\"name\":\"Redaktion\",\"@id\":\"https:\/\/gegenstrom.org\/#\/schema\/person\/9adb4188754722c1352b5f101655cd2d\"},\"headline\":\"Aufbruch, Kultur und europ\u00e4ischer Austausch &#8211; MetaPol auf der Iliade-Konferenz 2026 in Paris\",\"datePublished\":\"2026-04-21T10:00:36+00:00\",\"mainEntityOfPage\":{\"@id\":\"https:\/\/gegenstrom.org\/aufbruch-kultur-und-europaeischer-austausch-metapol-auf-der-iliade-konferenz-2026-in-paris\/\"},\"wordCount\":479,\"publisher\":{\"@id\":\"https:\/\/gegenstrom.org\/#organization\"},\"image\":{\"@id\":\"https:\/\/gegenstrom.org\/aufbruch-kultur-und-europaeischer-austausch-metapol-auf-der-iliade-konferenz-2026-in-paris\/#primaryimage\"},\"thumbnailUrl\":\"https:\/\/gegenstrom.org\/wp-content\/uploads\/2026\/04\/signal-2026-04-18-230859.jpeg\",\"keywords\":[\"Echte Rechte\",\"Europa\",\"Europ\u00e4ische Rechte\",\"METAPOL\",\"Metapolitik\"],\"articleSection\":[\"Stellungnahme\"],\"inLanguage\":\"en-US\"},{\"@type\":\"WebPage\",\"@id\":\"https:\/\/gegenstrom.org\/aufbruch-kultur-und-europaeischer-austausch-metapol-auf-der-iliade-konferenz-2026-in-paris\/\",\"url\":\"https:\/\/gegenstrom.org\/aufbruch-kultur-und-europaeischer-austausch-metapol-auf-der-iliade-konferenz-2026-in-paris\/\",\"name\":\"Aufbruch, Kultur und europ\u00e4ischer Austausch - MetaPol auf der Iliade-Konferenz 2026 in Paris - Gegenstrom\",\"isPartOf\":{\"@id\":\"https:\/\/gegenstrom.org\/#website\"},\"primaryImageOfPage\":{\"@id\":\"https:\/\/gegenstrom.org\/aufbruch-kultur-und-europaeischer-austausch-metapol-auf-der-iliade-konferenz-2026-in-paris\/#primaryimage\"},\"image\":{\"@id\":\"https:\/\/gegenstrom.org\/aufbruch-kultur-und-europaeischer-austausch-metapol-auf-der-iliade-konferenz-2026-in-paris\/#primaryimage\"},\"thumbnailUrl\":\"https:\/\/gegenstrom.org\/wp-content\/uploads\/2026\/04\/signal-2026-04-18-230859.jpeg\",\"datePublished\":\"2026-04-21T10:00:36+00:00\",\"breadcrumb\":{\"@id\":\"https:\/\/gegenstrom.org\/aufbruch-kultur-und-europaeischer-austausch-metapol-auf-der-iliade-konferenz-2026-in-paris\/#breadcrumb\"},\"inLanguage\":\"en-US\",\"potentialAction\":[{\"@type\":\"ReadAction\",\"target\":[\"https:\/\/gegenstrom.org\/aufbruch-kultur-und-europaeischer-austausch-metapol-auf-der-iliade-konferenz-2026-in-paris\/\"]}]},{\"@type\":\"ImageObject\",\"inLanguage\":\"en-US\",\"@id\":\"https:\/\/gegenstrom.org\/aufbruch-kultur-und-europaeischer-austausch-metapol-auf-der-iliade-konferenz-2026-in-paris\/#primaryimage\",\"url\":\"https:\/\/gegenstrom.org\/wp-content\/uploads\/2026\/04\/signal-2026-04-18-230859.jpeg\",\"contentUrl\":\"https:\/\/gegenstrom.org\/wp-content\/uploads\/2026\/04\/signal-2026-04-18-230859.jpeg\",\"width\":1536,\"height\":1024},{\"@type\":\"BreadcrumbList\",\"@id\":\"https:\/\/gegenstrom.org\/aufbruch-kultur-und-europaeischer-austausch-metapol-auf-der-iliade-konferenz-2026-in-paris\/#breadcrumb\",\"itemListElement\":[{\"@type\":\"ListItem\",\"position\":1,\"name\":\"Startseite\",\"item\":\"https:\/\/gegenstrom.org\/\"},{\"@type\":\"ListItem\",\"position\":2,\"name\":\"Aufbruch, Kultur und europ\u00e4ischer Austausch &#8211; MetaPol auf der Iliade-Konferenz 2026 in Paris\"}]},{\"@type\":\"WebSite\",\"@id\":\"https:\/\/gegenstrom.org\/#website\",\"url\":\"https:\/\/gegenstrom.org\/\",\"name\":\"Gegenstrom\",\"description\":\"Plattform f\u00fcr rechte Metapolitik\",\"publisher\":{\"@id\":\"https:\/\/gegenstrom.org\/#organization\"},\"potentialAction\":[{\"@type\":\"SearchAction\",\"target\":{\"@type\":\"EntryPoint\",\"urlTemplate\":\"https:\/\/gegenstrom.org\/?s={search_term_string}\"},\"query-input\":{\"@type\":\"PropertyValueSpecification\",\"valueRequired\":true,\"valueName\":\"search_term_string\"}}],\"inLanguage\":\"en-US\"},{\"@type\":\"Organization\",\"@id\":\"https:\/\/gegenstrom.org\/#organization\",\"name\":\"Metapol Verlag & Medien\",\"url\":\"https:\/\/gegenstrom.org\/\",\"logo\":{\"@type\":\"ImageObject\",\"inLanguage\":\"en-US\",\"@id\":\"https:\/\/gegenstrom.org\/#\/schema\/logo\/image\/\",\"url\":\"https:\/\/gegenstrom.org\/wp-content\/uploads\/2019\/11\/WMB_Senkrecht_Farbe_M-e1574681161133.png\",\"contentUrl\":\"https:\/\/gegenstrom.org\/wp-content\/uploads\/2019\/11\/WMB_Senkrecht_Farbe_M-e1574681161133.png\",\"width\":300,\"height\":219,\"caption\":\"Metapol Verlag & Medien\"},\"image\":{\"@id\":\"https:\/\/gegenstrom.org\/#\/schema\/logo\/image\/\"},\"sameAs\":[\"https:\/\/de-de.facebook.com\/rechteMetapolitik\/\",\"https:\/\/www.youtube.com\/channel\/UCvQizs-yQ8YapMiyuD6wDrw\"]},{\"@type\":\"Person\",\"@id\":\"https:\/\/gegenstrom.org\/#\/schema\/person\/9adb4188754722c1352b5f101655cd2d\",\"name\":\"Redaktion\",\"url\":\"https:\/\/gegenstrom.org\/en\/author\/redaktion\/\"}]}<\/script>\n<!-- \/ Yoast SEO plugin. -->","yoast_head_json":{"title":"Aufbruch, Kultur und europ\u00e4ischer Austausch - MetaPol auf der Iliade-Konferenz 2026 in Paris - Gegenstrom","robots":{"index":"index","follow":"follow","max-snippet":"max-snippet:-1","max-image-preview":"max-image-preview:large","max-video-preview":"max-video-preview:-1"},"canonical":"https:\/\/gegenstrom.org\/en\/aufbruch-kultur-und-europaeischer-austausch-metapol-auf-der-iliade-konferenz-2026-in-paris\/","og_locale":"en_US","og_type":"article","og_title":"Aufbruch, Kultur und europ\u00e4ischer Austausch - MetaPol auf der Iliade-Konferenz 2026 in Paris - Gegenstrom","og_description":"MetaPol Verlag &amp; Medien hat in diesem Jahr erstmalig an der vom Institut Iliade ausgerichteten Konferenz als Aussteller teilgenommen. In den repr\u00e4sentativen R\u00e4umlichkeiten der Maison de la Chimie, im Herzen der franz\u00f6sischen Hauptstadt und unweit der Nationalversammlung gelegen, entstand an diesem Wochenende ein Forum, das Dynamik, Austausch und Zukunftsorientierung auf bemerkenswerte Weise verband. Bereits bei [&hellip;]","og_url":"https:\/\/gegenstrom.org\/en\/aufbruch-kultur-und-europaeischer-austausch-metapol-auf-der-iliade-konferenz-2026-in-paris\/","og_site_name":"Gegenstrom","article_publisher":"https:\/\/de-de.facebook.com\/rechteMetapolitik\/","article_published_time":"2026-04-21T10:00:36+00:00","og_image":[{"width":1536,"height":1024,"url":"https:\/\/gegenstrom.org\/wp-content\/uploads\/2026\/04\/signal-2026-04-18-230859.jpeg","type":"image\/jpeg"}],"author":"Redaktion","twitter_card":"summary_large_image","twitter_misc":{"Written by":"Redaktion","Est. reading time":"3 minutes"},"schema":{"@context":"https:\/\/schema.org","@graph":[{"@type":"Article","@id":"https:\/\/gegenstrom.org\/aufbruch-kultur-und-europaeischer-austausch-metapol-auf-der-iliade-konferenz-2026-in-paris\/#article","isPartOf":{"@id":"https:\/\/gegenstrom.org\/aufbruch-kultur-und-europaeischer-austausch-metapol-auf-der-iliade-konferenz-2026-in-paris\/"},"author":{"name":"Redaktion","@id":"https:\/\/gegenstrom.org\/#\/schema\/person\/9adb4188754722c1352b5f101655cd2d"},"headline":"Aufbruch, Kultur und europ\u00e4ischer Austausch &#8211; MetaPol auf der Iliade-Konferenz 2026 in Paris","datePublished":"2026-04-21T10:00:36+00:00","mainEntityOfPage":{"@id":"https:\/\/gegenstrom.org\/aufbruch-kultur-und-europaeischer-austausch-metapol-auf-der-iliade-konferenz-2026-in-paris\/"},"wordCount":479,"publisher":{"@id":"https:\/\/gegenstrom.org\/#organization"},"image":{"@id":"https:\/\/gegenstrom.org\/aufbruch-kultur-und-europaeischer-austausch-metapol-auf-der-iliade-konferenz-2026-in-paris\/#primaryimage"},"thumbnailUrl":"https:\/\/gegenstrom.org\/wp-content\/uploads\/2026\/04\/signal-2026-04-18-230859.jpeg","keywords":["Echte Rechte","Europa","Europ\u00e4ische Rechte","METAPOL","Metapolitik"],"articleSection":["Stellungnahme"],"inLanguage":"en-US"},{"@type":"WebPage","@id":"https:\/\/gegenstrom.org\/aufbruch-kultur-und-europaeischer-austausch-metapol-auf-der-iliade-konferenz-2026-in-paris\/","url":"https:\/\/gegenstrom.org\/aufbruch-kultur-und-europaeischer-austausch-metapol-auf-der-iliade-konferenz-2026-in-paris\/","name":"Aufbruch, Kultur und europ\u00e4ischer Austausch - MetaPol auf der Iliade-Konferenz 2026 in Paris - Gegenstrom","isPartOf":{"@id":"https:\/\/gegenstrom.org\/#website"},"primaryImageOfPage":{"@id":"https:\/\/gegenstrom.org\/aufbruch-kultur-und-europaeischer-austausch-metapol-auf-der-iliade-konferenz-2026-in-paris\/#primaryimage"},"image":{"@id":"https:\/\/gegenstrom.org\/aufbruch-kultur-und-europaeischer-austausch-metapol-auf-der-iliade-konferenz-2026-in-paris\/#primaryimage"},"thumbnailUrl":"https:\/\/gegenstrom.org\/wp-content\/uploads\/2026\/04\/signal-2026-04-18-230859.jpeg","datePublished":"2026-04-21T10:00:36+00:00","breadcrumb":{"@id":"https:\/\/gegenstrom.org\/aufbruch-kultur-und-europaeischer-austausch-metapol-auf-der-iliade-konferenz-2026-in-paris\/#breadcrumb"},"inLanguage":"en-US","potentialAction":[{"@type":"ReadAction","target":["https:\/\/gegenstrom.org\/aufbruch-kultur-und-europaeischer-austausch-metapol-auf-der-iliade-konferenz-2026-in-paris\/"]}]},{"@type":"ImageObject","inLanguage":"en-US","@id":"https:\/\/gegenstrom.org\/aufbruch-kultur-und-europaeischer-austausch-metapol-auf-der-iliade-konferenz-2026-in-paris\/#primaryimage","url":"https:\/\/gegenstrom.org\/wp-content\/uploads\/2026\/04\/signal-2026-04-18-230859.jpeg","contentUrl":"https:\/\/gegenstrom.org\/wp-content\/uploads\/2026\/04\/signal-2026-04-18-230859.jpeg","width":1536,"height":1024},{"@type":"BreadcrumbList","@id":"https:\/\/gegenstrom.org\/aufbruch-kultur-und-europaeischer-austausch-metapol-auf-der-iliade-konferenz-2026-in-paris\/#breadcrumb","itemListElement":[{"@type":"ListItem","position":1,"name":"Startseite","item":"https:\/\/gegenstrom.org\/"},{"@type":"ListItem","position":2,"name":"Aufbruch, Kultur und europ\u00e4ischer Austausch &#8211; MetaPol auf der Iliade-Konferenz 2026 in Paris"}]},{"@type":"WebSite","@id":"https:\/\/gegenstrom.org\/#website","url":"https:\/\/gegenstrom.org\/","name":"Gegenstrom","description":"Plattform f\u00fcr rechte Metapolitik","publisher":{"@id":"https:\/\/gegenstrom.org\/#organization"},"potentialAction":[{"@type":"SearchAction","target":{"@type":"EntryPoint","urlTemplate":"https:\/\/gegenstrom.org\/?s={search_term_string}"},"query-input":{"@type":"PropertyValueSpecification","valueRequired":true,"valueName":"search_term_string"}}],"inLanguage":"en-US"},{"@type":"Organization","@id":"https:\/\/gegenstrom.org\/#organization","name":"Metapol Verlag & Medien","url":"https:\/\/gegenstrom.org\/","logo":{"@type":"ImageObject","inLanguage":"en-US","@id":"https:\/\/gegenstrom.org\/#\/schema\/logo\/image\/","url":"https:\/\/gegenstrom.org\/wp-content\/uploads\/2019\/11\/WMB_Senkrecht_Farbe_M-e1574681161133.png","contentUrl":"https:\/\/gegenstrom.org\/wp-content\/uploads\/2019\/11\/WMB_Senkrecht_Farbe_M-e1574681161133.png","width":300,"height":219,"caption":"Metapol Verlag & Medien"},"image":{"@id":"https:\/\/gegenstrom.org\/#\/schema\/logo\/image\/"},"sameAs":["https:\/\/de-de.facebook.com\/rechteMetapolitik\/","https:\/\/www.youtube.com\/channel\/UCvQizs-yQ8YapMiyuD6wDrw"]},{"@type":"Person","@id":"https:\/\/gegenstrom.org\/#\/schema\/person\/9adb4188754722c1352b5f101655cd2d","name":"Redaktion","url":"https:\/\/gegenstrom.org\/en\/author\/redaktion\/"}]}},"jetpack_featured_media_url":"https:\/\/gegenstrom.org\/wp-content\/uploads\/2026\/04\/signal-2026-04-18-230859.jpeg","jetpack_sharing_enabled":true,"_links":{"self":[{"href":"https:\/\/gegenstrom.org\/en\/wp-json\/wp\/v2\/posts\/11344","targetHints":{"allow":["GET"]}}],"collection":[{"href":"https:\/\/gegenstrom.org\/en\/wp-json\/wp\/v2\/posts"}],"about":[{"href":"https:\/\/gegenstrom.org\/en\/wp-json\/wp\/v2\/types\/post"}],"author":[{"embeddable":true,"href":"https:\/\/gegenstrom.org\/en\/wp-json\/wp\/v2\/users\/28"}],"replies":[{"embeddable":true,"href":"https:\/\/gegenstrom.org\/en\/wp-json\/wp\/v2\/comments?post=11344"}],"version-history":[{"count":2,"href":"https:\/\/gegenstrom.org\/en\/wp-json\/wp\/v2\/posts\/11344\/revisions"}],"predecessor-version":[{"id":11347,"href":"https:\/\/gegenstrom.org\/en\/wp-json\/wp\/v2\/posts\/11344\/revisions\/11347"}],"wp:featuredmedia":[{"embeddable":true,"href":"https:\/\/gegenstrom.org\/en\/wp-json\/wp\/v2\/media\/11345"}],"wp:attachment":[{"href":"https:\/\/gegenstrom.org\/en\/wp-json\/wp\/v2\/media?parent=11344"}],"wp:term":[{"taxonomy":"category","embeddable":true,"href":"https:\/\/gegenstrom.org\/en\/wp-json\/wp\/v2\/categories?post=11344"},{"taxonomy":"post_tag","embeddable":true,"href":"https:\/\/gegenstrom.org\/en\/wp-json\/wp\/v2\/tags?post=11344"}],"curies":[{"name":"wp","href":"https:\/\/api.w.org\/{rel}","templated":true}]}}