{"id":10070,"date":"2024-06-25T20:42:03","date_gmt":"2024-06-25T18:42:03","guid":{"rendered":"https:\/\/gegenstrom.org\/?p=10070"},"modified":"2024-06-30T10:24:52","modified_gmt":"2024-06-30T08:24:52","slug":"metapol-veranstaltet-strategieseminar-zur-lage-der-nation-wo-stehen-wir-ankuendigung-naechstes-seminar-im-september","status":"publish","type":"post","link":"https:\/\/gegenstrom.org\/en\/metapol-veranstaltet-strategieseminar-zur-lage-der-nation-wo-stehen-wir-ankuendigung-naechstes-seminar-im-september\/","title":{"rendered":"MetaPol veranstaltet Strategieseminar: Zur Lage der Nation: Wo stehen wir?   Ank\u00fcndigung: N\u00e4chstes Seminar im September"},"content":{"rendered":"<p style=\"text-align: justify;\">Am 15. Juni 2024 lud der Verlag f\u00fcr rechte Metapolitik, MetaPol zu einem regionalen Seminar in Sachsen ein. Im Fokus stand die Analyse zur Lage der Nation und eine ergebnisoffene Diskussion \u00fcber rechte Strategien. Die einst auch von Lenin aufgebrachte Fragestellung \u201eWas tun?\u201c diente hierbei nicht nur der theoretischen Deduktion, sondern wurde auf Grundlage von historischen Entwicklungen und einer dialektischen Analyse durchgef\u00fchrt.<\/p>\n<p style=\"text-align: justify;\">Dazu f\u00fchrte der Milit\u00e4rhistoriker und Diplom-Philosoph Peter Feist dem Auditorium das aus seiner Sicht realistische M\u00f6glichkeitsfeld vor Augen. Dabei arbeitete er sich an den wesentlichen Dialektiken ab. Feist r\u00e4umte mit dem von Popper forcierten Duktus der angeblich zentralen dialektischen Triade \u201eThese-Antithese-Synthese\u201c auf und f\u00fchrte die Seminarteilnehmer in eine althergebrachte, doch l\u00e4ngst vergessene Denkweise ein. Des Weiteren untersuchte er die Dynamiken von Krisen und zeigte auf, das es sich bei der aktuellen Entwicklung eindeutig um eine \u201eVerflechtungskrise\u201c (mehrere Krisen, die sich gegenseitig verflechten und potenzieren) handelt, die in eine Abw\u00e4rtsspirale m\u00fcndet. Eine der wesentlichen Erkenntnisse, die im Rahmen dieses Seminarteils herausgearbeitet wurden, ist die Existenz von \u201eKnotenpunkten der Geschichte\u201c. Ein solcher Moment, in dem \u201eder Kampf der Gegens\u00e4tze\u201c (Gottfried Stiehler) zu gro\u00dfen Ereignissen f\u00fchrt, erm\u00f6glicht eine Anzahl von M\u00f6glichkeiten in einem Rahmen von Notwendigkeiten, wobei am Ende nur eine zur Wirklichkeit wird. Sich dieser Dialektik bewusst zu werden, ist daher auch Voraussetzung f\u00fcr eine erfolgreiche Strategie.<\/p>\n<p style=\"text-align: justify;\">Im zweiten Teil beleuchtete ein Mitarbeiter des MetaPol-Verlages bekannte strategische \u00dcberlegungen rechter Akteure und \u00fcberpr\u00fcfte selbige unter dem Gesichtspunkt historischer Entwicklungen sowie der im Vorfeld herausgearbeiteten Dialektiken. Grunds\u00e4tzlich, so der Referent einleitend, ist die fehlende Ber\u00fccksichtigung des Zufalls, eine grundlegende Schw\u00e4che von Strategien jeglicher Art. Der Zufall, der sich dadurch auszeichnet, dass er zwar objektiv vorhersagbar ist, subjektiv jedoch aufgrund von Komplexit\u00e4t nicht vorgesagt werden kann, wird selbst zur Notwendigkeit und eine neue Ordnung stabilisierende Bedingung, die zu einer neuen bis dato nicht gekannten Gesetzm\u00e4\u00dfigkeit f\u00fchrt. Diese Gesetzm\u00e4\u00dfigkeit ist die Einheit von notwendigen und bedingten zuf\u00e4lligen Verwirklichungen von M\u00f6glichkeiten. Gem\u00e4\u00df auch dem Leninschen Revolutionsgesetz, dass die Erfahrung die Wurzel jeglicher Massenaktivit\u00e4t ist, m\u00fcssen objektive Voraussetzungen, d.h. Bedingungen losgel\u00f6st von dem Willen der Akteure, erf\u00fcllt werden. Damit die Masse von Menschen \u00fcberhaupt eine (subjektive) Notwendigkeit in der Aktivit\u00e4t sieht, muss sie zun\u00e4chst ihre Erfahrungen mit den (objektiven) Umst\u00e4nden gemacht haben. Durch von den Akteuren (Parteien, Vorfeld, au\u00dferparlamentarische Gruppen) initiierte Massenaktivit\u00e4ten, wirken die daraus gemachten Erfahrungen wiederum auf die Umst\u00e4nde zur\u00fcck. Diese Wechselbeziehungen zwischen dem Objekt und dem Subjekt, zwischen Sein und Bewusstsein zu erkennen, ist grundlegende Aufgabe einer echten Avantgarde. Letztlich erkennt er in der Unterschiedlichkeit der verschiedenen rechten Akteure auch eine wesentliche St\u00e4rke, weshalb eine Einheit im Sinne der Mosaik-Rechten oder der Reconquista eher hinderlich, zuletzt auch utopisch ist.<\/p>\n<p style=\"text-align: justify;\">Im dritten Seminarteil zeigte der Verlagsleiter, Richard M\u00fcller die aus seiner Sicht gravierenden Schw\u00e4chen der deutschen Rechten auf. U.a. sieht er den Fokus auf den Minimalkonsens (Identit\u00e4res Minimum) insbesondere auf Hinsicht der Massenpartei als nicht hinreichend an. So unterliege dieser auch den objektiven Voraussetzungen und \u00e4ndert sich. Wer anschlussf\u00e4hige Spins weben will, muss sich h\u00e4ufig mit \u00f6konomischen Forderungen begn\u00fcgen, die die Massen auch verstehen k\u00f6nnen. Des Weiteren bedeutet die Abh\u00e4ngigkeit von Parteien, wie es insbesondere mit der AfD der Fall ist, dass bspw. ein Verbot zu einem Maximalschaden auch des gesamten Vorfeldes f\u00fchren w\u00fcrde. Die Konzentration von Ressourcen in solchen Zentren f\u00fchrt zu Verwundbarkeit (Fragilit\u00e4t). Letztlich f\u00fchre die fehlende oder mangelhafte Theoriearbeit h\u00e4ufig dazu, dass diese durch Propaganda-Aktivit\u00e4ten ersetzt wird. Letzte wird dann mit der Theorie verwechselt. Die Rechte f\u00e4ngt an ihre eigene Propaganda zum Dogma zu machen, anstatt sich ergebnisoffen der Theorie zu \u00f6ffnen.<\/p>\n<p style=\"text-align: justify;\">M\u00fcller leitete zusammenfassend folgende wesentliche Forderungen an eine Echte Rechte ab:<\/p>\n<ol style=\"text-align: justify;\">\n<li>Fokussierung auf die Verbesserung von echter und ergebnisoffener Theoriearbeit, die sich dem sokratischen Grundsatz der Wissenschaft \u201eIch wei\u00df, dass ich nichts wei\u00df\u201c verschreibt.<\/li>\n<li>Errichtung einer Avantgarde, die \u00fcber ein identit\u00e4res Minimum als Hauptziel hinaus ein Bewusstsein zwischen den Akteuren entfaltet.<\/li>\n<li>Gleichzeitige Betonung unterschiedlicher Str\u00f6mungen mit unterschiedlichen Bewusstseins und unterschiedlichen Schwerpunkten hinsichtlich Rolle und Aufgaben (getrennt marschieren, getrennt zuschlagen, gemeinsam vorankommen).<\/li>\n<li>Die Forcierung eines bundesweit agierenden parlamentarischen Korrektivs als Weltanschauungspartei zur AfD als Massenpartei.<\/li>\n<li>St\u00e4rkung au\u00dferparlamentarischer Strukturen, die unabh\u00e4ngig von Parteistrukturen agieren und somit keinen parteilichen und parlamentspolitischen Zw\u00e4ngen unterworfen ist.<\/li>\n<li>Schaffung von l\u00e4nder\u00fcbergreifenden Strukturen in ganz Mitteleuropa, um Beziehungen auch unter geopolitischen Gesichtspunkten zwischen den Nachbarl\u00e4ndern zu f\u00f6rdern.<\/li>\n<\/ol>\n<p style=\"text-align: justify;\">MetaPol Verlag &amp; Medien hat damit wieder einen Meilenstein genommen, der direkt in eine am <strong>14. September 2024<\/strong> stattfindende Strategiekonferenz m\u00fcndet. Als eine der wesentlichsten Handlungen betrachtet MetaPol die Schaffung von Plattformen, auf denen Rechte unterschiedlicher Couleur und auch Weltanschauungen miteinander in Diskussion treten. Es ist notwendig, dass sich Akteure wie einst in der russischen Zeitung <em>Iskra<\/em> auf Augenh\u00f6he und in bewussten weltanschaulichen Wettstreit untereinander begegnen. Denn nur der Streit der Gegens\u00e4tze, der sich im dialektischen Widerspruch ausformt, wird dazu f\u00fchren, dass das rechte Kind seine Kinderkrankheiten abwirft und endlich zu einem selbstbewussten und gesunden Erwachsenen heranw\u00e4chst.<\/p>","protected":false},"excerpt":{"rendered":"<p>Am 15. Juni 2024 lud der Verlag f\u00fcr rechte Metapolitik, MetaPol zu einem regionalen Seminar in Sachsen ein. Im Fokus stand die Analyse zur Lage der Nation und eine ergebnisoffene Diskussion \u00fcber rechte Strategien. Die einst auch von Lenin aufgebrachte Fragestellung \u201eWas tun?\u201c diente hierbei nicht nur der theoretischen Deduktion, sondern wurde auf Grundlage von [&hellip;]<\/p>","protected":false},"author":28,"featured_media":9981,"comment_status":"closed","ping_status":"closed","sticky":false,"template":"","format":"standard","meta":{"_et_pb_use_builder":"","_et_pb_old_content":"","_et_gb_content_width":"","_jetpack_memberships_contains_paid_content":false,"footnotes":""},"categories":[4],"tags":[123,302,263,18,201,25],"class_list":["post-10070","post","type-post","status-publish","format-standard","has-post-thumbnail","hentry","category-deutschland-und-die-welt","tag-deutsche-rechte","tag-echte-rechte","tag-metapol","tag-metapolitik","tag-rechte-metapolitik","tag-strategie-und-taktik"],"yoast_head":"<!-- This site is optimized with the Yoast SEO plugin v26.2 - https:\/\/yoast.com\/wordpress\/plugins\/seo\/ -->\n<title>MetaPol veranstaltet Strategieseminar: Zur Lage der Nation: Wo stehen wir?  Ank\u00fcndigung: N\u00e4chstes Seminar im September - Gegenstrom<\/title>\n<meta name=\"robots\" content=\"index, follow, max-snippet:-1, max-image-preview:large, max-video-preview:-1\" \/>\n<link rel=\"canonical\" href=\"https:\/\/gegenstrom.org\/en\/metapol-veranstaltet-strategieseminar-zur-lage-der-nation-wo-stehen-wir-ankuendigung-naechstes-seminar-im-september\/\" \/>\n<meta property=\"og:locale\" content=\"en_US\" \/>\n<meta property=\"og:type\" content=\"article\" \/>\n<meta property=\"og:title\" content=\"MetaPol veranstaltet Strategieseminar: Zur Lage der Nation: Wo stehen wir?  Ank\u00fcndigung: N\u00e4chstes Seminar im September - Gegenstrom\" \/>\n<meta property=\"og:description\" content=\"Am 15. Juni 2024 lud der Verlag f\u00fcr rechte Metapolitik, MetaPol zu einem regionalen Seminar in Sachsen ein. Im Fokus stand die Analyse zur Lage der Nation und eine ergebnisoffene Diskussion \u00fcber rechte Strategien. Die einst auch von Lenin aufgebrachte Fragestellung \u201eWas tun?\u201c diente hierbei nicht nur der theoretischen Deduktion, sondern wurde auf Grundlage von [&hellip;]\" \/>\n<meta property=\"og:url\" content=\"https:\/\/gegenstrom.org\/en\/metapol-veranstaltet-strategieseminar-zur-lage-der-nation-wo-stehen-wir-ankuendigung-naechstes-seminar-im-september\/\" \/>\n<meta property=\"og:site_name\" content=\"Gegenstrom\" \/>\n<meta property=\"article:publisher\" content=\"https:\/\/de-de.facebook.com\/rechteMetapolitik\/\" \/>\n<meta property=\"article:published_time\" content=\"2024-06-25T18:42:03+00:00\" \/>\n<meta property=\"article:modified_time\" content=\"2024-06-30T08:24:52+00:00\" \/>\n<meta property=\"og:image\" content=\"https:\/\/gegenstrom.org\/wp-content\/uploads\/2024\/05\/signal-2024-05-08-234812.jpeg\" \/>\n\t<meta property=\"og:image:width\" content=\"1444\" \/>\n\t<meta property=\"og:image:height\" content=\"2048\" \/>\n\t<meta property=\"og:image:type\" content=\"image\/jpeg\" \/>\n<meta name=\"author\" content=\"Redaktion\" \/>\n<meta name=\"twitter:card\" content=\"summary_large_image\" \/>\n<meta name=\"twitter:label1\" content=\"Written by\" \/>\n\t<meta name=\"twitter:data1\" content=\"Redaktion\" \/>\n\t<meta name=\"twitter:label2\" content=\"Est. reading time\" \/>\n\t<meta name=\"twitter:data2\" content=\"5 minutes\" \/>\n<script type=\"application\/ld+json\" class=\"yoast-schema-graph\">{\"@context\":\"https:\/\/schema.org\",\"@graph\":[{\"@type\":\"Article\",\"@id\":\"https:\/\/gegenstrom.org\/metapol-veranstaltet-strategieseminar-zur-lage-der-nation-wo-stehen-wir-ankuendigung-naechstes-seminar-im-september\/#article\",\"isPartOf\":{\"@id\":\"https:\/\/gegenstrom.org\/metapol-veranstaltet-strategieseminar-zur-lage-der-nation-wo-stehen-wir-ankuendigung-naechstes-seminar-im-september\/\"},\"author\":{\"name\":\"Redaktion\",\"@id\":\"https:\/\/gegenstrom.org\/#\/schema\/person\/9adb4188754722c1352b5f101655cd2d\"},\"headline\":\"MetaPol veranstaltet Strategieseminar: Zur Lage der Nation: Wo stehen wir? Ank\u00fcndigung: N\u00e4chstes Seminar im September\",\"datePublished\":\"2024-06-25T18:42:03+00:00\",\"dateModified\":\"2024-06-30T08:24:52+00:00\",\"mainEntityOfPage\":{\"@id\":\"https:\/\/gegenstrom.org\/metapol-veranstaltet-strategieseminar-zur-lage-der-nation-wo-stehen-wir-ankuendigung-naechstes-seminar-im-september\/\"},\"wordCount\":882,\"publisher\":{\"@id\":\"https:\/\/gegenstrom.org\/#organization\"},\"image\":{\"@id\":\"https:\/\/gegenstrom.org\/metapol-veranstaltet-strategieseminar-zur-lage-der-nation-wo-stehen-wir-ankuendigung-naechstes-seminar-im-september\/#primaryimage\"},\"thumbnailUrl\":\"https:\/\/gegenstrom.org\/wp-content\/uploads\/2024\/05\/signal-2024-05-08-234812.jpeg\",\"keywords\":[\"Deutsche Rechte\",\"Echte Rechte\",\"METAPOL\",\"Metapolitik\",\"rechte Metapolitik\",\"Strategie und Taktik\"],\"articleSection\":[\"Deutschland und die Welt\"],\"inLanguage\":\"en-US\"},{\"@type\":\"WebPage\",\"@id\":\"https:\/\/gegenstrom.org\/metapol-veranstaltet-strategieseminar-zur-lage-der-nation-wo-stehen-wir-ankuendigung-naechstes-seminar-im-september\/\",\"url\":\"https:\/\/gegenstrom.org\/metapol-veranstaltet-strategieseminar-zur-lage-der-nation-wo-stehen-wir-ankuendigung-naechstes-seminar-im-september\/\",\"name\":\"MetaPol veranstaltet Strategieseminar: Zur Lage der Nation: Wo stehen wir? Ank\u00fcndigung: N\u00e4chstes Seminar im September - Gegenstrom\",\"isPartOf\":{\"@id\":\"https:\/\/gegenstrom.org\/#website\"},\"primaryImageOfPage\":{\"@id\":\"https:\/\/gegenstrom.org\/metapol-veranstaltet-strategieseminar-zur-lage-der-nation-wo-stehen-wir-ankuendigung-naechstes-seminar-im-september\/#primaryimage\"},\"image\":{\"@id\":\"https:\/\/gegenstrom.org\/metapol-veranstaltet-strategieseminar-zur-lage-der-nation-wo-stehen-wir-ankuendigung-naechstes-seminar-im-september\/#primaryimage\"},\"thumbnailUrl\":\"https:\/\/gegenstrom.org\/wp-content\/uploads\/2024\/05\/signal-2024-05-08-234812.jpeg\",\"datePublished\":\"2024-06-25T18:42:03+00:00\",\"dateModified\":\"2024-06-30T08:24:52+00:00\",\"breadcrumb\":{\"@id\":\"https:\/\/gegenstrom.org\/metapol-veranstaltet-strategieseminar-zur-lage-der-nation-wo-stehen-wir-ankuendigung-naechstes-seminar-im-september\/#breadcrumb\"},\"inLanguage\":\"en-US\",\"potentialAction\":[{\"@type\":\"ReadAction\",\"target\":[\"https:\/\/gegenstrom.org\/metapol-veranstaltet-strategieseminar-zur-lage-der-nation-wo-stehen-wir-ankuendigung-naechstes-seminar-im-september\/\"]}]},{\"@type\":\"ImageObject\",\"inLanguage\":\"en-US\",\"@id\":\"https:\/\/gegenstrom.org\/metapol-veranstaltet-strategieseminar-zur-lage-der-nation-wo-stehen-wir-ankuendigung-naechstes-seminar-im-september\/#primaryimage\",\"url\":\"https:\/\/gegenstrom.org\/wp-content\/uploads\/2024\/05\/signal-2024-05-08-234812.jpeg\",\"contentUrl\":\"https:\/\/gegenstrom.org\/wp-content\/uploads\/2024\/05\/signal-2024-05-08-234812.jpeg\",\"width\":1444,\"height\":2048},{\"@type\":\"BreadcrumbList\",\"@id\":\"https:\/\/gegenstrom.org\/metapol-veranstaltet-strategieseminar-zur-lage-der-nation-wo-stehen-wir-ankuendigung-naechstes-seminar-im-september\/#breadcrumb\",\"itemListElement\":[{\"@type\":\"ListItem\",\"position\":1,\"name\":\"Startseite\",\"item\":\"https:\/\/gegenstrom.org\/\"},{\"@type\":\"ListItem\",\"position\":2,\"name\":\"MetaPol veranstaltet Strategieseminar: Zur Lage der Nation: Wo stehen wir? Ank\u00fcndigung: N\u00e4chstes Seminar im September\"}]},{\"@type\":\"WebSite\",\"@id\":\"https:\/\/gegenstrom.org\/#website\",\"url\":\"https:\/\/gegenstrom.org\/\",\"name\":\"Gegenstrom\",\"description\":\"Plattform f\u00fcr rechte Metapolitik\",\"publisher\":{\"@id\":\"https:\/\/gegenstrom.org\/#organization\"},\"potentialAction\":[{\"@type\":\"SearchAction\",\"target\":{\"@type\":\"EntryPoint\",\"urlTemplate\":\"https:\/\/gegenstrom.org\/?s={search_term_string}\"},\"query-input\":{\"@type\":\"PropertyValueSpecification\",\"valueRequired\":true,\"valueName\":\"search_term_string\"}}],\"inLanguage\":\"en-US\"},{\"@type\":\"Organization\",\"@id\":\"https:\/\/gegenstrom.org\/#organization\",\"name\":\"Metapol Verlag & Medien\",\"url\":\"https:\/\/gegenstrom.org\/\",\"logo\":{\"@type\":\"ImageObject\",\"inLanguage\":\"en-US\",\"@id\":\"https:\/\/gegenstrom.org\/#\/schema\/logo\/image\/\",\"url\":\"https:\/\/gegenstrom.org\/wp-content\/uploads\/2019\/11\/WMB_Senkrecht_Farbe_M-e1574681161133.png\",\"contentUrl\":\"https:\/\/gegenstrom.org\/wp-content\/uploads\/2019\/11\/WMB_Senkrecht_Farbe_M-e1574681161133.png\",\"width\":300,\"height\":219,\"caption\":\"Metapol Verlag & Medien\"},\"image\":{\"@id\":\"https:\/\/gegenstrom.org\/#\/schema\/logo\/image\/\"},\"sameAs\":[\"https:\/\/de-de.facebook.com\/rechteMetapolitik\/\",\"https:\/\/www.youtube.com\/channel\/UCvQizs-yQ8YapMiyuD6wDrw\"]},{\"@type\":\"Person\",\"@id\":\"https:\/\/gegenstrom.org\/#\/schema\/person\/9adb4188754722c1352b5f101655cd2d\",\"name\":\"Redaktion\",\"url\":\"https:\/\/gegenstrom.org\/en\/author\/redaktion\/\"}]}<\/script>\n<!-- \/ Yoast SEO plugin. -->","yoast_head_json":{"title":"MetaPol veranstaltet Strategieseminar: Zur Lage der Nation: Wo stehen wir?  Ank\u00fcndigung: N\u00e4chstes Seminar im September - Gegenstrom","robots":{"index":"index","follow":"follow","max-snippet":"max-snippet:-1","max-image-preview":"max-image-preview:large","max-video-preview":"max-video-preview:-1"},"canonical":"https:\/\/gegenstrom.org\/en\/metapol-veranstaltet-strategieseminar-zur-lage-der-nation-wo-stehen-wir-ankuendigung-naechstes-seminar-im-september\/","og_locale":"en_US","og_type":"article","og_title":"MetaPol veranstaltet Strategieseminar: Zur Lage der Nation: Wo stehen wir?  Ank\u00fcndigung: N\u00e4chstes Seminar im September - Gegenstrom","og_description":"Am 15. Juni 2024 lud der Verlag f\u00fcr rechte Metapolitik, MetaPol zu einem regionalen Seminar in Sachsen ein. Im Fokus stand die Analyse zur Lage der Nation und eine ergebnisoffene Diskussion \u00fcber rechte Strategien. Die einst auch von Lenin aufgebrachte Fragestellung \u201eWas tun?\u201c diente hierbei nicht nur der theoretischen Deduktion, sondern wurde auf Grundlage von [&hellip;]","og_url":"https:\/\/gegenstrom.org\/en\/metapol-veranstaltet-strategieseminar-zur-lage-der-nation-wo-stehen-wir-ankuendigung-naechstes-seminar-im-september\/","og_site_name":"Gegenstrom","article_publisher":"https:\/\/de-de.facebook.com\/rechteMetapolitik\/","article_published_time":"2024-06-25T18:42:03+00:00","article_modified_time":"2024-06-30T08:24:52+00:00","og_image":[{"width":1444,"height":2048,"url":"https:\/\/gegenstrom.org\/wp-content\/uploads\/2024\/05\/signal-2024-05-08-234812.jpeg","type":"image\/jpeg"}],"author":"Redaktion","twitter_card":"summary_large_image","twitter_misc":{"Written by":"Redaktion","Est. reading time":"5 minutes"},"schema":{"@context":"https:\/\/schema.org","@graph":[{"@type":"Article","@id":"https:\/\/gegenstrom.org\/metapol-veranstaltet-strategieseminar-zur-lage-der-nation-wo-stehen-wir-ankuendigung-naechstes-seminar-im-september\/#article","isPartOf":{"@id":"https:\/\/gegenstrom.org\/metapol-veranstaltet-strategieseminar-zur-lage-der-nation-wo-stehen-wir-ankuendigung-naechstes-seminar-im-september\/"},"author":{"name":"Redaktion","@id":"https:\/\/gegenstrom.org\/#\/schema\/person\/9adb4188754722c1352b5f101655cd2d"},"headline":"MetaPol veranstaltet Strategieseminar: Zur Lage der Nation: Wo stehen wir? Ank\u00fcndigung: N\u00e4chstes Seminar im September","datePublished":"2024-06-25T18:42:03+00:00","dateModified":"2024-06-30T08:24:52+00:00","mainEntityOfPage":{"@id":"https:\/\/gegenstrom.org\/metapol-veranstaltet-strategieseminar-zur-lage-der-nation-wo-stehen-wir-ankuendigung-naechstes-seminar-im-september\/"},"wordCount":882,"publisher":{"@id":"https:\/\/gegenstrom.org\/#organization"},"image":{"@id":"https:\/\/gegenstrom.org\/metapol-veranstaltet-strategieseminar-zur-lage-der-nation-wo-stehen-wir-ankuendigung-naechstes-seminar-im-september\/#primaryimage"},"thumbnailUrl":"https:\/\/gegenstrom.org\/wp-content\/uploads\/2024\/05\/signal-2024-05-08-234812.jpeg","keywords":["Deutsche Rechte","Echte Rechte","METAPOL","Metapolitik","rechte Metapolitik","Strategie und Taktik"],"articleSection":["Deutschland und die Welt"],"inLanguage":"en-US"},{"@type":"WebPage","@id":"https:\/\/gegenstrom.org\/metapol-veranstaltet-strategieseminar-zur-lage-der-nation-wo-stehen-wir-ankuendigung-naechstes-seminar-im-september\/","url":"https:\/\/gegenstrom.org\/metapol-veranstaltet-strategieseminar-zur-lage-der-nation-wo-stehen-wir-ankuendigung-naechstes-seminar-im-september\/","name":"MetaPol veranstaltet Strategieseminar: Zur Lage der Nation: Wo stehen wir? Ank\u00fcndigung: N\u00e4chstes Seminar im September - Gegenstrom","isPartOf":{"@id":"https:\/\/gegenstrom.org\/#website"},"primaryImageOfPage":{"@id":"https:\/\/gegenstrom.org\/metapol-veranstaltet-strategieseminar-zur-lage-der-nation-wo-stehen-wir-ankuendigung-naechstes-seminar-im-september\/#primaryimage"},"image":{"@id":"https:\/\/gegenstrom.org\/metapol-veranstaltet-strategieseminar-zur-lage-der-nation-wo-stehen-wir-ankuendigung-naechstes-seminar-im-september\/#primaryimage"},"thumbnailUrl":"https:\/\/gegenstrom.org\/wp-content\/uploads\/2024\/05\/signal-2024-05-08-234812.jpeg","datePublished":"2024-06-25T18:42:03+00:00","dateModified":"2024-06-30T08:24:52+00:00","breadcrumb":{"@id":"https:\/\/gegenstrom.org\/metapol-veranstaltet-strategieseminar-zur-lage-der-nation-wo-stehen-wir-ankuendigung-naechstes-seminar-im-september\/#breadcrumb"},"inLanguage":"en-US","potentialAction":[{"@type":"ReadAction","target":["https:\/\/gegenstrom.org\/metapol-veranstaltet-strategieseminar-zur-lage-der-nation-wo-stehen-wir-ankuendigung-naechstes-seminar-im-september\/"]}]},{"@type":"ImageObject","inLanguage":"en-US","@id":"https:\/\/gegenstrom.org\/metapol-veranstaltet-strategieseminar-zur-lage-der-nation-wo-stehen-wir-ankuendigung-naechstes-seminar-im-september\/#primaryimage","url":"https:\/\/gegenstrom.org\/wp-content\/uploads\/2024\/05\/signal-2024-05-08-234812.jpeg","contentUrl":"https:\/\/gegenstrom.org\/wp-content\/uploads\/2024\/05\/signal-2024-05-08-234812.jpeg","width":1444,"height":2048},{"@type":"BreadcrumbList","@id":"https:\/\/gegenstrom.org\/metapol-veranstaltet-strategieseminar-zur-lage-der-nation-wo-stehen-wir-ankuendigung-naechstes-seminar-im-september\/#breadcrumb","itemListElement":[{"@type":"ListItem","position":1,"name":"Startseite","item":"https:\/\/gegenstrom.org\/"},{"@type":"ListItem","position":2,"name":"MetaPol veranstaltet Strategieseminar: Zur Lage der Nation: Wo stehen wir? Ank\u00fcndigung: N\u00e4chstes Seminar im September"}]},{"@type":"WebSite","@id":"https:\/\/gegenstrom.org\/#website","url":"https:\/\/gegenstrom.org\/","name":"Gegenstrom","description":"Plattform f\u00fcr rechte Metapolitik","publisher":{"@id":"https:\/\/gegenstrom.org\/#organization"},"potentialAction":[{"@type":"SearchAction","target":{"@type":"EntryPoint","urlTemplate":"https:\/\/gegenstrom.org\/?s={search_term_string}"},"query-input":{"@type":"PropertyValueSpecification","valueRequired":true,"valueName":"search_term_string"}}],"inLanguage":"en-US"},{"@type":"Organization","@id":"https:\/\/gegenstrom.org\/#organization","name":"Metapol Verlag & Medien","url":"https:\/\/gegenstrom.org\/","logo":{"@type":"ImageObject","inLanguage":"en-US","@id":"https:\/\/gegenstrom.org\/#\/schema\/logo\/image\/","url":"https:\/\/gegenstrom.org\/wp-content\/uploads\/2019\/11\/WMB_Senkrecht_Farbe_M-e1574681161133.png","contentUrl":"https:\/\/gegenstrom.org\/wp-content\/uploads\/2019\/11\/WMB_Senkrecht_Farbe_M-e1574681161133.png","width":300,"height":219,"caption":"Metapol Verlag & Medien"},"image":{"@id":"https:\/\/gegenstrom.org\/#\/schema\/logo\/image\/"},"sameAs":["https:\/\/de-de.facebook.com\/rechteMetapolitik\/","https:\/\/www.youtube.com\/channel\/UCvQizs-yQ8YapMiyuD6wDrw"]},{"@type":"Person","@id":"https:\/\/gegenstrom.org\/#\/schema\/person\/9adb4188754722c1352b5f101655cd2d","name":"Redaktion","url":"https:\/\/gegenstrom.org\/en\/author\/redaktion\/"}]}},"jetpack_featured_media_url":"https:\/\/gegenstrom.org\/wp-content\/uploads\/2024\/05\/signal-2024-05-08-234812.jpeg","jetpack_sharing_enabled":true,"_links":{"self":[{"href":"https:\/\/gegenstrom.org\/en\/wp-json\/wp\/v2\/posts\/10070","targetHints":{"allow":["GET"]}}],"collection":[{"href":"https:\/\/gegenstrom.org\/en\/wp-json\/wp\/v2\/posts"}],"about":[{"href":"https:\/\/gegenstrom.org\/en\/wp-json\/wp\/v2\/types\/post"}],"author":[{"embeddable":true,"href":"https:\/\/gegenstrom.org\/en\/wp-json\/wp\/v2\/users\/28"}],"replies":[{"embeddable":true,"href":"https:\/\/gegenstrom.org\/en\/wp-json\/wp\/v2\/comments?post=10070"}],"version-history":[{"count":6,"href":"https:\/\/gegenstrom.org\/en\/wp-json\/wp\/v2\/posts\/10070\/revisions"}],"predecessor-version":[{"id":10086,"href":"https:\/\/gegenstrom.org\/en\/wp-json\/wp\/v2\/posts\/10070\/revisions\/10086"}],"wp:featuredmedia":[{"embeddable":true,"href":"https:\/\/gegenstrom.org\/en\/wp-json\/wp\/v2\/media\/9981"}],"wp:attachment":[{"href":"https:\/\/gegenstrom.org\/en\/wp-json\/wp\/v2\/media?parent=10070"}],"wp:term":[{"taxonomy":"category","embeddable":true,"href":"https:\/\/gegenstrom.org\/en\/wp-json\/wp\/v2\/categories?post=10070"},{"taxonomy":"post_tag","embeddable":true,"href":"https:\/\/gegenstrom.org\/en\/wp-json\/wp\/v2\/tags?post=10070"}],"curies":[{"name":"wp","href":"https:\/\/api.w.org\/{rel}","templated":true}]}}